{"id":10207,"date":"2016-08-09T16:00:36","date_gmt":"2016-08-09T14:00:36","guid":{"rendered":"http:\/\/sdk.mk\/\/?p=10207"},"modified":"2016-08-09T16:06:11","modified_gmt":"2016-08-09T14:06:11","slug":"sela-e-akuzoi-teuten-se-nuk-ka-marre-nje-kale-nga-shkupi-2014-per-ta-shpetuar-tetoven","status":"publish","type":"post","link":"https:\/\/sdk.mk\/index.php\/maqedonia\/sela-e-akuzoi-teuten-se-nuk-ka-marre-nje-kale-nga-shkupi-2014-per-ta-shpetuar-tetoven\/","title":{"rendered":"SELA E AKUZOI TEUT\u00cbN SE NUK KA MARR\u00cb NJ\u00cb KAL\u00cb NGA \u201cSHKUPI 2014\u201d P\u00cbR TA SHP\u00cbTUAR TETOV\u00cbN"},"content":{"rendered":"<div class=\"f52428582a4b906b2d2e2a7d733c7d27\" data-index=\"7\" style=\"float: none; margin:10px 0 10px 0; text-align:center;\">\n<!-- MSP Ads Asynchronous JS Tag - Generated with Revive Adserver v5.4.1 -->\r\n<ins data-revive-zoneid=\"167\" data-revive-id=\"060fdb01f6430ec164d3519234aa4967\"><\/ins>\r\n<script async src=\"\/\/panel.ads.com.mk\/www\/delivery\/asyncjs.php\"><\/script>\n<\/div>\n<p>Kryetari i Strug\u00ebs, Zijadin Sela e akuzoi kolegen nga Tetova, Teuta Arifin, se ajo, si deputete dhe z\u00ebvend\u00ebs kryeminist\u00ebr ka mundur t\u00eb ndikoj\u00eb, por nuk ka b\u00ebr\u00eb asgj\u00eb q\u00eb nj\u00eb pjes\u00eb e parave t\u00eb projektit t\u00eb qeveris\u00eb, \u201cShkupi 2014\u201d t\u00eb \u00a0ndahen \u00a0p\u00ebr sigurimin e ujit t\u00eb pijsh\u00ebm dhe rregullimit t\u00eb shtatit t\u00eb lumit n\u00eb Tetov\u00eb.<\/p>\n<div id=\"attachment_10210\" style=\"width: 970px\" class=\"wp-caption aligncenter\"><a href=\"http:\/\/sdk.mk\/\/wp-content\/uploads\/2016\/08\/Teuta-Arifi.jpg\"><img aria-describedby=\"caption-attachment-10210\" loading=\"lazy\" class=\"wp-image-10210 size-full\" src=\"http:\/\/sdk.mk\/\/wp-content\/uploads\/2016\/08\/Teuta-Arifi.jpg\" alt=\"N\u00eb p\u00ebrvjetorin e v\u00ebrshimeve katastrofike n\u00eb Tetov\u00eb, kur lideri i VMRO-DPMNE-s\u00eb, Nikolla Gruevski vizitoi fshatin Shipkovic\u00eb, Teuta Arifi deklaroi se, q\u00eb t\u00eb krijohen kushte q\u00eb Tetova t\u00eb mund t\u00eb mbrohet nga katastrofa t\u00eb k\u00ebtilla, \u00ebsht\u00eb i nevojsh\u00ebm investim prej 25 milion eurove, q\u00eb n\u00ebnkupton nj\u00eb kal\u00eb m\u00eb pak n\u00eb Shkup. (Foto:Zandon)\" width=\"960\" height=\"552\" srcset=\"https:\/\/sdk.mk\/wp-content\/uploads\/2016\/08\/Teuta-Arifi.jpg 960w, https:\/\/sdk.mk\/wp-content\/uploads\/2016\/08\/Teuta-Arifi-250x144.jpg 250w, https:\/\/sdk.mk\/wp-content\/uploads\/2016\/08\/Teuta-Arifi-400x230.jpg 400w, https:\/\/sdk.mk\/wp-content\/uploads\/2016\/08\/Teuta-Arifi-768x442.jpg 768w, https:\/\/sdk.mk\/wp-content\/uploads\/2016\/08\/Teuta-Arifi-650x374.jpg 650w, https:\/\/sdk.mk\/wp-content\/uploads\/2016\/08\/Teuta-Arifi-150x86.jpg 150w, https:\/\/sdk.mk\/wp-content\/uploads\/2016\/08\/Teuta-Arifi-800x460.jpg 800w\" sizes=\"(max-width: 960px) 100vw, 960px\" \/><\/a><p id=\"caption-attachment-10210\" class=\"wp-caption-text\">N\u00eb p\u00ebrvjetorin e v\u00ebrshimeve katastrofike n\u00eb Tetov\u00eb, kur lideri i VMRO-DPMNE-s\u00eb, Nikolla Gruevski vizitoi fshatin Shipkovic\u00eb, Teuta Arifi deklaroi se, q\u00eb t\u00eb krijohen kushte q\u00eb Tetova t\u00eb mund t\u00eb mbrohet nga katastrofa t\u00eb k\u00ebtilla, \u00ebsht\u00eb i nevojsh\u00ebm investim prej 25 milion eurove, q\u00eb n\u00ebnkupton nj\u00eb kal\u00eb m\u00eb pak n\u00eb Shkup. (Foto:Zandon)<\/p><\/div>\n<p>Sela, lider i partis\u00eb opozitare, L\u00ebvizje p\u00ebr Reforma, t\u00eb PDSH-s\u00eb, t\u00eb cil\u00ebn e themeloi vjet pas mospajtimeve me kryetarin e PDSH-s\u00eb,\u00a0 Menduh Tha\u00e7i, reagoi kund\u00ebr deklarat\u00ebs s\u00eb kryetares s\u00eb Tetov\u00ebs, Arifi. N\u00ebnkryetarja e partis\u00eb qeveris\u00ebse BDI, n\u00eb 4 gusht, n\u00eb p\u00ebrvjetorin e v\u00ebrshimeve katastrofike n\u00eb Tetov\u00eb, tha se me nj\u00eb kal\u00eb m\u00eb pak do t\u00eb zgjidhej problemi i ujit dhe v\u00ebrshimeve.<\/p>\n<p>\u201cN\u00ebse paska mbetur puna vet\u00ebm p\u00ebr nj\u00eb kal\u00eb, pse ajo, Teuta Arifi, kryetare e Tetov\u00ebs, kur ishte deputete dhe gjithashtu pjes\u00eb e pushtetit ekzekutiv, votoi p\u00ebr vendosjen e kuajve n\u00eb projektin \u201cShkupi 2014\u201d, e nuk votoi q\u00eb t\u00eb rregullohej uji p\u00ebr pirje dhe shtrati i lumit n\u00eb Tetov\u00eb?\u201d, thot\u00eb Sela.<\/p>\n<p>\u201cTeuta Arifi ishte deputete kur u votua p\u00ebr buxhetin e atyre kuajve. Ajo ishte pjes\u00eb e qeveris\u00eb \u2013 zv. kryeminist\u00ebr. Le t\u00eb p\u00ebrgjigjet se pse votoi p\u00ebr kal\u00eb, e jo p\u00ebr t\u00eb rregulluar ujin e pijsh\u00ebm dhe shtratin e lumit n\u00eb Tetov\u00eb, q\u00eb t\u00eb mos vij\u00eb deri n\u00eb k\u00ebt\u00eb pik\u00eb, e t\u00eb ishin parandaluar v\u00ebrshimet\u201d, tha Sela, duke komentuar deklarat\u00ebn e Teut\u00ebs se me nj\u00eb kal\u00eb m\u00eb pak n\u00eb sheshin e Shkupit, do t\u00eb rregulloheshka gjith\u00e7ka n\u00eb Tetov\u00eb.<\/p>\n<div id=\"attachment_10209\" style=\"width: 1753px\" class=\"wp-caption aligncenter\"><a href=\"http:\/\/sdk.mk\/\/wp-content\/uploads\/2016\/08\/Nevreme-vo-Sipkovica-04-1.jpg\"><img aria-describedby=\"caption-attachment-10209\" loading=\"lazy\" class=\"wp-image-10209 size-full\" src=\"http:\/\/sdk.mk\/\/wp-content\/uploads\/2016\/08\/Nevreme-vo-Sipkovica-04-1.jpg\" alt=\"Para disa dit\u00ebsh, rajoni i Tetov\u00ebs p\u00ebrs\u00ebri u p\u00ebrfshi nga moti i keq. P\u00ebr fat, k\u00ebsaj here nuk mori asnj\u00eb jet\u00eb, por e shkat\u00ebrroi rrug\u00ebn Shipkovic\u00eb-Brodec. (Foto:Zandon) \" width=\"1743\" height=\"824\" srcset=\"https:\/\/sdk.mk\/wp-content\/uploads\/2016\/08\/Nevreme-vo-Sipkovica-04-1.jpg 1743w, https:\/\/sdk.mk\/wp-content\/uploads\/2016\/08\/Nevreme-vo-Sipkovica-04-1-250x118.jpg 250w, https:\/\/sdk.mk\/wp-content\/uploads\/2016\/08\/Nevreme-vo-Sipkovica-04-1-400x189.jpg 400w, https:\/\/sdk.mk\/wp-content\/uploads\/2016\/08\/Nevreme-vo-Sipkovica-04-1-768x363.jpg 768w, https:\/\/sdk.mk\/wp-content\/uploads\/2016\/08\/Nevreme-vo-Sipkovica-04-1-650x307.jpg 650w, https:\/\/sdk.mk\/wp-content\/uploads\/2016\/08\/Nevreme-vo-Sipkovica-04-1-150x71.jpg 150w, https:\/\/sdk.mk\/wp-content\/uploads\/2016\/08\/Nevreme-vo-Sipkovica-04-1-800x378.jpg 800w, https:\/\/sdk.mk\/wp-content\/uploads\/2016\/08\/Nevreme-vo-Sipkovica-04-1-1200x567.jpg 1200w, https:\/\/sdk.mk\/wp-content\/uploads\/2016\/08\/Nevreme-vo-Sipkovica-04-1-1600x756.jpg 1600w\" sizes=\"(max-width: 1743px) 100vw, 1743px\" \/><\/a><p id=\"caption-attachment-10209\" class=\"wp-caption-text\">Para disa dit\u00ebsh, rajoni i Tetov\u00ebs p\u00ebrs\u00ebri u p\u00ebrfshi nga moti i keq. P\u00ebr fat, k\u00ebsaj here nuk mori asnj\u00eb jet\u00eb, por e shkat\u00ebrroi rrug\u00ebn Shipkovic\u00eb-Brodec. (Foto:Zandon)<\/p><\/div>\n<p>Projekti \u201cShkupi 2014\u201d, p\u00ebr t\u00eb cilin qeveria deri tani ka shpenzuar 640 milion euro, u prezantua n\u00eb vitin 2010, kur Arifi ishte n\u00eb mandatin e tret\u00eb si deputete n\u00eb Parlament. M\u00eb gusht t\u00eb vitit 2011, u zgjodh zv. kryeminist\u00ebr, p\u00ebrgjegj\u00ebse p\u00ebr \u00e7\u00ebshtje evropiane.<\/p>\n<p>Sela ishte deputet i PDSH-s\u00eb opozitare n\u00eb Parlament nga 2011 deri 2013. \u0421\u0435\u043b\u0430 \u0431\u0435\u0448\u0435 \u043f\u0440\u0430\u0442\u0435\u043d\u0438\u043a \u043d\u0430 \u043e\u043f\u043e\u0437\u0438\u0446\u0438\u0441\u043a\u0430\u0442\u0430 \u0414\u041f\u0410 \u0432\u043e \u0421\u043e\u0431\u0440\u0430\u043d\u0438\u0435\u0442\u043e \u043e\u0434 2011 \u0434\u043e 2013.<\/p>\n<p>M\u00eb 4 gusht, n\u00eb p\u00ebrvjetorin e v\u00ebrshimeve katastrofike n\u00eb Tetov\u00eb, kur lideri i VMRO-DPMNE-s\u00eb, Nikolla Gruevski vizitoi fshatin Shipkovic\u00eb, Arifi deklaroi:<\/p>\n<p>\u201cNga i gjith\u00eb projekti, parashikimet dhe analizat tona del q\u00eb do t\u00eb na duhet nj\u00eb investim prej 25 milion eurove, p\u00ebr t\u00eb krijuar kushte q\u00eb qyteti t\u00eb mund t\u00eb mbrohet nga katastrofat e k\u00ebtilla. P\u00ebr k\u00ebt\u00eb arsye, iu drejtohemi institucioneve shtet\u00ebrore, q\u00eb ta ndajn\u00eb k\u00ebt\u00eb shum\u00eb, duke qen\u00eb se edhe qytetar\u00ebt e Tetov\u00ebs kan\u00eb t\u00eb drejt\u00eb t\u00eb p\u00ebrdorin buxhetin q\u00eb ndahet p\u00ebr t\u00eb gjith\u00eb qytetar\u00ebt. Kjo n\u00ebnkupton nj\u00eb kal\u00eb m\u00eb pak n\u00eb Shkup dhe gj\u00ebrat do t\u00eb rregullohen\u201d.<\/p>\n\n<div style=\"font-size: 0px; height: 0px; line-height: 0px; margin: 0; padding: 0; clear: both;\"><\/div>","protected":false},"excerpt":{"rendered":"<p>Kryetari i Strug\u00ebs, Zijadin Sela e akuzoi kolegen nga Tetova, Teuta Arifin, se ajo, si deputete dhe z\u00ebvend\u00ebs kryeminist\u00ebr ka [&hellip;]<\/p>\n","protected":false},"author":1,"featured_media":10174,"comment_status":"open","ping_status":"open","sticky":false,"template":"","format":"standard","meta":{"_mo_disable_npp":"","inline_featured_image":false},"categories":[3087],"tags":[],"imageURL":"https:\/\/sdk.mk\/wp-content\/uploads\/2016\/08\/arifi-sela-650x358.jpg","thumbURL":"https:\/\/sdk.mk\/wp-content\/uploads\/2016\/08\/arifi-sela-250x138.jpg","categoryNames":["Maqedonia"],"feature_caption":"","subtitle":"a:1:{s:9:\"td_source\";s:45:\"\u0421\u0442\u0440\u0443\u0433\u0430,(\u0421\u0410\u041a\u0410\u041c\u0414\u0410\u041a\u0410\u0416\u0410\u041c.\u041c\u041a)","views":"2573","source":"","yoast_head":"<!-- This site is optimized with the Yoast SEO Premium plugin v15.0 - https:\/\/yoast.com\/wordpress\/plugins\/seo\/ -->\n<title>SELA E AKUZOI TEUT\u00cbN SE NUK KA MARR\u00cb NJ\u00cb KAL\u00cb NGA \u201cSHKUPI 2014\u201d P\u00cbR TA SHP\u00cbTUAR TETOV\u00cbN - \u0421\u0430\u043a\u0430\u043c \u0414\u0430 \u041a\u0430\u0436\u0430\u043c<\/title>\n<meta name=\"robots\" content=\"index, follow, max-snippet:-1, max-image-preview:large, max-video-preview:-1\" \/>\n<link rel=\"canonical\" href=\"https:\/\/sdk.mk\/index.php\/maqedonia\/sela-e-akuzoi-teuten-se-nuk-ka-marre-nje-kale-nga-shkupi-2014-per-ta-shpetuar-tetoven\/\" \/>\n<meta property=\"og:locale\" content=\"mk_MK\" \/>\n<meta property=\"og:type\" content=\"article\" \/>\n<meta property=\"og:title\" content=\"SELA E AKUZOI TEUT\u00cbN SE NUK KA MARR\u00cb NJ\u00cb KAL\u00cb NGA \u201cSHKUPI 2014\u201d P\u00cbR TA SHP\u00cbTUAR TETOV\u00cbN - \u0421\u0430\u043a\u0430\u043c \u0414\u0430 \u041a\u0430\u0436\u0430\u043c\" \/>\n<meta property=\"og:description\" content=\"Kryetari i Strug\u00ebs, Zijadin Sela e akuzoi kolegen nga Tetova, Teuta Arifin, se ajo, si deputete dhe z\u00ebvend\u00ebs kryeminist\u00ebr ka [&hellip;]\" \/>\n<meta property=\"og:url\" content=\"https:\/\/sdk.mk\/index.php\/maqedonia\/sela-e-akuzoi-teuten-se-nuk-ka-marre-nje-kale-nga-shkupi-2014-per-ta-shpetuar-tetoven\/\" \/>\n<meta property=\"og:site_name\" content=\"\u0421\u0430\u043a\u0430\u043c \u0414\u0430 \u041a\u0430\u0436\u0430\u043c\" \/>\n<meta property=\"article:published_time\" content=\"2016-08-09T14:00:36+00:00\" \/>\n<meta property=\"article:modified_time\" content=\"2016-08-09T14:06:11+00:00\" \/>\n<meta property=\"og:image\" content=\"https:\/\/sdk.mk\/wp-content\/uploads\/2016\/08\/arifi-sela.jpg\" \/>\n\t<meta property=\"og:image:width\" content=\"650\" \/>\n\t<meta property=\"og:image:height\" content=\"358\" \/>\n<meta property=\"fb:app_id\" content=\"2407985809428537\" \/>\n<meta name=\"twitter:card\" content=\"summary\" \/>\n<script type=\"application\/ld+json\" class=\"yoast-schema-graph\">{\"@context\":\"https:\/\/schema.org\",\"@graph\":[{\"@type\":\"WebSite\",\"@id\":\"https:\/\/sdk.mk\/#website\",\"url\":\"https:\/\/sdk.mk\/\",\"name\":\"\\u0421\\u0430\\u043a\\u0430\\u043c \\u0414\\u0430 \\u041a\\u0430\\u0436\\u0430\\u043c\",\"description\":\"\\u0417\\u0430 \\u0441\\u043b\\u043e\\u0431\\u043e\\u0434\\u043e\\u0443\\u043c\\u043d\\u0438\",\"potentialAction\":[{\"@type\":\"SearchAction\",\"target\":\"https:\/\/sdk.mk\/?s={search_term_string}\",\"query-input\":\"required name=search_term_string\"}],\"inLanguage\":\"mk-MK\"},{\"@type\":\"ImageObject\",\"@id\":\"https:\/\/sdk.mk\/index.php\/maqedonia\/sela-e-akuzoi-teuten-se-nuk-ka-marre-nje-kale-nga-shkupi-2014-per-ta-shpetuar-tetoven\/#primaryimage\",\"inLanguage\":\"mk-MK\",\"url\":\"https:\/\/sdk.mk\/wp-content\/uploads\/2016\/08\/arifi-sela.jpg\",\"width\":650,\"height\":358},{\"@type\":\"WebPage\",\"@id\":\"https:\/\/sdk.mk\/index.php\/maqedonia\/sela-e-akuzoi-teuten-se-nuk-ka-marre-nje-kale-nga-shkupi-2014-per-ta-shpetuar-tetoven\/#webpage\",\"url\":\"https:\/\/sdk.mk\/index.php\/maqedonia\/sela-e-akuzoi-teuten-se-nuk-ka-marre-nje-kale-nga-shkupi-2014-per-ta-shpetuar-tetoven\/\",\"name\":\"SELA E AKUZOI TEUT\\u00cbN SE NUK KA MARR\\u00cb NJ\\u00cb KAL\\u00cb NGA \\u201cSHKUPI 2014\\u201d P\\u00cbR TA SHP\\u00cbTUAR TETOV\\u00cbN - \\u0421\\u0430\\u043a\\u0430\\u043c \\u0414\\u0430 \\u041a\\u0430\\u0436\\u0430\\u043c\",\"isPartOf\":{\"@id\":\"https:\/\/sdk.mk\/#website\"},\"primaryImageOfPage\":{\"@id\":\"https:\/\/sdk.mk\/index.php\/maqedonia\/sela-e-akuzoi-teuten-se-nuk-ka-marre-nje-kale-nga-shkupi-2014-per-ta-shpetuar-tetoven\/#primaryimage\"},\"datePublished\":\"2016-08-09T14:00:36+00:00\",\"dateModified\":\"2016-08-09T14:06:11+00:00\",\"author\":{\"@id\":\"https:\/\/sdk.mk\/#\/schema\/person\/be7cfa6655c47f7195bfdd0ba8144aa2\"},\"inLanguage\":\"mk-MK\",\"potentialAction\":[{\"@type\":\"ReadAction\",\"target\":[\"https:\/\/sdk.mk\/index.php\/maqedonia\/sela-e-akuzoi-teuten-se-nuk-ka-marre-nje-kale-nga-shkupi-2014-per-ta-shpetuar-tetoven\/\"]}]},{\"@type\":\"Person\",\"@id\":\"https:\/\/sdk.mk\/#\/schema\/person\/be7cfa6655c47f7195bfdd0ba8144aa2\",\"name\":\"\\u0413\\u043e\\u0440\\u0430\\u043d \\u041c\\u0438\\u0445\\u0430\\u0458\\u043b\\u043e\\u0432\\u0441\\u043a\\u0438\"}]}<\/script>\n<!-- \/ Yoast SEO Premium plugin. -->","_links":{"self":[{"href":"https:\/\/sdk.mk\/index.php\/wp-json\/wp\/v2\/posts\/10207"}],"collection":[{"href":"https:\/\/sdk.mk\/index.php\/wp-json\/wp\/v2\/posts"}],"about":[{"href":"https:\/\/sdk.mk\/index.php\/wp-json\/wp\/v2\/types\/post"}],"author":[{"embeddable":true,"href":"https:\/\/sdk.mk\/index.php\/wp-json\/wp\/v2\/users\/1"}],"replies":[{"embeddable":true,"href":"https:\/\/sdk.mk\/index.php\/wp-json\/wp\/v2\/comments?post=10207"}],"version-history":[{"count":0,"href":"https:\/\/sdk.mk\/index.php\/wp-json\/wp\/v2\/posts\/10207\/revisions"}],"wp:featuredmedia":[{"embeddable":true,"href":"https:\/\/sdk.mk\/index.php\/wp-json\/wp\/v2\/media\/10174"}],"wp:attachment":[{"href":"https:\/\/sdk.mk\/index.php\/wp-json\/wp\/v2\/media?parent=10207"}],"wp:term":[{"taxonomy":"category","embeddable":true,"href":"https:\/\/sdk.mk\/index.php\/wp-json\/wp\/v2\/categories?post=10207"},{"taxonomy":"post_tag","embeddable":true,"href":"https:\/\/sdk.mk\/index.php\/wp-json\/wp\/v2\/tags?post=10207"}],"curies":[{"name":"wp","href":"https:\/\/api.w.org\/{rel}","templated":true}]}}