{"id":102953,"date":"2019-12-10T15:42:11","date_gmt":"2019-12-10T14:42:11","guid":{"rendered":"https:\/\/sdk.mk\/?p=102953"},"modified":"2019-12-10T15:42:11","modified_gmt":"2019-12-10T14:42:11","slug":"specat-e-strumices-kane-nevoje-per-mbrojtje-nga-rrezatimi-uv-prodhimtaria-ne-ulje-per-shkak-te-ndryshimeve-klimatike","status":"publish","type":"post","link":"https:\/\/sdk.mk\/index.php\/veprim-klimatik\/specat-e-strumices-kane-nevoje-per-mbrojtje-nga-rrezatimi-uv-prodhimtaria-ne-ulje-per-shkak-te-ndryshimeve-klimatike\/","title":{"rendered":"SPECAT E STRUMIC\u00cbS KAN\u00cb NEVOJ\u00cb P\u00cbR MBROJTJE NGA RREZATIMI UV, PRODHIMTARIA N\u00cb ULJE P\u00cbR SHKAK T\u00cb NDRYSHIMEVE KLIMATIKE"},"content":{"rendered":"<div class=\"f52428582a4b906b2d2e2a7d733c7d27\" data-index=\"7\" style=\"float: none; margin:10px 0 10px 0; text-align:center;\">\n<!-- MSP Ads Asynchronous JS Tag - Generated with Revive Adserver v5.4.1 -->\r\n<ins data-revive-zoneid=\"167\" data-revive-id=\"060fdb01f6430ec164d3519234aa4967\"><\/ins>\r\n<script async src=\"\/\/panel.ads.com.mk\/www\/delivery\/asyncjs.php\"><\/script>\n<\/div>\n<p>Temperaturat e larta d\u00ebmtojn\u00eb prodhimtarin\u00eb bimore n\u00eb rajonin e Strumic\u00ebs, ndon\u00ebse bujqit praktikojn\u00eb fara t\u00eb reja t\u00eb cilat jan\u00eb m\u00eb rezistente ndaj ndryshimeve klimatike.<\/p>\n<p>Mir\u00ebpo, pasojat nga ekspozimi i drejtp\u00ebrdrejt ndaj diellit rritet nga viti n\u00eb vit p\u00ebr shkak se n\u00eb k\u00ebt\u00eb rajon shum\u00eb t\u00eb mir\u00eb p\u00ebr bim\u00ebsi rrall\u00ebher\u00eb mund t\u00eb shihen sip\u00ebrfaqe me domate apo speca n\u00eb hap\u00ebsira t\u00eb gjera. Rrezatimi i madh ultraviolet gjat\u00eb ver\u00ebs, dallimet e m\u00ebdha t\u00eb temperaturave dhe shirat e vazhduesh\u00ebm shkaktojn\u00eb s\u00ebmundje t\u00eb ndryshme, deformitete te prodhimet dhe tharje e t\u00eb giitha hap\u00ebsirave bujq\u00ebsore. M\u00eb s\u00eb shumti k\u00ebt\u00eb e ka vuajtur Dimitar Popovi nga Angellci i cili thot\u00eb se sivjet nuk ka arritur as t\u00eb mbuloj\u00eb shpenzimet e produkteve.<\/p>\n<div id=\"attachment_102954\" style=\"width: 660px\" class=\"wp-caption aligncenter\"><a href=\"https:\/\/sdk.mk\/wp-content\/uploads\/2019\/12\/piperki-strumica-1.jpg\"><img aria-describedby=\"caption-attachment-102954\" loading=\"lazy\" class=\"wp-image-102954 size-large\" src=\"https:\/\/sdk.mk\/wp-content\/uploads\/2019\/12\/piperki-strumica-1-650x377.jpg\" alt=\"\" width=\"650\" height=\"377\" srcset=\"https:\/\/sdk.mk\/wp-content\/uploads\/2019\/12\/piperki-strumica-1.jpg 650w, https:\/\/sdk.mk\/wp-content\/uploads\/2019\/12\/piperki-strumica-1-250x145.jpg 250w, https:\/\/sdk.mk\/wp-content\/uploads\/2019\/12\/piperki-strumica-1-400x232.jpg 400w, https:\/\/sdk.mk\/wp-content\/uploads\/2019\/12\/piperki-strumica-1-150x87.jpg 150w\" sizes=\"(max-width: 650px) 100vw, 650px\" \/><\/a><p id=\"caption-attachment-102954\" class=\"wp-caption-text\">Gjat\u00eb viteve t\u00eb fundit, prodhimtaria bimore e Strumic\u00ebs filloi t\u00eb shp\u00ebrngulej me t\u00eb madhe n\u00eb ambiente t\u00eb mbyllura. ( Foto: SDK.MK)<\/p><\/div>\n<p>\u201cK\u00ebt\u00eb vit kam pasur rreth gjysm\u00eb hektari spec t\u00eb kuq n\u00eb fush\u00eb t\u00eb hapur. Gjith\u00e7ka shkoi shum\u00eb mir\u00eb deri n\u00eb gjysm\u00ebn e dyt\u00eb t\u00eb korrikut, kur bim\u00ebt ishin n\u00eb faz\u00ebn e rritjes dhe pjelloris\u00eb. Kur temperatura arriti 40 grad\u00eb, bim\u00ebt filluan t\u00eb hedhin lulet dhe frytet t\u00eb rritem me njolla t\u00eb zeza dhe t\u00eb bardha dhe vet\u00ebm pas dy jav\u00ebsh, gjith\u00e7ka filloi t\u00eb thahet. K\u00ebshtu, n\u00eb vend t\u00eb 15 toneve speca, me zor mblodha dy, kurse investova mbi 1.000 euro n\u00eb mbrojtje biokimike dhe ujitje\u201d, shpjegon Popovi.<\/p>\n<p>Mu p\u00ebr shkak t\u00eb temperaturave t\u00eb larta dhe ekspozimit t\u00eb drejtp\u00ebrdrejt\u00eb ndaj diellit, gjat\u00eb dy viteve t\u00eb fundit n\u00eb rajonin e Strumic\u00ebs, investimet n\u00eb prodhimtarin\u00eb bimore filluan t\u00eb rriten me q\u00ebllim q\u00eb t\u00eb mbroheshin sa m\u00eb mir\u00eb t\u00eb mundej nga faktor\u00ebt e jasht\u00ebm. P\u00ebr k\u00ebt\u00eb q\u00ebllim p\u00ebrdoren p\u00eblhura speciale t\u00eb cilat pengojn\u00eb rrezatimin ultraviolet, por duke e mbajtur lag\u00ebshtin\u00eb n\u00eb hap\u00ebsir\u00eb. Megjithat\u00eb, me an\u00eb t\u00eb k\u00ebtij tipi t\u00eb prodhimtaris\u00eb s\u00ebmundjet e bim\u00ebve shtohen gjithnj\u00eb e m\u00eb tep\u00ebr.<\/p>\n<div id=\"attachment_102955\" style=\"width: 660px\" class=\"wp-caption aligncenter\"><a href=\"https:\/\/sdk.mk\/wp-content\/uploads\/2019\/12\/piperki-strumica-2.jpg\"><img aria-describedby=\"caption-attachment-102955\" loading=\"lazy\" class=\"wp-image-102955 size-large\" src=\"https:\/\/sdk.mk\/wp-content\/uploads\/2019\/12\/piperki-strumica-2-650x382.jpg\" alt=\"\" width=\"650\" height=\"382\" srcset=\"https:\/\/sdk.mk\/wp-content\/uploads\/2019\/12\/piperki-strumica-2.jpg 650w, https:\/\/sdk.mk\/wp-content\/uploads\/2019\/12\/piperki-strumica-2-250x147.jpg 250w, https:\/\/sdk.mk\/wp-content\/uploads\/2019\/12\/piperki-strumica-2-400x235.jpg 400w, https:\/\/sdk.mk\/wp-content\/uploads\/2019\/12\/piperki-strumica-2-150x88.jpg 150w\" sizes=\"(max-width: 650px) 100vw, 650px\" \/><\/a><p id=\"caption-attachment-102955\" class=\"wp-caption-text\">Rrjetet mbrojt\u00ebs kund\u00ebr rrezeve UV synojn\u00eb t\u00eb sigurojn\u00eb nj\u00eb mbrojtje sa m\u00eb efikase n\u00eb bim\u00ebve t\u00eb cilat rriten jasht\u00eb ashtu si dhe ato q\u00eb rriten brenda. (SDK.MK)<\/p><\/div>\n<p>\u201cBim\u00ebt jan\u00eb t\u00eb mbrojtura nga era dhe shiu, por jo nga temperaturat e larta. N\u00ebse jasht\u00eb \u00ebsht\u00eb 40 grad\u00eb, imagjinoni temperatur\u00ebn brenda plastik\u00ebs pa ventilimin e nevojsh\u00ebm. Jemi n\u00eb p\u00ebrpjekje p\u00ebr t\u00eb b\u00ebr\u00eb mund\u00ebsuar nj\u00eb zon\u00eb me hije me an\u00eb t\u00eb balt\u00ebs s\u00eb vendosur mbi plastik\u00eb, por efektet nuk jan\u00eb shum\u00eb t\u00eb mira dhe m\u00eb tep\u00ebr n\u00eb d\u00ebm se sa n\u00eb t\u00eb mir\u00eb t\u00eb bim\u00ebve, thekson Illo Kostov, bujk nga Dobrejci.<\/p>\n<p>Shoqatat bujq\u00ebsore nga Strumica paralajm\u00ebrojn\u00eb se bujqit duhet t\u00eb shpjegojn\u00eb se cilat masa nevojitet t\u00eb nd\u00ebrmerren, dhe kjo p\u00ebrgjegj\u00ebsi duhet t\u00eb merret nga Agjencia p\u00ebr mbrojtje the zhvillim t\u00eb prodhimtaris\u00eb bujq\u00ebsore, pasi bujqit akoma hidh\u00ebrohen dhe nuk e din\u00eb se si t\u00eb menaxhojn\u00eb ndikimet klimatike. Ata theksojn\u00eb se po implementohen disa masa edhe pse nuk i njohin efektet e tyre.<\/p>\n<div id=\"attachment_102956\" style=\"width: 660px\" class=\"wp-caption aligncenter\"><a href=\"https:\/\/sdk.mk\/wp-content\/uploads\/2019\/12\/piperki-strumica-3.jpg\"><img aria-describedby=\"caption-attachment-102956\" loading=\"lazy\" class=\"wp-image-102956 size-large\" src=\"https:\/\/sdk.mk\/wp-content\/uploads\/2019\/12\/piperki-strumica-3-650x366.jpg\" alt=\"\" width=\"650\" height=\"366\" srcset=\"https:\/\/sdk.mk\/wp-content\/uploads\/2019\/12\/piperki-strumica-3.jpg 650w, https:\/\/sdk.mk\/wp-content\/uploads\/2019\/12\/piperki-strumica-3-250x141.jpg 250w, https:\/\/sdk.mk\/wp-content\/uploads\/2019\/12\/piperki-strumica-3-400x225.jpg 400w, https:\/\/sdk.mk\/wp-content\/uploads\/2019\/12\/piperki-strumica-3-150x84.jpg 150w\" sizes=\"(max-width: 650px) 100vw, 650px\" \/><\/a><p id=\"caption-attachment-102956\" class=\"wp-caption-text\">Mes 15 ton\u00ebve speca, me zor kam mbledhur dy, ankohet Dimitar Popov nga Angellci. (Foto: SDK.MK)<\/p><\/div>\n<p>\u201cDefinitivisht nevojitet nj\u00eb vizit\u00eb m\u00eb e shpesht\u00eb n\u00eb terren dhe shpjegim se cilat masa bujq\u00ebsore duhet t\u00eb zbatohen, pasi n\u00eb k\u00ebt\u00eb m\u00ebnyr\u00eb ata vet\u00ebm mundohen, por pa rezultat. Ne vazhdojm\u00eb t\u00eb d\u00ebgjojm\u00eb dhe t\u00eb shohim se \u00e7far\u00eb b\u00ebn komshiu, por nuk e b\u00ebjm\u00eb dhe ne. Nuk ka se kush t\u00eb na shpjegoj\u00eb se sa kjo gj\u00eb \u00ebsht\u00eb e mir\u00eb apo jo. Alarmoj se shkenca duhet t\u00eb gjej\u00eb nj\u00eb vend n\u00eb bujq\u00ebsi, t\u00eb mos shkojn\u00eb bujq n\u00ebp\u00ebr institucione, por ata t\u00eb zbresin te bujqit dhe t\u00eb mund t\u2019i udh\u00ebzojn\u00eb\u201d, thot\u00eb Boris Zekirov, bujk nga Novo Sella.<\/p>\n<p>Profesori i Universitetit t\u00eb Shtipit Dushan Spasov thot\u00eb se mbrojtja m\u00eb efikase jan\u00eb rrjetet mbrojt\u00ebse, si n\u00eb fush\u00eb t\u00eb hapur ashtu edhe n\u00eb shator\u00ebt e plastik\u00ebs, n\u00eb m\u00ebnyr\u00eb q\u00eb t\u00eb parandalohet ekspozimi direkt i rrezeve mbi bim\u00ebt.<\/p>\n<p>\u201cBujqit evropian\u00eb ka koh\u00eb q\u00eb shfryt\u00ebzojn\u00eb rrjetet mbrojt\u00ebse dhe efektet jan\u00eb shum\u00eb m\u00eb t\u00eb mira. Por gjat\u00eb viteve t\u00eb fundit, p\u00ebr fat t\u00eb keq, \u00a0sikur filloi t\u00eb shk\u00ebputet lidhja mes arsimit dhe prodhimtaris\u00eb agrikulturore. Nj\u00eb pjes\u00eb e hulumtimeve tona t\u00eb ndikimeve klimatike mund t\u00eb implementohen n\u00eb terren, por kjo duhet t\u00eb b\u00ebhet n\u00ebp\u00ebrmjet Agjencis\u00eb p\u00ebr zhvillim dhe agrikultur\u00eb\u201d, deklaroi profesori Spasov.<\/p>\n<div id=\"attachment_102957\" style=\"width: 660px\" class=\"wp-caption aligncenter\"><a href=\"https:\/\/sdk.mk\/wp-content\/uploads\/2019\/12\/piperki-strumica-4.jpg\"><img aria-describedby=\"caption-attachment-102957\" loading=\"lazy\" class=\"wp-image-102957 size-large\" src=\"https:\/\/sdk.mk\/wp-content\/uploads\/2019\/12\/piperki-strumica-4-650x320.jpg\" alt=\"\" width=\"650\" height=\"320\" srcset=\"https:\/\/sdk.mk\/wp-content\/uploads\/2019\/12\/piperki-strumica-4.jpg 650w, https:\/\/sdk.mk\/wp-content\/uploads\/2019\/12\/piperki-strumica-4-250x123.jpg 250w, https:\/\/sdk.mk\/wp-content\/uploads\/2019\/12\/piperki-strumica-4-400x197.jpg 400w, https:\/\/sdk.mk\/wp-content\/uploads\/2019\/12\/piperki-strumica-4-150x74.jpg 150w\" sizes=\"(max-width: 650px) 100vw, 650px\" \/><\/a><p id=\"caption-attachment-102957\" class=\"wp-caption-text\">N\u00eb rajonin m\u00eb t\u00eb mir\u00eb p\u00ebr mbjellje n\u00eb Maqedoni gjithnj\u00eb e m\u00eb rrall\u00eb mund t\u00eb gjenden hap\u00ebsira me domate apo speca n\u00eb fusha t\u00eb hapura. (Foto: SDK.MK)<\/p><\/div>\n<p>Para disa vjet\u00ebsh, n\u00ebp\u00ebrmjet Rrjetit p\u00ebr zhvillim rural, rrjete t\u00eb tilla u instaluan nga Tome Timovi n\u00eb disa shator\u00eb plastik\u00eb me domate. Si\u00e7 thot\u00eb dhe ai, rezultatet kan\u00eb qen\u00eb shum\u00eb m\u00eb t\u00eb mira nga ajo q\u00eb pritej n\u00eb zvog\u00eblimin e pasojave t\u00eb ndikimeve klimatike. Nuk kan\u00eb shfaqur deformitete t\u00eb prodhimeve e as nuk ka pasur hedhje lulesh.<\/p>\n<p>\u201cProdhimtaria e mbrojtur nga ndikimet e jashtme jep shum\u00eb kontribute dhe mbi t\u00eb gjitha zvog\u00eblohen dhe shpenzimet p\u00ebr trajtimin e tyre biokimik, pasi rreziku p\u00ebr s\u00ebmundje ulet n\u00eb nivelin minimal. Sigurisht q\u00eb rrjetet mbrojt\u00ebse jan\u00eb vet\u00ebm nj\u00eb segment dhe p\u00ebr k\u00ebt\u00eb arsye bujqit duhet t\u00eb drejtohen drejt prodhimtaris\u00eb bashk\u00ebkohore\u201d, thot\u00eb Timovi, i cili n\u00ebp\u00ebrmjet shoqat\u00ebs \u201cHorti eko\u201d, p\u00ebrpiqet t\u2019u transmetoj\u00eb bujqve metoda t\u00eb reja p\u00ebr mbrojtje nga ndikimet klimatike.<\/p>\n<p>Shum\u00eb rrall\u00eb her\u00eb bujqit shfryt\u00ebzojn\u00eb rrjeta mbrojt\u00ebse kund\u00ebr rrezeve ultraviolete, edhe pse ato mund t\u00eb fitohen n\u00ebp\u00ebrmjet programit IPARD 2. P\u00ebrve\u00e7 rrjetave mbrojt\u00ebse, mund t\u00eb blihen edhe sistemi p\u00ebr ujitje, pajisje p\u00ebr avull, sp\u00ebrkatje por edhe mbrojtje t\u00eb mjedisit jet\u00ebsor p\u00ebr efikastiet energjetik n\u00eb prodhimtarin\u00eb bujq\u00ebsore dhe nj\u00eb trajtim i duhur i mbeturinave bimore n\u00eb qendrat e biogazit.<\/p>\n<p>Para disa vjet\u00ebsh, n\u00ebp\u00ebrmjet Rrjetit p\u00ebr zhvillim rural, rrjete t\u00eb tilla u instaluan nga Tome Timovi n\u00eb disa shator\u00eb plastik\u00eb me domate. Si\u00e7 thot\u00eb dhe ai, rezultatet kan\u00eb qen\u00eb shum\u00eb m\u00eb t\u00eb mira nga ajo q\u00eb pritej n\u00eb zvog\u00eblimin e pasojave t\u00eb ndikimeve klimatike. Nuk kan\u00eb shfaqur deformitete t\u00eb prodhimeve e as nuk ka pasur hedhje lulesh.<\/p>\n<p>\u201cProdhimtaria e mbrojtur nga ndikimet e jashtme jep shum\u00eb kontribute dhe mbi t\u00eb gjitha zvog\u00eblohen dhe shpenzimet p\u00ebr trajtimin e tyre biokimik, pasi rreziku p\u00ebr s\u00ebmundje ulet n\u00eb nivelin minimal. Sigurisht q\u00eb rrjetet mbrojt\u00ebse jan\u00eb vet\u00ebm nj\u00eb segment dhe p\u00ebr k\u00ebt\u00eb arsye bujqit duhet t\u00eb drejtohen drejt prodhimtaris\u00eb bashk\u00ebkohore\u201d, thot\u00eb Timovi, i cili n\u00ebp\u00ebrmjet shoqat\u00ebs \u201cHorti eko\u201d, p\u00ebrpiqet t\u2019u transmetoj\u00eb bujqve metoda t\u00eb reja p\u00ebr mbrojtje nga ndikimet klimatike.<\/p>\n<p>Shum\u00eb rrall\u00eb her\u00eb bujqit shfryt\u00ebzojn\u00eb rrjeta mbrojt\u00ebse kund\u00ebr rrezeve ultraviolete, edhe pse ato mund t\u00eb fitohen n\u00ebp\u00ebrmjet programit IPARD 2. P\u00ebrve\u00e7 rrjetave mbrojt\u00ebse, mund t\u00eb blihen edhe sistemi p\u00ebr ujitje, pajisje p\u00ebr avull, sp\u00ebrkatje por edhe mbrojtje t\u00eb mjedisit jet\u00ebsor p\u00ebr efikastiet energjetik n\u00eb prodhimtarin\u00eb bujq\u00ebsore dhe nj\u00eb trajtim i duhur i mbeturinave bimore n\u00eb qendrat e biogazit.<\/p>\n<p><strong><em>V.\u00a0<\/em><\/strong><strong><em>TRAJKOV<\/em><\/strong><\/p>\n\n<div style=\"font-size: 0px; height: 0px; line-height: 0px; margin: 0; padding: 0; clear: both;\"><\/div>","protected":false},"excerpt":{"rendered":"<p>Temperaturat e larta d\u00ebmtojn\u00eb prodhimtarin\u00eb bimore n\u00eb rajonin e Strumic\u00ebs, ndon\u00ebse bujqit praktikojn\u00eb fara t\u00eb reja t\u00eb cilat jan\u00eb m\u00eb [&hellip;]<\/p>\n","protected":false},"author":25,"featured_media":100303,"comment_status":"closed","ping_status":"closed","sticky":false,"template":"","format":"standard","meta":{"_mo_disable_npp":"","inline_featured_image":false},"categories":[42106],"tags":[],"imageURL":"https:\/\/sdk.mk\/wp-content\/uploads\/2019\/10\/isuseno-proizvodstvo-pod-plastenitsi-od-visoki-temperaturi-650x320.jpg","thumbURL":"https:\/\/sdk.mk\/wp-content\/uploads\/2019\/10\/isuseno-proizvodstvo-pod-plastenitsi-od-visoki-temperaturi-250x123.jpg","categoryNames":["Veprim klimatik"],"feature_caption":"Rrezatimi i madh i rrezeve ultraviolete gjat\u00eb ver\u00ebs, ndryshimet e m\u00ebdha n\u00eb temperature dhe reshjet e shiut kan\u00eb shkaktuar s\u00ebmundje dhe deformitete te frytet si dhe tharje e t\u00eb gjitha sip\u00ebrfaqeve bujq\u00ebsore. (Foto: SDK.MK) ","subtitle":"","views":"4857","source":"Strumic\u00eb, (SAKAMDAKAZAM.MK) ","yoast_head":"<!-- This site is optimized with the Yoast SEO Premium plugin v15.0 - https:\/\/yoast.com\/wordpress\/plugins\/seo\/ -->\n<title>SPECAT E STRUMIC\u00cbS KAN\u00cb NEVOJ\u00cb P\u00cbR MBROJTJE NGA RREZATIMI UV, PRODHIMTARIA N\u00cb ULJE P\u00cbR SHKAK T\u00cb NDRYSHIMEVE KLIMATIKE - \u0421\u0430\u043a\u0430\u043c \u0414\u0430 \u041a\u0430\u0436\u0430\u043c<\/title>\n<meta name=\"robots\" content=\"index, follow, max-snippet:-1, max-image-preview:large, max-video-preview:-1\" \/>\n<link rel=\"canonical\" href=\"https:\/\/sdk.mk\/index.php\/veprim-klimatik\/specat-e-strumices-kane-nevoje-per-mbrojtje-nga-rrezatimi-uv-prodhimtaria-ne-ulje-per-shkak-te-ndryshimeve-klimatike\/\" \/>\n<meta property=\"og:locale\" content=\"mk_MK\" \/>\n<meta property=\"og:type\" content=\"article\" \/>\n<meta property=\"og:title\" content=\"SPECAT E STRUMIC\u00cbS KAN\u00cb NEVOJ\u00cb P\u00cbR MBROJTJE NGA RREZATIMI UV, PRODHIMTARIA N\u00cb ULJE P\u00cbR SHKAK T\u00cb NDRYSHIMEVE KLIMATIKE - \u0421\u0430\u043a\u0430\u043c \u0414\u0430 \u041a\u0430\u0436\u0430\u043c\" \/>\n<meta property=\"og:description\" content=\"Temperaturat e larta d\u00ebmtojn\u00eb prodhimtarin\u00eb bimore n\u00eb rajonin e Strumic\u00ebs, ndon\u00ebse bujqit praktikojn\u00eb fara t\u00eb reja t\u00eb cilat jan\u00eb m\u00eb [&hellip;]\" \/>\n<meta property=\"og:url\" content=\"https:\/\/sdk.mk\/index.php\/veprim-klimatik\/specat-e-strumices-kane-nevoje-per-mbrojtje-nga-rrezatimi-uv-prodhimtaria-ne-ulje-per-shkak-te-ndryshimeve-klimatike\/\" \/>\n<meta property=\"og:site_name\" content=\"\u0421\u0430\u043a\u0430\u043c \u0414\u0430 \u041a\u0430\u0436\u0430\u043c\" \/>\n<meta property=\"article:published_time\" content=\"2019-12-10T14:42:11+00:00\" \/>\n<meta property=\"og:image\" content=\"https:\/\/sdk.mk\/wp-content\/uploads\/2019\/10\/isuseno-proizvodstvo-pod-plastenitsi-od-visoki-temperaturi.jpg\" \/>\n\t<meta property=\"og:image:width\" content=\"1728\" \/>\n\t<meta property=\"og:image:height\" content=\"852\" \/>\n<meta property=\"fb:app_id\" content=\"2407985809428537\" \/>\n<meta name=\"twitter:card\" content=\"summary\" \/>\n<script type=\"application\/ld+json\" class=\"yoast-schema-graph\">{\"@context\":\"https:\/\/schema.org\",\"@graph\":[{\"@type\":\"WebSite\",\"@id\":\"https:\/\/sdk.mk\/#website\",\"url\":\"https:\/\/sdk.mk\/\",\"name\":\"\\u0421\\u0430\\u043a\\u0430\\u043c \\u0414\\u0430 \\u041a\\u0430\\u0436\\u0430\\u043c\",\"description\":\"\\u0417\\u0430 \\u0441\\u043b\\u043e\\u0431\\u043e\\u0434\\u043e\\u0443\\u043c\\u043d\\u0438\",\"potentialAction\":[{\"@type\":\"SearchAction\",\"target\":\"https:\/\/sdk.mk\/?s={search_term_string}\",\"query-input\":\"required name=search_term_string\"}],\"inLanguage\":\"mk-MK\"},{\"@type\":\"ImageObject\",\"@id\":\"https:\/\/sdk.mk\/index.php\/veprim-klimatik\/specat-e-strumices-kane-nevoje-per-mbrojtje-nga-rrezatimi-uv-prodhimtaria-ne-ulje-per-shkak-te-ndryshimeve-klimatike\/#primaryimage\",\"inLanguage\":\"mk-MK\",\"url\":\"https:\/\/sdk.mk\/wp-content\/uploads\/2019\/10\/isuseno-proizvodstvo-pod-plastenitsi-od-visoki-temperaturi.jpg\",\"width\":1728,\"height\":852},{\"@type\":\"WebPage\",\"@id\":\"https:\/\/sdk.mk\/index.php\/veprim-klimatik\/specat-e-strumices-kane-nevoje-per-mbrojtje-nga-rrezatimi-uv-prodhimtaria-ne-ulje-per-shkak-te-ndryshimeve-klimatike\/#webpage\",\"url\":\"https:\/\/sdk.mk\/index.php\/veprim-klimatik\/specat-e-strumices-kane-nevoje-per-mbrojtje-nga-rrezatimi-uv-prodhimtaria-ne-ulje-per-shkak-te-ndryshimeve-klimatike\/\",\"name\":\"SPECAT E STRUMIC\\u00cbS KAN\\u00cb NEVOJ\\u00cb P\\u00cbR MBROJTJE NGA RREZATIMI UV, PRODHIMTARIA N\\u00cb ULJE P\\u00cbR SHKAK T\\u00cb NDRYSHIMEVE KLIMATIKE - \\u0421\\u0430\\u043a\\u0430\\u043c \\u0414\\u0430 \\u041a\\u0430\\u0436\\u0430\\u043c\",\"isPartOf\":{\"@id\":\"https:\/\/sdk.mk\/#website\"},\"primaryImageOfPage\":{\"@id\":\"https:\/\/sdk.mk\/index.php\/veprim-klimatik\/specat-e-strumices-kane-nevoje-per-mbrojtje-nga-rrezatimi-uv-prodhimtaria-ne-ulje-per-shkak-te-ndryshimeve-klimatike\/#primaryimage\"},\"datePublished\":\"2019-12-10T14:42:11+00:00\",\"dateModified\":\"2019-12-10T14:42:11+00:00\",\"author\":{\"@id\":\"https:\/\/sdk.mk\/#\/schema\/person\/737021aeacbe893f7e2c347186c5c7a1\"},\"inLanguage\":\"mk-MK\",\"potentialAction\":[{\"@type\":\"ReadAction\",\"target\":[\"https:\/\/sdk.mk\/index.php\/veprim-klimatik\/specat-e-strumices-kane-nevoje-per-mbrojtje-nga-rrezatimi-uv-prodhimtaria-ne-ulje-per-shkak-te-ndryshimeve-klimatike\/\"]}]},{\"@type\":\"Person\",\"@id\":\"https:\/\/sdk.mk\/#\/schema\/person\/737021aeacbe893f7e2c347186c5c7a1\",\"name\":\"\\u0424\\u0458\\u043e\\u043b\\u0430 \\u0417\\u043b\\u0430\\u0442\\u043a\\u0443\"}]}<\/script>\n<!-- \/ Yoast SEO Premium plugin. -->","_links":{"self":[{"href":"https:\/\/sdk.mk\/index.php\/wp-json\/wp\/v2\/posts\/102953"}],"collection":[{"href":"https:\/\/sdk.mk\/index.php\/wp-json\/wp\/v2\/posts"}],"about":[{"href":"https:\/\/sdk.mk\/index.php\/wp-json\/wp\/v2\/types\/post"}],"author":[{"embeddable":true,"href":"https:\/\/sdk.mk\/index.php\/wp-json\/wp\/v2\/users\/25"}],"replies":[{"embeddable":true,"href":"https:\/\/sdk.mk\/index.php\/wp-json\/wp\/v2\/comments?post=102953"}],"version-history":[{"count":0,"href":"https:\/\/sdk.mk\/index.php\/wp-json\/wp\/v2\/posts\/102953\/revisions"}],"wp:featuredmedia":[{"embeddable":true,"href":"https:\/\/sdk.mk\/index.php\/wp-json\/wp\/v2\/media\/100303"}],"wp:attachment":[{"href":"https:\/\/sdk.mk\/index.php\/wp-json\/wp\/v2\/media?parent=102953"}],"wp:term":[{"taxonomy":"category","embeddable":true,"href":"https:\/\/sdk.mk\/index.php\/wp-json\/wp\/v2\/categories?post=102953"},{"taxonomy":"post_tag","embeddable":true,"href":"https:\/\/sdk.mk\/index.php\/wp-json\/wp\/v2\/tags?post=102953"}],"curies":[{"name":"wp","href":"https:\/\/api.w.org\/{rel}","templated":true}]}}