{"id":102959,"date":"2019-12-10T15:47:21","date_gmt":"2019-12-10T14:47:21","guid":{"rendered":"https:\/\/sdk.mk\/?p=102959"},"modified":"2019-12-10T15:47:21","modified_gmt":"2019-12-10T14:47:21","slug":"plazhi-i-liqenit-te-prespes-ne-pretor-u-be-i-kuq-per-shkak-te-thatesires-se-gjate","status":"publish","type":"post","link":"https:\/\/sdk.mk\/index.php\/veprim-klimatik\/plazhi-i-liqenit-te-prespes-ne-pretor-u-be-i-kuq-per-shkak-te-thatesires-se-gjate\/","title":{"rendered":"PLAZHI I LIQENIT T\u00cb PRESP\u00cbS N\u00cb PRETOR U B\u00cb I KUQ P\u00cbR SHKAK T\u00cb THAT\u00cbSIR\u00cbS S\u00cb GJAT\u00cb"},"content":{"rendered":"<div class=\"f52428582a4b906b2d2e2a7d733c7d27\" data-index=\"7\" style=\"float: none; margin:10px 0 10px 0; text-align:center;\">\n<!-- MSP Ads Asynchronous JS Tag - Generated with Revive Adserver v5.4.1 -->\r\n<ins data-revive-zoneid=\"167\" data-revive-id=\"060fdb01f6430ec164d3519234aa4967\"><\/ins>\r\n<script async src=\"\/\/panel.ads.com.mk\/www\/delivery\/asyncjs.php\"><\/script>\n<\/div>\n<p>Liqeni i Presp\u00ebs n\u00eb Pretor duket sikur t\u00eb jet\u00eb p\u00ebrgjakur nga materia e kuqe e cila gjat\u00eb k\u00ebtyre dit\u00ebve ka kapluar t\u00eb gjith\u00eb liqenin. Ajo u shfaq q\u00eb kur liqeni p\u00ebsoi nj\u00eb t\u00ebrheqje drastike gjat\u00eb k\u00ebtij viti, si pasoj\u00eb e ndryshimeve klimatike dhe periudh\u00ebs s\u00eb gjat\u00eb s\u00eb that\u00ebsir\u00ebs. Tashm\u00eb p\u00ebr muaj t\u00eb t\u00ebr\u00eb nuk ka pasur as edhe nj\u00eb pik\u00eb shiu, kurse temperaturat jan\u00eb jasht\u00ebzakonisht t\u00eb larta n\u00eb vjesht\u00eb.<\/p>\n<p>Sipas t\u00eb dh\u00ebnave zyrtare t\u00eb cilat arriti t\u00eb mblidhte SAKAMDAKAZAM.MK, liqeni \u00ebsht\u00eb mbi 2,5 metra n\u00ebn nivelin normal t\u00eb ujit. N\u00eb breg dol\u00ebn gur\u00eb dhe kallame q\u00eb ishin n\u00ebn uj\u00eb. Madje edhe skela e drurit \u00ebsht\u00eb e gjitha n\u00eb r\u00ebr\u00eb. Kallami ka filluar t\u00eb pushtoj\u00eb edhe plazhet n\u00eb Asamati, Sht\u00ebrbov dhe Nakollec, duke krijuar pellgje. Liqeni \u00ebsht\u00eb mbushur me ishuj t\u00eb rinj q\u00eb lul\u00ebzojn\u00eb nga t\u00ebrheqja e ujit. N\u00eb 100 metra nga bregu n\u00eb lagjet Asamati, nj\u00eb tuf\u00eb zogjsh pushojn\u00eb mbi gur\u00ebt dhe dheun q\u00eb ka dal\u00eb nga uji. Sado e bukur t\u00eb jet\u00eb Prespa, kjo fotografi duket kataklizmike.<\/p>\n<div id=\"attachment_102960\" style=\"width: 660px\" class=\"wp-caption aligncenter\"><a href=\"https:\/\/sdk.mk\/wp-content\/uploads\/2019\/12\/crvena-plaza-1.jpg\"><img aria-describedby=\"caption-attachment-102960\" loading=\"lazy\" class=\"wp-image-102960 size-large\" src=\"https:\/\/sdk.mk\/wp-content\/uploads\/2019\/12\/crvena-plaza-1-650x417.jpg\" alt=\"\" width=\"650\" height=\"417\" srcset=\"https:\/\/sdk.mk\/wp-content\/uploads\/2019\/12\/crvena-plaza-1-650x417.jpg 650w, https:\/\/sdk.mk\/wp-content\/uploads\/2019\/12\/crvena-plaza-1-250x160.jpg 250w, https:\/\/sdk.mk\/wp-content\/uploads\/2019\/12\/crvena-plaza-1-400x257.jpg 400w, https:\/\/sdk.mk\/wp-content\/uploads\/2019\/12\/crvena-plaza-1-768x492.jpg 768w, https:\/\/sdk.mk\/wp-content\/uploads\/2019\/12\/crvena-plaza-1-150x96.jpg 150w, https:\/\/sdk.mk\/wp-content\/uploads\/2019\/12\/crvena-plaza-1-800x513.jpg 800w, https:\/\/sdk.mk\/wp-content\/uploads\/2019\/12\/crvena-plaza-1-1200x770.jpg 1200w, https:\/\/sdk.mk\/wp-content\/uploads\/2019\/12\/crvena-plaza-1.jpg 1600w\" sizes=\"(max-width: 650px) 100vw, 650px\" \/><\/a><p id=\"caption-attachment-102960\" class=\"wp-caption-text\">Liqeni \u00ebsht\u00eb 2,5 metra n\u00ebn nivelin e zakonsh\u00ebm t\u00eb ujit, madje skela e drurit \u00ebsht\u00eb krejt\u00ebsisht e dal\u00eb mbi r\u00ebr\u00eb. (Foto: Gj. Li\u00e7ovski)<\/p><\/div>\n<p>\u201cKur isha f\u00ebmij\u00eb shkoja n\u00eb R\u00ebrat e Arta n\u00eb Bullgari dhe i pata th\u00ebn\u00eb shoq\u00ebris\u00eb sime \u201cN\u00ebse ajo qenka r\u00ebr\u00eb e art\u00eb, at\u00ebher\u00eb ajo e Presp\u00ebs son\u00eb \u00ebsht\u00eb e diamantit\u201d. N\u00eb at\u00eb koh\u00eb n\u00eb Sht\u00ebrbov\u00eb kishim plazhin m\u00eb t\u00eb bukur t\u00eb Presp\u00ebs. Shum\u00eb i past\u00ebr dhe pa ndotje. Kur ishim n\u00eb plazh nuk shkonim t\u00eb pinim uj\u00eb n\u00eb vend tjet\u00ebr, por zhyteshim thell\u00eb dhe pinim q\u00eb aty. Tani bregu i pjes\u00ebs s\u00eb cek\u00ebt \u00ebsht\u00eb shnd\u00ebrruar n\u00eb pyll. P\u00ebr shkak t\u00eb bukuris\u00eb s\u00eb plazhit u nd\u00ebrtuan 80 sht\u00ebpiza dhe n\u00eb fshat tani vijn\u00eb vet\u00ebm pensioner\u00eb. Prespa u b\u00eb si Mariova\u201d, tha Krume Panovski, banori i vet\u00ebm i fshatit Sht\u00ebrbov\u00eb i cili akoma kor kallamin q\u00eb t\u00eb mb\u00ebrrij\u00eb deri te Liqeni.<\/p>\n<p>Si nj\u00eb njoh\u00ebs i mir\u00eb i oscilimeve t\u00eb liqenit, ai thot\u00eb se k\u00ebt\u00eb vit uji ka pasur nj\u00eb t\u00ebrheqje n\u00eb m\u00ebnyr\u00eb drastike. Sipas vler\u00ebsimeve t\u00eb tij, nga viti i kaluar liqeni \u00ebsht\u00eb t\u00ebrhequr p\u00ebr 15-20 metra. Banor\u00ebt m\u00eb t\u00eb vjet\u00ebr d\u00ebshmojn\u00eb se n\u00eb krahasim me vitet e 80-ta, t\u00eb cilat kan\u00eb qen\u00eb koh\u00ebra t\u00eb arta p\u00ebr Presp\u00ebn, uji \u00ebsht\u00eb t\u00ebrhequr n\u00eb gjat\u00ebsi prej 200-300 metra.<\/p>\n<p>&nbsp;<\/p>\n<div id=\"attachment_102961\" style=\"width: 660px\" class=\"wp-caption aligncenter\"><a href=\"https:\/\/sdk.mk\/wp-content\/uploads\/2019\/12\/crvena-plaza-2.jpg\"><img aria-describedby=\"caption-attachment-102961\" loading=\"lazy\" class=\"wp-image-102961 size-large\" src=\"https:\/\/sdk.mk\/wp-content\/uploads\/2019\/12\/crvena-plaza-2-650x332.jpg\" alt=\"\" width=\"650\" height=\"332\" srcset=\"https:\/\/sdk.mk\/wp-content\/uploads\/2019\/12\/crvena-plaza-2.jpg 650w, https:\/\/sdk.mk\/wp-content\/uploads\/2019\/12\/crvena-plaza-2-250x128.jpg 250w, https:\/\/sdk.mk\/wp-content\/uploads\/2019\/12\/crvena-plaza-2-400x204.jpg 400w, https:\/\/sdk.mk\/wp-content\/uploads\/2019\/12\/crvena-plaza-2-150x77.jpg 150w\" sizes=\"(max-width: 650px) 100vw, 650px\" \/><\/a><p id=\"caption-attachment-102961\" class=\"wp-caption-text\">Sht\u00ebrbova m\u00eb her\u00ebt kishte plazhin m\u00eb t\u00eb bukur n\u00eb Presp\u00eb, nd\u00ebrkoh\u00eb q\u00eb uji n\u00eb thell\u00ebsi ishte i pish\u00ebm, thon\u00eb Krume Panovski dhe Petre Nikollovski, banor\u00eb t\u00eb fshatit. (Foto: SDK.MK)<\/p><\/div>\n<p>\u201cKu ka turiz\u00ebm, ka dhe xhung\u00ebl. Tashm\u00eb plazhet nuk ekzistojn\u00eb. Kush e di se \u00e7\u2019do t\u00eb b\u00ebj\u00eb natyra. Uj\u00eb ka gjithmon\u00eb e m\u00eb pak\u201d, thot\u00eb Petre Nikollovski, banor i Sht\u00ebrbov\u00ebs.<\/p>\n<p>Lamtumir\u00eb turizmit i tha edhe nj\u00eb nga fshatrat m\u00eb t\u00eb vizituar t\u00eb dikursh\u00ebm t\u00eb Presp\u00ebs, Asamati ku ishte dhe pushimorja e njohur p\u00ebr f\u00ebmij\u00eb.<\/p>\n<p>Asamati momentalisht nuk ka pik\u00eb turizmi. Un\u00eb kam ardhur k\u00ebtu n\u00eb vitin 1974 dhe liqeni ka qen\u00eb tridhjet\u00eb metra m\u00eb k\u00ebtej. Kishte shum\u00eb turist\u00eb dhe sht\u00ebpive u duheshin m\u00eb shum\u00eb hap\u00ebsira akomoduese. Tani ato zona q\u00eb dikur ishin t\u00eb mbushura me uj\u00eb, jan\u00eb uzurpuar nga kallamishte t\u00eb gjata tre metra dhe nga pem\u00eb deri n\u00eb 5 metra, tamam si nj\u00eb xhung\u00ebl, thot\u00eb Aspasija Todorovska nga Asamati.<\/p>\n<p>Se sa \u00ebsht\u00eb t\u00ebrhequr liqeni shpjegon edhe i dashuruari me Presp\u00ebn Metodija Jovanovski, gazetar dhe publicist, duke b\u00ebr\u00eb t\u00eb ditur se mat\u00ebsi i nivelit t\u00eb ujit q\u00eb ndodhet para sht\u00ebpis\u00eb s\u00eb tij n\u00eb Pretor n\u00eb vitet 1969 dhe 1970 ka treguar nj\u00eb met\u00ebr uj\u00eb dhe vet\u00ebm 20 metra nga oborri, kurse tani uji i liqenit para tij \u00ebsht\u00eb larguar p\u00ebr rreth 220 metra.<\/p>\n<div id=\"attachment_102962\" style=\"width: 660px\" class=\"wp-caption aligncenter\"><a href=\"https:\/\/sdk.mk\/wp-content\/uploads\/2019\/12\/crvena-plaza-3.jpg\"><img aria-describedby=\"caption-attachment-102962\" loading=\"lazy\" class=\"wp-image-102962 size-large\" src=\"https:\/\/sdk.mk\/wp-content\/uploads\/2019\/12\/crvena-plaza-3-650x433.jpg\" alt=\"\" width=\"650\" height=\"433\" srcset=\"https:\/\/sdk.mk\/wp-content\/uploads\/2019\/12\/crvena-plaza-3-650x433.jpg 650w, https:\/\/sdk.mk\/wp-content\/uploads\/2019\/12\/crvena-plaza-3-250x167.jpg 250w, https:\/\/sdk.mk\/wp-content\/uploads\/2019\/12\/crvena-plaza-3-400x267.jpg 400w, https:\/\/sdk.mk\/wp-content\/uploads\/2019\/12\/crvena-plaza-3-768x512.jpg 768w, https:\/\/sdk.mk\/wp-content\/uploads\/2019\/12\/crvena-plaza-3-150x100.jpg 150w, https:\/\/sdk.mk\/wp-content\/uploads\/2019\/12\/crvena-plaza-3-800x533.jpg 800w, https:\/\/sdk.mk\/wp-content\/uploads\/2019\/12\/crvena-plaza-3-1200x800.jpg 1200w, https:\/\/sdk.mk\/wp-content\/uploads\/2019\/12\/crvena-plaza-3.jpg 1600w\" sizes=\"(max-width: 650px) 100vw, 650px\" \/><\/a><p id=\"caption-attachment-102962\" class=\"wp-caption-text\">Sipas disa vler\u00ebsimeve, liqeni nga vjet \u00ebsht\u00eb t\u00ebrhequr rreth 15-20 metra. (Foto: Gj. Li\u00e7ovski)<\/p><\/div>\n<p>\u201cP\u00ebr shkak t\u00eb t\u00ebrheqjes s\u00eb uj\u00ebrave liqenor\u00eb, kjo zon\u00eb shnd\u00ebrrohet n\u00eb nj\u00eb vend t\u00eb uzurpuar nga kallamishtet. Ku \u00ebsht\u00eb UNESKO? P\u00ebr Ohrin n\u00ebn\u00eb, kurse p\u00ebr Presp\u00ebn njerk\u00eb? P\u00ebr Liqenin e Ohrit \u00e7do dit\u00eb ka diskutime, kurse p\u00ebr t\u00eb Presp\u00ebn, nga ku vijn\u00eb dhe burimet m\u00eb t\u00eb m\u00ebdha p\u00ebr Ohrin, askush nuk flet, edhe pse para pes\u00eb vjet\u00ebsh atje UNESKO shpalli biorezervatorin Ohrid-Prespa p\u00ebr zon\u00ebn e mbrojtur integrale. P\u00ebr kolektorin e Ohrit ka para, por n\u00eb Pretor b\u00ebhet dhe pa kanalizim. Pastaj duam q\u00eb Prespa t\u00eb zhvilloj\u00eb turizmin dhe t\u00eb mbroj\u00eb liqenin\u201d, thot\u00eb Javanovski.<\/p>\n<p>Ai b\u00ebn nj\u00eb apel p\u00ebr shp\u00ebrthim t\u00eb liqenit, duke i thirrur ekologjist\u00ebt, partit\u00eb e jeshil\u00ebve t\u00eb qeveris\u00eb me peticion drejt UNESKO-s q\u00eb t\u00eb aktualizojn\u00eb \u00e7\u00ebshtjen. Apelon q\u00eb t\u00eb mbahet nj\u00eb takim trilateral t\u00eb ministrave t\u00eb Maqedonis\u00eb , Greqisl dhe Shqip\u00ebris\u00eb, si dhe t\u00eb kryetar\u00ebve t\u00eb Resnj\u00ebs, Germanit dhe Pustecit, me k\u00ebrkes\u00eb p\u00ebr mjete speciale p\u00ebr shp\u00ebtim t\u00eb liqenit n\u00eb suaza t\u00eb projektit nd\u00ebrkufitar \u201cPrespa park\u201d. Integrimi i nj\u00eb regjimi t\u00eb ve\u00e7ant\u00eb p\u00ebr mbrojtjen e uj\u00ebrave, pasi nga uji i liqenit t\u00eb Presp\u00ebs varet cil\u00ebsia e ujit dhe mir\u00ebmbajtja e biodiversitetit n\u00eb Liqenin e Ohrit.<\/p>\n<p>Nga shoqata \u201cEko gerila\u201d thon\u00eb se k\u00ebto jan\u00eb cikle t\u00eb liqenit t\u00eb shkaktuara nga zvog\u00eblimi i disavjetshm\u00eb i reshjeve t\u00eb shiut dhe t\u00eb bor\u00ebs, p\u00ebr shkak t\u00eb s\u00eb cil\u00ebs uji t\u00ebrhiqet.<\/p>\n<p>T\u00ebrheqja e ujit u krijon probleme edhe nikoqir\u00ebve.<\/p>\n<p>\u201cNa pengon t\u00ebrheqja e ujit. Vendet t\u00eb cilat mbeten jasht\u00eb ujit duhet t\u00eb rregullohen me r\u00ebr\u00eb ekstra\u201d, thot\u00eb Srebre Ne\u00e7ovski, pronar i kompleksit \u201cKonekt bi\u00e7\u201d n\u00eb Slinic\u00eb.<\/p>\n<div id=\"attachment_102963\" style=\"width: 660px\" class=\"wp-caption aligncenter\"><a href=\"https:\/\/sdk.mk\/wp-content\/uploads\/2019\/12\/crvena-plaza-4.jpg\"><img aria-describedby=\"caption-attachment-102963\" loading=\"lazy\" class=\"wp-image-102963 size-large\" src=\"https:\/\/sdk.mk\/wp-content\/uploads\/2019\/12\/crvena-plaza-4-650x433.jpg\" alt=\"\" width=\"650\" height=\"433\" srcset=\"https:\/\/sdk.mk\/wp-content\/uploads\/2019\/12\/crvena-plaza-4-650x433.jpg 650w, https:\/\/sdk.mk\/wp-content\/uploads\/2019\/12\/crvena-plaza-4-250x167.jpg 250w, https:\/\/sdk.mk\/wp-content\/uploads\/2019\/12\/crvena-plaza-4-400x267.jpg 400w, https:\/\/sdk.mk\/wp-content\/uploads\/2019\/12\/crvena-plaza-4-768x512.jpg 768w, https:\/\/sdk.mk\/wp-content\/uploads\/2019\/12\/crvena-plaza-4-150x100.jpg 150w, https:\/\/sdk.mk\/wp-content\/uploads\/2019\/12\/crvena-plaza-4-800x533.jpg 800w, https:\/\/sdk.mk\/wp-content\/uploads\/2019\/12\/crvena-plaza-4-1200x800.jpg 1200w, https:\/\/sdk.mk\/wp-content\/uploads\/2019\/12\/crvena-plaza-4.jpg 1600w\" sizes=\"(max-width: 650px) 100vw, 650px\" \/><\/a><p id=\"caption-attachment-102963\" class=\"wp-caption-text\">P\u00ebr shkak t\u00eb t\u00ebrheqjes s\u00eb ujit, bregu i liqenit \u00ebsht\u00eb transformuar n\u00eb nj\u00eb xhung\u00ebl t\u00eb pakalueshme. (Foto: Gj. Li\u00e7ovski)<\/p><\/div>\n<p>Nj\u00eb tregues p\u00ebr oscilimin e nivelit t\u00eb ujit t\u00eb liqenit t\u00eb Presp\u00eb (1960-2007) p\u00ebrmban edhe Plani p\u00ebr menaxhim i vitit 2013. Sipas tij, niveli mesatar i liqenit \u00ebsht\u00eb m\u00eb i ul\u00ebt p\u00ebr 6,5 metra. Arsyeja jan\u00eb ndikimet klimatike t\u00eb shprehura n\u00ebp\u00ebrmjet temperatur\u00ebs s\u00eb rritur n\u00eb aj\u00ebr dhe avullimit t\u00eb lidhur me ndryshimet e dukshme klimatike t\u00eb reshjeve n\u00eb vit.<br \/>\nTemperatura n\u00eb Presp\u00eb arrin deri n\u00eb 37 grad\u00eb ku totali i reshjeve \u00ebsht\u00eb 730 milimetra n\u00eb met\u00ebr katror. Oscilimet jan\u00eb intensifikuar gjat\u00eb 50 viteve t\u00eb fundit si rezultat i periudhave t\u00eb thata dhe kan\u00eb ndikim t\u00eb madh mbi flor\u00ebn dhe faun\u00ebn n\u00eb rajonet m\u00eb t\u00eb cek\u00ebta. Ve\u00e7 k\u00ebsaj \u00ebsht\u00eb d\u00ebmtuar edhe pjelloria e disa llojeve t\u00eb peshqive si peshku mrena apo skobus.<\/p>\n<p>\u201cP\u00ebr shkak t\u00eb liqenit t\u00eb t\u00ebrhequr, peshqit jan\u00eb larguar n\u00eb krahina m\u00eb t\u00eb thella. P\u00ebr t\u00eb arritur deri te ta, duhet t\u00eb l\u00ebshohemi me traktor\u00eb dhe t\u2019i nxjerrim nga liqeni, pasi \u00ebsht\u00eb cek\u00ebt. Peshku mund t\u00eb kapet vet\u00ebm n\u00eb uj\u00ebrat m\u00eb t\u00eb thell\u00eb\u201d, shpjegojn\u00eb peshkatar\u00ebt.<\/p>\n<p>Sipas udh\u00ebheq\u00ebsit t\u00eb Sektorit p\u00ebr mjedis jet\u00ebsor n\u00eb Komun\u00ebn e Resnj\u00ebs, Ajman Al Malla, gjendja momentale \u00ebsht\u00eb pasoj\u00eb e ndryshimeve klimatike, por edhe e rrjedhjes s\u00eb ujit n\u00eb Liqenin e Ohrit. Ai thot\u00eb se niveli i ujit \u00ebsht\u00eb zvog\u00ebluar gjat\u00eb 20 viteve t\u00eb fundit, kurse r\u00ebnie m\u00eb t\u00eb madhe ka p\u00ebsuar n\u00eb moment, gjegj\u00ebsisht 2,5 metra posht\u00eb normales. Gjat\u00eb majit t\u00eb vitit 2016, niveli i ujit ishte 1,1 met\u00ebr dhe ky trend vazhdoi deri n\u00eb fillim t\u00eb vitit 2017, deri sa n\u00eb gusht t\u00eb vitit 2018 ra p\u00ebr 1,66 metra.<\/p>\n<p>\u201cArsyeja m\u00eb e madhe p\u00ebr k\u00ebt\u00eb jan\u00eb ndryshimet klimatike. Variacionet e m\u00ebdha t\u00eb temperatur\u00ebs jan\u00eb manifestuar n\u00ebp\u00ebrmjet val\u00ebve t\u00eb vazhdueshme t\u00eb ngrohta dhe uljeve t\u00eb befta duke nxitur anomali n\u00eb sasin\u00eb e reshjeve, intenzitetin, koh\u00ebn e shfaqjes dhe distribuimin hap\u00ebsinor\u201d, thot\u00eb All Malla.<\/p>\n<p>Ai e pranon se ndikon edhe rrjedha e ujit nga liqeni i Presp\u00ebs drejt atij t\u00eb Ohrit n\u00ebse merret parasysh se n\u00eb Presp\u00eb kemi lart\u00ebsi mbidetare prej 853 metrave, kurse n\u00eb Oh\u00ebr 695 metra.<\/p>\n<p>Jemi p\u00ebrpjekur t\u00eb kontaktojm\u00eb edhe me institucione dhe ekspert\u00eb t\u00eb tjer\u00eb mbi k\u00ebt\u00eb tem\u00eb, por na kan\u00eb th\u00ebn\u00eb se t\u00eb dh\u00ebnat mund t\u00eb gjenden vet\u00ebm te Sektori p\u00ebr mjedis jet\u00ebsor n\u00eb Komun\u00ebn e Resnj\u00ebs. Nga enti hidrobiologjik n\u00eb Oh\u00ebr than\u00eb se nuk kan\u00eb t\u00eb dh\u00ebna t\u00eb reja dhe se projekti i tyre ka p\u00ebrfunduar n\u00eb vitin 2016, por jan\u00eb n\u00eb p\u00ebrgatitje t\u00eb nj\u00eb projekti t\u00eb ri. N\u00eb Resnj\u00eb, qyteti i vet\u00ebm n\u00eb pjes\u00ebn maqedonase t\u00eb Presp\u00ebs, nuk ka nj\u00eb institucion t\u00eb specializuar p\u00ebr matje, analiz\u00eb dhe mbrojtje t\u00eb liqenit, p\u00ebrve\u00e7se n\u00eb laboratorin\u00eb n\u00eb Stenje.<\/p>\n<p>Nga Komuna e Resnj\u00ebs thon\u00eb se n\u00eb m\u00ebnyr\u00eb q\u00eb t\u00eb merren masa p\u00ebr p\u00ebrmir\u00ebsimin e gjendjes n\u00eb projektet p\u00ebr mbrojtje t\u00eb liqenit dhe bregut deri m\u00eb tani jan\u00eb investuar 15 milion\u00eb dollar\u00eb mjete t\u00eb shtetit dhe nga donator\u00eb t\u00eb huaj.<\/p>\n<p>\u201cNevojitet nj\u00eb konferenc\u00eb nd\u00ebrkomb\u00ebtare q\u00eb do t\u00eb mund\u00ebsoj\u00eb nj\u00eb menaxhim t\u00eb mir\u00eb dhe t\u00eb integruar t\u00eb uj\u00ebrave p\u00ebr Liqenin e Presp\u00ebs, nj\u00eb aktivitet q\u00eb Komuna d\u00ebshirtn ta mbaj\u00eb n\u00eb mars t\u00eb vitit t\u00eb ardhsh\u00ebm. Nevojiten analiza t\u00eb p\u00ebrgjithshme t\u00eb t\u00eb gjitha t\u00eb dh\u00ebnave tona deri dhe sugjerim i masave p\u00ebr adaptim ndaj ndryshimeve klimatike\u201d, thot\u00eb All Malla.<\/p>\n<p>\u201cLiqeni i Presp\u00ebs me rripin e tij t\u00eb bregut p\u00ebr shkak t\u00eb bukurive natyrore dhe vlerave t\u00eb tjera shkencore \u00ebsht\u00eb shpallur si monument natyror. Ka nj\u00eb vler\u00eb t\u00eb madhe p\u00ebr mbrojtjen e shum\u00ebllojshm\u00ebris\u00eb biologjike. Jan\u00eb regjistruar mbi 1.500 lloje t\u00eb rajonit m\u00eb t\u00eb gjer\u00eb t\u00eb Presp\u00ebs, 50 lloje endemike, 19 bim\u00eb endemike, dy lloje peshqish endemik\u00eb, 216 lloje t\u00eb shpez\u00ebve n\u00eb Ezerani apo 66% nga numri total i shpez\u00ebve n\u00eb shtet dhe 42% t\u00eb atyre n\u00eb Evrop\u00eb. Me nj\u00eb pasuri t\u00eb k\u00ebtill\u00eb, ajo hyn n\u00eb kategorin\u00eb e liqeneve m\u00eb t\u00eb ruajtura tektonike n\u00eb bot\u00eb. Vjet\u00ebrsia e tij vler\u00ebsohet t\u00eb jet\u00eb para m\u00eb shum\u00eb se 5 milion\u00eb vjet\u00ebsh. Liqeni ka nj\u00eb gjat\u00ebsi prej 26, 6 dhe gjer\u00ebsi prej 16,9 kilometrash, kurse thell\u00ebsi deri n\u00eb 5,4 metra.<\/p>\n<p><strong><em>ZH. ZDRAVKOVSKA<\/em><\/strong><\/p>\n<p>&nbsp;<\/p>\n\n<div style=\"font-size: 0px; height: 0px; line-height: 0px; margin: 0; padding: 0; clear: both;\"><\/div>","protected":false},"excerpt":{"rendered":"<p>Liqeni i Presp\u00ebs n\u00eb Pretor duket sikur t\u00eb jet\u00eb p\u00ebrgjakur nga materia e kuqe e cila gjat\u00eb k\u00ebtyre dit\u00ebve ka [&hellip;]<\/p>\n","protected":false},"author":25,"featured_media":0,"comment_status":"closed","ping_status":"closed","sticky":false,"template":"","format":"standard","meta":{"_mo_disable_npp":"","inline_featured_image":false},"categories":[42106],"tags":[],"imageURL":false,"thumbURL":false,"categoryNames":["Veprim klimatik"],"feature_caption":"Plazhi n\u00eb Pretor duket si t\u00eb jet\u00eb p\u00ebrgjakur p\u00ebr shkak t\u00eb materies s\u00eb kuqe q\u00eb ka dale n\u00eb bregun e Liqenit. (Foto: Gj. Li\u00e7ovski) ","subtitle":"","views":"29226","source":"Presp\u00eb, (SAKAMDAKAZAM.MK) ","yoast_head":"<!-- This site is optimized with the Yoast SEO Premium plugin v15.0 - https:\/\/yoast.com\/wordpress\/plugins\/seo\/ -->\n<title>PLAZHI I LIQENIT T\u00cb PRESP\u00cbS N\u00cb PRETOR U B\u00cb I KUQ P\u00cbR SHKAK T\u00cb THAT\u00cbSIR\u00cbS S\u00cb GJAT\u00cb - \u0421\u0430\u043a\u0430\u043c \u0414\u0430 \u041a\u0430\u0436\u0430\u043c<\/title>\n<meta name=\"robots\" content=\"index, follow, max-snippet:-1, max-image-preview:large, max-video-preview:-1\" \/>\n<link rel=\"canonical\" href=\"https:\/\/sdk.mk\/index.php\/veprim-klimatik\/plazhi-i-liqenit-te-prespes-ne-pretor-u-be-i-kuq-per-shkak-te-thatesires-se-gjate\/\" \/>\n<meta property=\"og:locale\" content=\"mk_MK\" \/>\n<meta property=\"og:type\" content=\"article\" \/>\n<meta property=\"og:title\" content=\"PLAZHI I LIQENIT T\u00cb PRESP\u00cbS N\u00cb PRETOR U B\u00cb I KUQ P\u00cbR SHKAK T\u00cb THAT\u00cbSIR\u00cbS S\u00cb GJAT\u00cb - \u0421\u0430\u043a\u0430\u043c \u0414\u0430 \u041a\u0430\u0436\u0430\u043c\" \/>\n<meta property=\"og:description\" content=\"Liqeni i Presp\u00ebs n\u00eb Pretor duket sikur t\u00eb jet\u00eb p\u00ebrgjakur nga materia e kuqe e cila gjat\u00eb k\u00ebtyre dit\u00ebve ka [&hellip;]\" \/>\n<meta property=\"og:url\" content=\"https:\/\/sdk.mk\/index.php\/veprim-klimatik\/plazhi-i-liqenit-te-prespes-ne-pretor-u-be-i-kuq-per-shkak-te-thatesires-se-gjate\/\" \/>\n<meta property=\"og:site_name\" content=\"\u0421\u0430\u043a\u0430\u043c \u0414\u0430 \u041a\u0430\u0436\u0430\u043c\" \/>\n<meta property=\"article:published_time\" content=\"2019-12-10T14:47:21+00:00\" \/>\n<meta property=\"og:image\" content=\"https:\/\/sdk.mk\/wp-content\/uploads\/2019\/12\/crvena-plaza-1-650x417.jpg\" \/>\n<meta property=\"fb:app_id\" content=\"2407985809428537\" \/>\n<meta name=\"twitter:card\" content=\"summary\" \/>\n<script type=\"application\/ld+json\" class=\"yoast-schema-graph\">{\"@context\":\"https:\/\/schema.org\",\"@graph\":[{\"@type\":\"WebSite\",\"@id\":\"https:\/\/sdk.mk\/#website\",\"url\":\"https:\/\/sdk.mk\/\",\"name\":\"\\u0421\\u0430\\u043a\\u0430\\u043c \\u0414\\u0430 \\u041a\\u0430\\u0436\\u0430\\u043c\",\"description\":\"\\u0417\\u0430 \\u0441\\u043b\\u043e\\u0431\\u043e\\u0434\\u043e\\u0443\\u043c\\u043d\\u0438\",\"potentialAction\":[{\"@type\":\"SearchAction\",\"target\":\"https:\/\/sdk.mk\/?s={search_term_string}\",\"query-input\":\"required name=search_term_string\"}],\"inLanguage\":\"mk-MK\"},{\"@type\":\"ImageObject\",\"@id\":\"https:\/\/sdk.mk\/index.php\/veprim-klimatik\/plazhi-i-liqenit-te-prespes-ne-pretor-u-be-i-kuq-per-shkak-te-thatesires-se-gjate\/#primaryimage\",\"inLanguage\":\"mk-MK\",\"url\":\"https:\/\/sdk.mk\/wp-content\/uploads\/2019\/12\/crvena-plaza-1.jpg\",\"width\":1600,\"height\":1026},{\"@type\":\"WebPage\",\"@id\":\"https:\/\/sdk.mk\/index.php\/veprim-klimatik\/plazhi-i-liqenit-te-prespes-ne-pretor-u-be-i-kuq-per-shkak-te-thatesires-se-gjate\/#webpage\",\"url\":\"https:\/\/sdk.mk\/index.php\/veprim-klimatik\/plazhi-i-liqenit-te-prespes-ne-pretor-u-be-i-kuq-per-shkak-te-thatesires-se-gjate\/\",\"name\":\"PLAZHI I LIQENIT T\\u00cb PRESP\\u00cbS N\\u00cb PRETOR U B\\u00cb I KUQ P\\u00cbR SHKAK T\\u00cb THAT\\u00cbSIR\\u00cbS S\\u00cb GJAT\\u00cb - \\u0421\\u0430\\u043a\\u0430\\u043c \\u0414\\u0430 \\u041a\\u0430\\u0436\\u0430\\u043c\",\"isPartOf\":{\"@id\":\"https:\/\/sdk.mk\/#website\"},\"primaryImageOfPage\":{\"@id\":\"https:\/\/sdk.mk\/index.php\/veprim-klimatik\/plazhi-i-liqenit-te-prespes-ne-pretor-u-be-i-kuq-per-shkak-te-thatesires-se-gjate\/#primaryimage\"},\"datePublished\":\"2019-12-10T14:47:21+00:00\",\"dateModified\":\"2019-12-10T14:47:21+00:00\",\"author\":{\"@id\":\"https:\/\/sdk.mk\/#\/schema\/person\/737021aeacbe893f7e2c347186c5c7a1\"},\"inLanguage\":\"mk-MK\",\"potentialAction\":[{\"@type\":\"ReadAction\",\"target\":[\"https:\/\/sdk.mk\/index.php\/veprim-klimatik\/plazhi-i-liqenit-te-prespes-ne-pretor-u-be-i-kuq-per-shkak-te-thatesires-se-gjate\/\"]}]},{\"@type\":\"Person\",\"@id\":\"https:\/\/sdk.mk\/#\/schema\/person\/737021aeacbe893f7e2c347186c5c7a1\",\"name\":\"\\u0424\\u0458\\u043e\\u043b\\u0430 \\u0417\\u043b\\u0430\\u0442\\u043a\\u0443\"}]}<\/script>\n<!-- \/ Yoast SEO Premium plugin. -->","_links":{"self":[{"href":"https:\/\/sdk.mk\/index.php\/wp-json\/wp\/v2\/posts\/102959"}],"collection":[{"href":"https:\/\/sdk.mk\/index.php\/wp-json\/wp\/v2\/posts"}],"about":[{"href":"https:\/\/sdk.mk\/index.php\/wp-json\/wp\/v2\/types\/post"}],"author":[{"embeddable":true,"href":"https:\/\/sdk.mk\/index.php\/wp-json\/wp\/v2\/users\/25"}],"replies":[{"embeddable":true,"href":"https:\/\/sdk.mk\/index.php\/wp-json\/wp\/v2\/comments?post=102959"}],"version-history":[{"count":0,"href":"https:\/\/sdk.mk\/index.php\/wp-json\/wp\/v2\/posts\/102959\/revisions"}],"wp:attachment":[{"href":"https:\/\/sdk.mk\/index.php\/wp-json\/wp\/v2\/media?parent=102959"}],"wp:term":[{"taxonomy":"category","embeddable":true,"href":"https:\/\/sdk.mk\/index.php\/wp-json\/wp\/v2\/categories?post=102959"},{"taxonomy":"post_tag","embeddable":true,"href":"https:\/\/sdk.mk\/index.php\/wp-json\/wp\/v2\/tags?post=102959"}],"curies":[{"name":"wp","href":"https:\/\/api.w.org\/{rel}","templated":true}]}}