{"id":102966,"date":"2019-12-10T16:06:41","date_gmt":"2019-12-10T15:06:41","guid":{"rendered":"https:\/\/sdk.mk\/?p=102966"},"modified":"2019-12-10T16:06:41","modified_gmt":"2019-12-10T15:06:41","slug":"vetem-molla-e-prespes-e-ka-te-veshtire-te-depertoje-ne-tregun-e-jashtem","status":"publish","type":"post","link":"https:\/\/sdk.mk\/index.php\/veprim-klimatik\/vetem-molla-e-prespes-e-ka-te-veshtire-te-depertoje-ne-tregun-e-jashtem\/","title":{"rendered":"VET\u00cbM MOLLA E PRESP\u00cbS E KA T\u00cb V\u00cbSHTIR\u00cb T\u00cb DEP\u00cbRTOJ\u00cb N\u00cb TREGUN E JASHT\u00cbM"},"content":{"rendered":"<div class=\"f52428582a4b906b2d2e2a7d733c7d27\" data-index=\"7\" style=\"float: none; margin:10px 0 10px 0; text-align:center;\">\n<!-- MSP Ads Asynchronous JS Tag - Generated with Revive Adserver v5.4.1 -->\r\n<ins data-revive-zoneid=\"167\" data-revive-id=\"060fdb01f6430ec164d3519234aa4967\"><\/ins>\r\n<script async src=\"\/\/panel.ads.com.mk\/www\/delivery\/asyncjs.php\"><\/script>\n<\/div>\n<p>Nj\u00eb koh\u00eb, disa me k\u00ebng\u00ebn \u201cDanica, prespanske ubavice\u201d, e t\u00eb tjer\u00eb me turbofolk, mblidhnin moll\u00ebt e Presp\u00ebs. Por sivjet, n\u00eb uraganin veror q\u00eb e d\u00ebmtoi shum\u00eb prodhimtarin\u00eb e moll\u00ebs, pem\u00ebtar\u00ebt nuk ia thon\u00eb m\u00eb k\u00ebng\u00ebs. Sipas vler\u00ebsimeve, sivjet do t\u00eb mblidhen 100.000 ton\u00eb moll\u00eb, kurse prodhimtaria si pasoj\u00eb e ndryshimeve klimatike \u00ebsht\u00eb ulur p\u00ebr nj\u00eb t\u00eb tret\u00ebn.<\/p>\n<div id=\"attachment_102967\" style=\"width: 660px\" class=\"wp-caption aligncenter\"><a href=\"https:\/\/sdk.mk\/wp-content\/uploads\/2019\/12\/jabolka-1.jpg\"><img aria-describedby=\"caption-attachment-102967\" loading=\"lazy\" class=\"wp-image-102967 size-large\" src=\"https:\/\/sdk.mk\/wp-content\/uploads\/2019\/12\/jabolka-1-650x426.jpg\" alt=\"\" width=\"650\" height=\"426\" srcset=\"https:\/\/sdk.mk\/wp-content\/uploads\/2019\/12\/jabolka-1.jpg 650w, https:\/\/sdk.mk\/wp-content\/uploads\/2019\/12\/jabolka-1-250x164.jpg 250w, https:\/\/sdk.mk\/wp-content\/uploads\/2019\/12\/jabolka-1-400x262.jpg 400w, https:\/\/sdk.mk\/wp-content\/uploads\/2019\/12\/jabolka-1-150x98.jpg 150w\" sizes=\"(max-width: 650px) 100vw, 650px\" \/><\/a><p id=\"caption-attachment-102967\" class=\"wp-caption-text\">Moti i mir\u00eb e vazhdoi periudh\u00ebn e korjes si kurr\u00eb m\u00eb par\u00eb. (Foto: Gj. Li\u00e7ovski)<\/p><\/div>\n<p>Mbi tremij\u00eb familje t\u00eb Resnj\u00ebs si milingona mbledhin n\u00eb fushat prej 4.800 hektar\u00ebsh. Megjithat\u00eb, pem\u00ebtar\u00eb t\u00eb rinj ndodhen gjithmon\u00eb e m\u00eb pak. M\u00eb t\u00eb vjetrit t\u00eb cil\u00ebt gjat\u00eb koh\u00ebs s\u00eb Jugosllavis\u00eb kan\u00eb krijuar jetes\u00eb nga shitja e moll\u00ebve, tani thon\u00eb se f\u00ebmij\u00ebt e tyre kan\u00eb hequr dor\u00eb dhe kan\u00eb marr\u00eb rrug\u00ebn p\u00ebr jasht\u00eb shtetit.<\/p>\n<div id=\"attachment_102969\" style=\"width: 282px\" class=\"wp-caption alignright\"><a href=\"https:\/\/sdk.mk\/wp-content\/uploads\/2019\/12\/jabolka-2.jpg\"><img aria-describedby=\"caption-attachment-102969\" loading=\"lazy\" class=\"wp-image-102969 size-medium\" src=\"https:\/\/sdk.mk\/wp-content\/uploads\/2019\/12\/jabolka-2-400x441.jpg\" alt=\"\" width=\"272\" height=\"300\" srcset=\"https:\/\/sdk.mk\/wp-content\/uploads\/2019\/12\/jabolka-2.jpg 400w, https:\/\/sdk.mk\/wp-content\/uploads\/2019\/12\/jabolka-2-250x276.jpg 250w, https:\/\/sdk.mk\/wp-content\/uploads\/2019\/12\/jabolka-2-150x165.jpg 150w\" sizes=\"(max-width: 272px) 100vw, 272px\" \/><\/a><p id=\"caption-attachment-102969\" class=\"wp-caption-text\">N\u00eb t\u00eb kaluar\u00ebn vendosja kasetofonin n\u00eb tractor dhe bu\u00e7iste k\u00ebnga \u201cDano, Danice, prespanska ubavice\u201d<\/p><\/div>\n<p>\u201cVet\u00ebm molla gjen me shum\u00eb v\u00ebshtir\u00ebsi rrug\u00ebn p\u00ebr jasht\u00eb shtetit. Bullgaria ka situat\u00eb m\u00eb t\u00eb mir\u00eb. Qendra bler\u00ebse \u201cApple land\u201d n\u00eb zon\u00ebn industriale Makazi, ku investitor\u00ebt jan\u00eb nga Dubai, blejn\u00eb deri n\u00eb 3.000 ton\u00eb moll\u00eb dhe \u00e7mimi \u00ebsht\u00eb 12 denar\u00eb p\u00ebr kilogram. Nj\u00eb tjet\u00ebr qend\u00ebr ka dhe n\u00eb Resnj\u00eb, ku nj\u00eb biznes privat ka ftoh\u00ebs dhe eksporton n\u00eb Bullgari. Thuhej se n\u00eb Evrop\u00eb nuk ka mjaft moll\u00eb, por duhej q\u00eb \u00e7mimi t\u00eb ishte m\u00eb i lart\u00eb. Megjithat\u00eb, k\u00ebto jan\u00eb situata t\u00eb fillimit t\u00eb sezon\u00ebs s\u00eb shitjeve dhe presim q\u00eb \u00e7mimi t\u00eb rritet\u201d, thot\u00eb Jovan Naumovski nga Sht\u00ebrbova.<\/p>\n<p>Moti i mir\u00eb e shtoi prodhimtarin\u00eb e moll\u00ebve si kurr\u00eb m\u00eb par\u00eb. Pem\u00ebtar\u00ebt mund t\u00eb mbledhin t\u00eb gjitha moll\u00ebt pa problem. Por akoma ka moll\u00eb q\u00eb jan\u00eb d\u00ebmtuar nga bresh\u00ebri dim\u00ebror, e disa kan\u00eb mbetur n\u00eb deg\u00eb n\u00eb madh\u00ebsin\u00eb e nj\u00eb kumbulle.<\/p>\n<p>N\u00eb t\u00eb kaluar\u00ebn vendosja kasetofonin n\u00eb traktor dhe bu\u00e7iste k\u00ebnga \u201cDano, Danice, prespanska ubavice\u201d, apo ndonj\u00ebher\u00eb edhe turbo muzik\u00eb. Gjithashtu komshiu l\u00ebshonte muzik\u00eb, gjith\u00e7ka ishte shum\u00eb e g\u00ebzuar. Nuk kishte r\u00ebnd\u00ebsi moti, ne e harronim hallin me muzik\u00eb\u201d, thot\u00eb Ill\u00e7e Voj\u00e7evski nga Carev Dvor.<\/p>\n<p>\u201cVet\u00ebm molla gjen me shum\u00eb v\u00ebshtir\u00ebsi rrug\u00ebn p\u00ebr jasht\u00eb shtetit. Bullgaria ka situat\u00eb m\u00eb t\u00eb mir\u00eb. Qendra bler\u00ebse \u201cApple Land\u201d n\u00eb zon\u00ebn industriale Makazi, ku investitor\u00ebt jan\u00eb nga Dubai, blejn\u00eb deri n\u00eb 3.000 ton\u00eb moll\u00eb dhe \u00e7mimi \u00ebsht\u00eb 12 denar\u00eb p\u00ebr kilogram. Nj\u00eb tjet\u00ebr qend\u00ebr ka dhe n\u00eb Resnj\u00eb, ku nj\u00eb biznes privat ka ftoh\u00ebs dhe eksporton n\u00eb Bullgari. Thuhej se n\u00eb Evrop\u00eb nuk ka mjaft moll\u00eb, por duhej q\u00eb \u00e7mimi t\u00eb ishte m\u00eb i lart\u00eb. Megjithat\u00eb, k\u00ebto jan\u00eb situata t\u00eb fillimit t\u00eb sezon\u00ebs s\u00eb shitjeve dhe presim q\u00eb \u00e7mimi t\u00eb rritet\u201d, thot\u00eb Jovan Naumovski nga Sht\u00ebrbova.<\/p>\n<p>Moti i mir\u00eb e shtoi prodhimtarin\u00eb e moll\u00ebve si kurr\u00eb m\u00eb par\u00eb. Pem\u00ebtar\u00ebt mund t\u00eb mbledhin t\u00eb gjitha moll\u00ebt pa problem. Por akoma ka moll\u00eb q\u00eb jan\u00eb d\u00ebmtuar nga bresh\u00ebri dim\u00ebror, e disa kan\u00eb mbetur n\u00eb deg\u00eb n\u00eb madh\u00ebsin\u00eb e nj\u00eb kumbulle.<\/p>\n<p>N\u00eb t\u00eb kaluar\u00ebn vendosja kasetofonin n\u00eb traktor dhe bu\u00e7iste k\u00ebnga \u201cDano, Danice, prespanska ubavice\u201d, apo ndonj\u00ebher\u00eb edhe turbo muzik\u00eb. Gjithashtu komshiu l\u00ebshonte muzik\u00eb, gjith\u00e7ka ishte shum\u00eb e g\u00ebzuar. Nuk kishte r\u00ebnd\u00ebsi moti, ne e harronim hallin me muzik\u00eb\u201d, thot\u00eb Ill\u00e7e Voj\u00e7evski nga Carev Dvor.<\/p>\n<div id=\"attachment_102968\" style=\"width: 660px\" class=\"wp-caption aligncenter\"><a href=\"https:\/\/sdk.mk\/wp-content\/uploads\/2019\/12\/jabolka-3.jpg\"><img aria-describedby=\"caption-attachment-102968\" loading=\"lazy\" class=\"wp-image-102968 size-large\" src=\"https:\/\/sdk.mk\/wp-content\/uploads\/2019\/12\/jabolka-3-650x433.jpg\" alt=\"\" width=\"650\" height=\"433\" srcset=\"https:\/\/sdk.mk\/wp-content\/uploads\/2019\/12\/jabolka-3.jpg 650w, https:\/\/sdk.mk\/wp-content\/uploads\/2019\/12\/jabolka-3-250x167.jpg 250w, https:\/\/sdk.mk\/wp-content\/uploads\/2019\/12\/jabolka-3-400x266.jpg 400w, https:\/\/sdk.mk\/wp-content\/uploads\/2019\/12\/jabolka-3-150x100.jpg 150w\" sizes=\"(max-width: 650px) 100vw, 650px\" \/><\/a><p id=\"caption-attachment-102968\" class=\"wp-caption-text\">N\u00ebse vazhdon moti i mir\u00eb, problemi kryesor i pem\u00ebtar\u00ebve do t\u00eb jet\u00eb magazinimi i moll\u00ebs pasi n\u00eb Presp\u00eb mungojn\u00eb edhe pes\u00eb ftoh\u00ebs. (Foto: Gj. Li\u00e7ovski)<\/p><\/div>\n<p>Tashm\u00eb nuk d\u00ebgjohet asnj\u00eb k\u00ebng\u00eb pasi pem\u00ebtar\u00ebt \u00e7do vit p\u00ebrjetojn\u00eb shum\u00eb d\u00ebme nga ndryshimet klimatike. Tani presin q\u00eb t\u00eb kryhen procedurat administrative dhe shteti t\u00eb paguaj\u00eb d\u00ebmshp\u00ebrblim.<\/p>\n<p>Prodhimi q\u00eb nuk pari d\u00ebm t\u00eb cil\u00ebsi \u00ebsht\u00eb mbledhur n\u00eb sanduk\u00eb dhe thas\u00eb n\u00eb pritje t\u00eb tregtar\u00ebve n\u00eb punktet bler\u00ebse n\u00eb Presp\u00eb.<\/p>\n<p>\u201cBlerje ka por \u00e7mimi \u00ebsht\u00eb nga 8-15 denar\u00eb p\u00ebr kilogram. Ky \u00ebsht\u00eb minimumi q\u00eb ne t\u00eb kemi p\u00ebrfitim. 9 denar\u00eb harxhojm\u00eb q\u00eb t\u00eb prodhojm\u00eb nj\u00eb kilogram moll\u00eb, gjith\u00e7ka \u00ebsht\u00eb m\u00eb e shtrenjt\u00eb tani. P\u00ebrve\u00e7 k\u00ebtij \u00e7mimi, paguajm\u00eb edhe vjel\u00ebsit e moll\u00ebve. P\u00ebr ajdared \u00e7mimi \u00ebsht\u00eb nj\u00eb denar\u00eb m\u00eb shum\u00eb se vjet, por p\u00ebr moll\u00ebn tjet\u00ebr \u00e7mimi mbetet i nj\u00ebjt\u00eb. Sivjet do t\u00eb fitojm\u00eb m\u00eb pak. Molla industriale \u00ebsht\u00eb 3 denar\u00eb. Parat\u00eb q\u00eb na i premtoi shteti p\u00ebr moll\u00ebn industriale nga vjet jan\u00eb paguar vet\u00ebm pjes\u00ebrisht\u201d, thot\u00eb Naumovski.<\/p>\n<p>&nbsp;<\/p>\n<p>N\u00ebse vazhdon ky mot i nxeht\u00eb, problemi kryesor i pem\u00ebtar\u00ebve do t\u00eb jet\u00eb magazinimi i moll\u00ebs pasi n\u00eb Presp\u00eb mungojn\u00eb t\u00eb pakt\u00ebn edhe pes\u00eb ftoh\u00ebs si ata t\u00eb \u201cApple Land\u201d. Nj\u00eb pjes\u00eb e pem\u00ebtar\u00ebve t\u00eb moll\u00ebs i ruajn\u00eb moll\u00ebt n\u00eb kushte t\u00eb improvizuara, n\u00eb bodrume dhe hap\u00ebsira t\u00eb ngjashme ndihmuese, t\u00eb pap\u00ebrshtatshme q\u00eb t\u00eb ruajn\u00eb cil\u00ebsin\u00eb p\u00ebr nj\u00eb periudh\u00eb m\u00eb t\u00eb gjat\u00eb kohore.<\/p>\n<p><em><strong>ZH. ZDRAVKOVSKA<\/strong><\/em><\/p>\n<p>&nbsp;<\/p>\n\n<div style=\"font-size: 0px; height: 0px; line-height: 0px; margin: 0; padding: 0; clear: both;\"><\/div>","protected":false},"excerpt":{"rendered":"<p>Nj\u00eb koh\u00eb, disa me k\u00ebng\u00ebn \u201cDanica, prespanske ubavice\u201d, e t\u00eb tjer\u00eb me turbofolk, mblidhnin moll\u00ebt e Presp\u00ebs. Por sivjet, n\u00eb [&hellip;]<\/p>\n","protected":false},"author":25,"featured_media":100111,"comment_status":"closed","ping_status":"closed","sticky":false,"template":"","format":"standard","meta":{"_mo_disable_npp":"","inline_featured_image":false},"categories":[42106],"tags":[],"imageURL":"https:\/\/sdk.mk\/wp-content\/uploads\/2019\/10\/JABOLKA-RESEN-4-650x426.jpg","thumbURL":"https:\/\/sdk.mk\/wp-content\/uploads\/2019\/10\/JABOLKA-RESEN-4-250x164.jpg","categoryNames":["Veprim klimatik"],"feature_caption":"Sipas vler\u00ebsimeve, sivjet n\u00eb Rajonin e Presp\u00ebs do t\u00eb mblidhen 100.000 ton\u00eb moll\u00eb, nd\u00ebrsa prodhimi \u00ebsht\u00eb zvog\u00ebluar p\u00ebr nj\u00eb t\u00eb tret\u00ebn si pasoj\u00eb e ndryshimeve klimatike. (Foto: Gj. Li\u00e7ovski) ","subtitle":"","views":"7368","source":"Resnj\u00eb, (SAKAMDAKAZAM.MK)","yoast_head":"<!-- This site is optimized with the Yoast SEO Premium plugin v15.0 - https:\/\/yoast.com\/wordpress\/plugins\/seo\/ -->\n<title>VET\u00cbM MOLLA E PRESP\u00cbS E KA T\u00cb V\u00cbSHTIR\u00cb T\u00cb DEP\u00cbRTOJ\u00cb N\u00cb TREGUN E JASHT\u00cbM - \u0421\u0430\u043a\u0430\u043c \u0414\u0430 \u041a\u0430\u0436\u0430\u043c<\/title>\n<meta name=\"robots\" content=\"index, follow, max-snippet:-1, max-image-preview:large, max-video-preview:-1\" \/>\n<link rel=\"canonical\" href=\"https:\/\/sdk.mk\/index.php\/veprim-klimatik\/vetem-molla-e-prespes-e-ka-te-veshtire-te-depertoje-ne-tregun-e-jashtem\/\" \/>\n<meta property=\"og:locale\" content=\"mk_MK\" \/>\n<meta property=\"og:type\" content=\"article\" \/>\n<meta property=\"og:title\" content=\"VET\u00cbM MOLLA E PRESP\u00cbS E KA T\u00cb V\u00cbSHTIR\u00cb T\u00cb DEP\u00cbRTOJ\u00cb N\u00cb TREGUN E JASHT\u00cbM - \u0421\u0430\u043a\u0430\u043c \u0414\u0430 \u041a\u0430\u0436\u0430\u043c\" \/>\n<meta property=\"og:description\" content=\"Nj\u00eb koh\u00eb, disa me k\u00ebng\u00ebn \u201cDanica, prespanske ubavice\u201d, e t\u00eb tjer\u00eb me turbofolk, mblidhnin moll\u00ebt e Presp\u00ebs. Por sivjet, n\u00eb [&hellip;]\" \/>\n<meta property=\"og:url\" content=\"https:\/\/sdk.mk\/index.php\/veprim-klimatik\/vetem-molla-e-prespes-e-ka-te-veshtire-te-depertoje-ne-tregun-e-jashtem\/\" \/>\n<meta property=\"og:site_name\" content=\"\u0421\u0430\u043a\u0430\u043c \u0414\u0430 \u041a\u0430\u0436\u0430\u043c\" \/>\n<meta property=\"article:published_time\" content=\"2019-12-10T15:06:41+00:00\" \/>\n<meta property=\"og:image\" content=\"https:\/\/sdk.mk\/wp-content\/uploads\/2019\/10\/JABOLKA-RESEN-4.jpg\" \/>\n\t<meta property=\"og:image:width\" content=\"1600\" \/>\n\t<meta property=\"og:image:height\" content=\"1048\" \/>\n<meta property=\"fb:app_id\" content=\"2407985809428537\" \/>\n<meta name=\"twitter:card\" content=\"summary\" \/>\n<script type=\"application\/ld+json\" class=\"yoast-schema-graph\">{\"@context\":\"https:\/\/schema.org\",\"@graph\":[{\"@type\":\"WebSite\",\"@id\":\"https:\/\/sdk.mk\/#website\",\"url\":\"https:\/\/sdk.mk\/\",\"name\":\"\\u0421\\u0430\\u043a\\u0430\\u043c \\u0414\\u0430 \\u041a\\u0430\\u0436\\u0430\\u043c\",\"description\":\"\\u0417\\u0430 \\u0441\\u043b\\u043e\\u0431\\u043e\\u0434\\u043e\\u0443\\u043c\\u043d\\u0438\",\"potentialAction\":[{\"@type\":\"SearchAction\",\"target\":\"https:\/\/sdk.mk\/?s={search_term_string}\",\"query-input\":\"required name=search_term_string\"}],\"inLanguage\":\"mk-MK\"},{\"@type\":\"ImageObject\",\"@id\":\"https:\/\/sdk.mk\/index.php\/veprim-klimatik\/vetem-molla-e-prespes-e-ka-te-veshtire-te-depertoje-ne-tregun-e-jashtem\/#primaryimage\",\"inLanguage\":\"mk-MK\",\"url\":\"https:\/\/sdk.mk\/wp-content\/uploads\/2019\/10\/JABOLKA-RESEN-4.jpg\",\"width\":1600,\"height\":1048},{\"@type\":\"WebPage\",\"@id\":\"https:\/\/sdk.mk\/index.php\/veprim-klimatik\/vetem-molla-e-prespes-e-ka-te-veshtire-te-depertoje-ne-tregun-e-jashtem\/#webpage\",\"url\":\"https:\/\/sdk.mk\/index.php\/veprim-klimatik\/vetem-molla-e-prespes-e-ka-te-veshtire-te-depertoje-ne-tregun-e-jashtem\/\",\"name\":\"VET\\u00cbM MOLLA E PRESP\\u00cbS E KA T\\u00cb V\\u00cbSHTIR\\u00cb T\\u00cb DEP\\u00cbRTOJ\\u00cb N\\u00cb TREGUN E JASHT\\u00cbM - \\u0421\\u0430\\u043a\\u0430\\u043c \\u0414\\u0430 \\u041a\\u0430\\u0436\\u0430\\u043c\",\"isPartOf\":{\"@id\":\"https:\/\/sdk.mk\/#website\"},\"primaryImageOfPage\":{\"@id\":\"https:\/\/sdk.mk\/index.php\/veprim-klimatik\/vetem-molla-e-prespes-e-ka-te-veshtire-te-depertoje-ne-tregun-e-jashtem\/#primaryimage\"},\"datePublished\":\"2019-12-10T15:06:41+00:00\",\"dateModified\":\"2019-12-10T15:06:41+00:00\",\"author\":{\"@id\":\"https:\/\/sdk.mk\/#\/schema\/person\/737021aeacbe893f7e2c347186c5c7a1\"},\"inLanguage\":\"mk-MK\",\"potentialAction\":[{\"@type\":\"ReadAction\",\"target\":[\"https:\/\/sdk.mk\/index.php\/veprim-klimatik\/vetem-molla-e-prespes-e-ka-te-veshtire-te-depertoje-ne-tregun-e-jashtem\/\"]}]},{\"@type\":\"Person\",\"@id\":\"https:\/\/sdk.mk\/#\/schema\/person\/737021aeacbe893f7e2c347186c5c7a1\",\"name\":\"\\u0424\\u0458\\u043e\\u043b\\u0430 \\u0417\\u043b\\u0430\\u0442\\u043a\\u0443\"}]}<\/script>\n<!-- \/ Yoast SEO Premium plugin. -->","_links":{"self":[{"href":"https:\/\/sdk.mk\/index.php\/wp-json\/wp\/v2\/posts\/102966"}],"collection":[{"href":"https:\/\/sdk.mk\/index.php\/wp-json\/wp\/v2\/posts"}],"about":[{"href":"https:\/\/sdk.mk\/index.php\/wp-json\/wp\/v2\/types\/post"}],"author":[{"embeddable":true,"href":"https:\/\/sdk.mk\/index.php\/wp-json\/wp\/v2\/users\/25"}],"replies":[{"embeddable":true,"href":"https:\/\/sdk.mk\/index.php\/wp-json\/wp\/v2\/comments?post=102966"}],"version-history":[{"count":0,"href":"https:\/\/sdk.mk\/index.php\/wp-json\/wp\/v2\/posts\/102966\/revisions"}],"wp:featuredmedia":[{"embeddable":true,"href":"https:\/\/sdk.mk\/index.php\/wp-json\/wp\/v2\/media\/100111"}],"wp:attachment":[{"href":"https:\/\/sdk.mk\/index.php\/wp-json\/wp\/v2\/media?parent=102966"}],"wp:term":[{"taxonomy":"category","embeddable":true,"href":"https:\/\/sdk.mk\/index.php\/wp-json\/wp\/v2\/categories?post=102966"},{"taxonomy":"post_tag","embeddable":true,"href":"https:\/\/sdk.mk\/index.php\/wp-json\/wp\/v2\/tags?post=102966"}],"curies":[{"name":"wp","href":"https:\/\/api.w.org\/{rel}","templated":true}]}}