{"id":10378,"date":"2016-08-13T10:24:39","date_gmt":"2016-08-13T08:24:39","guid":{"rendered":"http:\/\/sdk.mk\/\/?p=10378"},"modified":"2016-08-13T10:24:39","modified_gmt":"2016-08-13T08:24:39","slug":"stajkovc-2016","status":"publish","type":"post","link":"https:\/\/sdk.mk\/index.php\/dua-te-them\/stajkovc-2016\/","title":{"rendered":"STAJKOVC 2016"},"content":{"rendered":"<div class=\"f52428582a4b906b2d2e2a7d733c7d27\" data-index=\"7\" style=\"float: none; margin:10px 0 10px 0; text-align:center;\">\n<!-- MSP Ads Asynchronous JS Tag - Generated with Revive Adserver v5.4.1 -->\r\n<ins data-revive-zoneid=\"167\" data-revive-id=\"060fdb01f6430ec164d3519234aa4967\"><\/ins>\r\n<script async src=\"\/\/panel.ads.com.mk\/www\/delivery\/asyncjs.php\"><\/script>\n<\/div>\n<p><span class=\"dropcap dropcap3\">1<\/span> Shkupi 2014 e pa veten n\u00eb pasqyr\u00eb dhe i doli fytyra e Stajkovcit 2014. Dhe e shpirtrave t\u00eb 22 viktimave t\u00eb v\u00ebrshimeve nga shiu i madh treor\u00ebsh t\u00eb shtun\u00ebn e kaluar. Ky \u00ebsht\u00eb nj\u00eb vet\u00ebdijesim tragjik p\u00ebr t\u00eb cilin qeveria na vodhi 600 milion euro nga parat\u00eb tona.<\/p>\n<p>Shikoni kartolinat e Shkupit VMRO-ik dhe fotografit\u00eb e Stajkovcit, Buli\u00e7anit, Ilindenit, Smilovcit, Butelit, \u00c7entos, Singeli\u00e7it, Creshev\u00ebs, Inxhikov\u00ebs, Hara\u00e7in\u00ebs, B\u00ebrnjarcit&#8230;. VMRO-ik\u00eb. Nj\u00ebsoj si fasadat e qendr\u00ebs n\u00eb kryeqytet. N\u00eb pjes\u00ebn e parme barok, nd\u00ebrsa nga pas mizerie n\u00eb rr\u00ebnim e sip\u00ebr. Si parfum p\u00ebr n\u00ebnsqetulla t\u00eb qelbura. Si rroba firmato p\u00ebrsip\u00ebr brek\u00ebve t\u00eb pista e t\u00eb grisura.<\/p>\n<p>Njer\u00ebzit u mbyt\u00ebn n\u00eb balt\u00eb, vet\u00ebm 10 kilometra larg t\u00eb Lek\u00ebs t\u00eb Madh me gjith\u00eb shat\u00ebrvan\u00ebt dhe familjen e tij t\u00eb ngusht\u00eb e t\u00eb gjer\u00eb. Vet\u00ebm 10 kilometra nga aty ku nd\u00ebrtohet rrota panoramike 18 milion euroshe, t\u00eb cil\u00ebn qeveria as gjat\u00eb k\u00ebtyre dit\u00ebve nuk pushoi s\u00eb nd\u00ebrtuari, edhe pse kishte thirrje t\u00eb d\u00ebshp\u00ebruara p\u00ebr mekanizimin e nevojsh\u00ebm q\u00eb t\u00eb \u00e7groposen fshatrat nga v\u00ebrshimet. Edhe nj\u00ebqind metra larg asaj q\u00eb mendonim se ishte autostrad\u00eb bashk\u00ebkohore dhe e sigurt, ku prej v\u00ebrshimeve humb\u00ebn jet\u00ebn m\u00eb s\u00eb shumti njer\u00ebz.<\/p>\n<p>N\u00eb pasqyr\u00ebn e Shkupit 2014 u pa se nuk ka shtet. Duke filluar nga fakti q\u00eb Enti Hidrometeorologjik nuk e parashikoi motin, e deri tek nj\u00eb ser\u00eb institucionesh q\u00eb mbajn\u00eb p\u00ebrgjegj\u00ebsi p\u00ebr pasoj\u00ebn katastrofike nga moti i keq i ver\u00ebs. Pun\u00ebn e vet nuk e ka b\u00ebr\u00eb askush si duhet edhe para shiut, e pas tij &#8211; edhe m\u00eb zi. Njer\u00ebz q\u00eb jan\u00eb vendosur n\u00eb vende drejtuese vet\u00ebm se kan\u00eb qen\u00eb n\u00eb parti, ose se \u00ebsht\u00eb dashur t\u00eb fitohet lojaliteti i partnerit n\u00eb koalicion. Nga komandanti suprem e deri te Kryqi i Kuq. Nga urbanizmi, nd\u00ebrtimtaria e deri te sh\u00ebndet\u00ebsia dhe puna sociale.\u00a0 Edhe deri te gazetaria.<\/p>\n<p><span class=\"dropcap dropcap3\">2<\/span> P\u00ebr m\u00eb tep\u00ebr, nuk \u00ebsht\u00eb se askush nuk e dinte se \u00e7far\u00eb mund t\u00eb ndodh\u00eb. As se nuk ka pasur njer\u00ebz profesionist\u00eb q\u00eb t\u00eb b\u00ebnin nj\u00eb plan. Planin e kan\u00eb b\u00ebr\u00eb n\u00eb vitin 2008. Dhe n\u00eb m\u00ebnyr\u00eb shum\u00eb precize kan\u00eb th\u00ebn\u00eb se \u00e7far\u00eb duhet b\u00ebr\u00eb, n\u00eb m\u00ebnyr\u00eb q\u00eb t\u00eb parandalohen katastrofa t\u00eb k\u00ebtilla. Dhe pushteti lokal i Shkupit e ka miratuar at\u00eb plan. Mir\u00eb ama, partia ka vendosur q\u00eb pikat e dob\u00ebta t\u00eb mbeten pika t\u00eb dob\u00ebta, e parat\u00eb t\u00eb shpenzohen p\u00ebr p\u00ebrmendore. E t\u00eb na l\u00ebshojn\u00eb n\u00eb televizion reklama, q\u00eb tregojn\u00eb se asnj\u00ebher\u00eb nuk e kemi pasur m\u00eb mir\u00eb.<\/p>\n<p>Kjo, pra, \u00ebsht\u00eb pasoja e faktit q\u00eb VMRO-DPMN\u0415-ja p\u00ebr dhjet\u00eb vjet sillet me p\u00ebrbuzje dhe inat ndaj \u00e7far\u00ebdolloj profesionaliteti. Th\u00ebnia e tyre: \u201cKush e di se \u00e7\u2019ju kan\u00eb m\u00ebsuar n\u00eb ato fakultete komunale\u201d, ja ku na solli.<\/p>\n<p>P\u00ebr k\u00ebt\u00eb arsye nuk m\u00eb \u00e7udit q\u00eb e gjith\u00eb udh\u00ebheq\u00ebsia e partis\u00eb, n\u00eb krye me Gruevskin, akoma n\u00eb or\u00ebt e para t\u00eb katastrof\u00ebs, sillej n\u00eb nj\u00eb m\u00ebnyr\u00eb q\u00eb t\u00eb mund t\u00eb shmang\u00eb \u00e7far\u00ebdolloj pyetje mbi p\u00ebrgjegj\u00ebsin\u00eb. P\u00ebrgjegj\u00ebsin\u00eb e t\u00eb gjith\u00ebve. Nga presidenti i shtetit, kandidati i tyre p\u00ebr parti, kryeministri e tyre partiak dhe ministrat partiak\u00eb, \u00a0drejtor\u00ebt e tyre partiak\u00eb, deri te kryetar\u00ebt e komunave t\u00eb tyre partiak\u00eb dhe firmat dhe mediat e tyre partiake.<\/p>\n<p>Gruevski mendonte se do ta zbuste \u00e7\u00ebshtjen e p\u00ebrgjegj\u00ebsis\u00eb me videoklipe, n\u00eb t\u00eb cilat, ai, n\u00ebn shoq\u00ebrimin e pes\u00eb trupave t\u00eb siguris\u00eb dhe t\u00ebr\u00eb nj\u00eb mas\u00eb mb\u00ebshtet\u00ebsish nxjerr nga m\u00ebnga komandat n\u00eb celular ministrave dhe drejtor\u00ebve q\u00eb vet\u00eb i ka caktuar. E kur pa se nuk mund ta zbuste \u00e7\u00ebshtjen mbi p\u00ebrgjegj\u00ebsin\u00eb, u paraqit koordinatori i grupit t\u00eb deputet\u00ebve t\u00eb VMRO-DPMNE-s\u00eb, Ilija Dimovski, q\u00eb ta zbuloj\u00eb dhimbjen e partis\u00eb. Tha se t\u00eb hap\u00ebsh \u00e7\u00ebshtjen e p\u00ebrgjegj\u00ebsis\u00eb n\u00eb momente t\u00eb k\u00ebtilla \u00ebsht\u00eb gj\u00eb \u201ce joqytet\u00ebruar dhe e pap\u00ebrgjegjshme\u201d.<\/p>\n<p>Jo m\u00eb kot e prisnin Gruevskin t\u00eb kthehet nga pushimi, se pa u nisur ai nga Turqia, i t\u00ebr\u00eb aparati shtet\u00ebror nuk guxonte t\u00eb l\u00ebviz\u00eb as gishtin e vog\u00ebl, e le m\u00eb t\u00eb fotografohet pa t\u00eb. N\u00eb fakt, lideri i VMRO-DPMNE-s\u00eb, si mjesht\u00ebr i propagand\u00ebs, s\u00ebrish pati sukses n\u00eb imponimin e historis\u00eb s\u00eb vet. E k\u00ebshtu, t\u00eb gjith\u00eb politikan\u00ebt mor\u00ebn t\u00eb pastrojn\u00eb e t\u2019u b\u00ebjn\u00eb vizita t\u00eb prekurve nga v\u00ebrshimet. E t\u00eb garojn\u00eb se kush ka m\u00eb shum\u00eb balt\u00eb mbi \u00e7izme. Zaevi ka punuar tri dit\u00eb. Gruevski do t\u00eb punoj\u00eb pes\u00eb. Zaevi do t\u00eb flej\u00eb dy dit\u00eb n\u00eb sht\u00ebpin\u00eb e v\u00ebrshuar. Gruevski pes\u00eb.<\/p>\n<p>E nd\u00ebrkoh\u00eb q\u00eb t\u00eb gjith\u00eb ua num\u00ebrojm\u00eb dit\u00ebt dhe lopatat, askujt nuk do t\u2019i kujtohet t\u00eb pyes\u00eb: Cila \u00ebsht\u00eb puna e nj\u00eb lideri t\u00eb v\u00ebrtet\u00eb politik? T\u00eb pastroj\u00eb? Apo t\u00eb mendoj\u00eb?<\/p>\n<p>P\u00ebr shembull, t\u00eb mendoj\u00eb nj\u00eb plan efikas p\u00ebr p\u00ebrballjen me katastrof\u00ebn. T\u00eb mendoj\u00eb nj\u00eb organizim t\u00eb mbledhjes dhe shp\u00ebrndarjes s\u00eb ndihmave. T\u00eb mendoj\u00eb kontroll se si do t\u00eb ndahen parat\u00eb e ndihm\u00ebs dhe kush do t\u00eb jet\u00eb p\u00ebrgjegj\u00ebs p\u00ebr at\u00eb. T\u00eb mendoj\u00eb si t\u00eb parandalohen infeksionet, sepse balta me fekale dhe kafsh\u00eb t\u00eb ngordhura ndodhet 10 kilometra prej qytetit dhe \u00ebsht\u00eb ver\u00eb.<\/p>\n<p>E kam t\u00eb qart\u00eb se pse VMRO-DPMNE-ja nuk guxonte as t\u00eb kujtoj\u00eb t\u00eb th\u00ebrras\u00eb Parlamentin\u00a0 pas nj\u00eb katastrofe t\u00eb k\u00ebtill\u00eb, e cila ka m\u00eb s\u00eb shumti viktima nga t\u00ebrmeti i vitit 1963 deri m\u00eb tani. Por, nuk e kam t\u00eb qart\u00eb se pse LSDM-s\u00eb nuk iu kujtua q\u00eb Parlamenti \u00ebsht\u00eb institucioni m\u00eb i lart\u00eb n\u00eb shtet. E duhej q\u00eb akademiku Vllado Kambovski, i cili qart\u00eb ka pritur kat\u00ebr dit\u00eb q\u00eb deputet\u00ebve t\u2019u kujtohet se jan\u00eb m\u00eb t\u00eb r\u00ebnd\u00ebsishmit n\u00eb shtet, t\u2019i p\u00ebrkujtoj\u00eb q\u00eb t\u00eb mblidhen. E ta kontrollojn\u00eb qeverin\u00eb, se si do t\u2019i shpenzoj\u00eb parat\u00eb p\u00ebr tejkalmin e kriz\u00ebs. Lum deputet\u00ebt, lum spikeri. Edhe ata si duket, prisnin q\u00eb lideri i partis\u00eb t\u2019u jap\u00eb komand\u00eb me spikerfon.<\/p>\n<p><span class=\"dropcap dropcap3\">3<\/span> Seriozisht, kush komandon me aksionin p\u00ebr shp\u00ebtim? Presidenti i shtetit? Kryeministri? Kryetari i Parlamentit? Deputet\u00ebt? Kryetar\u00ebt e komunave? Drejtor\u00ebt e QMK-s\u00eb, Mmk-\u00ebs, Bmk-s\u00eb, e Bluk-ut? Kryetari i partis\u00eb n\u00eb pushtet? Apo kryetari i partis\u00eb n\u00eb opozit\u00eb? Si\u00e7 do t\u00eb shpreheshin n\u00eb filmat mafioz\u00eb: \u00a0Tuti ma\u00e7edoni, tuti komandanti.<\/p>\n<p>Jo se qeveria \u00ebsht\u00eb e paaft\u00eb. Apo se\u00a0 partia n\u00eb pushtet \u00ebsht\u00eb aq e paaft\u00eb. T\u00eb aft\u00eb jan\u00eb ata. Dhe shum\u00eb t\u00eb organizuar jan\u00eb. Punojn\u00eb 24\/7 kur duhet t\u00eb fitojn\u00eb n\u00eb zgjedhje. Kan\u00eb lista t\u00eb sakta se kush p\u00ebr k\u00eb do t\u00eb votoj\u00eb dhe sa vota do t\u2019iu sjell\u00eb. Edhe se kush\u00ebri i kujt \u00ebsht\u00eb, e kan\u00eb n\u00eb list\u00eb.<\/p>\n<p>D\u00ebgjuam se si fituakan. E kan\u00eb shkat\u00ebrruar sistemin shtet\u00ebror me t\u00eb cilin do ta kishim mir\u00eb t\u00eb gjith\u00eb, dhe krijuan nj\u00eb sistem q\u00eb do t\u2019i mbaj\u00eb ata n\u00eb pushtet. Ata ta ken\u00eb mir\u00eb. Se vet\u00ebm ata jan\u00eb Maqedonia.<\/p>\n<p><span class=\"dropcap dropcap3\">4<\/span> Kaluan shtat\u00eb dit\u00eb nga katastrofa q\u00eb na i hapi syt\u00eb q\u00eb t\u00eb shohim se jetojm\u00eb n\u00eb balt\u00eb. Mu ashtu, n\u00eb balt\u00eb. P\u00ebr m\u00eb pak se nj\u00eb muaj do t\u00eb festojm\u00eb 25 vjetorin e Maqedonis\u00eb s\u00eb pavarur. E m\u00eb s\u00eb shumti m\u00eb dhemb, se ne, qytetar\u00ebt e k\u00ebtij shteti, akoma nuk jemi vet\u00ebdijesuar se meritojm\u00eb m\u00eb mir\u00eb.<\/p>\n<p><em>\u00a0\u00a0\u00a0\u00a0\u00a0\u00a0\u00a0\u00a0\u00a0\u00a0\u00a0 P\u00ebrktheu: Fjolla Zllatku <\/em><\/p>\n\n<div style=\"font-size: 0px; height: 0px; line-height: 0px; margin: 0; padding: 0; clear: both;\"><\/div>","protected":false},"excerpt":{"rendered":"<p>1 Shkupi 2014 e pa veten n\u00eb pasqyr\u00eb dhe i doli fytyra e Stajkovcit 2014. Dhe e shpirtrave t\u00eb 22 [&hellip;]<\/p>\n","protected":false},"author":1,"featured_media":0,"comment_status":"closed","ping_status":"closed","sticky":false,"template":"","format":"standard","meta":{"_mo_disable_npp":"","inline_featured_image":false},"categories":[1825],"tags":[],"imageURL":false,"thumbURL":false,"categoryNames":["DUA T\u00cb THEM"],"feature_caption":"","subtitle":"a:1:{s:11:\"td_subtitle\";s:119:\"M\u00ebs\u00ebshumtim\u00ebdhembfaktiq\u00ebne,qytetar\u00ebtek\u00ebtijshteti,akomanukjemivet\u00ebdijesuarsemeritojm\u00ebm\u00ebmir\u00eb","views":"2960","source":"","yoast_head":"<!-- This site is optimized with the Yoast SEO Premium plugin v15.0 - https:\/\/yoast.com\/wordpress\/plugins\/seo\/ -->\n<title>STAJKOVC 2016 - \u0421\u0430\u043a\u0430\u043c \u0414\u0430 \u041a\u0430\u0436\u0430\u043c<\/title>\n<meta name=\"robots\" content=\"index, follow, max-snippet:-1, max-image-preview:large, max-video-preview:-1\" \/>\n<link rel=\"canonical\" href=\"https:\/\/sdk.mk\/index.php\/dua-te-them\/stajkovc-2016\/\" \/>\n<meta property=\"og:locale\" content=\"mk_MK\" \/>\n<meta property=\"og:type\" content=\"article\" \/>\n<meta property=\"og:title\" content=\"STAJKOVC 2016 - \u0421\u0430\u043a\u0430\u043c \u0414\u0430 \u041a\u0430\u0436\u0430\u043c\" \/>\n<meta property=\"og:description\" content=\"1 Shkupi 2014 e pa veten n\u00eb pasqyr\u00eb dhe i doli fytyra e Stajkovcit 2014. Dhe e shpirtrave t\u00eb 22 [&hellip;]\" \/>\n<meta property=\"og:url\" content=\"https:\/\/sdk.mk\/index.php\/dua-te-them\/stajkovc-2016\/\" \/>\n<meta property=\"og:site_name\" content=\"\u0421\u0430\u043a\u0430\u043c \u0414\u0430 \u041a\u0430\u0436\u0430\u043c\" \/>\n<meta property=\"article:published_time\" content=\"2016-08-13T08:24:39+00:00\" \/>\n<meta property=\"og:image\" content=\"https:\/\/sdk.mk\/wp-content\/uploads\/2015\/12\/goran-mihailovski2.jpg\" \/>\n\t<meta property=\"og:image:width\" content=\"400\" \/>\n\t<meta property=\"og:image:height\" content=\"313\" \/>\n<meta property=\"fb:app_id\" content=\"2407985809428537\" \/>\n<meta name=\"twitter:card\" content=\"summary\" \/>\n<script type=\"application\/ld+json\" class=\"yoast-schema-graph\">{\"@context\":\"https:\/\/schema.org\",\"@graph\":[{\"@type\":\"WebSite\",\"@id\":\"https:\/\/sdk.mk\/#website\",\"url\":\"https:\/\/sdk.mk\/\",\"name\":\"\\u0421\\u0430\\u043a\\u0430\\u043c \\u0414\\u0430 \\u041a\\u0430\\u0436\\u0430\\u043c\",\"description\":\"\\u0417\\u0430 \\u0441\\u043b\\u043e\\u0431\\u043e\\u0434\\u043e\\u0443\\u043c\\u043d\\u0438\",\"potentialAction\":[{\"@type\":\"SearchAction\",\"target\":\"https:\/\/sdk.mk\/?s={search_term_string}\",\"query-input\":\"required name=search_term_string\"}],\"inLanguage\":\"mk-MK\"},{\"@type\":\"WebPage\",\"@id\":\"https:\/\/sdk.mk\/index.php\/dua-te-them\/stajkovc-2016\/#webpage\",\"url\":\"https:\/\/sdk.mk\/index.php\/dua-te-them\/stajkovc-2016\/\",\"name\":\"STAJKOVC 2016 - \\u0421\\u0430\\u043a\\u0430\\u043c \\u0414\\u0430 \\u041a\\u0430\\u0436\\u0430\\u043c\",\"isPartOf\":{\"@id\":\"https:\/\/sdk.mk\/#website\"},\"datePublished\":\"2016-08-13T08:24:39+00:00\",\"dateModified\":\"2016-08-13T08:24:39+00:00\",\"author\":{\"@id\":\"https:\/\/sdk.mk\/#\/schema\/person\/be7cfa6655c47f7195bfdd0ba8144aa2\"},\"inLanguage\":\"mk-MK\",\"potentialAction\":[{\"@type\":\"ReadAction\",\"target\":[\"https:\/\/sdk.mk\/index.php\/dua-te-them\/stajkovc-2016\/\"]}]},{\"@type\":\"Person\",\"@id\":\"https:\/\/sdk.mk\/#\/schema\/person\/be7cfa6655c47f7195bfdd0ba8144aa2\",\"name\":\"\\u0413\\u043e\\u0440\\u0430\\u043d \\u041c\\u0438\\u0445\\u0430\\u0458\\u043b\\u043e\\u0432\\u0441\\u043a\\u0438\"}]}<\/script>\n<!-- \/ Yoast SEO Premium plugin. -->","_links":{"self":[{"href":"https:\/\/sdk.mk\/index.php\/wp-json\/wp\/v2\/posts\/10378"}],"collection":[{"href":"https:\/\/sdk.mk\/index.php\/wp-json\/wp\/v2\/posts"}],"about":[{"href":"https:\/\/sdk.mk\/index.php\/wp-json\/wp\/v2\/types\/post"}],"author":[{"embeddable":true,"href":"https:\/\/sdk.mk\/index.php\/wp-json\/wp\/v2\/users\/1"}],"replies":[{"embeddable":true,"href":"https:\/\/sdk.mk\/index.php\/wp-json\/wp\/v2\/comments?post=10378"}],"version-history":[{"count":0,"href":"https:\/\/sdk.mk\/index.php\/wp-json\/wp\/v2\/posts\/10378\/revisions"}],"wp:attachment":[{"href":"https:\/\/sdk.mk\/index.php\/wp-json\/wp\/v2\/media?parent=10378"}],"wp:term":[{"taxonomy":"category","embeddable":true,"href":"https:\/\/sdk.mk\/index.php\/wp-json\/wp\/v2\/categories?post=10378"},{"taxonomy":"post_tag","embeddable":true,"href":"https:\/\/sdk.mk\/index.php\/wp-json\/wp\/v2\/tags?post=10378"}],"curies":[{"name":"wp","href":"https:\/\/api.w.org\/{rel}","templated":true}]}}