{"id":10440,"date":"2016-08-14T10:07:37","date_gmt":"2016-08-14T08:07:37","guid":{"rendered":"http:\/\/sdk.mk\/\/?p=10440"},"modified":"2016-08-14T10:07:37","modified_gmt":"2016-08-14T08:07:37","slug":"sela-e-akuzoi-bdi-ne-se-jane-te-paftyre-qe-fshihen-pas-vmro-dpmne-se","status":"publish","type":"post","link":"https:\/\/sdk.mk\/index.php\/maqedonia\/sela-e-akuzoi-bdi-ne-se-jane-te-paftyre-qe-fshihen-pas-vmro-dpmne-se\/","title":{"rendered":"SELA E AKUZOI BDI-N\u00cb SE JAN\u00cb T\u00cb PAFTYR\u00cb Q\u00cb FSHIHEN PAS VMRO-DPMNE-S\u00cb"},"content":{"rendered":"<div class=\"f52428582a4b906b2d2e2a7d733c7d27\" data-index=\"7\" style=\"float: none; margin:10px 0 10px 0; text-align:center;\">\n<!-- MSP Ads Asynchronous JS Tag - Generated with Revive Adserver v5.4.1 -->\r\n<ins data-revive-zoneid=\"167\" data-revive-id=\"060fdb01f6430ec164d3519234aa4967\"><\/ins>\r\n<script async src=\"\/\/panel.ads.com.mk\/www\/delivery\/asyncjs.php\"><\/script>\n<\/div>\n<p>Shqiptar\u00ebt duhet t\u00eb k\u00ebrkojn\u00eb llogari nga lideri i BDI-s\u00eb, Ali Ahmeti dhe funksionar\u00ebt partiak\u00eb, sepse BDI-ja, nga viti 2008 e deri m\u00eb sot, ka votuar 16 buxhete p\u00ebr projektin Shkupi 2014 t\u00eb VMRO-DPMNE-s\u00eb. Nj\u00ebkoh\u00ebsisht, kan\u00eb dh\u00ebn\u00eb pajtimin e tyre p\u00ebr shkurtimin e buxheteve p\u00ebr komunat n\u00eb t\u00eb cilat, shumica e popullat\u00ebs \u00ebsht\u00eb shqiptare, thot\u00eb p\u00ebr SAKAMDAKAZAM.MK, lideri i Partis\u00eb p\u00ebr Reforma t\u00eb PDSH-s\u00eb dhe kryetari i Strug\u00ebs, Zijadin Sela. Ai konsideron se BDI-ja \u00ebsht\u00eb b\u00ebr\u00eb nj\u00eb parti e personave t\u00eb pafytyr\u00eb.<\/p>\n<p>\u201cBDI-ja filloi me hipokrizi dhe u b\u00eb parti hipokrit\u00ebsh. Duke filluar nga Ahmeti e deri te t\u00eb gjith\u00eb funksionar\u00ebt e BDI-s\u00eb, votojn\u00eb buxhete, rebalanc\u00eb t\u00eb buxheteve, e m\u00eb pas akuzojn\u00eb VMRO_DPMNE-n\u00eb dhe Nikolla Gruevskin se pse nuk investojn\u00eb n\u00eb komunat ku jeton edhe popullat\u00eb shqiptare. Mendoj se kjo nuk \u00ebsht\u00eb e drejt\u00eb. Shqiptar\u00ebt duhet t\u00eb k\u00ebrkojn\u00eb llogari nga BDI-ja dhe Ali Ahmeti, sepse kjo parti lavd\u00ebrohet se ka legjitimitet tek shqiptar\u00ebt!, thot\u00eb Sela, dhe shton:<\/p>\n<p>\u201cHap debatin p\u00ebr Shkupin 2014 dhe i d\u00ebgjon se ai paska qen\u00eb ndonj\u00eb projekt n\u00eb koh\u00ebn e BDI-s\u00eb dhe VMRO-DOMNE-s\u00eb. Ky \u00ebsht\u00eb budallall\u00ebk i atyre funksionar\u00ebve hipokrit\u00eb. Ata harrojn\u00eb se nga 2008 e deri m\u00eb sot, p\u00ebr projektin n\u00eb fjal\u00eb, kan\u00eb votuar 8 buxhete, q\u00eb bashk\u00eb me rebalanc\u00ebt, b\u00ebjn\u00eb 16 buxhete. Edhe sot e k\u00ebsaj dite votojn\u00eb p\u00ebr projekte p\u00ebr komunat me popullat\u00eb maqedonase, e nga ana tjet\u00ebr n\u00eb komunat ku shqiptar\u00ebt jan\u00eb shumic\u00eb, shkurtojn\u00eb mjete. P\u00ebr shembull, Nga z\u00ebri kultura, Stuga, Gostivari, Tetova, \u00c7airi mor\u00ebn zero. K\u00ebta njer\u00ebz nuk di si t\u2019i klasifikoj, me t\u00eb v\u00ebrtet\u00eb e kan\u00eb tepruar\u201d, thot\u00eb Sela.<\/p>\n<p>Lideri i BDI-s\u00eb, Ali Ahmeti, i cili foli\u00a0 t\u00eb shtun\u00ebn n\u00eb Konferenc\u00ebn p\u00ebr 15 vjetorin e Marr\u00ebveshjes s\u00eb Ohrit, n\u00eb Kodr\u00ebn e Diellit, tha se nuk ka pasur m\u00ebnyr\u00eb t\u00eb shmanget kjo q\u00eb ka ndodhur dhe se \u201cMarr\u00ebveshja e Ohrit u takon t\u00eb gjith\u00ebve dhe ajo e ka shp\u00ebtuar shtetin nga p\u00ebr\u00e7arjet.\u201d<\/p>\n<p>&nbsp;<\/p>\n\n<div style=\"font-size: 0px; height: 0px; line-height: 0px; margin: 0; padding: 0; clear: both;\"><\/div>","protected":false},"excerpt":{"rendered":"<p>Shqiptar\u00ebt duhet t\u00eb k\u00ebrkojn\u00eb llogari nga lideri i BDI-s\u00eb, Ali Ahmeti dhe funksionar\u00ebt partiak\u00eb, sepse BDI-ja, nga viti 2008 e [&hellip;]<\/p>\n","protected":false},"author":1,"featured_media":10426,"comment_status":"closed","ping_status":"closed","sticky":false,"template":"","format":"standard","meta":{"_mo_disable_npp":"","inline_featured_image":false},"categories":[3087],"tags":[10441],"imageURL":"https:\/\/sdk.mk\/wp-content\/uploads\/2016\/08\/rafiz-aliti-i-ali-ahmeti-650x418.jpg","thumbURL":"https:\/\/sdk.mk\/wp-content\/uploads\/2016\/08\/rafiz-aliti-i-ali-ahmeti-250x161.jpg","categoryNames":["Maqedonia"],"feature_caption":"","subtitle":"a:1:{s:9:\"td_source\";s:44:\"\u0421\u0442\u0440\u0443\u0433\u0430(\u0421\u0410\u041a\u0410\u041c\u0414\u0410\u041a\u0410\u0416\u0410\u041c.\u041c\u041a)","views":"3203","source":"","yoast_head":"<!-- This site is optimized with the Yoast SEO Premium plugin v15.0 - https:\/\/yoast.com\/wordpress\/plugins\/seo\/ -->\n<title>SELA E AKUZOI BDI-N\u00cb SE JAN\u00cb T\u00cb PAFTYR\u00cb Q\u00cb FSHIHEN PAS VMRO-DPMNE-S\u00cb - \u0421\u0430\u043a\u0430\u043c \u0414\u0430 \u041a\u0430\u0436\u0430\u043c<\/title>\n<meta name=\"robots\" content=\"index, follow, max-snippet:-1, max-image-preview:large, max-video-preview:-1\" \/>\n<link rel=\"canonical\" href=\"https:\/\/sdk.mk\/index.php\/maqedonia\/sela-e-akuzoi-bdi-ne-se-jane-te-paftyre-qe-fshihen-pas-vmro-dpmne-se\/\" \/>\n<meta property=\"og:locale\" content=\"mk_MK\" \/>\n<meta property=\"og:type\" content=\"article\" \/>\n<meta property=\"og:title\" content=\"SELA E AKUZOI BDI-N\u00cb SE JAN\u00cb T\u00cb PAFTYR\u00cb Q\u00cb FSHIHEN PAS VMRO-DPMNE-S\u00cb - \u0421\u0430\u043a\u0430\u043c \u0414\u0430 \u041a\u0430\u0436\u0430\u043c\" \/>\n<meta property=\"og:description\" content=\"Shqiptar\u00ebt duhet t\u00eb k\u00ebrkojn\u00eb llogari nga lideri i BDI-s\u00eb, Ali Ahmeti dhe funksionar\u00ebt partiak\u00eb, sepse BDI-ja, nga viti 2008 e [&hellip;]\" \/>\n<meta property=\"og:url\" content=\"https:\/\/sdk.mk\/index.php\/maqedonia\/sela-e-akuzoi-bdi-ne-se-jane-te-paftyre-qe-fshihen-pas-vmro-dpmne-se\/\" \/>\n<meta property=\"og:site_name\" content=\"\u0421\u0430\u043a\u0430\u043c \u0414\u0430 \u041a\u0430\u0436\u0430\u043c\" \/>\n<meta property=\"article:published_time\" content=\"2016-08-14T08:07:37+00:00\" \/>\n<meta property=\"og:image\" content=\"https:\/\/sdk.mk\/wp-content\/uploads\/2016\/08\/rafiz-aliti-i-ali-ahmeti.jpg\" \/>\n\t<meta property=\"og:image:width\" content=\"1276\" \/>\n\t<meta property=\"og:image:height\" content=\"821\" \/>\n<meta property=\"fb:app_id\" content=\"2407985809428537\" \/>\n<meta name=\"twitter:card\" content=\"summary\" \/>\n<script type=\"application\/ld+json\" class=\"yoast-schema-graph\">{\"@context\":\"https:\/\/schema.org\",\"@graph\":[{\"@type\":\"WebSite\",\"@id\":\"https:\/\/sdk.mk\/#website\",\"url\":\"https:\/\/sdk.mk\/\",\"name\":\"\\u0421\\u0430\\u043a\\u0430\\u043c \\u0414\\u0430 \\u041a\\u0430\\u0436\\u0430\\u043c\",\"description\":\"\\u0417\\u0430 \\u0441\\u043b\\u043e\\u0431\\u043e\\u0434\\u043e\\u0443\\u043c\\u043d\\u0438\",\"potentialAction\":[{\"@type\":\"SearchAction\",\"target\":\"https:\/\/sdk.mk\/?s={search_term_string}\",\"query-input\":\"required name=search_term_string\"}],\"inLanguage\":\"mk-MK\"},{\"@type\":\"ImageObject\",\"@id\":\"https:\/\/sdk.mk\/index.php\/maqedonia\/sela-e-akuzoi-bdi-ne-se-jane-te-paftyre-qe-fshihen-pas-vmro-dpmne-se\/#primaryimage\",\"inLanguage\":\"mk-MK\",\"url\":\"https:\/\/sdk.mk\/wp-content\/uploads\/2016\/08\/rafiz-aliti-i-ali-ahmeti.jpg\",\"width\":1276,\"height\":821,\"caption\":\"\\u0420\\u0430\\u0444\\u0438\\u0437 \\u0410\\u043b\\u0438\\u0442\\u0438 \\u0441\\u0435 \\u043f\\u043e\\u0437\\u0434\\u0440\\u0430\\u0432\\u0443\\u0432\\u0430 \\u0441\\u043e \\u043b\\u0438\\u0434\\u0435\\u0440\\u043e\\u0442 \\u043d\\u0430 \\u0414\\u0423\\u0418 \\u0410\\u043b\\u0438 \\u0410\\u0445\\u043c\\u0435\\u0442\\u0438 \\u0437\\u0430 \\u0432\\u0440\\u0435\\u043c\\u0435 \\u043d\\u0430 \\u0442\\u0440\\u0438\\u0431\\u0438\\u043d\\u0430\\u0442\\u0430 \\u043f\\u043e\\u0441\\u0432\\u0435\\u0442\\u0435\\u043d\\u0430 \\u043d\\u0430 15 \\u0433\\u043e\\u0434\\u0438\\u043d\\u0438 \\u043e\\u0434 \\u041e\\u0445\\u0440\\u0438\\u0434\\u0441\\u043a\\u0438\\u043e\\u0442 \\u0434\\u043e\\u0433\\u043e\\u0432\\u043e\\u0440 \\u0448\\u0442\\u043e \\u0432\\u043e \\u0441\\u0430\\u0431\\u043e\\u0442\\u0430\\u0442\\u0430 \\u0441\\u0435 \\u043e\\u0434\\u0440\\u0436\\u0430 \\u043d\\u0430 \\u041f\\u043e\\u043f\\u043e\\u0432\\u0430 \\u0428\\u0430\\u043f\\u043a\\u0430 (\\u0424\\u043e\\u0442\\u043e: \\u0417\\u0430\\u043d\\u0434\\u043e\\u043d)\"},{\"@type\":\"WebPage\",\"@id\":\"https:\/\/sdk.mk\/index.php\/maqedonia\/sela-e-akuzoi-bdi-ne-se-jane-te-paftyre-qe-fshihen-pas-vmro-dpmne-se\/#webpage\",\"url\":\"https:\/\/sdk.mk\/index.php\/maqedonia\/sela-e-akuzoi-bdi-ne-se-jane-te-paftyre-qe-fshihen-pas-vmro-dpmne-se\/\",\"name\":\"SELA E AKUZOI BDI-N\\u00cb SE JAN\\u00cb T\\u00cb PAFTYR\\u00cb Q\\u00cb FSHIHEN PAS VMRO-DPMNE-S\\u00cb - \\u0421\\u0430\\u043a\\u0430\\u043c \\u0414\\u0430 \\u041a\\u0430\\u0436\\u0430\\u043c\",\"isPartOf\":{\"@id\":\"https:\/\/sdk.mk\/#website\"},\"primaryImageOfPage\":{\"@id\":\"https:\/\/sdk.mk\/index.php\/maqedonia\/sela-e-akuzoi-bdi-ne-se-jane-te-paftyre-qe-fshihen-pas-vmro-dpmne-se\/#primaryimage\"},\"datePublished\":\"2016-08-14T08:07:37+00:00\",\"dateModified\":\"2016-08-14T08:07:37+00:00\",\"author\":{\"@id\":\"https:\/\/sdk.mk\/#\/schema\/person\/be7cfa6655c47f7195bfdd0ba8144aa2\"},\"inLanguage\":\"mk-MK\",\"potentialAction\":[{\"@type\":\"ReadAction\",\"target\":[\"https:\/\/sdk.mk\/index.php\/maqedonia\/sela-e-akuzoi-bdi-ne-se-jane-te-paftyre-qe-fshihen-pas-vmro-dpmne-se\/\"]}]},{\"@type\":\"Person\",\"@id\":\"https:\/\/sdk.mk\/#\/schema\/person\/be7cfa6655c47f7195bfdd0ba8144aa2\",\"name\":\"\\u0413\\u043e\\u0440\\u0430\\u043d \\u041c\\u0438\\u0445\\u0430\\u0458\\u043b\\u043e\\u0432\\u0441\\u043a\\u0438\"}]}<\/script>\n<!-- \/ Yoast SEO Premium plugin. -->","_links":{"self":[{"href":"https:\/\/sdk.mk\/index.php\/wp-json\/wp\/v2\/posts\/10440"}],"collection":[{"href":"https:\/\/sdk.mk\/index.php\/wp-json\/wp\/v2\/posts"}],"about":[{"href":"https:\/\/sdk.mk\/index.php\/wp-json\/wp\/v2\/types\/post"}],"author":[{"embeddable":true,"href":"https:\/\/sdk.mk\/index.php\/wp-json\/wp\/v2\/users\/1"}],"replies":[{"embeddable":true,"href":"https:\/\/sdk.mk\/index.php\/wp-json\/wp\/v2\/comments?post=10440"}],"version-history":[{"count":0,"href":"https:\/\/sdk.mk\/index.php\/wp-json\/wp\/v2\/posts\/10440\/revisions"}],"wp:featuredmedia":[{"embeddable":true,"href":"https:\/\/sdk.mk\/index.php\/wp-json\/wp\/v2\/media\/10426"}],"wp:attachment":[{"href":"https:\/\/sdk.mk\/index.php\/wp-json\/wp\/v2\/media?parent=10440"}],"wp:term":[{"taxonomy":"category","embeddable":true,"href":"https:\/\/sdk.mk\/index.php\/wp-json\/wp\/v2\/categories?post=10440"},{"taxonomy":"post_tag","embeddable":true,"href":"https:\/\/sdk.mk\/index.php\/wp-json\/wp\/v2\/tags?post=10440"}],"curies":[{"name":"wp","href":"https:\/\/api.w.org\/{rel}","templated":true}]}}