{"id":10446,"date":"2016-08-14T10:15:13","date_gmt":"2016-08-14T08:15:13","guid":{"rendered":"http:\/\/sdk.mk\/\/?p=10446"},"modified":"2016-08-14T10:15:13","modified_gmt":"2016-08-14T08:15:13","slug":"per-ahmetin-marreveshja-e-ohrit-akoma-nuk-eshte-permbushur","status":"publish","type":"post","link":"https:\/\/sdk.mk\/index.php\/maqedonia\/per-ahmetin-marreveshja-e-ohrit-akoma-nuk-eshte-permbushur\/","title":{"rendered":"P\u00cbR AHMETIN MARR\u00cbVESHJA E OHRIT AKOMA NUK \u00cbSHT\u00cb P\u00cbRMBUSHUR"},"content":{"rendered":"<div class=\"f52428582a4b906b2d2e2a7d733c7d27\" data-index=\"7\" style=\"float: none; margin:10px 0 10px 0; text-align:center;\">\n<!-- MSP Ads Asynchronous JS Tag - Generated with Revive Adserver v5.4.1 -->\r\n<ins data-revive-zoneid=\"167\" data-revive-id=\"060fdb01f6430ec164d3519234aa4967\"><\/ins>\r\n<script async src=\"\/\/panel.ads.com.mk\/www\/delivery\/asyncjs.php\"><\/script>\n<\/div>\n<p>15 vjetori i n\u00ebnshkrimit t\u00eb Marr\u00ebveshjes s\u00eb Ohrit sot u sh\u00ebnua me konferenc\u00ebn me tem\u00eb: \u201cMarr\u00ebveshja e Ohrit \u2013 sfid\u00eb dhe garanci p\u00ebr integrim\u201d. N\u00eb konferenc\u00eb ishin t\u00eb pranish\u00ebm lideri i BDI-s\u00eb, Ali Ahmeti, ambasadori i SHBA-s\u00eb n\u00eb Maqedoni, Xhes Bejli, Piter Fejt nga Instituti p\u00ebr paqe dhe pjes\u00ebmarr\u00ebs aktiv n\u00eb p\u00ebrgatitjen e marr\u00ebveshjes, Festim Halili \u2013 z\u00ebvend\u00ebs kryetar i Qeveris\u00eb dhe Nikolla Todorov si p\u00ebrfaq\u00ebsues i VMRO-DPMNE-s\u00eb. N\u00eb konferenc\u00eb kishte mysafir\u00eb t\u00eb shumt\u00eb, mes t\u00eb cil\u00ebve edhe p\u00ebrfaq\u00ebsues t\u00eb LSDM-s\u00eb.<\/p>\n<p>\u201cNuk kishte m\u00ebnyr\u00eb t\u00eb shmangej ajo q\u00eb ndodhi, tha lideri i BDI-s\u00eb, Ali Ahmeti n\u00eb fjalimin e tij, kur fliste p\u00ebr pak\u00ebnaq\u00ebsin\u00eb e shqiptar\u00ebve q\u00eb nga koha e ish Jugosllavis\u00eb dhe protestat n\u00eb Prishtin\u00eb, e deri te konflikti i vitit 2001. Ai i falenderoi NATO-n dhe t\u00eb gjith\u00eb nd\u00ebrmjet\u00ebsuesit\u00a0 dhe burr\u00ebshtetasit p\u00ebr mundin e dh\u00ebn\u00eb p\u00ebr zgjidhjen e \u201cproblemeve t\u00eb at\u00ebhershme t\u00eb pazgjidhura\u201d.<\/p>\n<p>\u201cMarr\u00ebveshja e Ohrit iu p\u00ebrket t\u00eb gjith\u00ebve dhe ajo e shp\u00ebtoi shtetin nga p\u00ebr\u00e7arja. Ai \u00ebsht\u00eb dokument shum\u00eb i r\u00ebnd\u00ebsish\u00ebm me t\u00eb cilin u zgjidh\u00ebn shum\u00eb probleme, por ekzistojn\u00eb akoma shum\u00eb Ligje, t\u00eb cilat jan\u00eb miratuar n\u00eb Parlament, por akoma nuk zbatohen\u201d, tha Ahmeti.<\/p>\n<p>Ambasadori Bejli shprehu se shteti i tij \u00ebsht\u00eb krenar p\u00ebr rolin q\u00eb ka pasur n\u00eb arritjen e Marr\u00ebveshjes s\u00eb Ohrit.<\/p>\n<p>\u201cMe marr\u00ebveshjen u shmang lufta dhe u arrit paqja\u201d, tha Bejli. N\u00eb pika t\u00eb shkurtra, ai e komentoi edhe gjendjen aktuale politike n\u00eb Maqedoni dhe porositi\u00a0:\u2019\u2019Qytetar\u00ebt dhe politikan\u00ebt, n\u00eb vitin 2001 b\u00ebn\u00eb \u00e7far\u00eb b\u00ebn\u00eb dhe e shmang\u00ebn kriz\u00ebn, b\u00ebjeni k\u00ebt\u00eb edhe k\u00ebsaj here, q\u00eb Maqedonia t\u00eb mund t\u00eb futet e bashkuar n\u00eb NATO dhe BE\u2019\u2019.<\/p>\n<p>Gjat\u00eb koh\u00ebs s\u00eb konfliktit t\u00eb vitit 2001, Piter Fejt ishte nj\u00eb nga nd\u00ebrmjet\u00ebsuesit dhe krijuesit e marr\u00ebveshjes s\u00eb Ohrit. Teksa rikujtonte ato ngjarje, Fejt tha:\u201dVizioni i arkitektave t\u00eb marr\u00ebveshjes s\u00eb Ohrit ishte t\u00eb mos mbahen an\u00eb, por t\u00eb nd\u00ebrpritet vuajtja e popullit dhe t\u00eb gjendet baz\u00eb p\u00ebr bashk\u00ebjetes\u00eb\u201d.<\/p>\n<p>Nikolla Todorov, si p\u00ebrfaq\u00ebsues i VMRO-DPMNE-s\u00eb tha se popujt e k\u00ebtyre viseve gjithmon\u00eb kan\u00eb jetuar s\u00ebbashku dhe duhet q\u00eb t\u00eb vazhdoj\u00eb nd\u00ebrtimi dhe p\u00ebrkujdesja p\u00ebr bashkimin.<\/p>\n<p>Festa p\u00ebr sh\u00ebnimin e 15 vjetorit t\u00eb marr\u00ebveshjes s\u00eb Ohrit u organizua nga Sekretariati i qeveris\u00eb p\u00ebr zbatimin e marr\u00ebveshjes korniz\u00eb t\u00eb Ohrit.<\/p>\n\n<div style=\"font-size: 0px; height: 0px; line-height: 0px; margin: 0; padding: 0; clear: both;\"><\/div>","protected":false},"excerpt":{"rendered":"<p>15 vjetori i n\u00ebnshkrimit t\u00eb Marr\u00ebveshjes s\u00eb Ohrit sot u sh\u00ebnua me konferenc\u00ebn me tem\u00eb: \u201cMarr\u00ebveshja e Ohrit \u2013 sfid\u00eb [&hellip;]<\/p>\n","protected":false},"author":1,"featured_media":10418,"comment_status":"closed","ping_status":"closed","sticky":false,"template":"","format":"standard","meta":{"_mo_disable_npp":"","inline_featured_image":false},"categories":[3087],"tags":[10447],"imageURL":"https:\/\/sdk.mk\/wp-content\/uploads\/2016\/08\/ZAN_67051-650x433.jpg","thumbURL":"https:\/\/sdk.mk\/wp-content\/uploads\/2016\/08\/ZAN_67051-250x167.jpg","categoryNames":["Maqedonia"],"feature_caption":"","subtitle":"a:1:{s:9:\"td_source\";s:35:\"KodraeDiellit,(SAKAMDAKAZAM.MK)","views":"3983","source":"","yoast_head":"<!-- This site is optimized with the Yoast SEO Premium plugin v15.0 - https:\/\/yoast.com\/wordpress\/plugins\/seo\/ -->\n<title>P\u00cbR AHMETIN MARR\u00cbVESHJA E OHRIT AKOMA NUK \u00cbSHT\u00cb P\u00cbRMBUSHUR - \u0421\u0430\u043a\u0430\u043c \u0414\u0430 \u041a\u0430\u0436\u0430\u043c<\/title>\n<meta name=\"robots\" content=\"index, follow, max-snippet:-1, max-image-preview:large, max-video-preview:-1\" \/>\n<link rel=\"canonical\" href=\"https:\/\/sdk.mk\/index.php\/maqedonia\/per-ahmetin-marreveshja-e-ohrit-akoma-nuk-eshte-permbushur\/\" \/>\n<meta property=\"og:locale\" content=\"mk_MK\" \/>\n<meta property=\"og:type\" content=\"article\" \/>\n<meta property=\"og:title\" content=\"P\u00cbR AHMETIN MARR\u00cbVESHJA E OHRIT AKOMA NUK \u00cbSHT\u00cb P\u00cbRMBUSHUR - \u0421\u0430\u043a\u0430\u043c \u0414\u0430 \u041a\u0430\u0436\u0430\u043c\" \/>\n<meta property=\"og:description\" content=\"15 vjetori i n\u00ebnshkrimit t\u00eb Marr\u00ebveshjes s\u00eb Ohrit sot u sh\u00ebnua me konferenc\u00ebn me tem\u00eb: \u201cMarr\u00ebveshja e Ohrit \u2013 sfid\u00eb [&hellip;]\" \/>\n<meta property=\"og:url\" content=\"https:\/\/sdk.mk\/index.php\/maqedonia\/per-ahmetin-marreveshja-e-ohrit-akoma-nuk-eshte-permbushur\/\" \/>\n<meta property=\"og:site_name\" content=\"\u0421\u0430\u043a\u0430\u043c \u0414\u0430 \u041a\u0430\u0436\u0430\u043c\" \/>\n<meta property=\"article:published_time\" content=\"2016-08-14T08:15:13+00:00\" \/>\n<meta property=\"og:image\" content=\"https:\/\/sdk.mk\/wp-content\/uploads\/2016\/08\/ZAN_67051.jpg\" \/>\n\t<meta property=\"og:image:width\" content=\"1500\" \/>\n\t<meta property=\"og:image:height\" content=\"1000\" \/>\n<meta property=\"fb:app_id\" content=\"2407985809428537\" \/>\n<meta name=\"twitter:card\" content=\"summary\" \/>\n<script type=\"application\/ld+json\" class=\"yoast-schema-graph\">{\"@context\":\"https:\/\/schema.org\",\"@graph\":[{\"@type\":\"WebSite\",\"@id\":\"https:\/\/sdk.mk\/#website\",\"url\":\"https:\/\/sdk.mk\/\",\"name\":\"\\u0421\\u0430\\u043a\\u0430\\u043c \\u0414\\u0430 \\u041a\\u0430\\u0436\\u0430\\u043c\",\"description\":\"\\u0417\\u0430 \\u0441\\u043b\\u043e\\u0431\\u043e\\u0434\\u043e\\u0443\\u043c\\u043d\\u0438\",\"potentialAction\":[{\"@type\":\"SearchAction\",\"target\":\"https:\/\/sdk.mk\/?s={search_term_string}\",\"query-input\":\"required name=search_term_string\"}],\"inLanguage\":\"mk-MK\"},{\"@type\":\"ImageObject\",\"@id\":\"https:\/\/sdk.mk\/index.php\/maqedonia\/per-ahmetin-marreveshja-e-ohrit-akoma-nuk-eshte-permbushur\/#primaryimage\",\"inLanguage\":\"mk-MK\",\"url\":\"https:\/\/sdk.mk\/wp-content\/uploads\/2016\/08\/ZAN_67051.jpg\",\"width\":1500,\"height\":1000,\"caption\":\"\\u041d\\u0430 \\u043e\\u0434\\u0431\\u0435\\u043b\\u0435\\u0436\\u0443\\u0432\\u0430\\u045a\\u0435\\u0442\\u043e \\u043d\\u0430 15-\\u0433\\u043e\\u0434\\u0438\\u0448\\u043d\\u0438\\u043d\\u0430\\u0442\\u0430 \\u043d\\u0430 \\u041e\\u0445\\u0440\\u0438\\u0434\\u0441\\u043a\\u0438\\u043e\\u0442 \\u0440\\u0430\\u043c\\u043a\\u043e\\u0432\\u0435\\u043d \\u0434\\u043e\\u0433\\u043e\\u0432\\u043e\\u0440 \\u043d\\u0430 \\u041f\\u043e\\u043f\\u043e\\u0432\\u0430 \\u0428\\u0430\\u043f\\u043a\\u0430 \\u0431\\u0435\\u0430 \\u0438 \\u0430\\u043c\\u0435\\u0440\\u0438\\u043a\\u0430\\u043d\\u0441\\u043a\\u0438\\u043e\\u0442 \\u0430\\u043c\\u0431\\u0430\\u0441\\u0430\\u0434\\u043e\\u0440 \\u040f\\u0435\\u0441 \\u0411\\u0435\\u0458\\u043b\\u0438 \\u0438 \\u0432\\u0438\\u0446\\u0435\\u043f\\u0440\\u0435\\u043c\\u0438\\u0435\\u0440\\u043e\\u0442 \\u041d\\u0438\\u043a\\u043e\\u043b\\u0430 \\u0422\\u043e\\u0434\\u043e\\u0440\\u043e\\u0432 \\u043a\\u0430\\u043a\\u043e \\u043f\\u0440\\u0435\\u0442\\u0441\\u0442\\u0430\\u0432\\u043d\\u0438\\u043a \\u043d\\u0430 \\u0412\\u041c\\u0420\\u041e \\u0414\\u041f\\u041c\\u041d\\u0415 (\\u0424\\u043e\\u0442\\u043e: \\u0421\\u0414\\u041a.\\u041c\\u041a)\"},{\"@type\":\"WebPage\",\"@id\":\"https:\/\/sdk.mk\/index.php\/maqedonia\/per-ahmetin-marreveshja-e-ohrit-akoma-nuk-eshte-permbushur\/#webpage\",\"url\":\"https:\/\/sdk.mk\/index.php\/maqedonia\/per-ahmetin-marreveshja-e-ohrit-akoma-nuk-eshte-permbushur\/\",\"name\":\"P\\u00cbR AHMETIN MARR\\u00cbVESHJA E OHRIT AKOMA NUK \\u00cbSHT\\u00cb P\\u00cbRMBUSHUR - \\u0421\\u0430\\u043a\\u0430\\u043c \\u0414\\u0430 \\u041a\\u0430\\u0436\\u0430\\u043c\",\"isPartOf\":{\"@id\":\"https:\/\/sdk.mk\/#website\"},\"primaryImageOfPage\":{\"@id\":\"https:\/\/sdk.mk\/index.php\/maqedonia\/per-ahmetin-marreveshja-e-ohrit-akoma-nuk-eshte-permbushur\/#primaryimage\"},\"datePublished\":\"2016-08-14T08:15:13+00:00\",\"dateModified\":\"2016-08-14T08:15:13+00:00\",\"author\":{\"@id\":\"https:\/\/sdk.mk\/#\/schema\/person\/be7cfa6655c47f7195bfdd0ba8144aa2\"},\"inLanguage\":\"mk-MK\",\"potentialAction\":[{\"@type\":\"ReadAction\",\"target\":[\"https:\/\/sdk.mk\/index.php\/maqedonia\/per-ahmetin-marreveshja-e-ohrit-akoma-nuk-eshte-permbushur\/\"]}]},{\"@type\":\"Person\",\"@id\":\"https:\/\/sdk.mk\/#\/schema\/person\/be7cfa6655c47f7195bfdd0ba8144aa2\",\"name\":\"\\u0413\\u043e\\u0440\\u0430\\u043d \\u041c\\u0438\\u0445\\u0430\\u0458\\u043b\\u043e\\u0432\\u0441\\u043a\\u0438\"}]}<\/script>\n<!-- \/ Yoast SEO Premium plugin. -->","_links":{"self":[{"href":"https:\/\/sdk.mk\/index.php\/wp-json\/wp\/v2\/posts\/10446"}],"collection":[{"href":"https:\/\/sdk.mk\/index.php\/wp-json\/wp\/v2\/posts"}],"about":[{"href":"https:\/\/sdk.mk\/index.php\/wp-json\/wp\/v2\/types\/post"}],"author":[{"embeddable":true,"href":"https:\/\/sdk.mk\/index.php\/wp-json\/wp\/v2\/users\/1"}],"replies":[{"embeddable":true,"href":"https:\/\/sdk.mk\/index.php\/wp-json\/wp\/v2\/comments?post=10446"}],"version-history":[{"count":0,"href":"https:\/\/sdk.mk\/index.php\/wp-json\/wp\/v2\/posts\/10446\/revisions"}],"wp:featuredmedia":[{"embeddable":true,"href":"https:\/\/sdk.mk\/index.php\/wp-json\/wp\/v2\/media\/10418"}],"wp:attachment":[{"href":"https:\/\/sdk.mk\/index.php\/wp-json\/wp\/v2\/media?parent=10446"}],"wp:term":[{"taxonomy":"category","embeddable":true,"href":"https:\/\/sdk.mk\/index.php\/wp-json\/wp\/v2\/categories?post=10446"},{"taxonomy":"post_tag","embeddable":true,"href":"https:\/\/sdk.mk\/index.php\/wp-json\/wp\/v2\/tags?post=10446"}],"curies":[{"name":"wp","href":"https:\/\/api.w.org\/{rel}","templated":true}]}}