{"id":104465,"date":"2020-01-08T11:24:37","date_gmt":"2020-01-08T10:24:37","guid":{"rendered":"https:\/\/sdk.mk\/?p=104465"},"modified":"2020-01-08T11:25:09","modified_gmt":"2020-01-08T10:25:09","slug":"nje-familje-shtateanetareshe-ne-pelince-jeton-qe-shtate-vjet-pa-rryme-per-shkak-te-borxhit-te-trasheguar-prej-35-000-denareve","status":"publish","type":"post","link":"https:\/\/sdk.mk\/index.php\/histori-te-parrefyera\/nje-familje-shtateanetareshe-ne-pelince-jeton-qe-shtate-vjet-pa-rryme-per-shkak-te-borxhit-te-trasheguar-prej-35-000-denareve\/","title":{"rendered":"NJ\u00cb FAMILJE SHTAT\u00cbAN\u00cbTAR\u00cbSHE N\u00cb PELINC\u00cb JETON QE SHTAT\u00cb VJET PA RRYM\u00cb P\u00cbR SHKAK T\u00cb BORXHIT T\u00cb TRASH\u00cbGUAR PREJ 35.000 DENAR\u00cbVE"},"content":{"rendered":"<div class=\"f52428582a4b906b2d2e2a7d733c7d27\" data-index=\"7\" style=\"float: none; margin:10px 0 10px 0; text-align:center;\">\n<!-- MSP Ads Asynchronous JS Tag - Generated with Revive Adserver v5.4.1 -->\r\n<ins data-revive-zoneid=\"167\" data-revive-id=\"060fdb01f6430ec164d3519234aa4967\"><\/ins>\r\n<script async src=\"\/\/panel.ads.com.mk\/www\/delivery\/asyncjs.php\"><\/script>\n<\/div>\n<p>F\u00ebmij\u00ebt e familijes Trajkovski do ta kalojn\u00eb Vitin e Ri pa bredh dhe llampiona, sepse prind\u00ebrit e tyre nuk kan\u00eb mund\u00ebsi q\u00eb t\u2019ua blejn\u00eb. \u00cbsht\u00eb k\u00ebt\u00eb vit Millani (11), Tijana (10), Ivani (5), Lluna (3) dhe Melania (tet\u00ebmuajshe), do ta presin Vitin e ri n\u00eb err\u00ebsir\u00eb, nd\u00ebrkoh\u00eb q\u00eb so \u00e7do f\u00ebmij\u00eb kan\u00eb shum\u00eb \u00ebndrra dhe d\u00ebshira, t\u00eb parealizueshme p\u00ebr ta. F\u00ebmij\u00ebt e tyre, Dragan (35) dhe Monika (28) nuk jan\u00eb t\u00eb pun\u00ebsuar, jetojn\u00eb me ndihm\u00eb sociale e cila nuk mjafton p\u00ebr t\u00eb mbuluar as edhe harxhimet m\u00eb bazore t\u00eb jetes\u00ebs, e le m\u00eb t\u00eb mbes\u00eb di\u00e7ka p\u00ebr festat.<\/p>\n<p>\u201cJetojm\u00eb me 7.000 denar\u00eb. Nuk mb\u00ebrrijn\u00eb as edhe p\u00ebr gjysm\u00eb muaji. Do t\u00eb blejm\u00eb miell, vaj aty ku \u00ebsht\u00eb m\u00eb e nevojshme, kurse t\u00eb tjerat do t\u2019i presim vitin tjet\u00ebr apo n\u00ebse Dragani pun\u00ebsohet diku. Dy nga f\u00ebmij\u00ebt i kemi n\u00eb shkoll\u00eb, na duhen para p\u00ebr fletore, pajisje dhe veshje. Nuk marrin as kifle n\u00eb shkoll\u00eb, por marrin ushqim nga sht\u00ebpia apo ndonj\u00ebher\u00eb u japim para q\u00eb t\u00eb blejn\u00eb di\u00e7ka nga shitorja. Marko ka problem me syt\u00eb, kemi k\u00ebrkuar mjek p\u00ebr t\u00eb. Ai duhet t\u00eb mbaj\u00eb syze por ne nuk kem para q\u00eb t\u2019ia blejm\u00eb. T\u00eb gjith\u00eb p\u00ebrgatiten p\u00ebr festa, por ne nuk kemi se me \u00e7far\u00eb. Nuk kemi bredh, as llampiona, f\u00ebmij\u00ebt shikojn\u00eb televizion dhe g\u00ebzohen se nj\u00eb dit\u00eb do t\u00eb ken\u00eb edhe ata nj\u00eb televizor. Shpresojn\u00eb se do t\u00eb vij\u00eb Babagjyshi n\u00ebp\u00ebrmjet oxhakut q\u00eb t\u2019u vendos\u00eb dhurata n\u00ebn jast\u00ebk\u201d, thot\u00eb n\u00ebna Monika.<\/p>\n<div id=\"attachment_104462\" style=\"width: 660px\" class=\"wp-caption aligncenter\"><a href=\"https:\/\/sdk.mk\/wp-content\/uploads\/2020\/01\/kumanovo-semejstvo-1.jpg\"><img aria-describedby=\"caption-attachment-104462\" loading=\"lazy\" class=\"wp-image-104462 size-large\" src=\"https:\/\/sdk.mk\/wp-content\/uploads\/2020\/01\/kumanovo-semejstvo-1-650x341.jpg\" alt=\"\" width=\"650\" height=\"341\" srcset=\"https:\/\/sdk.mk\/wp-content\/uploads\/2020\/01\/kumanovo-semejstvo-1-650x341.jpg 650w, https:\/\/sdk.mk\/wp-content\/uploads\/2020\/01\/kumanovo-semejstvo-1-250x131.jpg 250w, https:\/\/sdk.mk\/wp-content\/uploads\/2020\/01\/kumanovo-semejstvo-1-400x210.jpg 400w, https:\/\/sdk.mk\/wp-content\/uploads\/2020\/01\/kumanovo-semejstvo-1-768x403.jpg 768w, https:\/\/sdk.mk\/wp-content\/uploads\/2020\/01\/kumanovo-semejstvo-1-150x79.jpg 150w, https:\/\/sdk.mk\/wp-content\/uploads\/2020\/01\/kumanovo-semejstvo-1.jpg 800w\" sizes=\"(max-width: 650px) 100vw, 650px\" \/><\/a><p id=\"caption-attachment-104462\" class=\"wp-caption-text\">Familja shtat\u00eban\u00ebtar\u00ebshe Trajkovski jeton n\u00eb nj\u00eb sht\u00ebpi t\u00eb rr\u00ebnuar prej pes\u00ebdhjet\u00eb metrash katror\u00eb. (Foto: SDK.MK)<\/p><\/div>\n<p>Dy nga f\u00ebmij\u00ebt m\u00eb t\u00eb rritur jan\u00eb nga martesa e par\u00eb e Monik\u00ebs dhe ata shkojn\u00eb n\u00eb shkoll\u00eb. Marko \u00ebsht\u00eb n\u00eb klas\u00eb t\u00eb gjasht\u00eb n\u00eb shkoll\u00ebn Dragomanc\u00eb, kurse Tijana n\u00eb t\u00eb pes\u00ebn n\u00eb shkoll\u00ebn \u201cHristijan Todorovski\u201d- Karposh n\u00eb Pelinc\u00eb. Nd\u00ebrkoh\u00eb q\u00eb ishim n\u00eb sht\u00ebpin\u00eb e tyre ajo u kthye nga shkolla. N\u00eb vend t\u00eb \u00e7izmeve mbante kllompa. Na tha se nuk ka t\u00eb ftoht\u00eb se shkolla e saj \u00ebsht\u00eb larg sht\u00ebpis\u00eb dhe se ajo kthehet n\u00eb k\u00ebmb\u00eb dhe nuk i pengon fakti q\u00eb k\u00ebpuc\u00ebt e saj nuk jan\u00eb t\u00eb p\u00ebrshtatshme p\u00ebr motin. Thot\u00eb se ka dhe patika, por d\u00ebshiron t\u00eb ket\u00eb \u00e7izme t\u00eb reja kur t\u00eb bij\u00eb bora e par\u00eb. Mir\u00ebpo, nuk e di n\u00ebse prind\u00ebrit e saj kan\u00eb mjaft para q\u00eb t\u2019ia blejn\u00eb.<\/p>\n<p>\u201cDua q\u00eb Babagjyshi t\u00eb m\u00eb sjell\u00eb \u00e7izme t\u00eb reja, nj\u00eb paqet\u00eb, nj\u00eb kompjuter dhe telefon, sepse nuk kam\u201d, tha vajza e vog\u00ebl e turp\u00ebruar, e cila \u00ebsht\u00eb nx\u00ebn\u00ebse shum\u00eb e mir\u00eb.<\/p>\n<p>Familja shtat\u00eban\u00ebtar\u00ebshe Trajkovski jeton nj\u00eb nj\u00eb sht\u00ebpi t\u00eb rr\u00ebnuar prej pes\u00ebdhjet\u00eb metrave katror\u00eb. Me mobilje t\u00eb pakta dhe pa banj\u00eb, kushte jo t\u00eb mira p\u00ebr nj\u00eb njeri dhe p\u00ebr jet\u00ebn n\u00eb shekullin 21. Rryma u \u00ebsht\u00eb ndalur p\u00ebr shkak t\u00eb borxhit q\u00eb kan\u00eb trash\u00ebguar nga banor\u00ebt e kaluar q\u00eb \u00ebsht\u00eb nj\u00eb shum\u00eb prej 35.000 denar\u00ebsh. Nuk kan\u00eb para q\u00eb ta shlyejn\u00eb, e k\u00ebshtu huazojn\u00eb nga fqinjt\u00eb e tyre m\u00ebnyr\u00ebn p\u00ebr t\u00eb lidhur frigoriferin apo televizorin. Kan\u00eb uj\u00eb nga uj\u00ebsjell\u00ebsi i fshatit, por nuk kan\u00eb banj\u00eb.<\/p>\n<p>\u201c\u201cU shp\u00ebrngul\u00ebm k\u00ebtu q\u00eb kur nd\u00ebrruan jet\u00eb prind\u00ebrit e gruas dhe e trash\u00ebguam borxhin e tyre t\u00eb rrym\u00ebs t\u00eb cilin nuk mundeshin ta paguajm\u00eb. Sht\u00ebpia \u00ebsht\u00eb e vjet\u00ebr. Kulmi \u00ebsht\u00eb n\u00eb rr\u00ebnim e sip\u00ebr, nj\u00ebri nga muret ka filluar t\u00eb shkat\u00ebrrohet, nuk kemi WC dhe lahemi me kov\u00eb. Ngrohim ujin k\u00ebtu n\u00eb dhom\u00eb pran\u00eb shporetit. Jetojm\u00eb me t\u00eb v\u00ebrtet\u00eb shum\u00eb r\u00ebnd\u00eb. F\u00ebmij\u00ebt nuk jan\u00eb t\u00eb uritur, ushqim kemi, e p\u00ebr gj\u00ebrat e tjera mundohemi t\u2019ia dalim. Shyqyr Zotit q\u00eb t\u00eb gjith\u00eb jan\u00eb t\u00eb urt\u00eb e t\u00eb d\u00ebgjuesh\u00ebm. Un\u00eb nuk kam mbaruar shkoll\u00eb, vet\u00ebm klas\u00ebn e kat\u00ebr dhe nuk kam pun\u00eb. Gruaja ime p\u00ebrkujdeset p\u00ebr f\u00ebmij\u00ebt. Gjat\u00eb ver\u00ebs \u00ebsht\u00eb pak m\u00eb e leht\u00eb, pasi punoj te disa njer\u00ebz n\u00ebp\u00ebr fshat dhe b\u00ebj ndonj\u00eb denar m\u00eb shum\u00eb, por gjat\u00eb dimrit \u00ebsht\u00eb shum\u00eb e v\u00ebshtir\u00eb\u201d, thot\u00eb Dragani.<\/p>\n<div id=\"attachment_104461\" style=\"width: 660px\" class=\"wp-caption aligncenter\"><a href=\"https:\/\/sdk.mk\/wp-content\/uploads\/2020\/01\/kumanovo-semejstvo-2.jpg\"><img aria-describedby=\"caption-attachment-104461\" loading=\"lazy\" class=\"wp-image-104461 size-large\" src=\"https:\/\/sdk.mk\/wp-content\/uploads\/2020\/01\/kumanovo-semejstvo-2-650x341.jpg\" alt=\"\" width=\"650\" height=\"341\" srcset=\"https:\/\/sdk.mk\/wp-content\/uploads\/2020\/01\/kumanovo-semejstvo-2-650x341.jpg 650w, https:\/\/sdk.mk\/wp-content\/uploads\/2020\/01\/kumanovo-semejstvo-2-250x131.jpg 250w, https:\/\/sdk.mk\/wp-content\/uploads\/2020\/01\/kumanovo-semejstvo-2-400x210.jpg 400w, https:\/\/sdk.mk\/wp-content\/uploads\/2020\/01\/kumanovo-semejstvo-2-768x403.jpg 768w, https:\/\/sdk.mk\/wp-content\/uploads\/2020\/01\/kumanovo-semejstvo-2-150x79.jpg 150w, https:\/\/sdk.mk\/wp-content\/uploads\/2020\/01\/kumanovo-semejstvo-2.jpg 800w\" sizes=\"(max-width: 650px) 100vw, 650px\" \/><\/a><p id=\"caption-attachment-104461\" class=\"wp-caption-text\">Nga fqinj\u00ebt huazojn\u00eb rrym\u00ebn q\u00eb u nevojitet p\u00ebr t\u00eb lidhur frigoriferin dhe televizorin. Kan\u00eb uj\u00eb nga uj\u00ebsjell\u00ebsi i fshatit, por nuk kan\u00eb banj\u00eb. (Foto: SDK.MK)<\/p><\/div>\n<p>N\u00eb at\u00eb dhom\u00eb t\u00eb err\u00ebt, mobilja e vjet\u00ebr dhe e rr\u00ebnuar nuk sh\u00ebrben m\u00eb p\u00ebr at\u00eb pun\u00eb. N\u00eb sht\u00ebpi nuk ka as aparate elektrike, kurse gjat\u00eb ver\u00ebs familja ndez zjarr q\u00eb t\u00eb pjek\u00eb buk\u00ebn dhe t\u00eb gatuaj\u00eb ushqim p\u00ebr f\u00ebmij\u00ebt.<\/p>\n<p>\u00c7do dit\u00eb e re p\u00ebr k\u00ebt\u00eb familje sjell nj\u00eb t\u00eb papritur dhe nuk e din\u00eb se si do t\u00eb mbijetojn\u00eb ose n\u00ebse f\u00ebmij\u00ebt e tyre do t\u00eb jen\u00eb mir\u00eb e do t\u00eb ndjekin rrug\u00ebn e drejt\u00eb. P\u00ebrpiqen dhe punojn\u00eb aq sa munden, por jeta n\u00eb fshat \u00ebsht\u00eb e ashp\u00ebr dhe puna \u00ebsht\u00eb e v\u00ebshtir\u00eb p\u00ebr t\u2019u gjetur.<\/p>\n<p>Kjo familje apelon drejt institucioneve dhe qytetar\u00ebve humane q\u00eb t\u2019u ndihmojn\u00eb me an\u00eb t\u00eb materialit nd\u00ebrtimor q\u00eb ta rregullojn\u00eb sht\u00ebpin\u00eb dhe t\u00eb nd\u00ebrtojn\u00eb nj\u00eb banj\u00eb. \u00c7do ndihm\u00eb tjet\u00ebr n\u00eb aspektin ushqimor, mobilje, aparatur\u00eb elektrike dhe \u00e7ar\u00e7af\u00eb \u00ebsht\u00eb e mir\u00ebpritur.<\/p>\n<p>Para festave t\u00eb fundvitit familja u vizitua edhe nga kryetarja e Komun\u00ebs Staro Nagori\u00e7ane Zhaklina Jovanovska dhe Kryqi i Kuq, i cili u d\u00ebrgoi paqeta ushqimore dhe higjienike, paqeta vjetore dhe loj\u00ebra.<\/p>\n<p>G\u00ebzimi dhe emocioni i f\u00ebmij\u00ebve nuk kishte kufi.<\/p>\n<p><strong><em>S. NIKOLIQ<\/em><\/strong><\/p>\n\n<div style=\"font-size: 0px; height: 0px; line-height: 0px; margin: 0; padding: 0; clear: both;\"><\/div>","protected":false},"excerpt":{"rendered":"<p>F\u00ebmij\u00ebt e familijes Trajkovski do ta kalojn\u00eb Vitin e Ri pa bredh dhe llampiona, sepse prind\u00ebrit e tyre nuk kan\u00eb [&hellip;]<\/p>\n","protected":false},"author":25,"featured_media":103877,"comment_status":"closed","ping_status":"closed","sticky":false,"template":"","format":"standard","meta":{"_mo_disable_npp":"","inline_featured_image":false},"categories":[3085,3095],"tags":[],"imageURL":"https:\/\/sdk.mk\/wp-content\/uploads\/2019\/12\/kumanovo-semejstvo-23898392-650x341.jpg","thumbURL":"https:\/\/sdk.mk\/wp-content\/uploads\/2019\/12\/kumanovo-semejstvo-23898392-250x131.jpg","categoryNames":["Histori t\u00eb parr\u00ebfyera","Rrjeti i korrespondent\u00ebve"],"feature_caption":"Kjo familje apelon drejt institucioneve dhe qytetar\u00ebve humane q\u00eb t\u2019u ndihmojn\u00eb me an\u00eb t\u00eb materialit nd\u00ebrtimor q\u00eb ta rregullojn\u00eb sht\u00ebpin\u00eb dhe t\u00eb nd\u00ebrtojn\u00eb nj\u00eb banj\u00eb. \u00c7do ndihm\u00eb tjet\u00ebr n\u00eb aspektin ushqimor, mobilje, aparatur\u00eb elektrike dhe \u00e7ar\u00e7af\u00eb \u00ebsht\u00eb e mir\u00ebpritur.","subtitle":"Familja shtat\u00eban\u00ebtar\u00ebshe Trajkovski nga fshati Pelinc\u00eb, komuna Staro Nagori\u00e7ane, i kaloi festat e fundvitit me nj\u00eb tryez\u00eb t\u00eb zbrazur, p\u00ebr shkak t\u00eb gjendjes s\u00eb r\u00ebnd\u00eb financiare n\u00eb t\u00eb cil\u00ebn ndodhet. Vitin e Ri do ta presin me nj\u00eb llamp\u00eb, pasi rrym\u00ebn ua kan\u00eb ndaluar tashm\u00eb 7 vjet, p\u00ebr shkak t\u00eb borxhit t\u00eb njer\u00ebzve q\u00eb kan\u00eb banuar para tyre n\u00eb at\u00eb sht\u00ebpi. ","views":"23901","source":"Shkup, (SAKAMDAKAZAM.MK)","yoast_head":"<!-- This site is optimized with the Yoast SEO Premium plugin v15.0 - https:\/\/yoast.com\/wordpress\/plugins\/seo\/ -->\n<title>NJ\u00cb FAMILJE SHTAT\u00cbAN\u00cbTAR\u00cbSHE N\u00cb PELINC\u00cb JETON QE SHTAT\u00cb VJET PA RRYM\u00cb P\u00cbR SHKAK T\u00cb BORXHIT T\u00cb TRASH\u00cbGUAR PREJ 35.000 DENAR\u00cbVE - \u0421\u0430\u043a\u0430\u043c \u0414\u0430 \u041a\u0430\u0436\u0430\u043c<\/title>\n<meta name=\"robots\" content=\"index, follow, max-snippet:-1, max-image-preview:large, max-video-preview:-1\" \/>\n<link rel=\"canonical\" href=\"https:\/\/sdk.mk\/index.php\/histori-te-parrefyera\/nje-familje-shtateanetareshe-ne-pelince-jeton-qe-shtate-vjet-pa-rryme-per-shkak-te-borxhit-te-trasheguar-prej-35-000-denareve\/\" \/>\n<meta property=\"og:locale\" content=\"mk_MK\" \/>\n<meta property=\"og:type\" content=\"article\" \/>\n<meta property=\"og:title\" content=\"NJ\u00cb FAMILJE SHTAT\u00cbAN\u00cbTAR\u00cbSHE N\u00cb PELINC\u00cb JETON QE SHTAT\u00cb VJET PA RRYM\u00cb P\u00cbR SHKAK T\u00cb BORXHIT T\u00cb TRASH\u00cbGUAR PREJ 35.000 DENAR\u00cbVE - \u0421\u0430\u043a\u0430\u043c \u0414\u0430 \u041a\u0430\u0436\u0430\u043c\" \/>\n<meta property=\"og:description\" content=\"F\u00ebmij\u00ebt e familijes Trajkovski do ta kalojn\u00eb Vitin e Ri pa bredh dhe llampiona, sepse prind\u00ebrit e tyre nuk kan\u00eb [&hellip;]\" \/>\n<meta property=\"og:url\" content=\"https:\/\/sdk.mk\/index.php\/histori-te-parrefyera\/nje-familje-shtateanetareshe-ne-pelince-jeton-qe-shtate-vjet-pa-rryme-per-shkak-te-borxhit-te-trasheguar-prej-35-000-denareve\/\" \/>\n<meta property=\"og:site_name\" content=\"\u0421\u0430\u043a\u0430\u043c \u0414\u0430 \u041a\u0430\u0436\u0430\u043c\" \/>\n<meta property=\"article:published_time\" content=\"2020-01-08T10:24:37+00:00\" \/>\n<meta property=\"article:modified_time\" content=\"2020-01-08T10:25:09+00:00\" \/>\n<meta property=\"og:image\" content=\"https:\/\/sdk.mk\/wp-content\/uploads\/2019\/12\/kumanovo-semejstvo-23898392.jpg\" \/>\n\t<meta property=\"og:image:width\" content=\"800\" \/>\n\t<meta property=\"og:image:height\" content=\"420\" \/>\n<meta property=\"fb:app_id\" content=\"2407985809428537\" \/>\n<meta name=\"twitter:card\" content=\"summary\" \/>\n<script type=\"application\/ld+json\" class=\"yoast-schema-graph\">{\"@context\":\"https:\/\/schema.org\",\"@graph\":[{\"@type\":\"WebSite\",\"@id\":\"https:\/\/sdk.mk\/#website\",\"url\":\"https:\/\/sdk.mk\/\",\"name\":\"\\u0421\\u0430\\u043a\\u0430\\u043c \\u0414\\u0430 \\u041a\\u0430\\u0436\\u0430\\u043c\",\"description\":\"\\u0417\\u0430 \\u0441\\u043b\\u043e\\u0431\\u043e\\u0434\\u043e\\u0443\\u043c\\u043d\\u0438\",\"potentialAction\":[{\"@type\":\"SearchAction\",\"target\":\"https:\/\/sdk.mk\/?s={search_term_string}\",\"query-input\":\"required name=search_term_string\"}],\"inLanguage\":\"mk-MK\"},{\"@type\":\"ImageObject\",\"@id\":\"https:\/\/sdk.mk\/index.php\/histori-te-parrefyera\/nje-familje-shtateanetareshe-ne-pelince-jeton-qe-shtate-vjet-pa-rryme-per-shkak-te-borxhit-te-trasheguar-prej-35-000-denareve\/#primaryimage\",\"inLanguage\":\"mk-MK\",\"url\":\"https:\/\/sdk.mk\/wp-content\/uploads\/2019\/12\/kumanovo-semejstvo-23898392.jpg\",\"width\":800,\"height\":420},{\"@type\":\"WebPage\",\"@id\":\"https:\/\/sdk.mk\/index.php\/histori-te-parrefyera\/nje-familje-shtateanetareshe-ne-pelince-jeton-qe-shtate-vjet-pa-rryme-per-shkak-te-borxhit-te-trasheguar-prej-35-000-denareve\/#webpage\",\"url\":\"https:\/\/sdk.mk\/index.php\/histori-te-parrefyera\/nje-familje-shtateanetareshe-ne-pelince-jeton-qe-shtate-vjet-pa-rryme-per-shkak-te-borxhit-te-trasheguar-prej-35-000-denareve\/\",\"name\":\"NJ\\u00cb FAMILJE SHTAT\\u00cbAN\\u00cbTAR\\u00cbSHE N\\u00cb PELINC\\u00cb JETON QE SHTAT\\u00cb VJET PA RRYM\\u00cb P\\u00cbR SHKAK T\\u00cb BORXHIT T\\u00cb TRASH\\u00cbGUAR PREJ 35.000 DENAR\\u00cbVE - \\u0421\\u0430\\u043a\\u0430\\u043c \\u0414\\u0430 \\u041a\\u0430\\u0436\\u0430\\u043c\",\"isPartOf\":{\"@id\":\"https:\/\/sdk.mk\/#website\"},\"primaryImageOfPage\":{\"@id\":\"https:\/\/sdk.mk\/index.php\/histori-te-parrefyera\/nje-familje-shtateanetareshe-ne-pelince-jeton-qe-shtate-vjet-pa-rryme-per-shkak-te-borxhit-te-trasheguar-prej-35-000-denareve\/#primaryimage\"},\"datePublished\":\"2020-01-08T10:24:37+00:00\",\"dateModified\":\"2020-01-08T10:25:09+00:00\",\"author\":{\"@id\":\"https:\/\/sdk.mk\/#\/schema\/person\/737021aeacbe893f7e2c347186c5c7a1\"},\"inLanguage\":\"mk-MK\",\"potentialAction\":[{\"@type\":\"ReadAction\",\"target\":[\"https:\/\/sdk.mk\/index.php\/histori-te-parrefyera\/nje-familje-shtateanetareshe-ne-pelince-jeton-qe-shtate-vjet-pa-rryme-per-shkak-te-borxhit-te-trasheguar-prej-35-000-denareve\/\"]}]},{\"@type\":\"Person\",\"@id\":\"https:\/\/sdk.mk\/#\/schema\/person\/737021aeacbe893f7e2c347186c5c7a1\",\"name\":\"\\u0424\\u0458\\u043e\\u043b\\u0430 \\u0417\\u043b\\u0430\\u0442\\u043a\\u0443\"}]}<\/script>\n<!-- \/ Yoast SEO Premium plugin. -->","_links":{"self":[{"href":"https:\/\/sdk.mk\/index.php\/wp-json\/wp\/v2\/posts\/104465"}],"collection":[{"href":"https:\/\/sdk.mk\/index.php\/wp-json\/wp\/v2\/posts"}],"about":[{"href":"https:\/\/sdk.mk\/index.php\/wp-json\/wp\/v2\/types\/post"}],"author":[{"embeddable":true,"href":"https:\/\/sdk.mk\/index.php\/wp-json\/wp\/v2\/users\/25"}],"replies":[{"embeddable":true,"href":"https:\/\/sdk.mk\/index.php\/wp-json\/wp\/v2\/comments?post=104465"}],"version-history":[{"count":0,"href":"https:\/\/sdk.mk\/index.php\/wp-json\/wp\/v2\/posts\/104465\/revisions"}],"wp:featuredmedia":[{"embeddable":true,"href":"https:\/\/sdk.mk\/index.php\/wp-json\/wp\/v2\/media\/103877"}],"wp:attachment":[{"href":"https:\/\/sdk.mk\/index.php\/wp-json\/wp\/v2\/media?parent=104465"}],"wp:term":[{"taxonomy":"category","embeddable":true,"href":"https:\/\/sdk.mk\/index.php\/wp-json\/wp\/v2\/categories?post=104465"},{"taxonomy":"post_tag","embeddable":true,"href":"https:\/\/sdk.mk\/index.php\/wp-json\/wp\/v2\/tags?post=104465"}],"curies":[{"name":"wp","href":"https:\/\/api.w.org\/{rel}","templated":true}]}}