{"id":106039,"date":"2020-02-03T11:37:00","date_gmt":"2020-02-03T10:37:00","guid":{"rendered":"https:\/\/sdk.mk\/?p=106039"},"modified":"2020-02-03T11:37:00","modified_gmt":"2020-02-03T10:37:00","slug":"dua-qe-te-moshuarit-te-mendojne-per-te-ardhmen-thote-fizioterapisti-i-geriatrise-me-shikim-te-demtuar-aco-zanev","status":"publish","type":"post","link":"https:\/\/sdk.mk\/index.php\/histori-te-parrefyera\/dua-qe-te-moshuarit-te-mendojne-per-te-ardhmen-thote-fizioterapisti-i-geriatrise-me-shikim-te-demtuar-aco-zanev\/","title":{"rendered":"DUA Q\u00cb T\u00cb MOSHUARIT T\u00cb MENDOJN\u00cb P\u00cbR T\u00cb ARDHMEN, THOT\u00cb FIZIOTERAPISTI I GERIATRIS\u00cb ME SHIKIM T\u00cb D\u00cbMTUAR ACO ZANEV"},"content":{"rendered":"<div class=\"f52428582a4b906b2d2e2a7d733c7d27\" data-index=\"7\" style=\"float: none; margin:10px 0 10px 0; text-align:center;\">\n<!-- MSP Ads Asynchronous JS Tag - Generated with Revive Adserver v5.4.1 -->\r\n<ins data-revive-zoneid=\"167\" data-revive-id=\"060fdb01f6430ec164d3519234aa4967\"><\/ins>\r\n<script async src=\"\/\/panel.ads.com.mk\/www\/delivery\/asyncjs.php\"><\/script>\n<\/div>\n<p>Fizioterapeuti Aco Zanev \u00ebsht\u00eb person me shikim t\u00eb d\u00ebmtuar, i cili tashm\u00eb prej tridhjet\u00eb vjet\u00ebsh \u00ebsht\u00eb pun\u00ebsuar n\u00eb Spitalin e specializuar t\u00eb geriatris\u00eb dhe mjek\u00ebsis\u00eb palliative \u201c13 Noemvri\u201d n\u00eb Shkup.<\/p>\n<p>\u201cQ\u00eb n\u00eb mosh\u00eb t\u00eb re kam pasur d\u00ebshir\u00eb jet\u00ebsore t\u00eb b\u00ebhem fizioterapist dhe ja q\u00eb ia dola dhe mendoj se jam nj\u00eb mjek i suksessh\u00ebm\u201d, thot\u00eb ai.<\/p>\n<p>Zanevi ka kryer shkoll\u00ebn e mesme t\u00eb mjek\u00ebsis\u00eb n\u00eb Beograd n\u00eb vitin 1990 dhe pas gjasht\u00eb muajsh \u00ebsht\u00eb pun\u00ebsuar n\u00eb Spital, n\u00eb Geriatrin\u00eb e at\u00ebhershme, nd\u00ebrsa n\u00eb vitin 2013 \u00ebsht\u00eb diplomuar n\u00eb Fakultetin e mjek\u00ebsis\u00eb n\u00eb Shtip, n\u00eb deg\u00ebn e fizioterapis\u00eb.<\/p>\n<p>\u201cUn\u00eb jam rritur n\u00eb Geriatri\u201d, shprehet n\u00eb shaka e sip\u00ebr.<\/p>\n<div id=\"attachment_105993\" style=\"width: 1710px\" class=\"wp-caption aligncenter\"><a href=\"https:\/\/sdk.mk\/wp-content\/uploads\/2020\/02\/fizioterapevt-2.jpg\"><img aria-describedby=\"caption-attachment-105993\" loading=\"lazy\" class=\"wp-image-105993 size-full\" src=\"https:\/\/sdk.mk\/wp-content\/uploads\/2020\/02\/fizioterapevt-2.jpg\" alt=\"\" width=\"1700\" height=\"1226\" srcset=\"https:\/\/sdk.mk\/wp-content\/uploads\/2020\/02\/fizioterapevt-2.jpg 1700w, https:\/\/sdk.mk\/wp-content\/uploads\/2020\/02\/fizioterapevt-2-250x180.jpg 250w, https:\/\/sdk.mk\/wp-content\/uploads\/2020\/02\/fizioterapevt-2-400x288.jpg 400w, https:\/\/sdk.mk\/wp-content\/uploads\/2020\/02\/fizioterapevt-2-768x554.jpg 768w, https:\/\/sdk.mk\/wp-content\/uploads\/2020\/02\/fizioterapevt-2-650x469.jpg 650w, https:\/\/sdk.mk\/wp-content\/uploads\/2020\/02\/fizioterapevt-2-150x108.jpg 150w, https:\/\/sdk.mk\/wp-content\/uploads\/2020\/02\/fizioterapevt-2-800x577.jpg 800w, https:\/\/sdk.mk\/wp-content\/uploads\/2020\/02\/fizioterapevt-2-1200x865.jpg 1200w, https:\/\/sdk.mk\/wp-content\/uploads\/2020\/02\/fizioterapevt-2-1600x1154.jpg 1600w\" sizes=\"(max-width: 1700px) 100vw, 1700px\" \/><\/a><p id=\"caption-attachment-105993\" class=\"wp-caption-text\">\u201cP\u00ebr mua nj\u00eb fizioterapist i v\u00ebrtet\u00eb \u00ebsht\u00eb ai q\u00eb arrin t\u2019ia t\u00ebrheq\u00eb v\u00ebmendjen pacientit, ta b\u00ebj\u00eb t\u00eb mendoj\u00eb p\u00ebr di\u00e7ka tjet\u00ebr, p\u00ebr shembull p\u00ebr t\u00eb ardhmen e tij\u201d, thot\u00eb Zanevi. (Foto: Gj. Li\u00e7ovski)<\/p><\/div>\n<p>Zanevi thot\u00eb se gjat\u00eb arsimit t\u00eb tij ka p\u00ebrdorur kompjuter me komanda z\u00ebri dhe skrin rider, nd\u00ebrsa ve\u00e7an\u00ebrisht i ka ndihmuar fakti se n\u00eb Universitetin e Shtipit t\u00eb gjith\u00eb profesor\u00ebt e shkruanin literatur\u00ebn e tyre n\u00eb form\u00eb elektronike.<\/p>\n<p>Ai punon n\u00eb zyr\u00eb, p\u00ebr t\u00eb cil\u00ebn shprehet se \u00ebsht\u00eb pjes\u00eb e terapis\u00eb fizikale ku fizioterapisti aplikon ushtrime t\u00eb ndryshme p\u00ebr pacient\u00ebt, nga ato m\u00eb aktivet, deri tek ato q\u00eb kan\u00eb nevoj\u00eb p\u00ebr mb\u00ebshtetje, ushtrime m\u00eb pasive, ushtrime p\u00ebr gjymtyr\u00ebt e s\u00ebmura apo p\u00ebr gjymtyr\u00ebt e cunguara. Zanevi punon me pacient\u00eb q\u00eb nuk kan\u00eb gjymtyr\u00ebt e poshtme, dhe me kuadriplegji.<\/p>\n<p>\u201cN\u00eb p\u00ebrgjith\u00ebsi kemi t\u00eb b\u00ebjm\u00eb me pacient\u00eb t\u00eb akomoduar k\u00ebtu n\u00eb pjes\u00ebn geriatrike dhe n\u00eb shumic\u00ebn e rasteve k\u00ebta jan\u00eb njer\u00ebz n\u00eb mosh\u00eb dhe parandalimi i \u00e7do terapie fizikale \u00ebsht\u00eb parandalim i plag\u00ebve nga t\u00eb q\u00ebndruarit shtrir\u00eb, nga mosaktivizmi. Terapia fizikale ndihmon q\u00eb njeriu t\u00eb filloj\u00eb t\u00eb mendoj\u00eb m\u00eb shum\u00eb p\u00ebr veten e vet. Shum\u00eb nga njer\u00ebzit e moshuar thjesht dor\u00ebzohen dhe mendojn\u00eb se erdhi pleq\u00ebria dhe kaq ishte. Fizioterapisti, t\u00eb pakt\u00ebn p\u00ebr mua, \u00ebsht\u00eb ai q\u00eb arrin t\u2019ia t\u00ebrheq\u00eb v\u00ebmendjen pacienit drejt di\u00e7kaje tjet\u00ebr, ta b\u00ebj\u00eb t\u00eb mendoj\u00eb p\u00ebr di\u00e7ka tjet\u00ebr, p\u00ebr shembull p\u00ebr t\u00eb ardhmen e tij. Thjesht, ta b\u00ebsh q\u00eb problemin q\u00eb ai ka ta heq\u00eb nga mendja dhe ta b\u00ebsh q\u00eb \u00e7do ardhje e tij t\u00eb jet\u00eb interesante dhe di\u00e7ka e d\u00ebshiruar p\u00ebr t\u00eb\u201d, na shpjegoi Zanevi.<\/p>\n<div id=\"attachment_105995\" style=\"width: 1710px\" class=\"wp-caption aligncenter\"><a href=\"https:\/\/sdk.mk\/wp-content\/uploads\/2020\/02\/fizioterapevt-4.jpg\"><img aria-describedby=\"caption-attachment-105995\" loading=\"lazy\" class=\"wp-image-105995 size-full\" src=\"https:\/\/sdk.mk\/wp-content\/uploads\/2020\/02\/fizioterapevt-4.jpg\" alt=\"\" width=\"1700\" height=\"1171\" srcset=\"https:\/\/sdk.mk\/wp-content\/uploads\/2020\/02\/fizioterapevt-4.jpg 1700w, https:\/\/sdk.mk\/wp-content\/uploads\/2020\/02\/fizioterapevt-4-250x172.jpg 250w, https:\/\/sdk.mk\/wp-content\/uploads\/2020\/02\/fizioterapevt-4-400x276.jpg 400w, https:\/\/sdk.mk\/wp-content\/uploads\/2020\/02\/fizioterapevt-4-768x529.jpg 768w, https:\/\/sdk.mk\/wp-content\/uploads\/2020\/02\/fizioterapevt-4-650x448.jpg 650w, https:\/\/sdk.mk\/wp-content\/uploads\/2020\/02\/fizioterapevt-4-150x103.jpg 150w, https:\/\/sdk.mk\/wp-content\/uploads\/2020\/02\/fizioterapevt-4-800x551.jpg 800w, https:\/\/sdk.mk\/wp-content\/uploads\/2020\/02\/fizioterapevt-4-1200x827.jpg 1200w, https:\/\/sdk.mk\/wp-content\/uploads\/2020\/02\/fizioterapevt-4-1600x1102.jpg 1600w\" sizes=\"(max-width: 1700px) 100vw, 1700px\" \/><\/a><p id=\"caption-attachment-105995\" class=\"wp-caption-text\">\u201cUn\u00eb jam rritur n\u00eb Geriatri\u201d, thot\u00eb n\u00eb shaka e sip\u00ebr Zanevi. (Foto: Gj. Li\u00e7ovski)<\/p><\/div>\n<p>Zanevi tha se ai \u00ebsht\u00eb i pun\u00ebsuari i vet\u00ebm me invaliditet n\u00eb Spital dhe se personat me shikim t\u00eb d\u00ebmtuar punojn\u00eb n\u00eb Entin p\u00ebr rehabilitim mjek\u00ebsor n\u00eb Kozle.<\/p>\n<p>\u201cTrajtimi q\u00eb kan\u00eb fizioterapist\u00ebt e Entit \u00ebsht\u00eb krejt ndryshe. Sikur ta ken\u00eb t\u00eb ngulitur n\u00eb mendjen e tyre se nj\u00eb fizioterapist q\u00eb nuk sheh mund t\u00eb b\u00ebj\u00eb vet\u00ebm masazh dhe kaq. Un\u00eb nuk jam aspak dakord. T\u00eb gjith\u00eb ne kemi kaluar t\u00eb nj\u00ebjtin proces arsimor, t\u00eb nj\u00ebjt\u00ebn literatur\u00eb, t\u00eb nj\u00ebjtat pjes\u00eb praktike. K\u00ebtu fizioterapisti trajtohet me mir\u00ebkuptim dhe pranim. Personat me invaliditet duhet t\u00eb pranojn\u00eb se gjat\u00eb jet\u00ebs do t\u00eb mbajn\u00eb nj\u00eb barr\u00eb m\u00eb t\u00eb madhe. Kjo ka t\u00eb b\u00ebj\u00eb edhe me shoq\u00ebrin\u00eb ku jetojm\u00eb\u201d, thot\u00eb fizioterapisti Zanev.<\/p>\n<p>Nga eksperienca shum\u00ebvje\u00e7are n\u00eb Spital, Zanevi thot\u00eb se para disa vjet\u00ebsh ka pasur nj\u00eb paciente n\u00eb \u201cSju Rajder\u201d e cila ka pasur nj\u00eb fraktur\u00eb n\u00eb ij\u00eb dhe ka qen\u00eb e pal\u00ebvizshme.<\/p>\n<p>\u201cKishte nj\u00eb d\u00ebshir\u00eb t\u00eb madhe q\u00eb t\u00eb ngrihej dhe t\u00eb jetonte. Me pun\u00eb t\u00eb vazhdueshme ia doli. Ky \u00ebsht\u00eb nj\u00eb v\u00ebrtetim se nuk \u00ebsht\u00eb e v\u00ebrtet\u00eb se njer\u00ebzit q\u00eb vijn\u00eb k\u00ebtu vijn\u00eb dhe nuk kthehen m\u00eb. Ky \u00ebsht\u00eb nj\u00eb institucion ku njer\u00ebzit mund t\u00eb arrijn\u00eb t\u00eb p\u00ebrmir\u00ebsojn\u00eb sh\u00ebndetin e tyre dhe pastaj t\u00eb kthehen n\u00eb sht\u00ebpi\u201d, thot\u00eb Zanevi.<\/p>\n<p><em><strong>B. NESTOROSKA\u00a0<\/strong><\/em><\/p>\n\n<div style=\"font-size: 0px; height: 0px; line-height: 0px; margin: 0; padding: 0; clear: both;\"><\/div>","protected":false},"excerpt":{"rendered":"<p>Fizioterapeuti Aco Zanev \u00ebsht\u00eb person me shikim t\u00eb d\u00ebmtuar, i cili tashm\u00eb prej tridhjet\u00eb vjet\u00ebsh \u00ebsht\u00eb pun\u00ebsuar n\u00eb Spitalin e [&hellip;]<\/p>\n","protected":false},"author":25,"featured_media":105992,"comment_status":"closed","ping_status":"closed","sticky":false,"template":"","format":"standard","meta":{"_mo_disable_npp":"","inline_featured_image":false},"categories":[3085],"tags":[],"imageURL":"https:\/\/sdk.mk\/wp-content\/uploads\/2020\/02\/fizioterapevt-1-650x453.jpg","thumbURL":"https:\/\/sdk.mk\/wp-content\/uploads\/2020\/02\/fizioterapevt-1-250x174.jpg","categoryNames":["Histori t\u00eb parr\u00ebfyera"],"feature_caption":"Zanevi punon p\u00ebr 30 vjet n\u00eb terapi fizikale me pacient\u00eb pa gjymtyr\u00ebt e posht\u00ebm dhe kuadriplegji. (Foto: Gj. Li\u00e7ovski)","subtitle":"","views":"3224","source":"Shkup, (SAKAMDAKAZAM.MK)","yoast_head":"<!-- This site is optimized with the Yoast SEO Premium plugin v15.0 - https:\/\/yoast.com\/wordpress\/plugins\/seo\/ -->\n<title>DUA Q\u00cb T\u00cb MOSHUARIT T\u00cb MENDOJN\u00cb P\u00cbR T\u00cb ARDHMEN, THOT\u00cb FIZIOTERAPISTI I GERIATRIS\u00cb ME SHIKIM T\u00cb D\u00cbMTUAR ACO ZANEV - \u0421\u0430\u043a\u0430\u043c \u0414\u0430 \u041a\u0430\u0436\u0430\u043c<\/title>\n<meta name=\"robots\" content=\"index, follow, max-snippet:-1, max-image-preview:large, max-video-preview:-1\" \/>\n<link rel=\"canonical\" href=\"https:\/\/sdk.mk\/index.php\/histori-te-parrefyera\/dua-qe-te-moshuarit-te-mendojne-per-te-ardhmen-thote-fizioterapisti-i-geriatrise-me-shikim-te-demtuar-aco-zanev\/\" \/>\n<meta property=\"og:locale\" content=\"mk_MK\" \/>\n<meta property=\"og:type\" content=\"article\" \/>\n<meta property=\"og:title\" content=\"DUA Q\u00cb T\u00cb MOSHUARIT T\u00cb MENDOJN\u00cb P\u00cbR T\u00cb ARDHMEN, THOT\u00cb FIZIOTERAPISTI I GERIATRIS\u00cb ME SHIKIM T\u00cb D\u00cbMTUAR ACO ZANEV - \u0421\u0430\u043a\u0430\u043c \u0414\u0430 \u041a\u0430\u0436\u0430\u043c\" \/>\n<meta property=\"og:description\" content=\"Fizioterapeuti Aco Zanev \u00ebsht\u00eb person me shikim t\u00eb d\u00ebmtuar, i cili tashm\u00eb prej tridhjet\u00eb vjet\u00ebsh \u00ebsht\u00eb pun\u00ebsuar n\u00eb Spitalin e [&hellip;]\" \/>\n<meta property=\"og:url\" content=\"https:\/\/sdk.mk\/index.php\/histori-te-parrefyera\/dua-qe-te-moshuarit-te-mendojne-per-te-ardhmen-thote-fizioterapisti-i-geriatrise-me-shikim-te-demtuar-aco-zanev\/\" \/>\n<meta property=\"og:site_name\" content=\"\u0421\u0430\u043a\u0430\u043c \u0414\u0430 \u041a\u0430\u0436\u0430\u043c\" \/>\n<meta property=\"article:published_time\" content=\"2020-02-03T10:37:00+00:00\" \/>\n<meta property=\"og:image\" content=\"https:\/\/sdk.mk\/wp-content\/uploads\/2020\/02\/fizioterapevt-1.jpg\" \/>\n\t<meta property=\"og:image:width\" content=\"1700\" \/>\n\t<meta property=\"og:image:height\" content=\"1184\" \/>\n<meta property=\"fb:app_id\" content=\"2407985809428537\" \/>\n<meta name=\"twitter:card\" content=\"summary\" \/>\n<script type=\"application\/ld+json\" class=\"yoast-schema-graph\">{\"@context\":\"https:\/\/schema.org\",\"@graph\":[{\"@type\":\"WebSite\",\"@id\":\"https:\/\/sdk.mk\/#website\",\"url\":\"https:\/\/sdk.mk\/\",\"name\":\"\\u0421\\u0430\\u043a\\u0430\\u043c \\u0414\\u0430 \\u041a\\u0430\\u0436\\u0430\\u043c\",\"description\":\"\\u0417\\u0430 \\u0441\\u043b\\u043e\\u0431\\u043e\\u0434\\u043e\\u0443\\u043c\\u043d\\u0438\",\"potentialAction\":[{\"@type\":\"SearchAction\",\"target\":\"https:\/\/sdk.mk\/?s={search_term_string}\",\"query-input\":\"required name=search_term_string\"}],\"inLanguage\":\"mk-MK\"},{\"@type\":\"ImageObject\",\"@id\":\"https:\/\/sdk.mk\/index.php\/histori-te-parrefyera\/dua-qe-te-moshuarit-te-mendojne-per-te-ardhmen-thote-fizioterapisti-i-geriatrise-me-shikim-te-demtuar-aco-zanev\/#primaryimage\",\"inLanguage\":\"mk-MK\",\"url\":\"https:\/\/sdk.mk\/wp-content\/uploads\/2020\/02\/fizioterapevt-1.jpg\",\"width\":1700,\"height\":1184},{\"@type\":\"WebPage\",\"@id\":\"https:\/\/sdk.mk\/index.php\/histori-te-parrefyera\/dua-qe-te-moshuarit-te-mendojne-per-te-ardhmen-thote-fizioterapisti-i-geriatrise-me-shikim-te-demtuar-aco-zanev\/#webpage\",\"url\":\"https:\/\/sdk.mk\/index.php\/histori-te-parrefyera\/dua-qe-te-moshuarit-te-mendojne-per-te-ardhmen-thote-fizioterapisti-i-geriatrise-me-shikim-te-demtuar-aco-zanev\/\",\"name\":\"DUA Q\\u00cb T\\u00cb MOSHUARIT T\\u00cb MENDOJN\\u00cb P\\u00cbR T\\u00cb ARDHMEN, THOT\\u00cb FIZIOTERAPISTI I GERIATRIS\\u00cb ME SHIKIM T\\u00cb D\\u00cbMTUAR ACO ZANEV - \\u0421\\u0430\\u043a\\u0430\\u043c \\u0414\\u0430 \\u041a\\u0430\\u0436\\u0430\\u043c\",\"isPartOf\":{\"@id\":\"https:\/\/sdk.mk\/#website\"},\"primaryImageOfPage\":{\"@id\":\"https:\/\/sdk.mk\/index.php\/histori-te-parrefyera\/dua-qe-te-moshuarit-te-mendojne-per-te-ardhmen-thote-fizioterapisti-i-geriatrise-me-shikim-te-demtuar-aco-zanev\/#primaryimage\"},\"datePublished\":\"2020-02-03T10:37:00+00:00\",\"dateModified\":\"2020-02-03T10:37:00+00:00\",\"author\":{\"@id\":\"https:\/\/sdk.mk\/#\/schema\/person\/737021aeacbe893f7e2c347186c5c7a1\"},\"inLanguage\":\"mk-MK\",\"potentialAction\":[{\"@type\":\"ReadAction\",\"target\":[\"https:\/\/sdk.mk\/index.php\/histori-te-parrefyera\/dua-qe-te-moshuarit-te-mendojne-per-te-ardhmen-thote-fizioterapisti-i-geriatrise-me-shikim-te-demtuar-aco-zanev\/\"]}]},{\"@type\":\"Person\",\"@id\":\"https:\/\/sdk.mk\/#\/schema\/person\/737021aeacbe893f7e2c347186c5c7a1\",\"name\":\"\\u0424\\u0458\\u043e\\u043b\\u0430 \\u0417\\u043b\\u0430\\u0442\\u043a\\u0443\"}]}<\/script>\n<!-- \/ Yoast SEO Premium plugin. -->","_links":{"self":[{"href":"https:\/\/sdk.mk\/index.php\/wp-json\/wp\/v2\/posts\/106039"}],"collection":[{"href":"https:\/\/sdk.mk\/index.php\/wp-json\/wp\/v2\/posts"}],"about":[{"href":"https:\/\/sdk.mk\/index.php\/wp-json\/wp\/v2\/types\/post"}],"author":[{"embeddable":true,"href":"https:\/\/sdk.mk\/index.php\/wp-json\/wp\/v2\/users\/25"}],"replies":[{"embeddable":true,"href":"https:\/\/sdk.mk\/index.php\/wp-json\/wp\/v2\/comments?post=106039"}],"version-history":[{"count":0,"href":"https:\/\/sdk.mk\/index.php\/wp-json\/wp\/v2\/posts\/106039\/revisions"}],"wp:featuredmedia":[{"embeddable":true,"href":"https:\/\/sdk.mk\/index.php\/wp-json\/wp\/v2\/media\/105992"}],"wp:attachment":[{"href":"https:\/\/sdk.mk\/index.php\/wp-json\/wp\/v2\/media?parent=106039"}],"wp:term":[{"taxonomy":"category","embeddable":true,"href":"https:\/\/sdk.mk\/index.php\/wp-json\/wp\/v2\/categories?post=106039"},{"taxonomy":"post_tag","embeddable":true,"href":"https:\/\/sdk.mk\/index.php\/wp-json\/wp\/v2\/tags?post=106039"}],"curies":[{"name":"wp","href":"https:\/\/api.w.org\/{rel}","templated":true}]}}