{"id":107168,"date":"2020-02-17T15:28:00","date_gmt":"2020-02-17T14:28:00","guid":{"rendered":"https:\/\/sdk.mk\/?p=107168"},"modified":"2020-02-17T15:28:00","modified_gmt":"2020-02-17T14:28:00","slug":"qeveria-do-te-shpalle-konkurs-per-riperdorim-te-permendores-se-nene-terezes-kryetari-shilegov-thote-ma-jepni-dhe-do-ta-shkaterroj-menjehere","status":"publish","type":"post","link":"https:\/\/sdk.mk\/index.php\/uncategorized-sq\/qeveria-do-te-shpalle-konkurs-per-riperdorim-te-permendores-se-nene-terezes-kryetari-shilegov-thote-ma-jepni-dhe-do-ta-shkaterroj-menjehere\/","title":{"rendered":"QEVERIA DO T\u00cb SHPALL\u00cb KONKURS P\u00cbR RIP\u00cbRDORIM T\u00cb P\u00cbRMENDORES S\u00cb N\u00cbN\u00cb TEREZ\u00cbS, KRYETARI SHILEGOV THOT\u00cb MA JEPNI DHE DO TA SHKAT\u00cbRROJ MENJ\u00cbHER\u00cb"},"content":{"rendered":"<div class=\"f52428582a4b906b2d2e2a7d733c7d27\" data-index=\"7\" style=\"float: none; margin:10px 0 10px 0; text-align:center;\">\n<!-- MSP Ads Asynchronous JS Tag - Generated with Revive Adserver v5.4.1 -->\r\n<ins data-revive-zoneid=\"167\" data-revive-id=\"060fdb01f6430ec164d3519234aa4967\"><\/ins>\r\n<script async src=\"\/\/panel.ads.com.mk\/www\/delivery\/asyncjs.php\"><\/script>\n<\/div>\n<p>P\u00ebr p\u00ebrmendoren e pap\u00ebrfunduar 32 metr\u00ebshe t\u00eb N\u00ebn\u00ebs Terez\u00eb, e cila e shkel Kushtetut\u00ebn dhe nj\u00eb ser\u00eb ligjesh t\u00eb tjera pasi ndodhet n\u00eb nj\u00eb rrug\u00eb k\u00ebmb\u00ebsore n\u00eb hyrje t\u00eb Sheshit Maqedonia, Qeveria vazhdon ta \u00e7oj\u00eb m\u00eb tej procedur\u00ebn p\u00ebr t\u00eb gjetur nj\u00eb m\u00ebnyr\u00eb se si ta rr\u00ebnoj\u00eb at\u00eb. P\u00ebr muret e betonit do t\u00eb shpellet konkurs p\u00ebr gjetjen e nj\u00eb zgjidhje se si t\u00eb mund t\u00eb rip\u00ebrdoret kjo hap\u00ebsir\u00eb. Konkursi pritet q\u00eb t\u00eb shpallet gjat\u00eb k\u00ebtij muaji, si rezultat i vendimit t\u00eb Qeveris\u00eb q\u00eb p\u00ebrmendorja t\u00eb mos r\u00ebnohet, pasi kjo do t\u00eb kushtoj\u00eb m\u00eb shum\u00eb se sa rip\u00ebrdorimi i objektit.<\/p>\n<p>Qeveria mori nj\u00eb vendim t\u00eb k\u00ebtill\u00eb krahas raportit dhe rekomandimeve t\u00eb grupit punues p\u00ebr \u201cShkupi 2014\u201d, i cili u formua pik\u00ebrisht nga Qeveria. N\u00eb rekomandimin e grupit punues nuk \u00ebsht\u00eb \u00e7\u00ebshtje rip\u00ebrdorimi por fakti se ai objeck nuk duhet t\u00eb ekzistoj\u00eb fare pasi me ekzistenc\u00ebn e tij shkelen shum\u00eb ligje.<\/p>\n<p>N\u00eb faqen p\u00ebr prokurime publike, n\u00eb Planin p\u00ebr prokurime publike t\u00eb Ministris\u00eb s\u00eb kultur\u00ebs n\u00eb muajin shkurt thuhet se do t\u00eb shpallet nj\u00eb konkurse p\u00ebr p\u00ebrzgjedhje t\u00eb nj\u00eb zgjidhjeje ideore arkitektonike p\u00ebr t\u00eb gjetur nj\u00eb zgjidhje se si t\u00eb mund t\u00eb rip\u00ebrdoret ky objekt me nj\u00eb kompozim skulpturor, i cili do t\u00eb p\u00ebrfundoj\u00eb me ndarjen e \u00e7mimeve.<\/p>\n<div id=\"attachment_106840\" style=\"width: 1610px\" class=\"wp-caption aligncenter\"><a href=\"https:\/\/sdk.mk\/wp-content\/uploads\/2020\/02\/majka-tereza-spomenik-13.02.2020-dgdg.jpg\"><img aria-describedby=\"caption-attachment-106840\" loading=\"lazy\" class=\"wp-image-106840 size-full\" src=\"https:\/\/sdk.mk\/wp-content\/uploads\/2020\/02\/majka-tereza-spomenik-13.02.2020-dgdg.jpg\" alt=\"\" width=\"1600\" height=\"1105\" srcset=\"https:\/\/sdk.mk\/wp-content\/uploads\/2020\/02\/majka-tereza-spomenik-13.02.2020-dgdg.jpg 1600w, https:\/\/sdk.mk\/wp-content\/uploads\/2020\/02\/majka-tereza-spomenik-13.02.2020-dgdg-250x173.jpg 250w, https:\/\/sdk.mk\/wp-content\/uploads\/2020\/02\/majka-tereza-spomenik-13.02.2020-dgdg-400x276.jpg 400w, https:\/\/sdk.mk\/wp-content\/uploads\/2020\/02\/majka-tereza-spomenik-13.02.2020-dgdg-768x530.jpg 768w, https:\/\/sdk.mk\/wp-content\/uploads\/2020\/02\/majka-tereza-spomenik-13.02.2020-dgdg-650x449.jpg 650w, https:\/\/sdk.mk\/wp-content\/uploads\/2020\/02\/majka-tereza-spomenik-13.02.2020-dgdg-150x104.jpg 150w, https:\/\/sdk.mk\/wp-content\/uploads\/2020\/02\/majka-tereza-spomenik-13.02.2020-dgdg-800x553.jpg 800w, https:\/\/sdk.mk\/wp-content\/uploads\/2020\/02\/majka-tereza-spomenik-13.02.2020-dgdg-1200x829.jpg 1200w\" sizes=\"(max-width: 1600px) 100vw, 1600px\" \/><\/a><p id=\"caption-attachment-106840\" class=\"wp-caption-text\">Qeveria ka marr\u00eb vendim q\u00eb p\u00ebrmendorja t\u00eb vihet n\u00eb rip\u00ebdroim krahas rekomandimeve t\u00eb grupit punues p\u00ebr \u201cShkup 2014\u201d i cila u formua pik\u00ebrisht nga Qeveria q\u00eb thot\u00eb se objekti duhet rr\u00ebnuar. (Foto: Gj. Li\u00e7ovski)<\/p><\/div>\n<p>\u201cP\u00ebr periudh\u00ebn n\u00eb vijim parashikohet nj\u00eb subjekt p\u00ebr prokurim publik p\u00ebr z\u00ebvend\u00ebsim t\u00eb nj\u00eb projekti t\u00eb bazuar n\u00eb proces nd\u00ebrtimi.\u00a0 Ministria p\u00ebr kultur\u00eb n\u00eb p\u00ebrgjith\u00ebsi do ta ndjek\u00eb procedur\u00ebn p\u00ebr prokurime publike. Bashk\u00eb me dokumentacionin p\u00ebr prokurime publike do t\u00eb dal\u00eb edhe shuma e cila \u00ebsht\u00eb e nevojshme p\u00ebr p\u00ebrfundimin e saj\u201d, thon\u00eb nga Ministria e kultur\u00ebs.<\/p>\n<p>Deri m\u00eb tani, firm\u00ebs nd\u00ebrtimore \u201cBeton SHA Shkupi\u201d p\u00ebr \u00a0k\u00ebt\u00eb projekt i jan\u00eb paguar diku rreth 2 milion\u00eb euro. Q\u00eb kur u ndaluan pun\u00ebt nd\u00ebrtimore, marr\u00ebveshja me \u201cBeton\u201d nuk u prish.<\/p>\n<p>\u201cEkziston mund\u00ebsia p\u00ebr ta vazhduar k\u00ebt\u00eb realizim projekti, p\u00ebr ta prishur nga t\u00eb dyja pal\u00ebt apo edhe nga nj\u00ebra pal\u00eb\u201d, thon\u00eb nga Ministria e kultur\u00ebs.<\/p>\n<p>Deri sa nga Qeveria nuk heqin dor\u00eb nga ideja q\u00eb t\u00eb shkat\u00ebrrohet kjo p\u00ebrmendore e projektit \u201cShkupi 2014\u201d dhe vazdon procedura q\u00eb hap\u00ebsira t\u00eb rip\u00ebrdoret p\u00ebr di\u00e7ka tjet\u00ebr kryetari i Shkupit Petre Shilegov konsdieron se ai duhet t\u00eb rr\u00ebnohet. Ai b\u00ebn thirrje drejt Qeveris\u00eb q\u00eb n\u00ebse ajo nuk \u00ebsht\u00eb e gatshme ta b\u00ebj\u00eb k\u00ebt\u00eb gj\u00eb, t\u2019ia kaloj\u00eb atij detyrimin dhe ai do ta largoj\u00eb menj\u00ebher\u00eb k\u00ebt\u00eb objekt.<\/p>\n<div id=\"attachment_106496\" style=\"width: 310px\" class=\"wp-caption alignright\"><a href=\"https:\/\/sdk.mk\/wp-content\/uploads\/2020\/02\/petre-silegov-vo-drisla-07.02.2020.jpg\"><img aria-describedby=\"caption-attachment-106496\" loading=\"lazy\" class=\"wp-image-106496 size-medium\" src=\"https:\/\/sdk.mk\/wp-content\/uploads\/2020\/02\/petre-silegov-vo-drisla-07.02.2020-400x283.jpg\" alt=\"\" width=\"300\" height=\"212\" srcset=\"https:\/\/sdk.mk\/wp-content\/uploads\/2020\/02\/petre-silegov-vo-drisla-07.02.2020-400x283.jpg 400w, https:\/\/sdk.mk\/wp-content\/uploads\/2020\/02\/petre-silegov-vo-drisla-07.02.2020-250x177.jpg 250w, https:\/\/sdk.mk\/wp-content\/uploads\/2020\/02\/petre-silegov-vo-drisla-07.02.2020-768x543.jpg 768w, https:\/\/sdk.mk\/wp-content\/uploads\/2020\/02\/petre-silegov-vo-drisla-07.02.2020-650x459.jpg 650w, https:\/\/sdk.mk\/wp-content\/uploads\/2020\/02\/petre-silegov-vo-drisla-07.02.2020-150x106.jpg 150w, https:\/\/sdk.mk\/wp-content\/uploads\/2020\/02\/petre-silegov-vo-drisla-07.02.2020-800x565.jpg 800w, https:\/\/sdk.mk\/wp-content\/uploads\/2020\/02\/petre-silegov-vo-drisla-07.02.2020-1200x848.jpg 1200w, https:\/\/sdk.mk\/wp-content\/uploads\/2020\/02\/petre-silegov-vo-drisla-07.02.2020-1600x1130.jpg 1600w, https:\/\/sdk.mk\/wp-content\/uploads\/2020\/02\/petre-silegov-vo-drisla-07.02.2020.jpg 1700w\" sizes=\"(max-width: 300px) 100vw, 300px\" \/><\/a><p id=\"caption-attachment-106496\" class=\"wp-caption-text\">P\u00ebr fat t\u00eb keq nga pushteti qendror nuk kemi ndonj\u00eb mb\u00ebshtetje p\u00ebr projektin \u201cShkupi 2014\u201d. N\u00ebse m\u00eb pyesni personalisht, un\u00eb do t\u00eb kisha mbajtur nj\u00eb q\u00ebndrim m\u00eb radikal kundrejt k\u00ebtyre ndryshimeve shum\u00eb t\u00eb nevojshme. (Foto: SDK.MK)<\/p><\/div>\n<p>\u201cP\u00ebrmendorja e N\u00ebn\u00eb Terez\u00ebs ndodhet n\u00eb rrug\u00ebn Orce Nikollov, q\u00eb \u00ebsht\u00eb nj\u00eb rrethim artificial i rrjedh\u00ebs s\u00eb natyrshme t\u00eb l\u00ebvizjes n\u00eb hyrje t\u00eb sheshit. Un\u00eb personalisht, si kryetar i qytetit t\u00eb Shkupit k\u00ebrkova nga Qeveria dhe nga Ministria e kultur\u00ebs q\u00eb ky objekt i pap\u00ebrfunduar t\u00eb mund t\u2019i jepet n\u00ebn ingerenca qytetit t\u00eb Shkupit, n\u00eb m\u00ebnyr\u00eb q\u00eb t\u00eb rr\u00ebnohet. P\u00ebr fat t\u00eb keq, nga pushteti qendror nuk kemi pasur p\u00ebrgjigje n\u00eb lidhje me projektin \u201cShkupi 2014\u201d.\u00a0 N\u00ebse m\u00eb pyesni mua personlsiht, do t\u00eb kisha nj\u00eb q\u00ebndrim m\u00eb radikal kundrejt projektit \u201cShkupoi 2014\u201d. P\u00ebr fat t\u00eb keq, n\u00eb munges\u00eb t\u00eb koh\u00ebs, apo t\u00eb fokusit t\u00eb interesave t\u00eb pushtetit qendor, nuk kemi hasur n\u00eb bashk\u00ebpunim t\u00eb plot\u00eb. T\u00eb ishte p\u00ebr qytetin e Shkupit, rruga Orce Nikollov deri m\u00eb tani do t\u00eb ishte nj\u00eb kalim i hapur\u201d, thot\u00eb Shilegovi.<\/p>\n<p>Mirosllav G\u00ebr\u00e7evi, koordinatori i grupit t\u00eb pun\u00ebs i cili mori vendimin q\u00eb objekti t\u00eb rr\u00ebndohet, e t\u00eb mos rip\u00ebrdoret, thot\u00eb se nd\u00ebrtimi i k\u00ebsaj p\u00ebrmendoreje \u00ebsht\u00eb nj\u00eb shkelje shum\u00eb e r\u00ebnd\u00eb e disa ligjeve, rregullores ligjore dhe sundimit t\u00eb s\u00eb drejt\u00ebs.<\/p>\n<div id=\"attachment_106841\" style=\"width: 1610px\" class=\"wp-caption aligncenter\"><a href=\"https:\/\/sdk.mk\/wp-content\/uploads\/2020\/02\/majka-tereza-spomenik-13.02.2020.jpg\"><img aria-describedby=\"caption-attachment-106841\" loading=\"lazy\" class=\"wp-image-106841 size-full\" src=\"https:\/\/sdk.mk\/wp-content\/uploads\/2020\/02\/majka-tereza-spomenik-13.02.2020.jpg\" alt=\"\" width=\"1600\" height=\"900\" srcset=\"https:\/\/sdk.mk\/wp-content\/uploads\/2020\/02\/majka-tereza-spomenik-13.02.2020.jpg 1600w, https:\/\/sdk.mk\/wp-content\/uploads\/2020\/02\/majka-tereza-spomenik-13.02.2020-250x141.jpg 250w, https:\/\/sdk.mk\/wp-content\/uploads\/2020\/02\/majka-tereza-spomenik-13.02.2020-400x225.jpg 400w, https:\/\/sdk.mk\/wp-content\/uploads\/2020\/02\/majka-tereza-spomenik-13.02.2020-768x432.jpg 768w, https:\/\/sdk.mk\/wp-content\/uploads\/2020\/02\/majka-tereza-spomenik-13.02.2020-650x366.jpg 650w, https:\/\/sdk.mk\/wp-content\/uploads\/2020\/02\/majka-tereza-spomenik-13.02.2020-150x84.jpg 150w, https:\/\/sdk.mk\/wp-content\/uploads\/2020\/02\/majka-tereza-spomenik-13.02.2020-800x450.jpg 800w, https:\/\/sdk.mk\/wp-content\/uploads\/2020\/02\/majka-tereza-spomenik-13.02.2020-1200x675.jpg 1200w\" sizes=\"(max-width: 1600px) 100vw, 1600px\" \/><\/a><p id=\"caption-attachment-106841\" class=\"wp-caption-text\">Me nd\u00ebrtimin e k\u00ebsaj p\u00ebrmendoreje shkelen Ligji p\u00ebr nd\u00ebrtim, Ligji p\u00ebr p\u00ebrmendore, Ligji p\u00ebr buxhet, Ligji p\u00ebr nd\u00ebrtim dhe planifikim urbanistik, konstatohet n\u00eb raportin e grupi t\u00eb pun\u00ebs p\u00ebr projektin \u201cShkupi 2014\u201d, i formuar nga Qeveria (Foto: Gj. Li\u00e7ovski)<\/p><\/div>\n<p>P\u00ebrmendorja e N\u00ebn\u00ebs Terez\u00eb u paraqit si nj\u00eb donacion nga firma \u201cSahara Indija\u201d, \u00a0pron\u00eb e biznesmenit kontravers Subrata Roj. Ai, bashk\u00eb me kryeministrin e at\u00ebhersh\u00ebm Nikolla Gruevski n\u00eb janar t\u00eb viti 2013 e lajm\u00ebruan projektin e ri duke e hapur pllak\u00ebn e N\u00ebn\u00ebs Terez\u00eb n\u00eb sheshin Maqedonia, n\u00eb vendin ku do t\u00eb nd\u00ebrtohet p\u00ebrmendorja. Q\u00eb kur Roj shkoi n\u00eb burg, nuk ka pagur d\u00ebmshp\u00ebrblim p\u00ebr insvestitor\u00ebt q\u00eb ka mashtruar n\u00eb Indi. Qeveria e Gruevskit n\u00ebp\u00ebrmjet Ministris\u00eb s\u00eb kultur\u00ebs dhe ministers s\u00eb at\u00ebhershme Elizabeta Kam\u00e7eska-Milevska e kan\u00eb marr\u00eb p\u00ebrsip\u00ebr projektin. Fillimi zyrtar i pun\u00ebve nd\u00ebrtimore ishte n\u00eb tetor 2015, kurse vlera e marr\u00ebveshjes p\u00ebr nd\u00ebrtimin e tij ka qen\u00eb 5,5 milion\u00eb euro.<\/p>\n<p><strong><em>A. ANTEVSKA <\/em><\/strong><\/p>\n\n<div style=\"font-size: 0px; height: 0px; line-height: 0px; margin: 0; padding: 0; clear: both;\"><\/div>","protected":false},"excerpt":{"rendered":"<p>P\u00ebr p\u00ebrmendoren e pap\u00ebrfunduar 32 metr\u00ebshe t\u00eb N\u00ebn\u00ebs Terez\u00eb, e cila e shkel Kushtetut\u00ebn dhe nj\u00eb ser\u00eb ligjesh t\u00eb tjera [&hellip;]<\/p>\n","protected":false},"author":25,"featured_media":106839,"comment_status":"closed","ping_status":"closed","sticky":false,"template":"","format":"standard","meta":{"_mo_disable_npp":"","inline_featured_image":false},"categories":[1794],"tags":[],"imageURL":"https:\/\/sdk.mk\/wp-content\/uploads\/2020\/02\/spomenik-na-majka-tereza-13.10.2020-650x441.jpg","thumbURL":"https:\/\/sdk.mk\/wp-content\/uploads\/2020\/02\/spomenik-na-majka-tereza-13.10.2020-250x170.jpg","categoryNames":["Uncategorized"],"feature_caption":"P\u00ebr murin e betonit, p\u00ebr t\u00eb cil\u00ebn deri m\u00eb tani jan\u00eb shpenzuar plot 2 milion\u00eb euro, s\u00eb shpejti do t\u00eb shpallet nj\u00eb konkurs p\u00ebr gjetjen e nj\u00eb zgjidhje p\u00ebr ta rip\u00ebrdorur hap\u00ebsir\u00ebn (Foto: Gj. Li\u00e7ovski) ","subtitle":"","views":"4266","source":"Shkup, (SAKAMDAKAZAM.MK)","yoast_head":"<!-- This site is optimized with the Yoast SEO Premium plugin v15.0 - https:\/\/yoast.com\/wordpress\/plugins\/seo\/ -->\n<title>QEVERIA DO T\u00cb SHPALL\u00cb KONKURS P\u00cbR RIP\u00cbRDORIM T\u00cb P\u00cbRMENDORES S\u00cb N\u00cbN\u00cb TEREZ\u00cbS, KRYETARI SHILEGOV THOT\u00cb MA JEPNI DHE DO TA SHKAT\u00cbRROJ MENJ\u00cbHER\u00cb - \u0421\u0430\u043a\u0430\u043c \u0414\u0430 \u041a\u0430\u0436\u0430\u043c<\/title>\n<meta name=\"robots\" content=\"index, follow, max-snippet:-1, max-image-preview:large, max-video-preview:-1\" \/>\n<link rel=\"canonical\" href=\"https:\/\/sdk.mk\/index.php\/uncategorized-sq\/qeveria-do-te-shpalle-konkurs-per-riperdorim-te-permendores-se-nene-terezes-kryetari-shilegov-thote-ma-jepni-dhe-do-ta-shkaterroj-menjehere\/\" \/>\n<meta property=\"og:locale\" content=\"mk_MK\" \/>\n<meta property=\"og:type\" content=\"article\" \/>\n<meta property=\"og:title\" content=\"QEVERIA DO T\u00cb SHPALL\u00cb KONKURS P\u00cbR RIP\u00cbRDORIM T\u00cb P\u00cbRMENDORES S\u00cb N\u00cbN\u00cb TEREZ\u00cbS, KRYETARI SHILEGOV THOT\u00cb MA JEPNI DHE DO TA SHKAT\u00cbRROJ MENJ\u00cbHER\u00cb - \u0421\u0430\u043a\u0430\u043c \u0414\u0430 \u041a\u0430\u0436\u0430\u043c\" \/>\n<meta property=\"og:description\" content=\"P\u00ebr p\u00ebrmendoren e pap\u00ebrfunduar 32 metr\u00ebshe t\u00eb N\u00ebn\u00ebs Terez\u00eb, e cila e shkel Kushtetut\u00ebn dhe nj\u00eb ser\u00eb ligjesh t\u00eb tjera [&hellip;]\" \/>\n<meta property=\"og:url\" content=\"https:\/\/sdk.mk\/index.php\/uncategorized-sq\/qeveria-do-te-shpalle-konkurs-per-riperdorim-te-permendores-se-nene-terezes-kryetari-shilegov-thote-ma-jepni-dhe-do-ta-shkaterroj-menjehere\/\" \/>\n<meta property=\"og:site_name\" content=\"\u0421\u0430\u043a\u0430\u043c \u0414\u0430 \u041a\u0430\u0436\u0430\u043c\" \/>\n<meta property=\"article:published_time\" content=\"2020-02-17T14:28:00+00:00\" \/>\n<meta property=\"og:image\" content=\"https:\/\/sdk.mk\/wp-content\/uploads\/2020\/02\/spomenik-na-majka-tereza-13.10.2020.jpg\" \/>\n\t<meta property=\"og:image:width\" content=\"1600\" \/>\n\t<meta property=\"og:image:height\" content=\"1085\" \/>\n<meta property=\"fb:app_id\" content=\"2407985809428537\" \/>\n<meta name=\"twitter:card\" content=\"summary\" \/>\n<script type=\"application\/ld+json\" class=\"yoast-schema-graph\">{\"@context\":\"https:\/\/schema.org\",\"@graph\":[{\"@type\":\"WebSite\",\"@id\":\"https:\/\/sdk.mk\/#website\",\"url\":\"https:\/\/sdk.mk\/\",\"name\":\"\\u0421\\u0430\\u043a\\u0430\\u043c \\u0414\\u0430 \\u041a\\u0430\\u0436\\u0430\\u043c\",\"description\":\"\\u0417\\u0430 \\u0441\\u043b\\u043e\\u0431\\u043e\\u0434\\u043e\\u0443\\u043c\\u043d\\u0438\",\"potentialAction\":[{\"@type\":\"SearchAction\",\"target\":\"https:\/\/sdk.mk\/?s={search_term_string}\",\"query-input\":\"required name=search_term_string\"}],\"inLanguage\":\"mk-MK\"},{\"@type\":\"ImageObject\",\"@id\":\"https:\/\/sdk.mk\/index.php\/uncategorized-sq\/qeveria-do-te-shpalle-konkurs-per-riperdorim-te-permendores-se-nene-terezes-kryetari-shilegov-thote-ma-jepni-dhe-do-ta-shkaterroj-menjehere\/#primaryimage\",\"inLanguage\":\"mk-MK\",\"url\":\"https:\/\/sdk.mk\/wp-content\/uploads\/2020\/02\/spomenik-na-majka-tereza-13.10.2020.jpg\",\"width\":1600,\"height\":1085},{\"@type\":\"WebPage\",\"@id\":\"https:\/\/sdk.mk\/index.php\/uncategorized-sq\/qeveria-do-te-shpalle-konkurs-per-riperdorim-te-permendores-se-nene-terezes-kryetari-shilegov-thote-ma-jepni-dhe-do-ta-shkaterroj-menjehere\/#webpage\",\"url\":\"https:\/\/sdk.mk\/index.php\/uncategorized-sq\/qeveria-do-te-shpalle-konkurs-per-riperdorim-te-permendores-se-nene-terezes-kryetari-shilegov-thote-ma-jepni-dhe-do-ta-shkaterroj-menjehere\/\",\"name\":\"QEVERIA DO T\\u00cb SHPALL\\u00cb KONKURS P\\u00cbR RIP\\u00cbRDORIM T\\u00cb P\\u00cbRMENDORES S\\u00cb N\\u00cbN\\u00cb TEREZ\\u00cbS, KRYETARI SHILEGOV THOT\\u00cb MA JEPNI DHE DO TA SHKAT\\u00cbRROJ MENJ\\u00cbHER\\u00cb - \\u0421\\u0430\\u043a\\u0430\\u043c \\u0414\\u0430 \\u041a\\u0430\\u0436\\u0430\\u043c\",\"isPartOf\":{\"@id\":\"https:\/\/sdk.mk\/#website\"},\"primaryImageOfPage\":{\"@id\":\"https:\/\/sdk.mk\/index.php\/uncategorized-sq\/qeveria-do-te-shpalle-konkurs-per-riperdorim-te-permendores-se-nene-terezes-kryetari-shilegov-thote-ma-jepni-dhe-do-ta-shkaterroj-menjehere\/#primaryimage\"},\"datePublished\":\"2020-02-17T14:28:00+00:00\",\"dateModified\":\"2020-02-17T14:28:00+00:00\",\"author\":{\"@id\":\"https:\/\/sdk.mk\/#\/schema\/person\/737021aeacbe893f7e2c347186c5c7a1\"},\"inLanguage\":\"mk-MK\",\"potentialAction\":[{\"@type\":\"ReadAction\",\"target\":[\"https:\/\/sdk.mk\/index.php\/uncategorized-sq\/qeveria-do-te-shpalle-konkurs-per-riperdorim-te-permendores-se-nene-terezes-kryetari-shilegov-thote-ma-jepni-dhe-do-ta-shkaterroj-menjehere\/\"]}]},{\"@type\":\"Person\",\"@id\":\"https:\/\/sdk.mk\/#\/schema\/person\/737021aeacbe893f7e2c347186c5c7a1\",\"name\":\"\\u0424\\u0458\\u043e\\u043b\\u0430 \\u0417\\u043b\\u0430\\u0442\\u043a\\u0443\"}]}<\/script>\n<!-- \/ Yoast SEO Premium plugin. -->","_links":{"self":[{"href":"https:\/\/sdk.mk\/index.php\/wp-json\/wp\/v2\/posts\/107168"}],"collection":[{"href":"https:\/\/sdk.mk\/index.php\/wp-json\/wp\/v2\/posts"}],"about":[{"href":"https:\/\/sdk.mk\/index.php\/wp-json\/wp\/v2\/types\/post"}],"author":[{"embeddable":true,"href":"https:\/\/sdk.mk\/index.php\/wp-json\/wp\/v2\/users\/25"}],"replies":[{"embeddable":true,"href":"https:\/\/sdk.mk\/index.php\/wp-json\/wp\/v2\/comments?post=107168"}],"version-history":[{"count":0,"href":"https:\/\/sdk.mk\/index.php\/wp-json\/wp\/v2\/posts\/107168\/revisions"}],"wp:featuredmedia":[{"embeddable":true,"href":"https:\/\/sdk.mk\/index.php\/wp-json\/wp\/v2\/media\/106839"}],"wp:attachment":[{"href":"https:\/\/sdk.mk\/index.php\/wp-json\/wp\/v2\/media?parent=107168"}],"wp:term":[{"taxonomy":"category","embeddable":true,"href":"https:\/\/sdk.mk\/index.php\/wp-json\/wp\/v2\/categories?post=107168"},{"taxonomy":"post_tag","embeddable":true,"href":"https:\/\/sdk.mk\/index.php\/wp-json\/wp\/v2\/tags?post=107168"}],"curies":[{"name":"wp","href":"https:\/\/api.w.org\/{rel}","templated":true}]}}