{"id":110627,"date":"2020-03-24T12:58:41","date_gmt":"2020-03-24T11:58:41","guid":{"rendered":"https:\/\/sdk.mk\/?p=110627"},"modified":"2020-03-24T12:58:41","modified_gmt":"2020-03-24T11:58:41","slug":"keshilltaret-ne-oher-me-vendimin-e-ri-kane-pezulluar-legalizimin-e-ndertimeve-ilegale-deri-ne-tetor","status":"publish","type":"post","link":"https:\/\/sdk.mk\/index.php\/rrjeti-i-korrespondenteve\/keshilltaret-ne-oher-me-vendimin-e-ri-kane-pezulluar-legalizimin-e-ndertimeve-ilegale-deri-ne-tetor\/","title":{"rendered":"K\u00cbSHILLTAR\u00cbT N\u00cb OH\u00cbR ME VENDIMIN E RI KAN\u00cb PEZULLUAR LEGALIZIMIN E ND\u00cbRTIMEVE ILEGALE DERI N\u00cb TETOR"},"content":{"rendered":"<div class=\"f52428582a4b906b2d2e2a7d733c7d27\" data-index=\"7\" style=\"float: none; margin:10px 0 10px 0; text-align:center;\">\n<!-- MSP Ads Asynchronous JS Tag - Generated with Revive Adserver v5.4.1 -->\r\n<ins data-revive-zoneid=\"167\" data-revive-id=\"060fdb01f6430ec164d3519234aa4967\"><\/ins>\r\n<script async src=\"\/\/panel.ads.com.mk\/www\/delivery\/asyncjs.php\"><\/script>\n<\/div>\n<p>Legalizimi i nd\u00ebrtesave ilegale n\u00eb Oh\u00ebr \u00ebsht\u00eb pezulluar deri m\u00eb 1 tetor. K\u00ebshilli i Komun\u00ebs s\u00eb Ohrit miratoi sot nj\u00eb vendim t\u00eb ri q\u00eb pezullon p\u00ebrkoh\u00ebsisht legalizimin e nd\u00ebrtesave t\u00eb nd\u00ebrtuara pa leje. Me an\u00eb t\u00eb k\u00ebtij vendimi t\u00eb ri zgjidhet problemi i cili u shfaq n\u00eb 12 mars, kur k\u00ebshilltar\u00ebt nuk e pranuar propozimin e kryetarit Konstantin Georgievski p\u00ebr ndalimin e p\u00ebrkohsh\u00ebm t\u00eb procesit p\u00ebr v\u00ebrtetim t\u00eb statusit ligjor t\u00eb objekteve t\u00eb paligjshme, gj\u00eb me t\u00eb cil\u00ebn pjes\u00ebsirhst do t\u00eb vazhdonte moratoriumi p\u00ebr sjelljen dhe zbatimin i planeve urbanistike, t\u00eb sjell\u00eb n\u00eb qershor t\u00eb vitit t\u00eb kaluar.<\/p>\n<p>N\u00eb seanc\u00ebn e sotme, k\u00ebshilltar\u00ebt miratuan Projektvendimin p\u00ebr m\u00ebnyr\u00ebn e zbatimit t\u00eb planeve ekzistuese urbane dhe dokumenteve t\u00eb dokumentacioneve urbanistiko-planifikuese, si dhe p\u00ebr p\u00ebrfundimin e p\u00ebrkohsh\u00ebm t\u00eb procedurave p\u00ebr p\u00ebrcaktimin e statusit juridik t\u00eb nd\u00ebrtesave t\u00eb nd\u00ebrtuara n\u00eb m\u00ebnyr\u00eb t\u00eb paligjshme. 17 k\u00ebshilltar\u00eb votuan p\u00ebr vendimin e propozuar, aq sa edhe ishin t\u00eb pranish\u00ebm n\u00eb sall\u00eb. Ky vendim vlen deri m\u00eb 1 tetor 2020.<\/p>\n<p>&nbsp;<\/p>\n<p>Moratoriumi p\u00ebr miratimin dhe zbatimin e planeve urbanistike u miratua me rekomandimin e Qeveris\u00eb deri sa t\u00eb miratohet Plani p\u00ebr Menaxhim t\u00eb Trash\u00ebgimis\u00eb Natyrore dhe Kulturore. Moratoriumi n\u00eb Oh\u00ebr ishte i vlefsh\u00ebm p\u00ebr gjasht\u00eb muaj dhe skadoi n\u00eb shkurt, nd\u00ebrsa Qeveria miratoi Planin e Menaxhimit t\u00eb Trash\u00ebgimis\u00eb Natyrore dhe Kulturore Bot\u00ebrore n\u00eb rajonin e Ohrit (2020-2029) m\u00eb 21 Janar. Me an\u00eb t\u00eb planit t\u00eb Qeveris\u00eb sigurohet zbatimi i t\u00eb gjitha rekomandimeve t\u00eb UNESCO-s.<\/p>\n<p>D. \u00c7UBRIQ<\/p>\n\n<div style=\"font-size: 0px; height: 0px; line-height: 0px; margin: 0; padding: 0; clear: both;\"><\/div>","protected":false},"excerpt":{"rendered":"<p>Legalizimi i nd\u00ebrtesave ilegale n\u00eb Oh\u00ebr \u00ebsht\u00eb pezulluar deri m\u00eb 1 tetor. K\u00ebshilli i Komun\u00ebs s\u00eb Ohrit miratoi sot nj\u00eb [&hellip;]<\/p>\n","protected":false},"author":25,"featured_media":109997,"comment_status":"closed","ping_status":"closed","sticky":false,"template":"","format":"standard","meta":{"_mo_disable_npp":"","inline_featured_image":false},"categories":[3095],"tags":[],"imageURL":"https:\/\/sdk.mk\/wp-content\/uploads\/2020\/03\/sovet-ohrid-18.03.2020-650x388.jpg","thumbURL":"https:\/\/sdk.mk\/wp-content\/uploads\/2020\/03\/sovet-ohrid-18.03.2020-250x149.jpg","categoryNames":["Rrjeti i korrespondent\u00ebve"],"feature_caption":"Me an\u00eb t\u00eb k\u00ebtij vendimi t\u00eb ri zgjidhet problemi i cili u shfaq n\u00eb 12 mars, kur k\u00ebshilltar\u00ebt nuk e pranuar propozimin e kryetarit Konstantin Georgievski p\u00ebr ndalimin e p\u00ebrkohsh\u00ebm t\u00eb procesit p\u00ebr v\u00ebrtetim t\u00eb statusit ligjor t\u00eb objekteve t\u00eb paligjshme, gj\u00eb me t\u00eb cil\u00ebn pjes\u00ebsirhst do t\u00eb vazhdonte moratoriumi p\u00ebr sjelljen dhe zbatimin i planeve urbanistike, t\u00eb sjell\u00eb n\u00eb qershor t\u00eb vitit t\u00eb kaluar. (Foto: SDK.MK)","subtitle":"","views":"6310","source":"Oh\u00ebr, (SAKAMDAKAZAM.MK)","yoast_head":"<!-- This site is optimized with the Yoast SEO Premium plugin v15.0 - https:\/\/yoast.com\/wordpress\/plugins\/seo\/ -->\n<title>K\u00cbSHILLTAR\u00cbT N\u00cb OH\u00cbR ME VENDIMIN E RI KAN\u00cb PEZULLUAR LEGALIZIMIN E ND\u00cbRTIMEVE ILEGALE DERI N\u00cb TETOR - \u0421\u0430\u043a\u0430\u043c \u0414\u0430 \u041a\u0430\u0436\u0430\u043c<\/title>\n<meta name=\"robots\" content=\"index, follow, max-snippet:-1, max-image-preview:large, max-video-preview:-1\" \/>\n<link rel=\"canonical\" href=\"https:\/\/sdk.mk\/index.php\/rrjeti-i-korrespondenteve\/keshilltaret-ne-oher-me-vendimin-e-ri-kane-pezulluar-legalizimin-e-ndertimeve-ilegale-deri-ne-tetor\/\" \/>\n<meta property=\"og:locale\" content=\"mk_MK\" \/>\n<meta property=\"og:type\" content=\"article\" \/>\n<meta property=\"og:title\" content=\"K\u00cbSHILLTAR\u00cbT N\u00cb OH\u00cbR ME VENDIMIN E RI KAN\u00cb PEZULLUAR LEGALIZIMIN E ND\u00cbRTIMEVE ILEGALE DERI N\u00cb TETOR - \u0421\u0430\u043a\u0430\u043c \u0414\u0430 \u041a\u0430\u0436\u0430\u043c\" \/>\n<meta property=\"og:description\" content=\"Legalizimi i nd\u00ebrtesave ilegale n\u00eb Oh\u00ebr \u00ebsht\u00eb pezulluar deri m\u00eb 1 tetor. K\u00ebshilli i Komun\u00ebs s\u00eb Ohrit miratoi sot nj\u00eb [&hellip;]\" \/>\n<meta property=\"og:url\" content=\"https:\/\/sdk.mk\/index.php\/rrjeti-i-korrespondenteve\/keshilltaret-ne-oher-me-vendimin-e-ri-kane-pezulluar-legalizimin-e-ndertimeve-ilegale-deri-ne-tetor\/\" \/>\n<meta property=\"og:site_name\" content=\"\u0421\u0430\u043a\u0430\u043c \u0414\u0430 \u041a\u0430\u0436\u0430\u043c\" \/>\n<meta property=\"article:published_time\" content=\"2020-03-24T11:58:41+00:00\" \/>\n<meta property=\"og:image\" content=\"https:\/\/sdk.mk\/wp-content\/uploads\/2020\/03\/sovet-ohrid-18.03.2020.jpg\" \/>\n\t<meta property=\"og:image:width\" content=\"768\" \/>\n\t<meta property=\"og:image:height\" content=\"458\" \/>\n<meta property=\"fb:app_id\" content=\"2407985809428537\" \/>\n<meta name=\"twitter:card\" content=\"summary\" \/>\n<script type=\"application\/ld+json\" class=\"yoast-schema-graph\">{\"@context\":\"https:\/\/schema.org\",\"@graph\":[{\"@type\":\"WebSite\",\"@id\":\"https:\/\/sdk.mk\/#website\",\"url\":\"https:\/\/sdk.mk\/\",\"name\":\"\\u0421\\u0430\\u043a\\u0430\\u043c \\u0414\\u0430 \\u041a\\u0430\\u0436\\u0430\\u043c\",\"description\":\"\\u0417\\u0430 \\u0441\\u043b\\u043e\\u0431\\u043e\\u0434\\u043e\\u0443\\u043c\\u043d\\u0438\",\"potentialAction\":[{\"@type\":\"SearchAction\",\"target\":\"https:\/\/sdk.mk\/?s={search_term_string}\",\"query-input\":\"required name=search_term_string\"}],\"inLanguage\":\"mk-MK\"},{\"@type\":\"ImageObject\",\"@id\":\"https:\/\/sdk.mk\/index.php\/rrjeti-i-korrespondenteve\/keshilltaret-ne-oher-me-vendimin-e-ri-kane-pezulluar-legalizimin-e-ndertimeve-ilegale-deri-ne-tetor\/#primaryimage\",\"inLanguage\":\"mk-MK\",\"url\":\"https:\/\/sdk.mk\/wp-content\/uploads\/2020\/03\/sovet-ohrid-18.03.2020.jpg\",\"width\":768,\"height\":458},{\"@type\":\"WebPage\",\"@id\":\"https:\/\/sdk.mk\/index.php\/rrjeti-i-korrespondenteve\/keshilltaret-ne-oher-me-vendimin-e-ri-kane-pezulluar-legalizimin-e-ndertimeve-ilegale-deri-ne-tetor\/#webpage\",\"url\":\"https:\/\/sdk.mk\/index.php\/rrjeti-i-korrespondenteve\/keshilltaret-ne-oher-me-vendimin-e-ri-kane-pezulluar-legalizimin-e-ndertimeve-ilegale-deri-ne-tetor\/\",\"name\":\"K\\u00cbSHILLTAR\\u00cbT N\\u00cb OH\\u00cbR ME VENDIMIN E RI KAN\\u00cb PEZULLUAR LEGALIZIMIN E ND\\u00cbRTIMEVE ILEGALE DERI N\\u00cb TETOR - \\u0421\\u0430\\u043a\\u0430\\u043c \\u0414\\u0430 \\u041a\\u0430\\u0436\\u0430\\u043c\",\"isPartOf\":{\"@id\":\"https:\/\/sdk.mk\/#website\"},\"primaryImageOfPage\":{\"@id\":\"https:\/\/sdk.mk\/index.php\/rrjeti-i-korrespondenteve\/keshilltaret-ne-oher-me-vendimin-e-ri-kane-pezulluar-legalizimin-e-ndertimeve-ilegale-deri-ne-tetor\/#primaryimage\"},\"datePublished\":\"2020-03-24T11:58:41+00:00\",\"dateModified\":\"2020-03-24T11:58:41+00:00\",\"author\":{\"@id\":\"https:\/\/sdk.mk\/#\/schema\/person\/737021aeacbe893f7e2c347186c5c7a1\"},\"inLanguage\":\"mk-MK\",\"potentialAction\":[{\"@type\":\"ReadAction\",\"target\":[\"https:\/\/sdk.mk\/index.php\/rrjeti-i-korrespondenteve\/keshilltaret-ne-oher-me-vendimin-e-ri-kane-pezulluar-legalizimin-e-ndertimeve-ilegale-deri-ne-tetor\/\"]}]},{\"@type\":\"Person\",\"@id\":\"https:\/\/sdk.mk\/#\/schema\/person\/737021aeacbe893f7e2c347186c5c7a1\",\"name\":\"\\u0424\\u0458\\u043e\\u043b\\u0430 \\u0417\\u043b\\u0430\\u0442\\u043a\\u0443\"}]}<\/script>\n<!-- \/ Yoast SEO Premium plugin. -->","_links":{"self":[{"href":"https:\/\/sdk.mk\/index.php\/wp-json\/wp\/v2\/posts\/110627"}],"collection":[{"href":"https:\/\/sdk.mk\/index.php\/wp-json\/wp\/v2\/posts"}],"about":[{"href":"https:\/\/sdk.mk\/index.php\/wp-json\/wp\/v2\/types\/post"}],"author":[{"embeddable":true,"href":"https:\/\/sdk.mk\/index.php\/wp-json\/wp\/v2\/users\/25"}],"replies":[{"embeddable":true,"href":"https:\/\/sdk.mk\/index.php\/wp-json\/wp\/v2\/comments?post=110627"}],"version-history":[{"count":0,"href":"https:\/\/sdk.mk\/index.php\/wp-json\/wp\/v2\/posts\/110627\/revisions"}],"wp:featuredmedia":[{"embeddable":true,"href":"https:\/\/sdk.mk\/index.php\/wp-json\/wp\/v2\/media\/109997"}],"wp:attachment":[{"href":"https:\/\/sdk.mk\/index.php\/wp-json\/wp\/v2\/media?parent=110627"}],"wp:term":[{"taxonomy":"category","embeddable":true,"href":"https:\/\/sdk.mk\/index.php\/wp-json\/wp\/v2\/categories?post=110627"},{"taxonomy":"post_tag","embeddable":true,"href":"https:\/\/sdk.mk\/index.php\/wp-json\/wp\/v2\/tags?post=110627"}],"curies":[{"name":"wp","href":"https:\/\/api.w.org\/{rel}","templated":true}]}}