{"id":110630,"date":"2020-03-24T13:03:28","date_gmt":"2020-03-24T12:03:28","guid":{"rendered":"https:\/\/sdk.mk\/?p=110630"},"modified":"2020-03-24T13:03:28","modified_gmt":"2020-03-24T12:03:28","slug":"keshilltaret-e-vmro-dpmne-se-dhe-bdi-se-me-ndihme-te-koalicionit-te-lsdm-se-votuan-qe-te-vazhdoje-legalizimi-i-ndertimeve-ilegale-ne-oher-perkohesisht-te-pezulluar-per-shkak-te-unesko-s","status":"publish","type":"post","link":"https:\/\/sdk.mk\/index.php\/rrjeti-i-korrespondenteve\/keshilltaret-e-vmro-dpmne-se-dhe-bdi-se-me-ndihme-te-koalicionit-te-lsdm-se-votuan-qe-te-vazhdoje-legalizimi-i-ndertimeve-ilegale-ne-oher-perkohesisht-te-pezulluar-per-shkak-te-unesko-s\/","title":{"rendered":"K\u00cbSHILLTAR\u00cbT E VMRO-DPMNE-S\u00cb DHE BDI-S\u00cb, ME NDIHM\u00cb T\u00cb KOALICIONIT T\u00cb LSDM-S\u00cb, VOTUAN Q\u00cb T\u00cb VAZHDOJ\u00cb LEGALIZIMI I ND\u00cbRTIMEVE ILEGALE N\u00cb OH\u00cbR, P\u00cbRKOH\u00cbSISHT T\u00cb PEZULLUAR P\u00cbR SHKAK T\u00cb UNESKO-S"},"content":{"rendered":"<div class=\"f52428582a4b906b2d2e2a7d733c7d27\" data-index=\"7\" style=\"float: none; margin:10px 0 10px 0; text-align:center;\">\n<!-- MSP Ads Asynchronous JS Tag - Generated with Revive Adserver v5.4.1 -->\r\n<ins data-revive-zoneid=\"167\" data-revive-id=\"060fdb01f6430ec164d3519234aa4967\"><\/ins>\r\n<script async src=\"\/\/panel.ads.com.mk\/www\/delivery\/asyncjs.php\"><\/script>\n<\/div>\n<p>N\u00eb seanc\u00ebn e sotme t\u00eb K\u00ebshillit t\u00eb Ohrit, k\u00ebshilltar\u00ebt nuk e pranuan propozimin p\u00ebr pezullimin e\u00a0 p\u00ebrkohsh\u00ebm t\u00eb procesit p\u00ebr v\u00ebrtetim t\u00eb statusit ligjor t\u00eb objekteve t\u00eb paligjshme, gj\u00eb me t\u00eb cil\u00ebn pjes\u00ebsisht do t\u00eb vazhdonte moratoriumi p\u00ebr sjelljen dhe zbatimin i planeve urbanistike, t\u00eb sjell\u00eb n\u00eb qershor t\u00eb vitit t\u00eb kaluar.<\/p>\n<p>Propozimi i kryetarit Konstantin Georgievski p\u00ebr statusin juridik t\u00eb nd\u00ebrtesave t\u00eb nd\u00ebrtuara n\u00eb m\u00ebnyr\u00eb t\u00eb paligjshme d\u00ebshtoi pasi kund\u00ebrshtuan me vot\u00ebn e tyre k\u00ebshilltar\u00ebt e VMRO-DPMNE-s\u00eb, si dhe tre k\u00ebshilltar\u00eb t\u00eb koalicionit t\u00eb LSDM-s\u00eb, mes t\u00eb cil\u00ebve edhe nj\u00eb k\u00ebshilltar\u00eb nga BDI-ja.\u00a0 Nj\u00ebri prej tyre \u00ebsht\u00eb Nefi Usaini, pronar i nj\u00eb nd\u00ebrmarrje nd\u00ebrtimi q\u00eb ka nd\u00ebrtuar disa nd\u00ebrtesa t\u00eb diskutueshme, duke p\u00ebrfshir\u00eb edhe tarrac\u00ebn e paligjshme t\u00eb piceris\u00eb s\u00eb tij te \u00c7inari.<\/p>\n<p>&#8220;Shumica e pikave t\u00eb rendit t\u00eb dit\u00ebs kan\u00eb t\u00eb b\u00ebjn\u00eb me miratimin e raporteve p\u00ebr pun\u00ebn e departamenteve dhe nj\u00ebsive komunale, nd\u00ebrmarrjeve publike, shkollave dhe Nj\u00ebsis\u00eb territoriale zjarrfik\u00ebse. U miratuan t\u00eb gjitha pikat e rendit t\u00eb dit\u00ebs, me p\u00ebrjashtim t\u00eb atyre shtes\u00eb, t\u00eb cilat p\u00ebrfshinin propozime p\u00ebr p\u00ebrgatitjen e dokumentacionit t\u00eb planifikimit lokal urban n\u00eb KK Dollno Lako\u00e7erej p\u00ebr pezullimin e p\u00ebrkohsh\u00ebm t\u00eb procedurave p\u00ebr p\u00ebrcaktimin e statusit juridik t\u00eb nd\u00ebrtesave t\u00eb nd\u00ebrtuara pa leje dhe m\u00ebnyr\u00ebn e zbatimit t\u00eb planeve ekzistuese urbane&#8221;, njoftuarn nga Komuna e Ohrit.<\/p>\n<p>Moratoriumi p\u00ebr miratimin dhe zbatimin e planeve urbanistike u miratua me rekomandimin e Qeveris\u00eb deri sa t\u00eb miratohet Plani p\u00ebr Menaxhim t\u00eb Trash\u00ebgimis\u00eb Natyrore dhe Kulturore. Moratoriumi n\u00eb Oh\u00ebr ishte i vlefsh\u00ebm p\u00ebr gjasht\u00eb muaj dhe skadoi n\u00eb shkurt, nd\u00ebrsa Qeveria miratoi Planin e Menaxhimit t\u00eb Trash\u00ebgimis\u00eb Natyrore dhe Kulturore Bot\u00ebrore n\u00eb rajonin e Ohrit (2020-2029) m\u00eb 21 Janar. Me an\u00eb t\u00eb planit t\u00eb Qeveris\u00eb sigurohet zbatimi i t\u00eb gjitha rekomandimeve t\u00eb UNESCO-s.<\/p>\n<p>&#8220;Plani p\u00ebrshkruan aktivitetet e ndaluara n\u00eb zonat e p\u00ebrcaktuara\u00a0 dhe identifikon planet specifike t\u00eb ardhshme dhe hulumtimet e nevojshme p\u00ebr t\u00eb siguruar zhvillimin e q\u00ebndruesh\u00ebm t\u00eb zon\u00ebs. Masat e propozuara do t\u00eb forcojn\u00eb aft\u00ebsin\u00eb institucionale p\u00ebr menaxhimin e q\u00ebndruesh\u00ebm t\u00eb trash\u00ebgimis\u00eb natyrore dhe kulturore bot\u00ebrore n\u00eb rajonin e Ohrit&#8221;,\u00a0 tha qeveria n\u00eb at\u00eb koh\u00eb.<\/p>\n<p>Me an\u00eb t\u00eb planit p\u00ebr administrimin e trash\u00ebgimis\u00eb kulturore dhe natyrore n\u00eb Rajonin e Ohrit, p\u00ebrcaktohet nj\u00eb zon\u00eb t\u00eb rrept\u00eb mbrojt\u00ebse n\u00eb vij\u00ebn bregdetare rreth s\u00eb cil\u00ebs nuk lejohet nd\u00ebrtimi, dhe gjith\u00e7ka q\u00eb \u00ebsht\u00eb b\u00ebr\u00eb deri m\u00eb tani n\u00eb k\u00ebt\u00eb zon\u00eb do t\u00eb vihet n\u00ebn kontroll, tha Ana Petrova, sekretare e shtetit n\u00eb ministrin\u00eb e mjesidit jet\u00ebsor m\u00eb 2 tetor, kur plani u paraqit dhe u l\u00ebshua n\u00eb nj\u00eb seanc\u00eb d\u00ebgjimore dy-mujore.<\/p>\n<p>&#8220;Plani \u00ebsht\u00eb nj\u00eb pjes\u00eb shum\u00eb e r\u00ebnd\u00ebsishme e rekomandimeve nga qendra e UNESCO-s. Pasi t\u00eb miratohet, moratoriumi i deklaruar mund t\u00eb p\u00ebrfundoj\u00eb. Sfida me parashikimet e planit \u00ebsht\u00eb t\u00eb vendoset nj\u00eb urbanizim i kontrolluar. Ne e b\u00ebjm\u00eb k\u00ebt\u00eb me zonimin e duhur, me zon\u00ebn e par\u00eb t\u00eb rrept\u00eb mbrojt\u00ebse n\u00eb bregdet me gjer\u00ebsi prej 50 metrash, e llogaritur nga kufiri i parcel\u00ebs kadastrale, gjegj\u00ebsisht nga Liqeni i Ohrit. Kjo zon\u00eb mund\u00ebson q\u00eb \u00e7do vend q\u00eb \u00ebsht\u00eb i paprekur t\u00eb mos nd\u00ebrtohet, dhe gjith\u00e7ka q\u00eb ka p\u00ebsuar nj\u00eb transformim do t\u00eb vihet n\u00ebn kontroll&#8221;, tha at\u00ebher\u00eb Petrova.<\/p>\n<p>D. \u00c7UBRIQ<\/p>\n\n<div style=\"font-size: 0px; height: 0px; line-height: 0px; margin: 0; padding: 0; clear: both;\"><\/div>","protected":false},"excerpt":{"rendered":"<p>N\u00eb seanc\u00ebn e sotme t\u00eb K\u00ebshillit t\u00eb Ohrit, k\u00ebshilltar\u00ebt nuk e pranuan propozimin p\u00ebr pezullimin e\u00a0 p\u00ebrkohsh\u00ebm t\u00eb procesit p\u00ebr [&hellip;]<\/p>\n","protected":false},"author":25,"featured_media":109231,"comment_status":"closed","ping_status":"closed","sticky":false,"template":"","format":"standard","meta":{"_mo_disable_npp":"","inline_featured_image":false},"categories":[3095],"tags":[],"imageURL":"https:\/\/sdk.mk\/wp-content\/uploads\/2020\/03\/sovet-opstina-ohrid-34938934-650x341.jpg","thumbURL":"https:\/\/sdk.mk\/wp-content\/uploads\/2020\/03\/sovet-opstina-ohrid-34938934-250x131.jpg","categoryNames":["Rrjeti i korrespondent\u00ebve"],"feature_caption":"Moratoriumi p\u00ebr miratimin dhe zbatimin e planeve urbanistike u miratua me rekomandimin e Qeveris\u00eb deri sa t\u00eb miratohet Plani p\u00ebr Menaxhim t\u00eb Trash\u00ebgimis\u00eb Natyrore dhe Kulturore, me t\u00eb cilin sigurohet implementimi i rekomandimeve t\u00eb UNESKO-s.  - Nga seanca e sotme e Komun\u00ebs s\u00eb Ohrit ","subtitle":"","views":"60265","source":"Oh\u00ebr, (SAKAMDAKAZAM.MK)","yoast_head":"<!-- This site is optimized with the Yoast SEO Premium plugin v15.0 - https:\/\/yoast.com\/wordpress\/plugins\/seo\/ -->\n<title>K\u00cbSHILLTAR\u00cbT E VMRO-DPMNE-S\u00cb DHE BDI-S\u00cb, ME NDIHM\u00cb T\u00cb KOALICIONIT T\u00cb LSDM-S\u00cb, VOTUAN Q\u00cb T\u00cb VAZHDOJ\u00cb LEGALIZIMI I ND\u00cbRTIMEVE ILEGALE N\u00cb OH\u00cbR, P\u00cbRKOH\u00cbSISHT T\u00cb PEZULLUAR P\u00cbR SHKAK T\u00cb UNESKO-S - \u0421\u0430\u043a\u0430\u043c \u0414\u0430 \u041a\u0430\u0436\u0430\u043c<\/title>\n<meta name=\"robots\" content=\"index, follow, max-snippet:-1, max-image-preview:large, max-video-preview:-1\" \/>\n<link rel=\"canonical\" href=\"https:\/\/sdk.mk\/index.php\/rrjeti-i-korrespondenteve\/keshilltaret-e-vmro-dpmne-se-dhe-bdi-se-me-ndihme-te-koalicionit-te-lsdm-se-votuan-qe-te-vazhdoje-legalizimi-i-ndertimeve-ilegale-ne-oher-perkohesisht-te-pezulluar-per-shkak-te-unesko-s\/\" \/>\n<meta property=\"og:locale\" content=\"mk_MK\" \/>\n<meta property=\"og:type\" content=\"article\" \/>\n<meta property=\"og:title\" content=\"K\u00cbSHILLTAR\u00cbT E VMRO-DPMNE-S\u00cb DHE BDI-S\u00cb, ME NDIHM\u00cb T\u00cb KOALICIONIT T\u00cb LSDM-S\u00cb, VOTUAN Q\u00cb T\u00cb VAZHDOJ\u00cb LEGALIZIMI I ND\u00cbRTIMEVE ILEGALE N\u00cb OH\u00cbR, P\u00cbRKOH\u00cbSISHT T\u00cb PEZULLUAR P\u00cbR SHKAK T\u00cb UNESKO-S - \u0421\u0430\u043a\u0430\u043c \u0414\u0430 \u041a\u0430\u0436\u0430\u043c\" \/>\n<meta property=\"og:description\" content=\"N\u00eb seanc\u00ebn e sotme t\u00eb K\u00ebshillit t\u00eb Ohrit, k\u00ebshilltar\u00ebt nuk e pranuan propozimin p\u00ebr pezullimin e\u00a0 p\u00ebrkohsh\u00ebm t\u00eb procesit p\u00ebr [&hellip;]\" \/>\n<meta property=\"og:url\" content=\"https:\/\/sdk.mk\/index.php\/rrjeti-i-korrespondenteve\/keshilltaret-e-vmro-dpmne-se-dhe-bdi-se-me-ndihme-te-koalicionit-te-lsdm-se-votuan-qe-te-vazhdoje-legalizimi-i-ndertimeve-ilegale-ne-oher-perkohesisht-te-pezulluar-per-shkak-te-unesko-s\/\" \/>\n<meta property=\"og:site_name\" content=\"\u0421\u0430\u043a\u0430\u043c \u0414\u0430 \u041a\u0430\u0436\u0430\u043c\" \/>\n<meta property=\"article:published_time\" content=\"2020-03-24T12:03:28+00:00\" \/>\n<meta property=\"og:image\" content=\"https:\/\/sdk.mk\/wp-content\/uploads\/2020\/03\/sovet-opstina-ohrid-34938934.jpg\" \/>\n\t<meta property=\"og:image:width\" content=\"800\" \/>\n\t<meta property=\"og:image:height\" content=\"420\" \/>\n<meta property=\"fb:app_id\" content=\"2407985809428537\" \/>\n<meta name=\"twitter:card\" content=\"summary\" \/>\n<script type=\"application\/ld+json\" class=\"yoast-schema-graph\">{\"@context\":\"https:\/\/schema.org\",\"@graph\":[{\"@type\":\"WebSite\",\"@id\":\"https:\/\/sdk.mk\/#website\",\"url\":\"https:\/\/sdk.mk\/\",\"name\":\"\\u0421\\u0430\\u043a\\u0430\\u043c \\u0414\\u0430 \\u041a\\u0430\\u0436\\u0430\\u043c\",\"description\":\"\\u0417\\u0430 \\u0441\\u043b\\u043e\\u0431\\u043e\\u0434\\u043e\\u0443\\u043c\\u043d\\u0438\",\"potentialAction\":[{\"@type\":\"SearchAction\",\"target\":\"https:\/\/sdk.mk\/?s={search_term_string}\",\"query-input\":\"required name=search_term_string\"}],\"inLanguage\":\"mk-MK\"},{\"@type\":\"ImageObject\",\"@id\":\"https:\/\/sdk.mk\/index.php\/rrjeti-i-korrespondenteve\/keshilltaret-e-vmro-dpmne-se-dhe-bdi-se-me-ndihme-te-koalicionit-te-lsdm-se-votuan-qe-te-vazhdoje-legalizimi-i-ndertimeve-ilegale-ne-oher-perkohesisht-te-pezulluar-per-shkak-te-unesko-s\/#primaryimage\",\"inLanguage\":\"mk-MK\",\"url\":\"https:\/\/sdk.mk\/wp-content\/uploads\/2020\/03\/sovet-opstina-ohrid-34938934.jpg\",\"width\":800,\"height\":420},{\"@type\":\"WebPage\",\"@id\":\"https:\/\/sdk.mk\/index.php\/rrjeti-i-korrespondenteve\/keshilltaret-e-vmro-dpmne-se-dhe-bdi-se-me-ndihme-te-koalicionit-te-lsdm-se-votuan-qe-te-vazhdoje-legalizimi-i-ndertimeve-ilegale-ne-oher-perkohesisht-te-pezulluar-per-shkak-te-unesko-s\/#webpage\",\"url\":\"https:\/\/sdk.mk\/index.php\/rrjeti-i-korrespondenteve\/keshilltaret-e-vmro-dpmne-se-dhe-bdi-se-me-ndihme-te-koalicionit-te-lsdm-se-votuan-qe-te-vazhdoje-legalizimi-i-ndertimeve-ilegale-ne-oher-perkohesisht-te-pezulluar-per-shkak-te-unesko-s\/\",\"name\":\"K\\u00cbSHILLTAR\\u00cbT E VMRO-DPMNE-S\\u00cb DHE BDI-S\\u00cb, ME NDIHM\\u00cb T\\u00cb KOALICIONIT T\\u00cb LSDM-S\\u00cb, VOTUAN Q\\u00cb T\\u00cb VAZHDOJ\\u00cb LEGALIZIMI I ND\\u00cbRTIMEVE ILEGALE N\\u00cb OH\\u00cbR, P\\u00cbRKOH\\u00cbSISHT T\\u00cb PEZULLUAR P\\u00cbR SHKAK T\\u00cb UNESKO-S - \\u0421\\u0430\\u043a\\u0430\\u043c \\u0414\\u0430 \\u041a\\u0430\\u0436\\u0430\\u043c\",\"isPartOf\":{\"@id\":\"https:\/\/sdk.mk\/#website\"},\"primaryImageOfPage\":{\"@id\":\"https:\/\/sdk.mk\/index.php\/rrjeti-i-korrespondenteve\/keshilltaret-e-vmro-dpmne-se-dhe-bdi-se-me-ndihme-te-koalicionit-te-lsdm-se-votuan-qe-te-vazhdoje-legalizimi-i-ndertimeve-ilegale-ne-oher-perkohesisht-te-pezulluar-per-shkak-te-unesko-s\/#primaryimage\"},\"datePublished\":\"2020-03-24T12:03:28+00:00\",\"dateModified\":\"2020-03-24T12:03:28+00:00\",\"author\":{\"@id\":\"https:\/\/sdk.mk\/#\/schema\/person\/737021aeacbe893f7e2c347186c5c7a1\"},\"inLanguage\":\"mk-MK\",\"potentialAction\":[{\"@type\":\"ReadAction\",\"target\":[\"https:\/\/sdk.mk\/index.php\/rrjeti-i-korrespondenteve\/keshilltaret-e-vmro-dpmne-se-dhe-bdi-se-me-ndihme-te-koalicionit-te-lsdm-se-votuan-qe-te-vazhdoje-legalizimi-i-ndertimeve-ilegale-ne-oher-perkohesisht-te-pezulluar-per-shkak-te-unesko-s\/\"]}]},{\"@type\":\"Person\",\"@id\":\"https:\/\/sdk.mk\/#\/schema\/person\/737021aeacbe893f7e2c347186c5c7a1\",\"name\":\"\\u0424\\u0458\\u043e\\u043b\\u0430 \\u0417\\u043b\\u0430\\u0442\\u043a\\u0443\"}]}<\/script>\n<!-- \/ Yoast SEO Premium plugin. -->","_links":{"self":[{"href":"https:\/\/sdk.mk\/index.php\/wp-json\/wp\/v2\/posts\/110630"}],"collection":[{"href":"https:\/\/sdk.mk\/index.php\/wp-json\/wp\/v2\/posts"}],"about":[{"href":"https:\/\/sdk.mk\/index.php\/wp-json\/wp\/v2\/types\/post"}],"author":[{"embeddable":true,"href":"https:\/\/sdk.mk\/index.php\/wp-json\/wp\/v2\/users\/25"}],"replies":[{"embeddable":true,"href":"https:\/\/sdk.mk\/index.php\/wp-json\/wp\/v2\/comments?post=110630"}],"version-history":[{"count":0,"href":"https:\/\/sdk.mk\/index.php\/wp-json\/wp\/v2\/posts\/110630\/revisions"}],"wp:featuredmedia":[{"embeddable":true,"href":"https:\/\/sdk.mk\/index.php\/wp-json\/wp\/v2\/media\/109231"}],"wp:attachment":[{"href":"https:\/\/sdk.mk\/index.php\/wp-json\/wp\/v2\/media?parent=110630"}],"wp:term":[{"taxonomy":"category","embeddable":true,"href":"https:\/\/sdk.mk\/index.php\/wp-json\/wp\/v2\/categories?post=110630"},{"taxonomy":"post_tag","embeddable":true,"href":"https:\/\/sdk.mk\/index.php\/wp-json\/wp\/v2\/tags?post=110630"}],"curies":[{"name":"wp","href":"https:\/\/api.w.org\/{rel}","templated":true}]}}