{"id":110635,"date":"2020-03-24T13:11:24","date_gmt":"2020-03-24T12:11:24","guid":{"rendered":"https:\/\/sdk.mk\/?p=110635"},"modified":"2020-03-24T13:11:24","modified_gmt":"2020-03-24T12:11:24","slug":"pas-zgjedhjeve-do-te-zgjidh-monumentet-e-shkupi-2014-thote-kryetari-shilegov","status":"publish","type":"post","link":"https:\/\/sdk.mk\/index.php\/rrjeti-i-korrespondenteve\/pas-zgjedhjeve-do-te-zgjidh-monumentet-e-shkupi-2014-thote-kryetari-shilegov\/","title":{"rendered":"PAS ZGJEDHJEVE DO T\u00cb ZGJIDH MONUMENTET E &#8220;SHKUPI 2014&#8221;, THOT\u00cb KRYETARI SHILEGOV"},"content":{"rendered":"<div class=\"f52428582a4b906b2d2e2a7d733c7d27\" data-index=\"7\" style=\"float: none; margin:10px 0 10px 0; text-align:center;\">\n<!-- MSP Ads Asynchronous JS Tag - Generated with Revive Adserver v5.4.1 -->\r\n<ins data-revive-zoneid=\"167\" data-revive-id=\"060fdb01f6430ec164d3519234aa4967\"><\/ins>\r\n<script async src=\"\/\/panel.ads.com.mk\/www\/delivery\/asyncjs.php\"><\/script>\n<\/div>\n<p>Kryetari i Shkupit Petre Shilegov k\u00ebrkon q\u00eb Komuna e Qendr\u00ebs t&#8217;ia dor\u00ebzoj\u00eb pron\u00ebsin\u00eb e monumenteve nga projekti &#8220;Shkupi 2014&#8221;, q\u00eb si\u00e7 shprehet &#8220;t&#8217;i zgjidh\u00eb&#8221; pas zgjedhjeve parlamentare t\u00eb 12 prillit. Shilegov e b\u00ebri k\u00ebt\u00eb deklarat\u00eb n\u00eb panelin e organizuar nga redaksia digjitale SAKAMDAKAZAM.MK, me tem\u00eb &#8220;Fuqia e gjelb\u00ebr qytetare &#8211; Ndikimi i qytetar\u00ebve n\u00eb ruajtjen e interesit publik n\u00eb planifikimin urban&#8221;.<\/p>\n<p>N\u00eb debat mor\u00ebn pjes\u00eb edhe kryetari i Komun\u00ebs s\u00eb Qendr\u00ebs Sasha Bogdanovi\u00e7, Presidenti i Shoqat\u00ebs s\u00eb Arkitekt\u00ebve t\u00eb Maqedonis\u00eb Martin Panovski, Janeta Trajkoska, Drejtore e Institutit t\u00eb Studimeve t\u00eb Komunikimit (IKS) dhe Ana Radonji\u00e7, N\u00ebnkryetare e Shoqat\u00ebs s\u00eb Arkitekt\u00ebve t\u00eb Maqedonis\u00eb. Shilegovi u shpreh se projekti &#8220;Shkupi 2014&#8221;, t\u00eb cil\u00ebn e trash\u00ebgoi kjo qeveri \u00ebsht\u00eb dhunim i hap\u00ebsir\u00ebs publike.<\/p>\n<p>\u201cQyteti i Shkupit ka b\u00ebr\u00eb nj\u00eb marr\u00ebveshje me Komun\u00ebn e Qendr\u00ebs p\u00ebr mir\u00ebmbajtjen e monumenteve. K\u00ebrkoj q\u00eb pron\u00ebsia e monumenteve t\u00eb m\u00eb transferohet mua dhe pas zgjedhjeve do t\u2019i zgjidh ato. Nuk ngurroj t\u00eb mbaj p\u00ebrgjegj\u00ebsi politike ose ndonj\u00eb p\u00ebrgjegj\u00ebsi p\u00ebr eleminimin e k\u00ebtij helmimi nga Shkupi, i cili nuk \u00ebsht\u00eb vet\u00ebm helmim aj\u00ebror, por edhe mendor dhe quhet &#8216;Shkup 2014&#8217;. \u00c7do dit\u00eb q\u00eb ne shikojm\u00eb n\u00eb ato monumente at\u00eb krijes\u00eb t\u00eb sh\u00ebmtuar prej qyteti q\u00eb na \u00ebsht\u00eb l\u00ebn\u00eb si trash\u00ebgimi, \u00ebsht\u00eb nj\u00eb dit\u00eb ku ne i helmojm\u00eb f\u00ebmij\u00ebt tan\u00eb mend\u00ebrisht\u201d, tha Shilegov.<\/p>\n<p>Monumentet nga projekti &#8220;Shkupi 2014&#8221; u ngrit\u00ebn n\u00eb koh\u00ebn kur kryetar i Komun\u00ebs s\u00eb Qendr\u00ebs ishte Vlladimir Todoroviq. Q\u00eb kur n\u00eb vitin 2013, kandidati i LSDM-s\u00eb Andrej Zhernovski e mori postin e Kryetarit t\u00eb Komun\u00ebs bashk\u00eb me kryetarin e at\u00ebhersh\u00ebm t\u00eb Shkupit, Koce Trajanovski, u n\u00ebnshkrua nj\u00eb kontrat\u00eb ku mir\u00ebmbajtja e monumenteve i takonte Qytetit, por pron\u00ebsia e monumenteve mbeti n\u00ebn ingerencat e Komun\u00ebs.<\/p>\n<p>Q\u00eb kur n\u00eb vitin 2013, kandidati i LSDM-s\u00eb Andrej Zhernovski e mori postin e Kryetarit t\u00eb Komun\u00ebs bashk\u00eb me kryetarin e at\u00ebhersh\u00ebm t\u00eb Shkupit, Koce Trajanovski, u n\u00ebnshkrua nj\u00eb kontrat\u00eb ku mir\u00ebmbajtja e monumenteve i takonte Qytetit, por pron\u00ebsia e monumenteve mbeti n\u00ebn ingerencat e Komun\u00ebs.<\/p>\n<p>A. ANTEVSKA<\/p>\n\n<div style=\"font-size: 0px; height: 0px; line-height: 0px; margin: 0; padding: 0; clear: both;\"><\/div>","protected":false},"excerpt":{"rendered":"<p>Kryetari i Shkupit Petre Shilegov k\u00ebrkon q\u00eb Komuna e Qendr\u00ebs t&#8217;ia dor\u00ebzoj\u00eb pron\u00ebsin\u00eb e monumenteve nga projekti &#8220;Shkupi 2014&#8221;, q\u00eb [&hellip;]<\/p>\n","protected":false},"author":25,"featured_media":107707,"comment_status":"closed","ping_status":"closed","sticky":false,"template":"","format":"standard","meta":{"_mo_disable_npp":"","inline_featured_image":false},"categories":[3095],"tags":[],"imageURL":"https:\/\/sdk.mk\/wp-content\/uploads\/2020\/02\/tribina-petre-silegov-650x362.jpg","thumbURL":"https:\/\/sdk.mk\/wp-content\/uploads\/2020\/02\/tribina-petre-silegov-250x139.jpg","categoryNames":["Rrjeti i korrespondent\u00ebve"],"feature_caption":"\r\nN\u00eb debat mor\u00ebn pjes\u00eb edhe kryetari i Komun\u00ebs s\u00eb Qendr\u00ebs Sasha Bogdanovi\u00e7, Presidenti i Shoqat\u00ebs s\u00eb Arkitekt\u00ebve t\u00eb Maqedonis\u00eb Martin Panovski, Janeta Trajkoska, Drejtore e Institutit t\u00eb Studimeve t\u00eb Komunikimit (IKS) dhe Ana Radonji\u00e7, N\u00ebnkryetare e Shoqat\u00ebs s\u00eb Arkitekt\u00ebve t\u00eb Maqedonis\u00eb. Shilegovi u shpreh se projekti \"Shkupi 2014\", t\u00eb cil\u00ebn e trash\u00ebgoi kjo qeveri \u00ebsht\u00eb dhunim i hap\u00ebsir\u00ebs publike. (Foto: SDK.MK) \r\n","subtitle":"","views":"23091","source":"Shkup, (SAKAMDAKAZAM.MK)","yoast_head":"<!-- This site is optimized with the Yoast SEO Premium plugin v15.0 - https:\/\/yoast.com\/wordpress\/plugins\/seo\/ -->\n<title>PAS ZGJEDHJEVE DO T\u00cb ZGJIDH MONUMENTET E &quot;SHKUPI 2014&quot;, THOT\u00cb KRYETARI SHILEGOV - \u0421\u0430\u043a\u0430\u043c \u0414\u0430 \u041a\u0430\u0436\u0430\u043c<\/title>\n<meta name=\"robots\" content=\"index, follow, max-snippet:-1, max-image-preview:large, max-video-preview:-1\" \/>\n<link rel=\"canonical\" href=\"https:\/\/sdk.mk\/index.php\/rrjeti-i-korrespondenteve\/pas-zgjedhjeve-do-te-zgjidh-monumentet-e-shkupi-2014-thote-kryetari-shilegov\/\" \/>\n<meta property=\"og:locale\" content=\"mk_MK\" \/>\n<meta property=\"og:type\" content=\"article\" \/>\n<meta property=\"og:title\" content=\"PAS ZGJEDHJEVE DO T\u00cb ZGJIDH MONUMENTET E &quot;SHKUPI 2014&quot;, THOT\u00cb KRYETARI SHILEGOV - \u0421\u0430\u043a\u0430\u043c \u0414\u0430 \u041a\u0430\u0436\u0430\u043c\" \/>\n<meta property=\"og:description\" content=\"Kryetari i Shkupit Petre Shilegov k\u00ebrkon q\u00eb Komuna e Qendr\u00ebs t&#8217;ia dor\u00ebzoj\u00eb pron\u00ebsin\u00eb e monumenteve nga projekti &#8220;Shkupi 2014&#8221;, q\u00eb [&hellip;]\" \/>\n<meta property=\"og:url\" content=\"https:\/\/sdk.mk\/index.php\/rrjeti-i-korrespondenteve\/pas-zgjedhjeve-do-te-zgjidh-monumentet-e-shkupi-2014-thote-kryetari-shilegov\/\" \/>\n<meta property=\"og:site_name\" content=\"\u0421\u0430\u043a\u0430\u043c \u0414\u0430 \u041a\u0430\u0436\u0430\u043c\" \/>\n<meta property=\"article:published_time\" content=\"2020-03-24T12:11:24+00:00\" \/>\n<meta property=\"og:image\" content=\"https:\/\/sdk.mk\/wp-content\/uploads\/2020\/02\/tribina-petre-silegov.jpg\" \/>\n\t<meta property=\"og:image:width\" content=\"1073\" \/>\n\t<meta property=\"og:image:height\" content=\"597\" \/>\n<meta property=\"fb:app_id\" content=\"2407985809428537\" \/>\n<meta name=\"twitter:card\" content=\"summary\" \/>\n<script type=\"application\/ld+json\" class=\"yoast-schema-graph\">{\"@context\":\"https:\/\/schema.org\",\"@graph\":[{\"@type\":\"WebSite\",\"@id\":\"https:\/\/sdk.mk\/#website\",\"url\":\"https:\/\/sdk.mk\/\",\"name\":\"\\u0421\\u0430\\u043a\\u0430\\u043c \\u0414\\u0430 \\u041a\\u0430\\u0436\\u0430\\u043c\",\"description\":\"\\u0417\\u0430 \\u0441\\u043b\\u043e\\u0431\\u043e\\u0434\\u043e\\u0443\\u043c\\u043d\\u0438\",\"potentialAction\":[{\"@type\":\"SearchAction\",\"target\":\"https:\/\/sdk.mk\/?s={search_term_string}\",\"query-input\":\"required name=search_term_string\"}],\"inLanguage\":\"mk-MK\"},{\"@type\":\"ImageObject\",\"@id\":\"https:\/\/sdk.mk\/index.php\/rrjeti-i-korrespondenteve\/pas-zgjedhjeve-do-te-zgjidh-monumentet-e-shkupi-2014-thote-kryetari-shilegov\/#primaryimage\",\"inLanguage\":\"mk-MK\",\"url\":\"https:\/\/sdk.mk\/wp-content\/uploads\/2020\/02\/tribina-petre-silegov.jpg\",\"width\":1073,\"height\":597},{\"@type\":\"WebPage\",\"@id\":\"https:\/\/sdk.mk\/index.php\/rrjeti-i-korrespondenteve\/pas-zgjedhjeve-do-te-zgjidh-monumentet-e-shkupi-2014-thote-kryetari-shilegov\/#webpage\",\"url\":\"https:\/\/sdk.mk\/index.php\/rrjeti-i-korrespondenteve\/pas-zgjedhjeve-do-te-zgjidh-monumentet-e-shkupi-2014-thote-kryetari-shilegov\/\",\"name\":\"PAS ZGJEDHJEVE DO T\\u00cb ZGJIDH MONUMENTET E \\\"SHKUPI 2014\\\", THOT\\u00cb KRYETARI SHILEGOV - \\u0421\\u0430\\u043a\\u0430\\u043c \\u0414\\u0430 \\u041a\\u0430\\u0436\\u0430\\u043c\",\"isPartOf\":{\"@id\":\"https:\/\/sdk.mk\/#website\"},\"primaryImageOfPage\":{\"@id\":\"https:\/\/sdk.mk\/index.php\/rrjeti-i-korrespondenteve\/pas-zgjedhjeve-do-te-zgjidh-monumentet-e-shkupi-2014-thote-kryetari-shilegov\/#primaryimage\"},\"datePublished\":\"2020-03-24T12:11:24+00:00\",\"dateModified\":\"2020-03-24T12:11:24+00:00\",\"author\":{\"@id\":\"https:\/\/sdk.mk\/#\/schema\/person\/737021aeacbe893f7e2c347186c5c7a1\"},\"inLanguage\":\"mk-MK\",\"potentialAction\":[{\"@type\":\"ReadAction\",\"target\":[\"https:\/\/sdk.mk\/index.php\/rrjeti-i-korrespondenteve\/pas-zgjedhjeve-do-te-zgjidh-monumentet-e-shkupi-2014-thote-kryetari-shilegov\/\"]}]},{\"@type\":\"Person\",\"@id\":\"https:\/\/sdk.mk\/#\/schema\/person\/737021aeacbe893f7e2c347186c5c7a1\",\"name\":\"\\u0424\\u0458\\u043e\\u043b\\u0430 \\u0417\\u043b\\u0430\\u0442\\u043a\\u0443\"}]}<\/script>\n<!-- \/ Yoast SEO Premium plugin. -->","_links":{"self":[{"href":"https:\/\/sdk.mk\/index.php\/wp-json\/wp\/v2\/posts\/110635"}],"collection":[{"href":"https:\/\/sdk.mk\/index.php\/wp-json\/wp\/v2\/posts"}],"about":[{"href":"https:\/\/sdk.mk\/index.php\/wp-json\/wp\/v2\/types\/post"}],"author":[{"embeddable":true,"href":"https:\/\/sdk.mk\/index.php\/wp-json\/wp\/v2\/users\/25"}],"replies":[{"embeddable":true,"href":"https:\/\/sdk.mk\/index.php\/wp-json\/wp\/v2\/comments?post=110635"}],"version-history":[{"count":0,"href":"https:\/\/sdk.mk\/index.php\/wp-json\/wp\/v2\/posts\/110635\/revisions"}],"wp:featuredmedia":[{"embeddable":true,"href":"https:\/\/sdk.mk\/index.php\/wp-json\/wp\/v2\/media\/107707"}],"wp:attachment":[{"href":"https:\/\/sdk.mk\/index.php\/wp-json\/wp\/v2\/media?parent=110635"}],"wp:term":[{"taxonomy":"category","embeddable":true,"href":"https:\/\/sdk.mk\/index.php\/wp-json\/wp\/v2\/categories?post=110635"},{"taxonomy":"post_tag","embeddable":true,"href":"https:\/\/sdk.mk\/index.php\/wp-json\/wp\/v2\/tags?post=110635"}],"curies":[{"name":"wp","href":"https:\/\/api.w.org\/{rel}","templated":true}]}}