{"id":110637,"date":"2020-03-24T13:17:06","date_gmt":"2020-03-24T12:17:06","guid":{"rendered":"https:\/\/sdk.mk\/?p=110637"},"modified":"2020-03-24T13:17:38","modified_gmt":"2020-03-24T12:17:38","slug":"do-te-kete-konkurs-per-treska-komisioni-do-te-perbehet-prej-kryetarit-bogdanoviq-kryetarja-e-keshillit-bellceva-thote-se-keshtu-mbrohen-interesat-e-investitoreve","status":"publish","type":"post","link":"https:\/\/sdk.mk\/index.php\/rrjeti-i-korrespondenteve\/do-te-kete-konkurs-per-treska-komisioni-do-te-perbehet-prej-kryetarit-bogdanoviq-kryetarja-e-keshillit-bellceva-thote-se-keshtu-mbrohen-interesat-e-investitoreve\/","title":{"rendered":"DO T\u00cb KET\u00cb KONKURS P\u00cbR \u201cTRESKA\u201d, KOMISIONI DO T\u00cb P\u00cbRB\u00cbHET PREJ KRYETARIT BOGDANOVIQ, KRYETARJA E K\u00cbSHILLIT BELL\u00c7EVA THOT\u00cb SE K\u00cbSHTU MBROHEN INTERESAT E INVESTITOR\u00cbVE"},"content":{"rendered":"<div class=\"f52428582a4b906b2d2e2a7d733c7d27\" data-index=\"7\" style=\"float: none; margin:10px 0 10px 0; text-align:center;\">\n<!-- MSP Ads Asynchronous JS Tag - Generated with Revive Adserver v5.4.1 -->\r\n<ins data-revive-zoneid=\"167\" data-revive-id=\"060fdb01f6430ec164d3519234aa4967\"><\/ins>\r\n<script async src=\"\/\/panel.ads.com.mk\/www\/delivery\/asyncjs.php\"><\/script>\n<\/div>\n<p>N\u00eb konkurs do t\u00eb vendoset se \u00e7far\u00eb t\u00eb nd\u00ebrtohet n\u00eb vendin e ish-fabrik\u00ebs &#8220;Treska&#8221; n\u00eb Shkup, por m\u00ebnyra se si do t\u00eb zbatohet ka krijuar konflikt midis kryetarit t\u00eb Komun\u00ebs Qend\u00ebr Sasha Bogdanoviq dhe presidentes s\u00eb K\u00ebshillit Jana Belcheva-Andreevska. Pas tre seancave t\u00eb planifikuara, ku diskutua nisma e qytetar\u00ebve dhe arkitekt\u00ebve p\u00ebr t\u00eb b\u00ebr\u00eb thirrje p\u00ebr nj\u00eb Konkurs arkitekturor urban, dje k\u00ebshilltar\u00ebt ran\u00eb dakord t\u00eb rregullojn\u00eb hap\u00ebsir\u00ebn n\u00eb k\u00ebt\u00eb m\u00ebnyr\u00eb, por duke u bazuar te propozimi i kryetarit Sasa Bogdanoviq.<\/p>\n<p>Kryetari i komun\u00ebs n\u00eb fillim t\u00eb seanc\u00eb tha se po propozonte nj\u00eb seanc\u00eb t\u00eb re t\u00eb jasht\u00ebzakonshme p\u00ebr t\u00eb shpallur konkursin &#8220;Treska&#8221;, sepse pika e vendosur n\u00eb seanc\u00ebn e 41-t\u00eb nuk mund t\u00eb votohej sepse iniciativanuk ishte dor\u00ebzuar n\u00eb p\u00ebrputhje me ligjin.<\/p>\n<p>&#8220;N\u00eb m\u00ebnyr\u00eb q\u00eb t\u00eb mos merret nj\u00eb vendim dhe pastaj t\u00eb mos mund t\u00eb kund\u00ebrshtohet nga askush, un\u00eb, si kryetar i komun\u00ebs, po propozoj nj\u00eb seanc\u00eb t\u00eb re t\u00eb jasht\u00ebzakonshme p\u00ebr t\u00eb shpallur nj\u00eb konkurs p\u00ebr &#8220;Treska&#8221;. Kjo do t\u00eb shmang\u00eb mund\u00ebsin\u00eb e marrjes s\u00eb vendimeve t\u00eb paligjshme, dhe ne do t\u00eb arrijm\u00eb q\u00ebllimin p\u00ebr fillimin e nj\u00eb konkursi p\u00ebr rregullimin e k\u00ebsaj pjese t\u00eb Planit t\u00eb Detajuar Urbanistik 311lokalitet Bunjakovec 1 dhe 2, &#8220;tha Bogdanoviq.<\/p>\n<div id=\"attachment_110639\" style=\"width: 660px\" class=\"wp-caption aligncenter\"><a href=\"https:\/\/sdk.mk\/wp-content\/uploads\/2020\/03\/111.jpg\"><img aria-describedby=\"caption-attachment-110639\" loading=\"lazy\" class=\"wp-image-110639 size-large\" src=\"https:\/\/sdk.mk\/wp-content\/uploads\/2020\/03\/111-650x372.jpg\" alt=\"\" width=\"650\" height=\"372\" srcset=\"https:\/\/sdk.mk\/wp-content\/uploads\/2020\/03\/111-650x372.jpg 650w, https:\/\/sdk.mk\/wp-content\/uploads\/2020\/03\/111-250x143.jpg 250w, https:\/\/sdk.mk\/wp-content\/uploads\/2020\/03\/111-400x229.jpg 400w, https:\/\/sdk.mk\/wp-content\/uploads\/2020\/03\/111-768x439.jpg 768w, https:\/\/sdk.mk\/wp-content\/uploads\/2020\/03\/111-150x86.jpg 150w, https:\/\/sdk.mk\/wp-content\/uploads\/2020\/03\/111-800x458.jpg 800w, https:\/\/sdk.mk\/wp-content\/uploads\/2020\/03\/111-1200x687.jpg 1200w, https:\/\/sdk.mk\/wp-content\/uploads\/2020\/03\/111.jpg 1578w\" sizes=\"(max-width: 650px) 100vw, 650px\" \/><\/a><p id=\"caption-attachment-110639\" class=\"wp-caption-text\">&#8220;N\u00ebse un\u00eb do t\u00eb mbroja interesat e investitor\u00ebve, nuk do t\u00eb b\u00ebja moratorium dhe as do t\u00eb luftoja p\u00ebr t\u00eb b\u00ebr\u00eb plane q\u00eb do t\u00eb siguronin nj\u00eb jet\u00eb njer\u00ebzore p\u00ebr qytetar\u00ebt,&#8221; tha Bogdanoviq. (Foto: SDK.MK)<\/p><\/div>\n<p>Sidoqoft\u00eb, k\u00ebt\u00eb propozim t\u00eb kryetarit Bogdanoviq nuk e pranoi Kryetari i K\u00ebshillit t\u00eb Komun\u00ebs s\u00eb Qendr\u00ebs Jana Belcheva-Andreevska. Ajo nuk lejoi nj\u00eb seanc\u00eb t\u00eb jasht\u00ebzakonshme me propozimin e kryetarit Bogdanoviq, por sipas pik\u00ebs q\u00eb ishte n\u00eb seanc\u00ebn e 41-t\u00eb. Bell\u00e7eva tha se konkluzionet se si t\u00eb zhvillohet konkursi ishin t\u00eb ndryshme nga ato q\u00eb ishin r\u00ebn\u00eb dakord dhe propozuar m\u00eb par\u00eb si pik\u00eb e seanc\u00ebs s\u00eb rregullt.<\/p>\n<p>Problemi, sipas Bell\u00e7ev\u00ebs, \u00ebsht\u00eb n\u00eb raport me at\u00eb se kush do t\u00eb jet\u00eb pjes\u00eb e Komisionit p\u00ebr p\u00ebrgatitjen e detyr\u00ebs programore p\u00ebr konkursin. Kryetari i komun\u00ebs p\u00ebrfundoi se ai do t\u00eb krijoj\u00eb nj\u00eb Komision, i cili do t\u00eb ket\u00eb an\u00ebtar\u00eb t\u00eb jasht\u00ebm p\u00ebrve\u00e7 stafit komunal, nd\u00ebrsa Bell\u00e7eva beson se Komisioni duhet t\u00eb ket\u00eb personel vet\u00ebm nga t\u00eb pun\u00ebsuarit n\u00eb Sektorin e urbanizmit t\u00eb Komun\u00ebs Qend\u00ebr. Propozimi i kryetarit t\u00eb komun\u00ebs p\u00ebr t\u00eb pasur an\u00ebtar\u00eb t\u00eb jasht\u00ebm, shprehet Belcheva-Andreevska, hap mund\u00ebsin\u00eb q\u00eb investitor\u00ebt t\u00eb ndjekin interesat e asaj q\u00eb duhet t\u00eb nd\u00ebrtojn\u00eb n\u00eb hap\u00ebsir\u00eb, p\u00ebrpara se t\u00eb mbrojn\u00eb interesin publik.<\/p>\n<p>&#8220;M\u00eb vjen keq q\u00eb pengesat administrative ishin penges\u00eb p\u00ebr pranimin e iniciativ\u00ebs qytetare, edhe pse pengesat jan\u00eb vendosur nga vet\u00eb qeveria dhe duhet t&#8217;i heq\u00eb ato p\u00ebr t\u00eb inkurajuar bashk\u00ebpunimin me qytetar\u00ebt. Por m\u00eb s\u00eb tep\u00ebrmi m\u00eb vjen keq q\u00eb kryetari i komun\u00ebs mendon se ka t\u00eb drejt\u00ebn p\u00ebr t\u00eb vendosur p\u00ebr Komisionin, p\u00ebr t\u00eb financuar dhe p\u00ebr t\u00eb p\u00ebrcaktuar k\u00ebrkesat. Sugjerimet e tij se si dhe kush do t\u00eb p\u00ebrcaktoj\u00eb parametrat e hyrjes sipas t\u00eb cil\u00ebve do t\u00eb krijohet konkursi, k\u00ebrkesat q\u00eb duhet t\u00eb p\u00ebrmbushen, por m\u00eb tep\u00ebr se si dhe p\u00ebrmes cilit program do t\u00eb financohet konkursi, mund\u00ebsojn\u00eb hap\u00ebrsir\u00eb p\u00ebr t\u00eb p\u00ebrmbushur grupet e interesit, n\u00eb d\u00ebm t\u00eb interesit publik dhe qytetar\u00ebve. Avokimi im nuk \u00ebsht\u00eb p\u00ebr konkurrenc\u00ebn si nj\u00eb mburoj\u00eb juridiko-teknike n\u00eb m\u00ebnyr\u00eb q\u00eb t\u00eb luaj\u00eb me interesin e qytetar\u00ebve n\u00eb kurriz t\u00eb lidhjeve politiko-afariste t\u00eb biznesit, si\u00e7 ishte rasti me &#8216;Shkup 2014&#8217;, nj\u00eb projekt q\u00eb &#8216;fitoi&#8217; konkursin. P\u00ebrgjegj\u00ebsia ime \u00ebsht\u00eb q\u00eb ligjet dhe rregulloret t\u00eb mos jen\u00eb nj\u00eb instrument p\u00ebr plot\u00ebsimin e interesave personale, por t\u00eb ken\u00eb funksionin e duhur, p\u00ebr t\u00eb mbrojtur interesat e qytetar\u00ebve, &#8220;thot\u00eb Kryetarja e K\u00ebshillit t\u00eb Komun\u00ebs s\u00eb Qendr\u00ebs Bel\u00e7eva-Andreevska.<\/p>\n<p>Pik\u00ebrisht p\u00ebr shkak t\u00eb mospajtimit me propozimin e kryetarit Sasa Bogdanovi\u00e7, Kryetarja e K\u00ebshillit Belcheva-Andreevska u largua nga seanca. M\u00eb pas, seanca drejtohej nga k\u00ebshilltarja m\u00eb e vjet\u00ebr Cvetanka Simonovska, e cila pranoi propozimin e kryetarit t\u00eb komun\u00ebs p\u00ebr nj\u00eb seanc\u00eb t\u00eb jasht\u00ebzakonshme me propozimet e tij p\u00ebr shpalljen e nj\u00eb konkursi p\u00ebr &#8220;Treska&#8221;. Propozimi ishte i pranuesh\u00ebm p\u00ebr k\u00ebshilltar\u00ebt dhe ata votuan me 12 vota pro.<\/p>\n<div id=\"attachment_110638\" style=\"width: 660px\" class=\"wp-caption aligncenter\"><a href=\"https:\/\/sdk.mk\/wp-content\/uploads\/2020\/03\/222.jpg\"><img aria-describedby=\"caption-attachment-110638\" loading=\"lazy\" class=\"wp-image-110638 size-large\" src=\"https:\/\/sdk.mk\/wp-content\/uploads\/2020\/03\/222-650x374.jpg\" alt=\"\" width=\"650\" height=\"374\" srcset=\"https:\/\/sdk.mk\/wp-content\/uploads\/2020\/03\/222-650x374.jpg 650w, https:\/\/sdk.mk\/wp-content\/uploads\/2020\/03\/222-250x144.jpg 250w, https:\/\/sdk.mk\/wp-content\/uploads\/2020\/03\/222-400x230.jpg 400w, https:\/\/sdk.mk\/wp-content\/uploads\/2020\/03\/222-768x442.jpg 768w, https:\/\/sdk.mk\/wp-content\/uploads\/2020\/03\/222-150x86.jpg 150w, https:\/\/sdk.mk\/wp-content\/uploads\/2020\/03\/222-800x460.jpg 800w, https:\/\/sdk.mk\/wp-content\/uploads\/2020\/03\/222.jpg 992w\" sizes=\"(max-width: 650px) 100vw, 650px\" \/><\/a><p id=\"caption-attachment-110638\" class=\"wp-caption-text\">Komisioni p\u00ebr p\u00ebrgatitjen e detyr\u00ebs programore p\u00ebr konkursin do t\u00eb p\u00ebrb\u00ebhet nga kryetari Bogdanovi\u00e7, dhe p\u00ebrve\u00e7 stafit n\u00eb Komun\u00ebs do t\u00eb ket\u00eb edhe an\u00ebtar\u00eb t\u00eb jasht\u00ebm. (Foto: K. Popov)<\/p><\/div>\n<p>Kryetari Bogdanovi\u00e7 thot\u00eb se ajo q\u00eb thot\u00eb Presidenti Bell\u00e7eva-Andreevska nuk \u00ebsht\u00eb se sakt\u00eb dhe se ai nuk d\u00ebshiron t\u00eb mbroj\u00eb asnj\u00eb biznes interes t\u00eb investitor\u00ebve n\u00eb zon\u00eb.<\/p>\n<p>&#8220;N\u00ebse un\u00eb do t\u00eb mbroja interesat e investitor\u00ebve, nuk do t\u00eb b\u00ebja moratorium dhe as do t\u00eb luftoja p\u00ebr t\u00eb b\u00ebr\u00eb plane q\u00eb do t\u00eb siguronin nj\u00eb jet\u00eb njer\u00ebzore p\u00ebr qytetar\u00ebt,&#8221; tha Bogdanovi\u00e7. Komisioni q\u00eb do t\u00eb p\u00ebrpiloj\u00eb t\u00eb dh\u00ebnat e hyrjes t\u00eb konkursit, do t\u00eb p\u00ebrb\u00ebhet nga personeli i bashkis\u00eb, si dhe p\u00ebrfaq\u00ebsues q\u00eb kan\u00eb ngritur iniciativ\u00ebn. Un\u00eb nuk kam synime t\u00eb fshehura, as kontrata me investitor\u00ebt. \u00cbsht\u00eb normale q\u00eb t\u00eb p\u00ebrfshihet edhe nj\u00eb p\u00ebrfaq\u00ebsues i pronar\u00ebve t\u00eb pronave, p\u00ebrve\u00e7 arkitekt\u00ebve, iniciator\u00ebve t\u00eb iniciativ\u00ebs dhe ekspert\u00ebve t\u00eb Komun\u00ebs, &#8220;thot\u00eb Bogdanovi\u00e7.<\/p>\n<p>N\u00eb janar t\u00eb k\u00ebtij viti, pas bisedave publike q\u00eb plani i ri &#8220;Bunjakovec 1 dhe 2&#8221;,\u00a0 i cili aktualisht po b\u00ebhet n\u00ebn moratorium, parashikohen nd\u00ebrtesa t\u00eb reja, filloi nj\u00eb iniciativ\u00eb p\u00ebr shpalljen e nj\u00eb konkursi. Nisma p\u00ebr Konkursin Urbanistik Arkitektonik t\u00eb paraqitur n\u00eb Komun\u00ebn e Qendr\u00ebs nga ish-Presidenti i Shoqat\u00ebs s\u00eb Arkitekt\u00ebve t\u00eb Maqedonis\u00eb Danica Pavlovska-Cigi, n\u00eb em\u00ebr t\u00eb disa profesor\u00ebve, arkitekt\u00ebve, an\u00ebtar\u00ebve t\u00eb Shoqat\u00ebs s\u00eb Arkitekt\u00ebve t\u00eb Maqedonis\u00eb, Akademis\u00eb s\u00eb Arkitekt\u00ebve dhe Arkitekt\u00ebve, Od\u00ebs s\u00eb Arkitekt\u00ebve, si dhe shoqatat qytetare si\u00a0 &#8220;Sh\u00ebndeti para fitimit n\u00eb Qend\u00ebr&#8221;, &#8220;Koalicioni O2&#8221; dhe &#8220;Transparenca Maqedoni&#8221;.<\/p>\n<p>&#8220;Ne po e dor\u00ebzojm\u00eb k\u00ebt\u00eb iniciativ\u00eb qytetare me besim n\u00eb krijimin e nj\u00eb vizioni t\u00eb ri urbanistik p\u00ebr vendndodhjen e fabrik\u00ebs&#8221; Treska &#8220;, e cila posa\u00e7\u00ebrisht p\u00ebrfshin parashikimin, organizimin dhe zbatimin e nj\u00eb konkursi arkitekturor-urban me detyr\u00ebn e duhur programuese. Bindja jon\u00eb e thell\u00eb p\u00ebr suksesin e institucionit t\u00eb konkursit \u00ebsht\u00eb e padiskutueshme, dhe argumentimi i konkurrenc\u00ebs si nj\u00eb proces demokratik \u00ebsht\u00eb tashm\u00eb di\u00e7ka e testuar. Nj\u00eb veprim i till\u00eb tregon nj\u00eb veprim t\u00eb arsyesh\u00ebm, nj\u00eb garanci p\u00ebr nj\u00eb kreativitet m\u00eb t\u00eb pasur dhe\u00a0\u00a0 nj\u00eb avantazh t\u00eb duksh\u00ebm, dhe m\u00eb e r\u00ebnd\u00ebsishmja, do t\u00eb sh\u00ebnoj\u00eb pozitivisht koh\u00ebn n\u00eb t\u00eb cil\u00ebn jetojm\u00eb&#8221;, tha kryetari Sasa Bogdanovi\u00e7 n\u00eb nj\u00eb iniciativ\u00eb qytetare.<\/p>\n<p><em>A. ANTEVSKA<\/em><\/p>\n<p>&nbsp;<\/p>\n\n<div style=\"font-size: 0px; height: 0px; line-height: 0px; margin: 0; padding: 0; clear: both;\"><\/div>","protected":false},"excerpt":{"rendered":"<p>N\u00eb konkurs do t\u00eb vendoset se \u00e7far\u00eb t\u00eb nd\u00ebrtohet n\u00eb vendin e ish-fabrik\u00ebs &#8220;Treska&#8221; n\u00eb Shkup, por m\u00ebnyra se si [&hellip;]<\/p>\n","protected":false},"author":25,"featured_media":107206,"comment_status":"closed","ping_status":"closed","sticky":false,"template":"","format":"standard","meta":{"_mo_disable_npp":"","inline_featured_image":false},"categories":[3095],"tags":[],"imageURL":"https:\/\/sdk.mk\/wp-content\/uploads\/2020\/02\/treska-fabrika-18.02.2020-650x434.jpg","thumbURL":"https:\/\/sdk.mk\/wp-content\/uploads\/2020\/02\/treska-fabrika-18.02.2020-250x167.jpg","categoryNames":["Rrjeti i korrespondent\u00ebve"],"feature_caption":"Bell\u00e7eva-Andreevska konsideron se me propozimin e kryetarit t\u00eb komun\u00ebs Bogdanoviq p\u00ebr t\u00eb pasur an\u00ebtar\u00eb t\u00eb jasht\u00ebm n\u00eb Komision, hapet mund\u00ebsia p\u00ebr realizim t\u00eb interesave t\u00eb investitor\u00ebve p\u00ebr at\u00eb se \u00e7far\u00eb mund t\u00eb nd\u00ebrtohet, e jo p\u00ebr t\u00eb mbrojtur interesin publik. (Foto: K. Popov)","subtitle":"","views":"8146","source":"Shkup, (SAKAMDAKAZAM.MK)","yoast_head":"<!-- This site is optimized with the Yoast SEO Premium plugin v15.0 - https:\/\/yoast.com\/wordpress\/plugins\/seo\/ -->\n<title>DO T\u00cb KET\u00cb KONKURS P\u00cbR \u201cTRESKA\u201d, KOMISIONI DO T\u00cb P\u00cbRB\u00cbHET PREJ KRYETARIT BOGDANOVIQ, KRYETARJA E K\u00cbSHILLIT BELL\u00c7EVA THOT\u00cb SE K\u00cbSHTU MBROHEN INTERESAT E INVESTITOR\u00cbVE - \u0421\u0430\u043a\u0430\u043c \u0414\u0430 \u041a\u0430\u0436\u0430\u043c<\/title>\n<meta name=\"robots\" content=\"index, follow, max-snippet:-1, max-image-preview:large, max-video-preview:-1\" \/>\n<link rel=\"canonical\" href=\"https:\/\/sdk.mk\/index.php\/rrjeti-i-korrespondenteve\/do-te-kete-konkurs-per-treska-komisioni-do-te-perbehet-prej-kryetarit-bogdanoviq-kryetarja-e-keshillit-bellceva-thote-se-keshtu-mbrohen-interesat-e-investitoreve\/\" \/>\n<meta property=\"og:locale\" content=\"mk_MK\" \/>\n<meta property=\"og:type\" content=\"article\" \/>\n<meta property=\"og:title\" content=\"DO T\u00cb KET\u00cb KONKURS P\u00cbR \u201cTRESKA\u201d, KOMISIONI DO T\u00cb P\u00cbRB\u00cbHET PREJ KRYETARIT BOGDANOVIQ, KRYETARJA E K\u00cbSHILLIT BELL\u00c7EVA THOT\u00cb SE K\u00cbSHTU MBROHEN INTERESAT E INVESTITOR\u00cbVE - \u0421\u0430\u043a\u0430\u043c \u0414\u0430 \u041a\u0430\u0436\u0430\u043c\" \/>\n<meta property=\"og:description\" content=\"N\u00eb konkurs do t\u00eb vendoset se \u00e7far\u00eb t\u00eb nd\u00ebrtohet n\u00eb vendin e ish-fabrik\u00ebs &#8220;Treska&#8221; n\u00eb Shkup, por m\u00ebnyra se si [&hellip;]\" \/>\n<meta property=\"og:url\" content=\"https:\/\/sdk.mk\/index.php\/rrjeti-i-korrespondenteve\/do-te-kete-konkurs-per-treska-komisioni-do-te-perbehet-prej-kryetarit-bogdanoviq-kryetarja-e-keshillit-bellceva-thote-se-keshtu-mbrohen-interesat-e-investitoreve\/\" \/>\n<meta property=\"og:site_name\" content=\"\u0421\u0430\u043a\u0430\u043c \u0414\u0430 \u041a\u0430\u0436\u0430\u043c\" \/>\n<meta property=\"article:published_time\" content=\"2020-03-24T12:17:06+00:00\" \/>\n<meta property=\"article:modified_time\" content=\"2020-03-24T12:17:38+00:00\" \/>\n<meta property=\"og:image\" content=\"https:\/\/sdk.mk\/wp-content\/uploads\/2020\/02\/treska-fabrika-18.02.2020.jpg\" \/>\n\t<meta property=\"og:image:width\" content=\"1000\" \/>\n\t<meta property=\"og:image:height\" content=\"667\" \/>\n<meta property=\"fb:app_id\" content=\"2407985809428537\" \/>\n<meta name=\"twitter:card\" content=\"summary\" \/>\n<script type=\"application\/ld+json\" class=\"yoast-schema-graph\">{\"@context\":\"https:\/\/schema.org\",\"@graph\":[{\"@type\":\"WebSite\",\"@id\":\"https:\/\/sdk.mk\/#website\",\"url\":\"https:\/\/sdk.mk\/\",\"name\":\"\\u0421\\u0430\\u043a\\u0430\\u043c \\u0414\\u0430 \\u041a\\u0430\\u0436\\u0430\\u043c\",\"description\":\"\\u0417\\u0430 \\u0441\\u043b\\u043e\\u0431\\u043e\\u0434\\u043e\\u0443\\u043c\\u043d\\u0438\",\"potentialAction\":[{\"@type\":\"SearchAction\",\"target\":\"https:\/\/sdk.mk\/?s={search_term_string}\",\"query-input\":\"required name=search_term_string\"}],\"inLanguage\":\"mk-MK\"},{\"@type\":\"ImageObject\",\"@id\":\"https:\/\/sdk.mk\/index.php\/rrjeti-i-korrespondenteve\/do-te-kete-konkurs-per-treska-komisioni-do-te-perbehet-prej-kryetarit-bogdanoviq-kryetarja-e-keshillit-bellceva-thote-se-keshtu-mbrohen-interesat-e-investitoreve\/#primaryimage\",\"inLanguage\":\"mk-MK\",\"url\":\"https:\/\/sdk.mk\/wp-content\/uploads\/2020\/02\/treska-fabrika-18.02.2020.jpg\",\"width\":1000,\"height\":667},{\"@type\":\"WebPage\",\"@id\":\"https:\/\/sdk.mk\/index.php\/rrjeti-i-korrespondenteve\/do-te-kete-konkurs-per-treska-komisioni-do-te-perbehet-prej-kryetarit-bogdanoviq-kryetarja-e-keshillit-bellceva-thote-se-keshtu-mbrohen-interesat-e-investitoreve\/#webpage\",\"url\":\"https:\/\/sdk.mk\/index.php\/rrjeti-i-korrespondenteve\/do-te-kete-konkurs-per-treska-komisioni-do-te-perbehet-prej-kryetarit-bogdanoviq-kryetarja-e-keshillit-bellceva-thote-se-keshtu-mbrohen-interesat-e-investitoreve\/\",\"name\":\"DO T\\u00cb KET\\u00cb KONKURS P\\u00cbR \\u201cTRESKA\\u201d, KOMISIONI DO T\\u00cb P\\u00cbRB\\u00cbHET PREJ KRYETARIT BOGDANOVIQ, KRYETARJA E K\\u00cbSHILLIT BELL\\u00c7EVA THOT\\u00cb SE K\\u00cbSHTU MBROHEN INTERESAT E INVESTITOR\\u00cbVE - \\u0421\\u0430\\u043a\\u0430\\u043c \\u0414\\u0430 \\u041a\\u0430\\u0436\\u0430\\u043c\",\"isPartOf\":{\"@id\":\"https:\/\/sdk.mk\/#website\"},\"primaryImageOfPage\":{\"@id\":\"https:\/\/sdk.mk\/index.php\/rrjeti-i-korrespondenteve\/do-te-kete-konkurs-per-treska-komisioni-do-te-perbehet-prej-kryetarit-bogdanoviq-kryetarja-e-keshillit-bellceva-thote-se-keshtu-mbrohen-interesat-e-investitoreve\/#primaryimage\"},\"datePublished\":\"2020-03-24T12:17:06+00:00\",\"dateModified\":\"2020-03-24T12:17:38+00:00\",\"author\":{\"@id\":\"https:\/\/sdk.mk\/#\/schema\/person\/737021aeacbe893f7e2c347186c5c7a1\"},\"inLanguage\":\"mk-MK\",\"potentialAction\":[{\"@type\":\"ReadAction\",\"target\":[\"https:\/\/sdk.mk\/index.php\/rrjeti-i-korrespondenteve\/do-te-kete-konkurs-per-treska-komisioni-do-te-perbehet-prej-kryetarit-bogdanoviq-kryetarja-e-keshillit-bellceva-thote-se-keshtu-mbrohen-interesat-e-investitoreve\/\"]}]},{\"@type\":\"Person\",\"@id\":\"https:\/\/sdk.mk\/#\/schema\/person\/737021aeacbe893f7e2c347186c5c7a1\",\"name\":\"\\u0424\\u0458\\u043e\\u043b\\u0430 \\u0417\\u043b\\u0430\\u0442\\u043a\\u0443\"}]}<\/script>\n<!-- \/ Yoast SEO Premium plugin. -->","_links":{"self":[{"href":"https:\/\/sdk.mk\/index.php\/wp-json\/wp\/v2\/posts\/110637"}],"collection":[{"href":"https:\/\/sdk.mk\/index.php\/wp-json\/wp\/v2\/posts"}],"about":[{"href":"https:\/\/sdk.mk\/index.php\/wp-json\/wp\/v2\/types\/post"}],"author":[{"embeddable":true,"href":"https:\/\/sdk.mk\/index.php\/wp-json\/wp\/v2\/users\/25"}],"replies":[{"embeddable":true,"href":"https:\/\/sdk.mk\/index.php\/wp-json\/wp\/v2\/comments?post=110637"}],"version-history":[{"count":0,"href":"https:\/\/sdk.mk\/index.php\/wp-json\/wp\/v2\/posts\/110637\/revisions"}],"wp:featuredmedia":[{"embeddable":true,"href":"https:\/\/sdk.mk\/index.php\/wp-json\/wp\/v2\/media\/107206"}],"wp:attachment":[{"href":"https:\/\/sdk.mk\/index.php\/wp-json\/wp\/v2\/media?parent=110637"}],"wp:term":[{"taxonomy":"category","embeddable":true,"href":"https:\/\/sdk.mk\/index.php\/wp-json\/wp\/v2\/categories?post=110637"},{"taxonomy":"post_tag","embeddable":true,"href":"https:\/\/sdk.mk\/index.php\/wp-json\/wp\/v2\/tags?post=110637"}],"curies":[{"name":"wp","href":"https:\/\/api.w.org\/{rel}","templated":true}]}}