{"id":110641,"date":"2020-03-24T13:20:24","date_gmt":"2020-03-24T12:20:24","guid":{"rendered":"https:\/\/sdk.mk\/?p=110641"},"modified":"2020-03-24T13:20:24","modified_gmt":"2020-03-24T12:20:24","slug":"nuk-duam-gjelberim-duam-banesa-per-femijet-reaguan-qytetaret-ne-prezantimin-e-pdu-se-per-debar-maallo-2-dhe-parkun-e-qytetit","status":"publish","type":"post","link":"https:\/\/sdk.mk\/index.php\/rrjeti-i-korrespondenteve\/nuk-duam-gjelberim-duam-banesa-per-femijet-reaguan-qytetaret-ne-prezantimin-e-pdu-se-per-debar-maallo-2-dhe-parkun-e-qytetit\/","title":{"rendered":"NUK DUAM GJELB\u00cbRIM, DUAM BANESA P\u00cbR F\u00cbMIJ\u00cbT, REAGUAN QYTETAR\u00cbT N\u00cb PREZANTIMIN E PDU-S\u00cb P\u00cbR DEBAR MAALLO 2 DHE PARKUN E QYTETIT"},"content":{"rendered":"<div class=\"f52428582a4b906b2d2e2a7d733c7d27\" data-index=\"7\" style=\"float: none; margin:10px 0 10px 0; text-align:center;\">\n<!-- MSP Ads Asynchronous JS Tag - Generated with Revive Adserver v5.4.1 -->\r\n<ins data-revive-zoneid=\"167\" data-revive-id=\"060fdb01f6430ec164d3519234aa4967\"><\/ins>\r\n<script async src=\"\/\/panel.ads.com.mk\/www\/delivery\/asyncjs.php\"><\/script>\n<\/div>\n<p>&#8220;Gjelb\u00ebrimi nuk \u00ebsht\u00eb prioritet n\u00eb k\u00ebt\u00eb plan, ja ku e kemi Parkun e Qytetit. Ne duam parcela m\u00eb t\u00eb m\u00ebdha p\u00ebr t\u00eb siguruar banesat p\u00ebr f\u00ebmij\u00ebt tan\u00eb&#8221;, than\u00eb qytetar\u00ebt n\u00eb prezantimin e sot\u00ebm publik t\u00eb Planit i Detajuar Urbanistik Gradska \u00e7etvrt 3 12 -lokaliteti Parku 1 dhe nj\u00eb pjes\u00eb e\u00a0 Debar Maalos 2 .<\/p>\n<p>Plani q\u00eb u prezantua sot n\u00eb Komun\u00ebn e Qendr\u00ebs, i referohet sip\u00ebrfaqes s\u00eb parkut n\u00eb pjes\u00ebn e barakave t\u00eb Qytetit t\u00eb Shkupit deri te stadiumi &#8220;Todor Proeski&#8221;, si dhe pjesa e Debar Maalos, nga parku deri te nd\u00ebrtesa e Qeveris\u00eb.<\/p>\n<p>PDU i ri p\u00ebrcakton q\u00eb n\u00eb barakat e Qytetit t\u00eb Shkupit, n\u00eb vend t\u00eb nj\u00eb nd\u00ebrtese afariste pes\u00eb-kat\u00ebshe, t\u00eb ket\u00eb nj\u00eb parkim montues me terrene sportive n\u00eb \u00e7ati. N\u00eb vend t\u00eb barakave t\u00eb Gjykat\u00ebs s\u00eb kund\u00ebrvajtjes, plani i vjet\u00ebr parashikonte nd\u00ebrtimin e dy nd\u00ebrtesave. Tani ato shenja jan\u00eb fshir\u00eb dhe ajo pjes\u00eb do t\u00eb jet\u00eb gjelbrim. Te salla &#8220;Partizani&#8221; jan\u00eb parashikuar nj\u00eb shkoll\u00eb dhe nj\u00eb kopsht f\u00ebmij\u00ebsh. Shenja te &#8220;Kermes&#8221; mbetet me nj\u00eb lart\u00ebsi maksimale prej 7.9 metrash, gjegj\u00ebsisht kati p\u00ebrdhes plus nj\u00eb kat. Lart\u00ebsia e restorantit &#8220;Opatija&#8221; \u00ebsht\u00eb zvog\u00ebluar. Ai m\u00eb par\u00eb kishte nj\u00eb kat p\u00ebrdhes plus tre kate dhe tani ka katin p\u00ebrdhes dhe nj\u00eb kat sip\u00ebr.<\/p>\n<p>Nd\u00ebrtesat e banimit ruajn\u00eb gjendjen ose lart\u00ebsin\u00eb e tyre aktuale, por zvog\u00eblojn\u00eb madh\u00ebsin\u00eb e parcel\u00ebs nd\u00ebrtimore.\u00a0 Kjo do t\u00eb thot\u00eb q\u00eb parcela e nd\u00ebrtes\u00ebs n\u00eb t\u00eb cil\u00ebn mund t\u00eb nd\u00ebrtohet objekti do t\u00eb jet\u00eb 70 p\u00ebrqind, dhe hap\u00ebsira tjet\u00ebr duhet t\u00eb jet\u00eb p\u00ebr gjelb\u00ebrim dhe parkim. &#8211; Nga prezantimi publik i PDU-s\u00eb n\u00eb Komun\u00ebn e Qendr\u00ebs. Plani gjithashtu parashikon q\u00eb distanca nga nj\u00eb nd\u00ebrtes\u00eb n\u00eb tjetr\u00ebn \u00ebsht\u00eb t\u00eb pakt\u00ebn 6 metra.<\/p>\n<p>\u00cbsht\u00eb pik\u00ebrisht kjo zgjidhje q\u00eb ka zem\u00ebruar qytetar\u00ebt q\u00eb po k\u00ebrkojn\u00eb t\u00eb rritin parcelat dhe katet e tyre, se ata tashm\u00eb kan\u00eb parapar\u00eb marr\u00ebveshje me investitor\u00ebt dhe nuk kan\u00eb nevoj\u00eb p\u00ebr gjelb\u00ebrim.<\/p>\n<p>&#8220;Ku keni par\u00eb n\u00eb bot\u00eb n\u00eb qend\u00ebr t\u00eb qytetit midis nd\u00ebrtesave t\u00eb ekzistoj\u00eb nj\u00eb distanc\u00eb dhe shfryt\u00ebzim i parcel\u00ebs deri n\u00eb 70 p\u00ebrqind.\u00a0 Kudo objektet jan\u00eb ngjitur nj\u00ebri me tjetrin.\u00a0 Ne nuk duam gjelb\u00ebrim, kemi nj\u00eb park aty pran\u00eb, duam zhvillim q\u00eb t\u00eb mund t&#8217;u l\u00ebn\u00eb bandesa f\u00ebmij\u00ebve.\u00a0 Ne nuk kemi nevoj\u00eb p\u00ebr hap\u00ebsira parkimi, investitor\u00ebt do t\u00eb b\u00ebjn\u00eb parkim n\u00ebntok\u00ebsor n\u00ebn nd\u00ebrtesa. Ne nuk e duam k\u00ebt\u00eb plan, t\u00ebrhiqeni at\u00eb, b\u00ebrtisnin qytetar\u00ebt para zyrave t\u00eb Komun\u00ebs s\u00eb Qendr\u00ebs kur u preantuar plani.<\/p>\n<p>&#8220;Ju t\u00eb gjith\u00eb d\u00ebshironi t\u00eb keni nj\u00eb vend parkimi, dhe nuk doni t\u00eb hiqni dor\u00eb nga nj\u00eb pjes\u00eb e truallit tuaj, ju t\u00eb gjith\u00eb d\u00ebshironi aj\u00ebr t\u00eb past\u00ebr, nd\u00ebrsa k\u00ebtu po k\u00ebrkoni t\u00eb keni m\u00eb shum\u00eb kate.&#8221; tha Biljana Naskovi1, drejtuese e departamentit t\u00eb urbanistik\u00ebs dhe planifikimit n\u00eb komun\u00ebn e qendr\u00ebs.<\/p>\n<p>Sondazhi publik p\u00ebr planin zgjat deri m\u00eb 31 janar, kur qytetar\u00ebt mund t\u00eb plot\u00ebsojn\u00eb flet\u00ebvotimet me v\u00ebrejtjet e tyre.<\/p>\n<p>A. ANTEVSKA<\/p>\n\n<div style=\"font-size: 0px; height: 0px; line-height: 0px; margin: 0; padding: 0; clear: both;\"><\/div>","protected":false},"excerpt":{"rendered":"<p>&#8220;Gjelb\u00ebrimi nuk \u00ebsht\u00eb prioritet n\u00eb k\u00ebt\u00eb plan, ja ku e kemi Parkun e Qytetit. Ne duam parcela m\u00eb t\u00eb m\u00ebdha [&hellip;]<\/p>\n","protected":false},"author":25,"featured_media":105627,"comment_status":"closed","ping_status":"closed","sticky":false,"template":"","format":"standard","meta":{"_mo_disable_npp":"","inline_featured_image":false},"categories":[3095],"tags":[],"imageURL":"https:\/\/sdk.mk\/wp-content\/uploads\/2020\/01\/javna-rasprava-debar-maalo-dup-9834984389-650x341.jpg","thumbURL":"https:\/\/sdk.mk\/wp-content\/uploads\/2020\/01\/javna-rasprava-debar-maalo-dup-9834984389-250x131.jpg","categoryNames":["Rrjeti i korrespondent\u00ebve"],"feature_caption":"Nd\u00ebrtesat e banimit ruajn\u00eb gjendjen ose lart\u00ebsin\u00eb e tyre aktuale, por zvog\u00eblojn\u00eb madh\u00ebsin\u00eb e parcel\u00ebs nd\u00ebrtimore.  Kjo do t\u00eb thot\u00eb q\u00eb parcela e nd\u00ebrtes\u00ebs n\u00eb t\u00eb cil\u00ebn mund t\u00eb nd\u00ebrtohet objekti do t\u00eb jet\u00eb 70 p\u00ebrqind, dhe hap\u00ebsira tjet\u00ebr duhet t\u00eb jet\u00eb p\u00ebr gjelb\u00ebrim dhe parkim. - Nga prezantimi publik i PDU-s\u00eb n\u00eb Komun\u00ebn e Qendr\u00ebs.(Foto: SDK.MK)","subtitle":"","views":"59322","source":"Shkup, (SAKAMDAKAZAM.MK)","yoast_head":"<!-- This site is optimized with the Yoast SEO Premium plugin v15.0 - https:\/\/yoast.com\/wordpress\/plugins\/seo\/ -->\n<title>NUK DUAM GJELB\u00cbRIM, DUAM BANESA P\u00cbR F\u00cbMIJ\u00cbT, REAGUAN QYTETAR\u00cbT N\u00cb PREZANTIMIN E PDU-S\u00cb P\u00cbR DEBAR MAALLO 2 DHE PARKUN E QYTETIT - \u0421\u0430\u043a\u0430\u043c \u0414\u0430 \u041a\u0430\u0436\u0430\u043c<\/title>\n<meta name=\"robots\" content=\"index, follow, max-snippet:-1, max-image-preview:large, max-video-preview:-1\" \/>\n<link rel=\"canonical\" href=\"https:\/\/sdk.mk\/index.php\/rrjeti-i-korrespondenteve\/nuk-duam-gjelberim-duam-banesa-per-femijet-reaguan-qytetaret-ne-prezantimin-e-pdu-se-per-debar-maallo-2-dhe-parkun-e-qytetit\/\" \/>\n<meta property=\"og:locale\" content=\"mk_MK\" \/>\n<meta property=\"og:type\" content=\"article\" \/>\n<meta property=\"og:title\" content=\"NUK DUAM GJELB\u00cbRIM, DUAM BANESA P\u00cbR F\u00cbMIJ\u00cbT, REAGUAN QYTETAR\u00cbT N\u00cb PREZANTIMIN E PDU-S\u00cb P\u00cbR DEBAR MAALLO 2 DHE PARKUN E QYTETIT - \u0421\u0430\u043a\u0430\u043c \u0414\u0430 \u041a\u0430\u0436\u0430\u043c\" \/>\n<meta property=\"og:description\" content=\"&#8220;Gjelb\u00ebrimi nuk \u00ebsht\u00eb prioritet n\u00eb k\u00ebt\u00eb plan, ja ku e kemi Parkun e Qytetit. Ne duam parcela m\u00eb t\u00eb m\u00ebdha [&hellip;]\" \/>\n<meta property=\"og:url\" content=\"https:\/\/sdk.mk\/index.php\/rrjeti-i-korrespondenteve\/nuk-duam-gjelberim-duam-banesa-per-femijet-reaguan-qytetaret-ne-prezantimin-e-pdu-se-per-debar-maallo-2-dhe-parkun-e-qytetit\/\" \/>\n<meta property=\"og:site_name\" content=\"\u0421\u0430\u043a\u0430\u043c \u0414\u0430 \u041a\u0430\u0436\u0430\u043c\" \/>\n<meta property=\"article:published_time\" content=\"2020-03-24T12:20:24+00:00\" \/>\n<meta property=\"og:image\" content=\"https:\/\/sdk.mk\/wp-content\/uploads\/2020\/01\/javna-rasprava-debar-maalo-dup-9834984389.jpg\" \/>\n\t<meta property=\"og:image:width\" content=\"800\" \/>\n\t<meta property=\"og:image:height\" content=\"420\" \/>\n<meta property=\"fb:app_id\" content=\"2407985809428537\" \/>\n<meta name=\"twitter:card\" content=\"summary\" \/>\n<script type=\"application\/ld+json\" class=\"yoast-schema-graph\">{\"@context\":\"https:\/\/schema.org\",\"@graph\":[{\"@type\":\"WebSite\",\"@id\":\"https:\/\/sdk.mk\/#website\",\"url\":\"https:\/\/sdk.mk\/\",\"name\":\"\\u0421\\u0430\\u043a\\u0430\\u043c \\u0414\\u0430 \\u041a\\u0430\\u0436\\u0430\\u043c\",\"description\":\"\\u0417\\u0430 \\u0441\\u043b\\u043e\\u0431\\u043e\\u0434\\u043e\\u0443\\u043c\\u043d\\u0438\",\"potentialAction\":[{\"@type\":\"SearchAction\",\"target\":\"https:\/\/sdk.mk\/?s={search_term_string}\",\"query-input\":\"required name=search_term_string\"}],\"inLanguage\":\"mk-MK\"},{\"@type\":\"ImageObject\",\"@id\":\"https:\/\/sdk.mk\/index.php\/rrjeti-i-korrespondenteve\/nuk-duam-gjelberim-duam-banesa-per-femijet-reaguan-qytetaret-ne-prezantimin-e-pdu-se-per-debar-maallo-2-dhe-parkun-e-qytetit\/#primaryimage\",\"inLanguage\":\"mk-MK\",\"url\":\"https:\/\/sdk.mk\/wp-content\/uploads\/2020\/01\/javna-rasprava-debar-maalo-dup-9834984389.jpg\",\"width\":800,\"height\":420},{\"@type\":\"WebPage\",\"@id\":\"https:\/\/sdk.mk\/index.php\/rrjeti-i-korrespondenteve\/nuk-duam-gjelberim-duam-banesa-per-femijet-reaguan-qytetaret-ne-prezantimin-e-pdu-se-per-debar-maallo-2-dhe-parkun-e-qytetit\/#webpage\",\"url\":\"https:\/\/sdk.mk\/index.php\/rrjeti-i-korrespondenteve\/nuk-duam-gjelberim-duam-banesa-per-femijet-reaguan-qytetaret-ne-prezantimin-e-pdu-se-per-debar-maallo-2-dhe-parkun-e-qytetit\/\",\"name\":\"NUK DUAM GJELB\\u00cbRIM, DUAM BANESA P\\u00cbR F\\u00cbMIJ\\u00cbT, REAGUAN QYTETAR\\u00cbT N\\u00cb PREZANTIMIN E PDU-S\\u00cb P\\u00cbR DEBAR MAALLO 2 DHE PARKUN E QYTETIT - \\u0421\\u0430\\u043a\\u0430\\u043c \\u0414\\u0430 \\u041a\\u0430\\u0436\\u0430\\u043c\",\"isPartOf\":{\"@id\":\"https:\/\/sdk.mk\/#website\"},\"primaryImageOfPage\":{\"@id\":\"https:\/\/sdk.mk\/index.php\/rrjeti-i-korrespondenteve\/nuk-duam-gjelberim-duam-banesa-per-femijet-reaguan-qytetaret-ne-prezantimin-e-pdu-se-per-debar-maallo-2-dhe-parkun-e-qytetit\/#primaryimage\"},\"datePublished\":\"2020-03-24T12:20:24+00:00\",\"dateModified\":\"2020-03-24T12:20:24+00:00\",\"author\":{\"@id\":\"https:\/\/sdk.mk\/#\/schema\/person\/737021aeacbe893f7e2c347186c5c7a1\"},\"inLanguage\":\"mk-MK\",\"potentialAction\":[{\"@type\":\"ReadAction\",\"target\":[\"https:\/\/sdk.mk\/index.php\/rrjeti-i-korrespondenteve\/nuk-duam-gjelberim-duam-banesa-per-femijet-reaguan-qytetaret-ne-prezantimin-e-pdu-se-per-debar-maallo-2-dhe-parkun-e-qytetit\/\"]}]},{\"@type\":\"Person\",\"@id\":\"https:\/\/sdk.mk\/#\/schema\/person\/737021aeacbe893f7e2c347186c5c7a1\",\"name\":\"\\u0424\\u0458\\u043e\\u043b\\u0430 \\u0417\\u043b\\u0430\\u0442\\u043a\\u0443\"}]}<\/script>\n<!-- \/ Yoast SEO Premium plugin. -->","_links":{"self":[{"href":"https:\/\/sdk.mk\/index.php\/wp-json\/wp\/v2\/posts\/110641"}],"collection":[{"href":"https:\/\/sdk.mk\/index.php\/wp-json\/wp\/v2\/posts"}],"about":[{"href":"https:\/\/sdk.mk\/index.php\/wp-json\/wp\/v2\/types\/post"}],"author":[{"embeddable":true,"href":"https:\/\/sdk.mk\/index.php\/wp-json\/wp\/v2\/users\/25"}],"replies":[{"embeddable":true,"href":"https:\/\/sdk.mk\/index.php\/wp-json\/wp\/v2\/comments?post=110641"}],"version-history":[{"count":0,"href":"https:\/\/sdk.mk\/index.php\/wp-json\/wp\/v2\/posts\/110641\/revisions"}],"wp:featuredmedia":[{"embeddable":true,"href":"https:\/\/sdk.mk\/index.php\/wp-json\/wp\/v2\/media\/105627"}],"wp:attachment":[{"href":"https:\/\/sdk.mk\/index.php\/wp-json\/wp\/v2\/media?parent=110641"}],"wp:term":[{"taxonomy":"category","embeddable":true,"href":"https:\/\/sdk.mk\/index.php\/wp-json\/wp\/v2\/categories?post=110641"},{"taxonomy":"post_tag","embeddable":true,"href":"https:\/\/sdk.mk\/index.php\/wp-json\/wp\/v2\/tags?post=110641"}],"curies":[{"name":"wp","href":"https:\/\/api.w.org\/{rel}","templated":true}]}}