{"id":110650,"date":"2020-03-24T13:25:27","date_gmt":"2020-03-24T12:25:27","guid":{"rendered":"https:\/\/sdk.mk\/?p=110650"},"modified":"2020-03-24T13:25:27","modified_gmt":"2020-03-24T12:25:27","slug":"shtrati-i-poshtem-i-lumit-babuna-i-uzurpuar-nga-ndertimet-e-paligjshme","status":"publish","type":"post","link":"https:\/\/sdk.mk\/index.php\/rrjeti-i-korrespondenteve\/shtrati-i-poshtem-i-lumit-babuna-i-uzurpuar-nga-ndertimet-e-paligjshme\/","title":{"rendered":"SHTRATI I POSHT\u00cbM I LUMIT BABUNA I UZURPUAR NGA ND\u00cbRTIMET E PALIGJSHME"},"content":{"rendered":"<div class=\"f52428582a4b906b2d2e2a7d733c7d27\" data-index=\"7\" style=\"float: none; margin:10px 0 10px 0; text-align:center;\">\n<!-- MSP Ads Asynchronous JS Tag - Generated with Revive Adserver v5.4.1 -->\r\n<ins data-revive-zoneid=\"167\" data-revive-id=\"060fdb01f6430ec164d3519234aa4967\"><\/ins>\r\n<script async src=\"\/\/panel.ads.com.mk\/www\/delivery\/asyncjs.php\"><\/script>\n<\/div>\n<p>Pamja e shtratit t\u00eb posht\u00ebm t\u00eb lumit Babuna \u00ebsht\u00eb e trishtueshme.<\/p>\n<p>Bregu i lumit \u00ebsht\u00eb pushtuar nga nj\u00eb duzin\u00eb nd\u00ebrtimesh t\u00eb sapo nd\u00ebrtuara ilegale. Zona e preferuar p\u00ebr piknik n\u00eb Veles pushtohet nga individ\u00eb q\u00eb kan\u00eb okupuar nj\u00eb pjes\u00eb t\u00eb natyr\u00ebs p\u00ebr q\u00ebllime personale. Megjith\u00ebse nd\u00ebrtimi nuk lejohet 50 metra nga vija bregdetare, ky fakt nuk ka penguar lul\u00ebzimin e nj\u00eb lagjeje n\u00eb k\u00ebt\u00eb zon\u00eb, e cila n\u00eb vitin 2001 u shpall nga autoritetet lokale si nj\u00eb peizazh mjaft i spikatur.<\/p>\n<p>Numri i nd\u00ebrtesave ilegale po rritet \u00e7do vit, dhe po k\u00ebshtu kryengritja e qytetar\u00ebve, t\u00eb cil\u00ebt presin veprime vendimtare nga autoritetet lokale, pasi uj\u00ebrat e zeza dhe kanalizimet p\u00ebrfundojn\u00eb n\u00eb af\u00ebrsi t\u00eb lumit.<\/p>\n<div id=\"attachment_110652\" style=\"width: 660px\" class=\"wp-caption aligncenter\"><a href=\"https:\/\/sdk.mk\/wp-content\/uploads\/2020\/03\/babuna-1.jpg\"><img aria-describedby=\"caption-attachment-110652\" loading=\"lazy\" class=\"wp-image-110652 size-large\" src=\"https:\/\/sdk.mk\/wp-content\/uploads\/2020\/03\/babuna-1-650x441.jpg\" alt=\"\" width=\"650\" height=\"441\" srcset=\"https:\/\/sdk.mk\/wp-content\/uploads\/2020\/03\/babuna-1.jpg 650w, https:\/\/sdk.mk\/wp-content\/uploads\/2020\/03\/babuna-1-250x170.jpg 250w, https:\/\/sdk.mk\/wp-content\/uploads\/2020\/03\/babuna-1-400x271.jpg 400w, https:\/\/sdk.mk\/wp-content\/uploads\/2020\/03\/babuna-1-150x102.jpg 150w\" sizes=\"(max-width: 650px) 100vw, 650px\" \/><\/a><p id=\"caption-attachment-110652\" class=\"wp-caption-text\">Pushteti lokal d\u00ebshiron q\u00eb organetshtet\u00ebrore ta b\u00ebjn\u00eb zon\u00ebn e Peshtit t\u00eb arritshme p\u00ebr t\u00eb gjith\u00eb qytetar\u00ebt (Foto: SDK.MK)<\/p><\/div>\n<p>&#8220;Nd\u00ebrkoh\u00eb legjislacioni ka ndryshuar dhe situata ka ndryshuar n\u00eb m\u00ebnyr\u00eb drastike. Prandaj rivler\u00ebsimi \u00ebsht\u00eb i nevojsh\u00ebm p\u00ebr t\u00eb gjetur nj\u00eb m\u00ebnyr\u00eb p\u00ebr t\u00eb mbrojtur k\u00ebt\u00eb zon\u00eb, e cila \u00ebsht\u00eb e preferuara p\u00ebr piknik n\u00eb Veles. Ka flor\u00ebn dhe faun\u00ebn karakteristike q\u00eb duhet t\u00eb ruhet dhe mbrohet me legjislacionin p\u00ebrkat\u00ebs. Asnj\u00eb nd\u00ebrtes\u00eb nuk \u00ebsht\u00eb legalizuar deri m\u00eb tani. Kjo \u00ebsht\u00eb arsyeja pse ne po k\u00ebrkojm\u00eb konsultim me autoritetet se si t\u00eb veprojm\u00eb, &#8220;tha kryetari i komun\u00ebs s\u00eb Velesit Ace Kocevski.<\/p>\n<p>Ai gjithashtu p\u00ebrgjigjet se nd\u00ebrtesat pa leje kan\u00eb energji elektrike, e cila \u00ebsht\u00eb e papranueshme.<\/p>\n<p>Z\u00ebvend\u00ebsministri i mjedisit Jani Makraduli tha gjat\u00eb nj\u00eb vizite t\u00eb fundit n\u00eb k\u00ebt\u00eb zon\u00eb se \u00e7\u00ebshtjet e ndotjes s\u00eb mjedisit jan\u00eb shum\u00eb aktuale dhe apelimet p\u00ebr uzurpimin e pasurimeve natyrore jan\u00eb t\u00eb rralla.<\/p>\n<div id=\"attachment_110651\" style=\"width: 660px\" class=\"wp-caption aligncenter\"><a href=\"https:\/\/sdk.mk\/wp-content\/uploads\/2020\/03\/babuna-2.jpg\"><img aria-describedby=\"caption-attachment-110651\" loading=\"lazy\" class=\"wp-image-110651 size-large\" src=\"https:\/\/sdk.mk\/wp-content\/uploads\/2020\/03\/babuna-2-650x488.jpg\" alt=\"\" width=\"650\" height=\"488\" srcset=\"https:\/\/sdk.mk\/wp-content\/uploads\/2020\/03\/babuna-2.jpg 650w, https:\/\/sdk.mk\/wp-content\/uploads\/2020\/03\/babuna-2-250x188.jpg 250w, https:\/\/sdk.mk\/wp-content\/uploads\/2020\/03\/babuna-2-400x300.jpg 400w, https:\/\/sdk.mk\/wp-content\/uploads\/2020\/03\/babuna-2-150x113.jpg 150w\" sizes=\"(max-width: 650px) 100vw, 650px\" \/><\/a><p id=\"caption-attachment-110651\" class=\"wp-caption-text\">Numri i nd\u00ebrtesave ilegale po rritet \u00e7do vit, e bashk\u00eb me t\u00eb edhe k\u00ebshtu revolta e qytetar\u00ebve (Foto: SDK.MK)<\/p><\/div>\n<p>&#8220;Duhet t\u00eb b\u00ebhet nj\u00eb vler\u00ebsim. N\u00eb baz\u00eb t\u00eb madh\u00ebsis\u00eb dhe sipas Ligjit, n\u00ebse \u00ebsht\u00eb m\u00eb pak se 100 hektar\u00eb, at\u00ebher\u00eb mjafton q\u00eb ta shpallim at\u00eb nj\u00eb gj\u00eb t\u00eb rrall\u00eb natyrore. N\u00ebse \u00ebsht\u00eb m\u00eb e madhe, \u00ebsht\u00eb e nevojshme t\u00eb rivler\u00ebsohen bukurit\u00eb, t\u00eb vler\u00ebsohen karakteristikat q\u00eb ka dhe t\u00eb bien n\u00ebn kategorit\u00eb q\u00eb e Ligjit,&#8221;tha Makraduli.<\/p>\n<p>Deri m\u00eb tani, 60 k\u00ebrkesa jan\u00eb paraqitur n\u00eb pushtetin vendor p\u00ebr legalizimin e nd\u00ebrtesave t\u00eb nd\u00ebrtuara pa leje n\u00eb rrjedh\u00ebn e Babun\u00ebs. Por pasi u miratua ligji, tre kryetar\u00ebt e bashkive Petrov, \u00c7adiev dhe Kocevski nuk kan\u00eb n\u00ebnshkruar asnj\u00eb k\u00ebrkes\u00eb.<\/p>\n<p>Koh\u00ebt e fundit u shtrua nj\u00eb rrug\u00eb e shtruar me gjat\u00ebsi 2.6 km n\u00eb af\u00ebrsi t\u00eb lokalitetit t\u00eb Peshtit. Kryetari Kocevski njoftoi se MPB do t\u00eb k\u00ebrkoj\u00eb p\u00eblqim k\u00ebt\u00eb her\u00eb p\u00ebr ta shpallur at\u00eb nj\u00eb pist\u00eb \u00e7iklizmi, e cila do t\u00eb p\u00ebrdoret edhe nga makinat n\u00eb nj\u00eb pjes\u00eb t\u00eb m\u00ebngjesit dhe mbr\u00ebmjes.<\/p>\n<p><strong><em>P. PE\u00c7KOV<\/em><\/strong><\/p>\n<p>&nbsp;<\/p>\n\n<div style=\"font-size: 0px; height: 0px; line-height: 0px; margin: 0; padding: 0; clear: both;\"><\/div>","protected":false},"excerpt":{"rendered":"<p>Pamja e shtratit t\u00eb posht\u00ebm t\u00eb lumit Babuna \u00ebsht\u00eb e trishtueshme. Bregu i lumit \u00ebsht\u00eb pushtuar nga nj\u00eb duzin\u00eb nd\u00ebrtimesh [&hellip;]<\/p>\n","protected":false},"author":25,"featured_media":105415,"comment_status":"closed","ping_status":"closed","sticky":false,"template":"","format":"standard","meta":{"_mo_disable_npp":"","inline_featured_image":false},"categories":[3095],"tags":[],"imageURL":"https:\/\/sdk.mk\/wp-content\/uploads\/2020\/01\/100_0724-650x271.jpg","thumbURL":"https:\/\/sdk.mk\/wp-content\/uploads\/2020\/01\/100_0724-250x104.jpg","categoryNames":["Rrjeti i korrespondent\u00ebve"],"feature_caption":"Deri m\u00eb tani, 60 k\u00ebrkesa jan\u00eb paraqitur n\u00eb pushtetin vendor p\u00ebr legalizimin e nd\u00ebrtesave t\u00eb nd\u00ebrtuara pa leje n\u00eb rrjedh\u00ebn e Babun\u00ebs, por asnj\u00ebra nuk \u00ebsht\u00eb miratuar. (Foto: SDK.MK) ","subtitle":"","views":"4455","source":"Veles, (SAKAMDAKAZAM.MK) ","yoast_head":"<!-- This site is optimized with the Yoast SEO Premium plugin v15.0 - https:\/\/yoast.com\/wordpress\/plugins\/seo\/ -->\n<title>SHTRATI I POSHT\u00cbM I LUMIT BABUNA I UZURPUAR NGA ND\u00cbRTIMET E PALIGJSHME - \u0421\u0430\u043a\u0430\u043c \u0414\u0430 \u041a\u0430\u0436\u0430\u043c<\/title>\n<meta name=\"robots\" content=\"index, follow, max-snippet:-1, max-image-preview:large, max-video-preview:-1\" \/>\n<link rel=\"canonical\" href=\"https:\/\/sdk.mk\/index.php\/rrjeti-i-korrespondenteve\/shtrati-i-poshtem-i-lumit-babuna-i-uzurpuar-nga-ndertimet-e-paligjshme\/\" \/>\n<meta property=\"og:locale\" content=\"mk_MK\" \/>\n<meta property=\"og:type\" content=\"article\" \/>\n<meta property=\"og:title\" content=\"SHTRATI I POSHT\u00cbM I LUMIT BABUNA I UZURPUAR NGA ND\u00cbRTIMET E PALIGJSHME - \u0421\u0430\u043a\u0430\u043c \u0414\u0430 \u041a\u0430\u0436\u0430\u043c\" \/>\n<meta property=\"og:description\" content=\"Pamja e shtratit t\u00eb posht\u00ebm t\u00eb lumit Babuna \u00ebsht\u00eb e trishtueshme. Bregu i lumit \u00ebsht\u00eb pushtuar nga nj\u00eb duzin\u00eb nd\u00ebrtimesh [&hellip;]\" \/>\n<meta property=\"og:url\" content=\"https:\/\/sdk.mk\/index.php\/rrjeti-i-korrespondenteve\/shtrati-i-poshtem-i-lumit-babuna-i-uzurpuar-nga-ndertimet-e-paligjshme\/\" \/>\n<meta property=\"og:site_name\" content=\"\u0421\u0430\u043a\u0430\u043c \u0414\u0430 \u041a\u0430\u0436\u0430\u043c\" \/>\n<meta property=\"article:published_time\" content=\"2020-03-24T12:25:27+00:00\" \/>\n<meta property=\"og:image\" content=\"https:\/\/sdk.mk\/wp-content\/uploads\/2020\/01\/100_0724.jpg\" \/>\n\t<meta property=\"og:image:width\" content=\"4608\" \/>\n\t<meta property=\"og:image:height\" content=\"1924\" \/>\n<meta property=\"fb:app_id\" content=\"2407985809428537\" \/>\n<meta name=\"twitter:card\" content=\"summary\" \/>\n<script type=\"application\/ld+json\" class=\"yoast-schema-graph\">{\"@context\":\"https:\/\/schema.org\",\"@graph\":[{\"@type\":\"WebSite\",\"@id\":\"https:\/\/sdk.mk\/#website\",\"url\":\"https:\/\/sdk.mk\/\",\"name\":\"\\u0421\\u0430\\u043a\\u0430\\u043c \\u0414\\u0430 \\u041a\\u0430\\u0436\\u0430\\u043c\",\"description\":\"\\u0417\\u0430 \\u0441\\u043b\\u043e\\u0431\\u043e\\u0434\\u043e\\u0443\\u043c\\u043d\\u0438\",\"potentialAction\":[{\"@type\":\"SearchAction\",\"target\":\"https:\/\/sdk.mk\/?s={search_term_string}\",\"query-input\":\"required name=search_term_string\"}],\"inLanguage\":\"mk-MK\"},{\"@type\":\"ImageObject\",\"@id\":\"https:\/\/sdk.mk\/index.php\/rrjeti-i-korrespondenteve\/shtrati-i-poshtem-i-lumit-babuna-i-uzurpuar-nga-ndertimet-e-paligjshme\/#primaryimage\",\"inLanguage\":\"mk-MK\",\"url\":\"https:\/\/sdk.mk\/wp-content\/uploads\/2020\/01\/100_0724.jpg\",\"width\":4608,\"height\":1924,\"caption\":\"KODAK Digital Still Camera\"},{\"@type\":\"WebPage\",\"@id\":\"https:\/\/sdk.mk\/index.php\/rrjeti-i-korrespondenteve\/shtrati-i-poshtem-i-lumit-babuna-i-uzurpuar-nga-ndertimet-e-paligjshme\/#webpage\",\"url\":\"https:\/\/sdk.mk\/index.php\/rrjeti-i-korrespondenteve\/shtrati-i-poshtem-i-lumit-babuna-i-uzurpuar-nga-ndertimet-e-paligjshme\/\",\"name\":\"SHTRATI I POSHT\\u00cbM I LUMIT BABUNA I UZURPUAR NGA ND\\u00cbRTIMET E PALIGJSHME - \\u0421\\u0430\\u043a\\u0430\\u043c \\u0414\\u0430 \\u041a\\u0430\\u0436\\u0430\\u043c\",\"isPartOf\":{\"@id\":\"https:\/\/sdk.mk\/#website\"},\"primaryImageOfPage\":{\"@id\":\"https:\/\/sdk.mk\/index.php\/rrjeti-i-korrespondenteve\/shtrati-i-poshtem-i-lumit-babuna-i-uzurpuar-nga-ndertimet-e-paligjshme\/#primaryimage\"},\"datePublished\":\"2020-03-24T12:25:27+00:00\",\"dateModified\":\"2020-03-24T12:25:27+00:00\",\"author\":{\"@id\":\"https:\/\/sdk.mk\/#\/schema\/person\/737021aeacbe893f7e2c347186c5c7a1\"},\"inLanguage\":\"mk-MK\",\"potentialAction\":[{\"@type\":\"ReadAction\",\"target\":[\"https:\/\/sdk.mk\/index.php\/rrjeti-i-korrespondenteve\/shtrati-i-poshtem-i-lumit-babuna-i-uzurpuar-nga-ndertimet-e-paligjshme\/\"]}]},{\"@type\":\"Person\",\"@id\":\"https:\/\/sdk.mk\/#\/schema\/person\/737021aeacbe893f7e2c347186c5c7a1\",\"name\":\"\\u0424\\u0458\\u043e\\u043b\\u0430 \\u0417\\u043b\\u0430\\u0442\\u043a\\u0443\"}]}<\/script>\n<!-- \/ Yoast SEO Premium plugin. -->","_links":{"self":[{"href":"https:\/\/sdk.mk\/index.php\/wp-json\/wp\/v2\/posts\/110650"}],"collection":[{"href":"https:\/\/sdk.mk\/index.php\/wp-json\/wp\/v2\/posts"}],"about":[{"href":"https:\/\/sdk.mk\/index.php\/wp-json\/wp\/v2\/types\/post"}],"author":[{"embeddable":true,"href":"https:\/\/sdk.mk\/index.php\/wp-json\/wp\/v2\/users\/25"}],"replies":[{"embeddable":true,"href":"https:\/\/sdk.mk\/index.php\/wp-json\/wp\/v2\/comments?post=110650"}],"version-history":[{"count":0,"href":"https:\/\/sdk.mk\/index.php\/wp-json\/wp\/v2\/posts\/110650\/revisions"}],"wp:featuredmedia":[{"embeddable":true,"href":"https:\/\/sdk.mk\/index.php\/wp-json\/wp\/v2\/media\/105415"}],"wp:attachment":[{"href":"https:\/\/sdk.mk\/index.php\/wp-json\/wp\/v2\/media?parent=110650"}],"wp:term":[{"taxonomy":"category","embeddable":true,"href":"https:\/\/sdk.mk\/index.php\/wp-json\/wp\/v2\/categories?post=110650"},{"taxonomy":"post_tag","embeddable":true,"href":"https:\/\/sdk.mk\/index.php\/wp-json\/wp\/v2\/tags?post=110650"}],"curies":[{"name":"wp","href":"https:\/\/api.w.org\/{rel}","templated":true}]}}