{"id":112447,"date":"2020-04-11T23:12:15","date_gmt":"2020-04-11T21:12:15","guid":{"rendered":"https:\/\/sdk.mk\/?p=112447"},"modified":"2020-04-11T23:12:15","modified_gmt":"2020-04-11T21:12:15","slug":"kalibrim-termometrash","status":"publish","type":"post","link":"https:\/\/sdk.mk\/index.php\/dua-te-them\/kalibrim-termometrash\/","title":{"rendered":"KALIBRIM TERMOMETRASH"},"content":{"rendered":"<div class=\"f52428582a4b906b2d2e2a7d733c7d27\" data-index=\"7\" style=\"float: none; margin:10px 0 10px 0; text-align:center;\">\n<!-- MSP Ads Asynchronous JS Tag - Generated with Revive Adserver v5.4.1 -->\r\n<ins data-revive-zoneid=\"167\" data-revive-id=\"060fdb01f6430ec164d3519234aa4967\"><\/ins>\r\n<script async src=\"\/\/panel.ads.com.mk\/www\/delivery\/asyncjs.php\"><\/script>\n<\/div>\n<p><span class=\"dropcap color firstcharacter\">1<\/span>\u00c7far\u00eb? P\u00ebrs\u00ebri \u00e7uditemi me deklaratat e lider\u00ebve fetar\u00eb? Kryesuesi i Bashk\u00ebsis\u00eb fetare islame, reisi Sulejman Rexhepi u k\u00ebrc\u00ebnua se do t\u2019i t\u00ebrheq\u00eb mbrapsht thirrjet drejt besimtar\u00ebve, q\u00eb t\u00eb mos shkojn\u00eb n\u00eb xhami gjat\u00eb agj\u00ebrimit t\u00eb ramazanit, n\u00ebse shteti nuk u jep para, pasi Ramazani dhe Bajrami p\u00ebr ta p\u00ebrb\u00ebkan burimin kryesor t\u00eb financimit. Q\u00eb t\u2019i dal\u00eb n\u00eb krah reisit, edhe episkopi\u00a0 Timotej deklaroi se edhe Kisha ortodokse maqedonase fiton pothuajse gjysm\u00ebn e t\u00eb ardhurave gjat\u00eb Pashk\u00ebve. Megjith\u00ebse, ky i dyti nuk u k\u00ebrc\u00ebnua.<br \/>\nPo kujt mendon se i k\u00ebrc\u00ebnohet Sulejman Rexhepi? Shtetit? Apo besimtar\u00ebve, vetes, n\u00ebnave, f\u00ebmij\u00ebve? P\u00ebr m\u00eb tep\u00ebr, shantazhimi i reisit q\u00eb k\u00ebrkonte para me k\u00ebrc\u00ebnim bioterrorizmi po na vjen mu n\u00eb prag t\u00eb fest\u00ebs m\u00eb t\u00eb madhe myslimane &#8211; Ramazan Bajrami, esenca e s\u00eb cil\u00ebs \u00ebsht\u00eb pik\u00ebrisht bujaria, solidariteti, shpengimi, m\u00ebshira, ndihma e t\u00eb varf\u00ebrve\u2026pra, t\u00eb b\u00ebhesh nj\u00eb njeri m\u00eb i mir\u00eb.<br \/>\nEdhe esenca e Pashk\u00ebve \u00ebsht\u00eb po e till\u00eb. T\u00eb b\u00ebhesh njeri m\u00eb i mir\u00eb.<\/p>\n<p>T\u00eb dy bashk\u00ebsit\u00eb fetare k\u00ebrkojn\u00eb para nga shteti, por nuk paguajn\u00eb tatime, e nd\u00ebrkoh\u00eb kan\u00eb prona gjigante. P\u00ebr lider\u00ebt fetar\u00eb \u00ebsht\u00eb e r\u00ebnd\u00ebsishme q\u00eb t\u00eb mos humbin para. Po sh\u00ebndeti? Po jet\u00ebt? Apo k\u00ebto kan\u00eb pak r\u00ebnd\u00ebsi. Jan\u00eb \u00e7\u00ebshtje e Zotit.<\/p>\n<p>Me k\u00ebta lider\u00eb fetar\u00eb q\u00eb kemi, them \u00ebsht\u00eb m\u00eb mir\u00eb q\u00eb besimtar\u00ebt t\u00eb fillojn\u00eb t\u00eb komunikojn\u00eb me zotin pa nd\u00ebrmjet\u00ebs. Q\u00eb kur nd\u00ebrmjet\u00ebsit thon\u00eb: varja sh\u00ebndetit, t\u00eb marrim parat\u00eb, me siguri edhe Zoti thot\u00eb me vete: Zoti i ruajtt\u00eb.<\/p>\n<p><span class=\"dropcap color firstcharacter\">2<\/span>Nd\u00ebrsa q\u00ebndrojm\u00eb t\u00eb mbyllur n\u00eb sht\u00ebpi pa leje p\u00ebr t\u00eb dal\u00eb, dikush gatuan, dikush m\u00ebson gjuh\u00eb t\u00eb reja, dikush ushtron, e dikush tjet\u00ebr loz letra apo domino, dikush pastron, e dikush tjet\u00ebr rregullon foto dhe rroba t\u00eb vjetra\u2026Nd\u00ebrsa un\u00eb gjej miq t\u00eb vjet\u00ebr, kontakte t\u00eb vjetra, njer\u00ebz me t\u00eb cil\u00ebt s\u2019kam folur prej vitesh\u2026Dhe ja k\u00ebshtu, para nj\u00eb jave nga Australia m\u00eb kontaktoi nj\u00eb mjeke, e cila pik\u00ebrisht para 30 vjet\u00ebve sapo kishte p\u00ebrfunduar fakultetin e mjek\u00ebsis\u00eb. Vinte te ne n\u00eb sht\u00ebpi q\u00eb t\u2019i jepte terapi tim ati q\u00eb vuante nga nj\u00eb s\u00ebmundje e r\u00ebnd\u00eb. Para 20 vjet\u00ebsh ishte shp\u00ebrngulur, ishte b\u00ebr\u00eb profesoresh\u00eb n\u00eb Fakultetin e mjek\u00ebsis\u00eb n\u00eb Perth dhe mjeke e imunologjis\u00eb dhe virusologjis\u00eb.<\/p>\n<p>Opa! Specialiteti m\u00eb i k\u00ebrkuar aktualisht. P\u00ebrnj\u00ebher\u00eb ky kontakt kalon n\u00eb list\u00ebn e prioriteteve mes miqve t\u00eb k\u00ebtush\u00ebm q\u00eb kan\u00eb t\u00eb b\u00ebjn\u00eb me mjek\u00ebsi dhe farmaci. E meq\u00eb nuk m\u00eb jepet p\u00ebr gatim e ushtrime, u fokusova n\u00eb shkencat medicinale. Mblodha studime klinike nga profesoresha e Australis\u00eb e zura t\u00eb lexoj e t\u00eb krahasoj\u2026<\/p>\n<p>N\u00eb matematik\u00ebn e gjimnazit \u00a0nuk i arrita algoritmet, por tani kam m\u00ebsuar se \u00e7far\u00eb jan\u00eb ato si dhe se \u00e7far\u00eb \u00ebsht\u00eb rritja eksponenciale. Sa i p\u00ebrket biologjis\u00eb, ndonj\u00ebher\u00eb di\u00e7ka edhe ma priste. Por kur b\u00ebhej fjal\u00eb p\u00ebr kimin\u00eb? Uh, ky ishte nj\u00eb horror i v\u00ebrtet\u00eb! Mir\u00eb ama n\u00eb gjith\u00eb k\u00ebt\u00eb mesele pandemike, fillova t\u00eb m\u00ebsoj e t\u00eb kuptoj diferenc\u00ebn mes DNK-s\u00eb RNK-s\u00eb, se \u00e7far\u00eb \u00ebsht\u00eb PCR, monoksid azoti, komorbiditetet, saturacioni dhe suspektimi. I kuptoj t\u00eb gjitha pa p\u00ebrkthim fare!<\/p>\n<p>Un\u00eb jam gazetar i vjet\u00ebr profesionist me algorit\u00ebm p\u00ebr kontrollim serioz t\u00eb fakteve, apo e th\u00ebn\u00eb n\u00eb gjuh\u00ebn moderne \u2013 fakt \u00e7eking. Un\u00eb nuk mb\u00ebshtetem vet\u00ebm n\u00eb nj\u00eb burim. Po, un\u00eb e d\u00ebgjoj Filip\u00e7en n\u00eb konferenc\u00eb shtypi, por nd\u00ebrmjet shfaqjes s\u00eb tij pasdite dhe konferenc\u00ebs s\u00eb shtypit t\u00eb Trampit nat\u00ebn von\u00eb, b\u00ebj \u201cfakt \u00e7eking\u201d n\u00eb m\u00eb tep\u00ebr burime. Marr n\u00eb telefon t\u00eb gjith\u00eb mjek\u00ebt q\u00eb njoh. Pastaj i krahasoj t\u00eb dh\u00ebnat e tyre me t\u00eb gjith\u00eb farmacist\u00ebt q\u00eb njoh. Mbr\u00ebm\u00eb, p\u00ebr shembull, mund t\u00eb them se mbajta nj\u00eb kurs telefonik p\u00ebr respirator\u00eb dhe trajtim intensiv.<\/p>\n<p>M\u00eb duhet t\u00eb l\u00ebvdohem se kam p\u00ebrparuar. E kam kaluar moti faz\u00ebn e matjes s\u00eb temperatur\u00ebs dit\u00eb p\u00ebr dit\u00eb. E n\u00ebse nuk isha i k\u00ebnaqur nga rezultati i termometrit me zhiv\u00eb, e matja edhe me termometrin elektronik. Pastaj e matja nj\u00ebkoh\u00ebsisht me t\u00eb dy dhe v\u00ebrtetova, n\u00eb k\u00ebt\u00eb studimin tim klinik, se nuk tregonin temperatur\u00ebn e nj\u00ebjt\u00eb. E kur iu ktheva konferencave t\u00eb Venkost, kuptova se un\u00eb n\u00eb fakt paskam qen\u00eb duke b\u00ebr\u00eb kalibrim t\u00eb instrumenteve p\u00ebr matje t\u00eb temperatur\u00ebs. Paskam praktikuar metod\u00ebn e nj\u00ebjt\u00eb p\u00ebr t\u00eb v\u00ebrtetuar rezultatin, ashtu si\u00e7 Instituti i sh\u00ebndetit publik duhet t\u2019i v\u00ebrtetoj\u00eb rezultatet nga testimet koronavirusit n\u00eb laborator\u00ebt privat\u00eb. Vet\u00ebm se un\u00eb nuk kam vendosur se cilin nga termometrat do ta kem termomet\u00ebr referues!<\/p>\n<p><span class=\"dropcap color firstcharacter\">3<\/span>Ve\u00e7 k\u00ebsaj, nj\u00eb mik nga ata mjek\u00ebt me t\u00eb cil\u00ebt flas t\u00eb pakt\u00ebn nj\u00eb her\u00eb n\u00eb dit\u00eb p\u00ebr koron\u00ebn, m\u00eb t\u00eb filluar t\u2019i flisja me fjal\u00eb latine, ma ktheu: Sa budalla q\u00eb je, pse nuk shikon filma, shko lexo ndonj\u00eb lib\u00ebr.<br \/>\n\u00c7far\u00eb librash thua more? Ku kam koh\u00eb p\u00ebr libra un\u00eb, kur jam para p\u00ebrgatitjes p\u00ebr provim? Ku kam durim t\u00eb shikoj nj\u00eb film? Maksimumi i p\u00ebrq\u00ebndrimit q\u00eb kam \u00ebsht\u00eb t\u00eb shoh serit\u00eb nga 20-30 minuta. Por, edhe aty si p\u00ebr bela, ndodhin ca skena n\u00ebp\u00ebr spitale. Po ndryshove kanal, nuk gjen nj\u00eb q\u00eb t\u00eb mos ket\u00eb ndonj\u00eb debat me epidemiolog\u00eb a infektolog\u00eb, q\u00eb sh\u00ebtisin me maska.<\/p>\n<p>Disa t\u00eb tjer\u00eb m\u00eb thon\u00eb: Nuk ke pse ndjek situat\u00ebn! Si t\u00eb mos e ndjek? \u00c7far\u00eb t\u00eb b\u00ebj n\u00ebse nuk ndjek? T\u00eb rri n\u00eb shpi gjith\u00eb dit\u00ebn. Ore, do t\u00eb filloj\u00eb t\u00eb m\u00eb flas\u00eb kau\u00e7i: Ik m\u00ebr \u00e7ou, b\u00ebj ndonj\u00eb pun\u00eb!<\/p>\n<p>Si mund t\u00eb b\u00ebjm\u00eb sikur nuk po na ndodh kjo q\u00eb po na ndodh? Si mund t\u00eb aktrojm\u00eb nj\u00eb jet\u00eb normale. T\u00eb b\u00ebkam ushtrime fizike n\u00eb sht\u00ebpi. Un\u00eb me zor ushtroj edhe n\u00eb koh\u00eb normale, e le m\u00eb tani n\u00eb k\u00ebt\u00eb situat\u00eb. Nj\u00eb dit\u00eb u zgjova her\u00ebt e pash\u00eb gruan si q\u00ebndron me kok\u00eb teposht\u00eb. Ushtronte joga. Nd\u00ebrkoh\u00eb q\u00eb jasht\u00eb po ndodh nj\u00eb pandemi.<\/p>\n<p>Punojm\u00eb nga sht\u00ebpia. Eh kjo, shum\u00eb stresuese. Nuk mund t\u00eb gjesh njeri kur t\u00eb duhet. Kush ka fjetur. Kush \u00ebsht\u00eb nisur deri n\u00eb dyqan, kush ka b\u00ebr\u00eb dush, kujt ia kan\u00eb marr\u00eb kompjuterin f\u00ebmij\u00ebt\u2026K\u00ebshtu ti as nuk i sheh, e nuk ke t\u00eb pakt\u00ebn as me k\u00eb t\u00eb zihesh e t\u00eb nd\u00ebrrosh nj\u00eb hidh\u00ebrim a inat.<\/p>\n<p>F\u00ebmij\u00ebt m\u00ebsojn\u00eb nga sht\u00ebpia. I shikoj. E v\u00ebn\u00eb alarmin n\u00eb ora 1,se n\u00eb ora 2 kan\u00eb or\u00eb kimi.<\/p>\n<p>Po ju flas p\u00ebr nj\u00eb jet\u00eb karantine n\u00eb nj\u00eb banes\u00eb me tinejxher\u00eb. Pa qen. T\u00eb jetoja n\u00eb sht\u00ebpi ndoshta do t\u00eb mund t\u00eb b\u00ebja di\u00e7ka m\u00eb shum\u00eb, t\u00eb zbukuroja garazhin apo t\u00eb kositja barin. Tani shikoj t\u00eb gjitha oborret, jan\u00eb pastruar e jan\u00eb zbukuruar me lule. N\u00eb koh\u00eb t\u00eb lir\u00eb, kur nuk m\u00ebsoj p\u00ebr provimin tim, gjej k\u00ebnaq\u00ebsi n\u00eb ngacmimin e f\u00ebmij\u00ebve t\u00eb mi n\u00eb mes t\u00eb or\u00ebs s\u00eb m\u00ebsimit me pyetje t\u00eb k\u00ebtij soji: \u201cPse nuk e ke rregulluar krevatin? \u00c7\u2019i ke k\u00ebta \u00e7orap\u00eb n\u00ebp\u00ebr dhom\u00eb?&#8230;Q\u00eb t\u2019ua kthej dhe un\u00eb. T\u00eb shohim se si \u00ebsht\u00eb kur je n\u00eb mes t\u00eb nj\u00eb mbledhjeje online apo t\u00eb nj\u00eb bisede pune e t\u00eb d\u00ebgjosh britmat: Babiiiiii, pse \u00ebsht\u00eb internet kaq i dob\u00ebt? Ana mi ka ngr\u00ebn\u00eb biskotat! Kurse ky mua m\u00eb ka ngr\u00ebn\u00eb \u00e7ipsin!<\/p>\n<p><span class=\"dropcap color firstcharacter\">4<\/span>N\u00eb fund t\u00eb dit\u00ebs, kur i krahasoj kurbat epidemiologjike t\u00eb Organizat\u00ebs bot\u00ebrore t\u00eb sh\u00ebndetit, them me vete: \u00cbsht\u00eb karantin\u00eb, por \u00ebsht\u00eb privilegj q\u00eb akoma edhe n\u00eb karantin\u00eb t\u00eb mund t\u00eb shtrihesh n\u00eb krevatin t\u00ebnd e jo n\u00eb at\u00eb t\u00eb spitalit. \u00cbsht\u00eb privilegj t\u00eb punosh nga sht\u00ebpia. Mjek\u00ebt dhe infermier\u00ebt nuk kan\u00eb asnj\u00ebr\u00ebn nga k\u00ebto dy privilegje. Polic\u00ebt nuk punojn\u00eb nga sht\u00ebpia. As ushtar\u00ebt dhe zjarrfik\u00ebsit. Ark\u00ebtaret e supermarketeve shkojn\u00eb n\u00eb sht\u00ebpi vet\u00ebm pasi ne kemi bler\u00eb ushqime si p\u00ebr dy apo tre fundjava t\u00eb vazhduara. Mbledh\u00ebsit e mbeturinave vazhdojn\u00eb t\u00eb na i mbledhin mbeturinat e sht\u00ebpive tona.<br \/>\nE pastaj kthehem pas n\u00eb koh\u00eb dhe kujtoj se vet\u00ebm para nj\u00eb muaji n\u00eb redaksin\u00eb ton\u00eb zhvillonim nj\u00eb debat t\u00eb nxeht\u00eb mbi at\u00eb se si \u201cnuk ka asgj\u00eb m\u00eb t\u00eb tmerrshme se sa t\u00eb mos ket\u00eb pasaporta\u2026\u201d<\/p>\n<p><strong><em>P\u00ebrktheu: Fjolla Zllatku <\/em><\/strong><\/p>\n\n<div style=\"font-size: 0px; height: 0px; line-height: 0px; margin: 0; padding: 0; clear: both;\"><\/div>","protected":false},"excerpt":{"rendered":"<p>\u00c7far\u00eb? P\u00ebrs\u00ebri \u00e7uditemi me deklaratat e lider\u00ebve fetar\u00eb? Kryesuesi i Bashk\u00ebsis\u00eb fetare islame, reisi Sulejman Rexhepi u k\u00ebrc\u00ebnua se do [&hellip;]<\/p>\n","protected":false},"author":1,"featured_media":184,"comment_status":"closed","ping_status":"closed","sticky":false,"template":"","format":"standard","meta":{"_mo_disable_npp":"","inline_featured_image":false},"categories":[1825],"tags":[],"imageURL":"https:\/\/sdk.mk\/wp-content\/uploads\/2015\/12\/goran-mihailovski2.jpg","thumbURL":"https:\/\/sdk.mk\/wp-content\/uploads\/2015\/12\/goran-mihailovski2-250x196.jpg","categoryNames":["DUA T\u00cb THEM"],"feature_caption":"","subtitle":"Me k\u00ebta lider\u00eb fetar\u00eb q\u00eb kemi, them m\u00eb mir\u00eb q\u00eb besimtar\u00ebt t\u00eb fillojn\u00eb t\u00eb komunikojn\u00eb me zotin pa nd\u00ebrmjet\u00ebs. Q\u00eb kur nd\u00ebrmjet\u00ebsit thon\u00eb: varja sh\u00ebndetit, t\u00eb marrim parat\u00eb, me siguri edhe Zoti thot\u00eb me vete: Zoti i ruajtt\u00eb.","views":"10253","source":"","yoast_head":"<!-- This site is optimized with the Yoast SEO Premium plugin v15.0 - https:\/\/yoast.com\/wordpress\/plugins\/seo\/ -->\n<title>KALIBRIM TERMOMETRASH - \u0421\u0430\u043a\u0430\u043c \u0414\u0430 \u041a\u0430\u0436\u0430\u043c<\/title>\n<meta name=\"robots\" content=\"index, follow, max-snippet:-1, max-image-preview:large, max-video-preview:-1\" \/>\n<link rel=\"canonical\" href=\"https:\/\/sdk.mk\/index.php\/dua-te-them\/kalibrim-termometrash\/\" \/>\n<meta property=\"og:locale\" content=\"mk_MK\" \/>\n<meta property=\"og:type\" content=\"article\" \/>\n<meta property=\"og:title\" content=\"KALIBRIM TERMOMETRASH - \u0421\u0430\u043a\u0430\u043c \u0414\u0430 \u041a\u0430\u0436\u0430\u043c\" \/>\n<meta property=\"og:description\" content=\"\u00c7far\u00eb? P\u00ebrs\u00ebri \u00e7uditemi me deklaratat e lider\u00ebve fetar\u00eb? Kryesuesi i Bashk\u00ebsis\u00eb fetare islame, reisi Sulejman Rexhepi u k\u00ebrc\u00ebnua se do [&hellip;]\" \/>\n<meta property=\"og:url\" content=\"https:\/\/sdk.mk\/index.php\/dua-te-them\/kalibrim-termometrash\/\" \/>\n<meta property=\"og:site_name\" content=\"\u0421\u0430\u043a\u0430\u043c \u0414\u0430 \u041a\u0430\u0436\u0430\u043c\" \/>\n<meta property=\"article:published_time\" content=\"2020-04-11T21:12:15+00:00\" \/>\n<meta property=\"og:image\" content=\"https:\/\/sdk.mk\/wp-content\/uploads\/2015\/12\/goran-mihailovski2.jpg\" \/>\n\t<meta property=\"og:image:width\" content=\"400\" \/>\n\t<meta property=\"og:image:height\" content=\"313\" \/>\n<meta property=\"fb:app_id\" content=\"2407985809428537\" \/>\n<meta name=\"twitter:card\" content=\"summary\" \/>\n<script type=\"application\/ld+json\" class=\"yoast-schema-graph\">{\"@context\":\"https:\/\/schema.org\",\"@graph\":[{\"@type\":\"WebSite\",\"@id\":\"https:\/\/sdk.mk\/#website\",\"url\":\"https:\/\/sdk.mk\/\",\"name\":\"\\u0421\\u0430\\u043a\\u0430\\u043c \\u0414\\u0430 \\u041a\\u0430\\u0436\\u0430\\u043c\",\"description\":\"\\u0417\\u0430 \\u0441\\u043b\\u043e\\u0431\\u043e\\u0434\\u043e\\u0443\\u043c\\u043d\\u0438\",\"potentialAction\":[{\"@type\":\"SearchAction\",\"target\":\"https:\/\/sdk.mk\/?s={search_term_string}\",\"query-input\":\"required name=search_term_string\"}],\"inLanguage\":\"mk-MK\"},{\"@type\":\"ImageObject\",\"@id\":\"https:\/\/sdk.mk\/index.php\/dua-te-them\/kalibrim-termometrash\/#primaryimage\",\"inLanguage\":\"mk-MK\",\"url\":\"https:\/\/sdk.mk\/wp-content\/uploads\/2015\/12\/goran-mihailovski2.jpg\",\"width\":400,\"height\":313},{\"@type\":\"WebPage\",\"@id\":\"https:\/\/sdk.mk\/index.php\/dua-te-them\/kalibrim-termometrash\/#webpage\",\"url\":\"https:\/\/sdk.mk\/index.php\/dua-te-them\/kalibrim-termometrash\/\",\"name\":\"KALIBRIM TERMOMETRASH - \\u0421\\u0430\\u043a\\u0430\\u043c \\u0414\\u0430 \\u041a\\u0430\\u0436\\u0430\\u043c\",\"isPartOf\":{\"@id\":\"https:\/\/sdk.mk\/#website\"},\"primaryImageOfPage\":{\"@id\":\"https:\/\/sdk.mk\/index.php\/dua-te-them\/kalibrim-termometrash\/#primaryimage\"},\"datePublished\":\"2020-04-11T21:12:15+00:00\",\"dateModified\":\"2020-04-11T21:12:15+00:00\",\"author\":{\"@id\":\"https:\/\/sdk.mk\/#\/schema\/person\/be7cfa6655c47f7195bfdd0ba8144aa2\"},\"inLanguage\":\"mk-MK\",\"potentialAction\":[{\"@type\":\"ReadAction\",\"target\":[\"https:\/\/sdk.mk\/index.php\/dua-te-them\/kalibrim-termometrash\/\"]}]},{\"@type\":\"Person\",\"@id\":\"https:\/\/sdk.mk\/#\/schema\/person\/be7cfa6655c47f7195bfdd0ba8144aa2\",\"name\":\"\\u0413\\u043e\\u0440\\u0430\\u043d \\u041c\\u0438\\u0445\\u0430\\u0458\\u043b\\u043e\\u0432\\u0441\\u043a\\u0438\"}]}<\/script>\n<!-- \/ Yoast SEO Premium plugin. -->","_links":{"self":[{"href":"https:\/\/sdk.mk\/index.php\/wp-json\/wp\/v2\/posts\/112447"}],"collection":[{"href":"https:\/\/sdk.mk\/index.php\/wp-json\/wp\/v2\/posts"}],"about":[{"href":"https:\/\/sdk.mk\/index.php\/wp-json\/wp\/v2\/types\/post"}],"author":[{"embeddable":true,"href":"https:\/\/sdk.mk\/index.php\/wp-json\/wp\/v2\/users\/1"}],"replies":[{"embeddable":true,"href":"https:\/\/sdk.mk\/index.php\/wp-json\/wp\/v2\/comments?post=112447"}],"version-history":[{"count":0,"href":"https:\/\/sdk.mk\/index.php\/wp-json\/wp\/v2\/posts\/112447\/revisions"}],"wp:featuredmedia":[{"embeddable":true,"href":"https:\/\/sdk.mk\/index.php\/wp-json\/wp\/v2\/media\/184"}],"wp:attachment":[{"href":"https:\/\/sdk.mk\/index.php\/wp-json\/wp\/v2\/media?parent=112447"}],"wp:term":[{"taxonomy":"category","embeddable":true,"href":"https:\/\/sdk.mk\/index.php\/wp-json\/wp\/v2\/categories?post=112447"},{"taxonomy":"post_tag","embeddable":true,"href":"https:\/\/sdk.mk\/index.php\/wp-json\/wp\/v2\/tags?post=112447"}],"curies":[{"name":"wp","href":"https:\/\/api.w.org\/{rel}","templated":true}]}}