{"id":11291,"date":"2016-09-03T14:17:51","date_gmt":"2016-09-03T12:17:51","guid":{"rendered":"http:\/\/sdk.mk\/\/?p=11291"},"modified":"2016-09-03T14:17:51","modified_gmt":"2016-09-03T12:17:51","slug":"emer-i-perkohshem","status":"publish","type":"post","link":"https:\/\/sdk.mk\/index.php\/dua-te-them\/emer-i-perkohshem\/","title":{"rendered":"E\u041c\u00cbR I P\u00cbRKOHSH\u00cbM"},"content":{"rendered":"<div class=\"f52428582a4b906b2d2e2a7d733c7d27\" data-index=\"7\" style=\"float: none; margin:10px 0 10px 0; text-align:center;\">\n<!-- MSP Ads Asynchronous JS Tag - Generated with Revive Adserver v5.4.1 -->\r\n<ins data-revive-zoneid=\"167\" data-revive-id=\"060fdb01f6430ec164d3519234aa4967\"><\/ins>\r\n<script async src=\"\/\/panel.ads.com.mk\/www\/delivery\/asyncjs.php\"><\/script>\n<\/div>\n<p><span class=\"dropcap dropcap3\"><strong>1 <\/strong><\/span>Pa, \u00e7\u2019thoni? A qenka qesharake q\u00eb Kuvendi zgjodhi ministrin e pun\u00ebve t\u00eb brendshme dhe p\u00ebr m\u00eb pak se nj\u00eb dit\u00eb ia pranoi dor\u00ebheqjen? Thoni se qenka qesharake q\u00eb partia n\u00eb pushtet ka gjetur nj\u00eb profesor, e ka lajm\u00ebruar n\u00ebp\u00ebrmjet telefonit se do t\u00eb b\u00ebhet minist\u00ebr dhe ai ka pranuar me shum\u00eb g\u00ebzim e krenari? Mua nuk m\u00eb duket qesharake. As e trishtueshme. Por, m\u00eb frik\u00ebson. Mund t\u2019i duket qesharake atij q\u00eb ka ndonj\u00eb pasaport\u00eb tjet\u00ebr p\u00ebrve\u00e7 pasaport\u00ebs s\u00eb Maqedonis\u00eb.<\/p>\n<p>Prej koh\u00ebsh n\u00eb Maqedoni nuk mund t\u00eb flitet p\u00ebr turp, p\u00ebr etik\u00eb apo logjik\u00eb, p\u00ebr di\u00e7ka p\u00ebr t\u00eb cil\u00ebn ne budallenjt\u00eb akoma me naivitet mendojm\u00eb q\u00eb \u201csigurisht q\u00eb nuk do t\u2019iu kujtohet t\u00eb b\u00ebjn\u00eb edhe at\u00eb gj\u00eb\u201d. Po, ja q\u00eb iu kujtohet. Me veprimin e fundit q\u00eb b\u00ebn\u00eb p\u00ebr t\u00eb p\u00ebrcaktuar nj\u00eb minist\u00ebr t\u00eb pun\u00ebve t\u00eb brendshme vet\u00ebm p\u00ebr nj\u00eb dit\u00eb, t\u00eb gjith\u00eb e pam\u00eb q\u00eb ata do t\u00eb vazhdojn\u00eb t\u00eb b\u00ebjn\u00eb gj\u00ebrat m\u00eb absurde, sepse v\u00ebrtetuan se n\u00eb shoq\u00ebrin\u00eb ton\u00eb gjith\u00e7ka pranohet.<\/p>\n<p>Nuk b\u00ebjn\u00eb budalla Oliver Andonovin, p\u00ebr t\u00eb cilin nj\u00eb pyetje logjike do t\u00eb ishte se me \u00e7far\u00eb fytyre ai profesor universiteti do t\u00eb dal\u00eb para studentave. Nuk b\u00ebjn\u00eb budalla Emil Dimitrievin, i cili n\u00eb Kuvend lexoi q\u00eb ministri Andonov, i cili do t\u00eb jet\u00eb minist\u00ebr p\u00ebr m\u00eb pak se 15 or\u00eb, \u201cdo t\u00eb jap\u00eb maksimumin nga vetja e tij p\u00ebr k\u00ebt\u00eb funksion\u201d, sepse ka pasur p\u00ebrvoj\u00eb edhe n\u00eb akademin\u00eb ushtarake. Nuk i b\u00ebjn\u00eb budallenj as deputet\u00ebt, n\u00eb krye me kryetarin e Kuvendit, kur i trajtojn\u00eb si t\u00eb operuar nga trut\u00eb, q\u00eb t\u00eb diskutojn\u00eb p\u00ebr t\u00eb votuar nj\u00eb minist\u00ebr q\u00eb pas 15 or\u00ebve, po t\u00eb njejtit, do t\u2019ia pranojn\u00eb dor\u00ebheqjen.<\/p>\n<p>Nuk i b\u00ebjn\u00eb budallenj ata. Ne na b\u00ebjn\u00eb budallenj. Nd\u00ebrsa, ne i p\u00ebrqeshim. Sa p\u00ebr t\u00eb qeshur.<\/p>\n<p><strong><span class=\"dropcap dropcap3\">2<\/span>\u00a0<\/strong>Derisa ne qeshim, VMRO-DPMNE-ja ka siguruar kontroll t\u00eb MPB deri n\u00eb zgjedhjet. Nuk \u00ebsht\u00eb se nuk e dinim se k\u00ebshtu do t\u00eb vepronin. D\u00ebgjuam mir\u00eb \u201cVMRO-MVRO\u201d. Nuk e di pse nuk iu besuam? Se mendonim se nuk kan\u00eb nd\u00ebrgjegje? Se nuk din\u00eb se \u00e7far\u00eb \u00ebsht\u00eb turpi? Se deri tani nuk na qenk\u00ebrka b\u00ebr\u00eb e qart\u00eb se ata nuk kan\u00eb as turp, as perde, as logjik\u00eb n\u00eb gj\u00ebrat q\u00eb b\u00ebjn\u00eb, as rregulla t\u00eb loj\u00ebs&#8230;Se k\u00ebt\u00eb loj\u00eb q\u00eb e shpik\u00ebn bashk\u00eb me ministrin e pun\u00ebve t\u00eb brendshme, e luajn\u00eb q\u00eb t\u00eb sigurojn\u00eb garanc\u00ebn e zgjedhjeve t\u00eb drejta, demokratike dhe kredibile. Dhe se kjo q\u00eb po b\u00ebjn\u00eb nuk ka kuptim fare. Jo. Nuk ka kuptim. Ka regjim.<\/p>\n<p>Thjesht\u00eb, qeveria duhet t\u00eb siguroj\u00eb kontroll q\u00eb t\u00eb fitohen zgjedhjet me \u00e7do lloj kushti, sepse tek ata motivimi \u00ebsht\u00eb shum\u00eb i fort\u00eb. Tashm\u00eb nuk b\u00ebhet fjal\u00eb vet\u00ebm p\u00ebr luft\u00eb p\u00ebr pushtet. Tani \u00ebsht\u00eb edhe luft\u00eb p\u00ebr jet\u00eb. Vet\u00ebm se ne, nuk e kam t\u00eb qart\u00eb se p\u00ebrse t\u00eb gjith\u00eb ata q\u00eb nuk jan\u00eb p\u00ebr VMRO-DPMNE-n\u00eb mendojn\u00eb q\u00eb p\u00ebr ta kjo nuk \u00ebsht\u00eb luft\u00eb p\u00ebr jet\u00eb. N\u00ebse fiton VMRO-DPMNE-ja, do t\u00eb ket\u00eb jet\u00eb p\u00ebr ta?<\/p>\n<p><strong><span class=\"dropcap dropcap3\">3<\/span>\u00a0<\/strong>Nd\u00ebrkoh\u00eb q\u00eb opozita dhe tuiterxhinjt\u00eb p\u00ebrqeshnin ministrin nj\u00ebditor, Oliver Andonovin n\u00eb bot\u00ebn virtuale dhe nd\u00ebrkoh\u00eb q\u00eb b\u00ebnin dram\u00eb me vajz\u00ebn e Nikolla Gruevskit, q\u00eb shkon n\u00eb klas\u00eb t\u00eb par\u00eb, n\u00eb bot\u00ebn reale, Mitko \u00c7avkovi u kthye n\u00eb vendin e krimit \u2013 aty ku ishte kur ministresha Jankullovska th\u00ebrriste: \u201cMVRO-VMRO\u201d. Aty ku b\u00ebhen karta identiteti p\u00ebr 50 vet\u00eb n\u00eb adres\u00ebn e njejt\u00eb, ku organizohen aksione t\u00eb suksesshme policore t\u00eb tipit t\u00eb lagjes s\u00eb Trimave t\u00eb Kumanov\u00ebs, aty ku policia d\u00ebrgon mb\u00ebshtetje logjistike p\u00ebr ata q\u00eb rrihen n\u00eb parti para zgjedhjeve, aty ku jan\u00eb shkat\u00ebrruar pajisje p\u00ebr p\u00ebrgjim&#8230;Duke u p\u00ebrq\u00ebndruar n\u00eb dram\u00ebn q\u00eb b\u00ebn\u00eb p\u00ebr hyrjen ceremoniale t\u00eb vajz\u00ebs q\u00eb shkonte n\u00eb klas\u00eb t\u00eb par\u00eb, harrruan q\u00eb \u00c7avkovi tani duhet t\u2019i zbatoj\u00eb urdh\u00ebrat e PSP-s\u00eb p\u00ebr sigurimin e d\u00ebshmitar\u00ebve dhe t\u00eb d\u00ebnuarve.<\/p>\n<p><span class=\"dropcap dropcap3\"><strong>4\u00a0<\/strong><\/span>Ministri \u00c7avkov, vet\u00ebm disa or\u00eb para se t\u00eb jap\u00eb dor\u00ebheqje, n\u00ebnshkroi 600 vendime p\u00ebr pun\u00ebsime t\u00eb reja n\u00eb polici. Nd\u00ebrsa, n\u00eb m\u00ebngjes i thirri t\u00eb gjith\u00eb t\u00eb p\u00ebrzgjedhurit, ti marrin vendimet p\u00ebr pun\u00eb me vrap, para se t\u00eb vet\u00ebdij\u00ebsohet Oliver Andonovi se do t\u00eb b\u00ebhet minist\u00ebr.<\/p>\n<p>E ju tani, akoma \u00e7uditeni se si nuk paskan turp?<\/p>\n<p>&nbsp;<\/p>\n<p>Brenda nj\u00eb dite, me parat\u00eb tona t\u00eb p\u00ebrbashk\u00ebta, blen\u00eb edhe polici edhe votues. Fillimisht na i vodh\u00ebn parat\u00eb, nd\u00ebrsa tani p\u00ebrs\u00ebri i shfryt\u00ebzojn\u00eb parat\u00eb tona q\u00eb t\u00eb blejn\u00eb lirin\u00eb. Dhe ne, akoma nuk e kuptojm\u00eb se vendimi q\u00eb ata t\u00eb vazhdojn\u00eb ta b\u00ebjn\u00eb k\u00ebt\u00eb ose jo, \u00ebsht\u00eb n\u00eb duart tona.<\/p>\n<p><span class=\"dropcap dropcap3\"><strong>5<\/strong> <\/span>M\u00eb 1 shtator, vajza m\u00eb e vog\u00ebl e Gruevskit filloi klas\u00ebn e par\u00eb dhe ai e \u00e7oi n\u00eb shkoll\u00eb. Paska patur arsye t\u00eb mir\u00eb. Po, kryetar\u00ebt e komunave, \u00e7\u2019u d\u00ebsh\u00ebn n\u00ebp\u00ebr shkolla? P\u00ebr shembull, Andrej Zhernovski, edhe at\u00eb, i ulur n\u00eb rreshtin e par\u00eb, af\u00ebr Gruevskit, sikur t\u00eb ishte p\u00ebr ta shfaqja e nx\u00ebn\u00ebsve t\u00eb klas\u00ebs s\u00eb par\u00eb? Mos vall\u00eb e priste shuplak\u00ebn e premtuar nga viti 2013, se \u00e7do gj\u00eb q\u00eb thot\u00eb Greuvski e realizon? Nj\u00eb shuplak\u00eb t\u00eb fort\u00eb, para t\u00eb gjith\u00ebve.<\/p>\n<p>Po Zaevi q\u00eb k\u00ebrkonte t\u2019u drejtohet nx\u00ebn\u00ebsve? Nuk pres nga nj\u00eb lider i opozit\u00ebs t\u2019u uroj\u00eb mir\u00ebseardhjen nx\u00ebn\u00ebsve t\u00eb klas\u00ebs s\u00eb par\u00eb. As t\u2019u drejtohet prid\u00ebrve, arsimtar\u00ebve, madje as edhe qytetar\u00ebve t\u00eb tjer\u00eb. Nga nj\u00eb lider i opozit\u00ebs pres t\u00eb m\u00eb thot\u00eb se \u00e7far\u00eb do t\u00eb b\u00ebj\u00eb me arsimin, a do t\u2019i renovoj\u00eb shkollat apo jo, a do ta heq\u00eb testimin ekstern apo jo, a do ta rris\u00eb kualitetin e arsimimit apo jo&#8230;Nga nj\u00eb lider opozite pres t\u00eb premtoj\u00eb q\u00eb nuk do t\u2019i shtyj\u00eb arsimtar\u00ebt t\u00eb shkojn\u00eb n\u00eb tubime partiake dhe t\u00eb sigurojn\u00eb vota, q\u00eb nuk do t\u2019i b\u00ebj\u00eb drejtorat t\u00eb marrin libreza partiake, q\u00eb nuk do t\u2019i ndaloj\u00eb arsimtar\u00ebt t\u00eb b\u00ebjn\u00eb grev\u00eb n\u00ebse jan\u00eb t\u00eb pak\u00ebnaqur&#8230;<\/p>\n<p>100 dit\u00eb para zgjedhjeve, k\u00ebto pres nga nj\u00eb lider i opozit\u00ebs q\u00eb p\u00ebrgatitet t\u00eb jet\u00eb kryeminist\u00ebr.<\/p>\n<p><strong><span class=\"dropcap dropcap3\">6<\/span>\u00a0<\/strong>Nj\u00eb jav\u00eb para se t\u00eb festojm\u00eb 25 vjetorin e pavarsis\u00eb, Maqedonia ka kryeminist\u00ebr t\u00eb p\u00ebrkohsh\u00ebm. Ka Qeveri t\u00eb p\u00ebrkohshme dhe ministra t\u00eb p\u00ebrkohsh\u00ebm. Ka trup t\u00eb p\u00ebrkohsh\u00ebm rregulativ p\u00ebr mediat, ka redaktor t\u00eb p\u00ebrkohsh\u00ebm t\u00eb programit informativ t\u00eb servisit publik, MTV. Ka dhe prokurori speciale t\u00eb p\u00ebrkohshme.<\/p>\n<p>M\u00eb n\u00eb fund, edhe e p\u00ebrkohshmja mori kuptim.<\/p>\n<p>&nbsp;<\/p>\n<p><em>P\u00ebrktheu: Fjolla Zllatku<\/em><\/p>\n\n<div style=\"font-size: 0px; height: 0px; line-height: 0px; margin: 0; padding: 0; clear: both;\"><\/div>","protected":false},"excerpt":{"rendered":"<p>1 Pa, \u00e7\u2019thoni? A qenka qesharake q\u00eb Kuvendi zgjodhi ministrin e pun\u00ebve t\u00eb brendshme dhe p\u00ebr m\u00eb pak se nj\u00eb [&hellip;]<\/p>\n","protected":false},"author":1,"featured_media":0,"comment_status":"closed","ping_status":"closed","sticky":false,"template":"","format":"standard","meta":{"_mo_disable_npp":"","inline_featured_image":false},"categories":[1825],"tags":[],"imageURL":false,"thumbURL":false,"categoryNames":["DUA T\u00cb THEM"],"feature_caption":"","subtitle":"a:1:{s:11:\"td_subtitle\";s:81:\"Nukib\u00ebjn\u00ebbudallenjata.Nenab\u00ebjn\u00ebbudallenj.N\u00ebrsa,neip\u00ebrqeshim\r\n\r\n","views":"2946","source":"","yoast_head":"<!-- This site is optimized with the Yoast SEO Premium plugin v15.0 - https:\/\/yoast.com\/wordpress\/plugins\/seo\/ -->\n<title>E\u041c\u00cbR I P\u00cbRKOHSH\u00cbM - \u0421\u0430\u043a\u0430\u043c \u0414\u0430 \u041a\u0430\u0436\u0430\u043c<\/title>\n<meta name=\"robots\" content=\"index, follow, max-snippet:-1, max-image-preview:large, max-video-preview:-1\" \/>\n<link rel=\"canonical\" href=\"https:\/\/sdk.mk\/index.php\/dua-te-them\/emer-i-perkohshem\/\" \/>\n<meta property=\"og:locale\" content=\"mk_MK\" \/>\n<meta property=\"og:type\" content=\"article\" \/>\n<meta property=\"og:title\" content=\"E\u041c\u00cbR I P\u00cbRKOHSH\u00cbM - \u0421\u0430\u043a\u0430\u043c \u0414\u0430 \u041a\u0430\u0436\u0430\u043c\" \/>\n<meta property=\"og:description\" content=\"1 Pa, \u00e7\u2019thoni? A qenka qesharake q\u00eb Kuvendi zgjodhi ministrin e pun\u00ebve t\u00eb brendshme dhe p\u00ebr m\u00eb pak se nj\u00eb [&hellip;]\" \/>\n<meta property=\"og:url\" content=\"https:\/\/sdk.mk\/index.php\/dua-te-them\/emer-i-perkohshem\/\" \/>\n<meta property=\"og:site_name\" content=\"\u0421\u0430\u043a\u0430\u043c \u0414\u0430 \u041a\u0430\u0436\u0430\u043c\" \/>\n<meta property=\"article:published_time\" content=\"2016-09-03T12:17:51+00:00\" \/>\n<meta property=\"og:image\" content=\"https:\/\/sdk.mk\/wp-content\/uploads\/2015\/12\/goran-mihailovski2.jpg\" \/>\n\t<meta property=\"og:image:width\" content=\"400\" \/>\n\t<meta property=\"og:image:height\" content=\"313\" \/>\n<meta property=\"fb:app_id\" content=\"2407985809428537\" \/>\n<meta name=\"twitter:card\" content=\"summary\" \/>\n<script type=\"application\/ld+json\" class=\"yoast-schema-graph\">{\"@context\":\"https:\/\/schema.org\",\"@graph\":[{\"@type\":\"WebSite\",\"@id\":\"https:\/\/sdk.mk\/#website\",\"url\":\"https:\/\/sdk.mk\/\",\"name\":\"\\u0421\\u0430\\u043a\\u0430\\u043c \\u0414\\u0430 \\u041a\\u0430\\u0436\\u0430\\u043c\",\"description\":\"\\u0417\\u0430 \\u0441\\u043b\\u043e\\u0431\\u043e\\u0434\\u043e\\u0443\\u043c\\u043d\\u0438\",\"potentialAction\":[{\"@type\":\"SearchAction\",\"target\":\"https:\/\/sdk.mk\/?s={search_term_string}\",\"query-input\":\"required name=search_term_string\"}],\"inLanguage\":\"mk-MK\"},{\"@type\":\"WebPage\",\"@id\":\"https:\/\/sdk.mk\/index.php\/dua-te-them\/emer-i-perkohshem\/#webpage\",\"url\":\"https:\/\/sdk.mk\/index.php\/dua-te-them\/emer-i-perkohshem\/\",\"name\":\"E\\u041c\\u00cbR I P\\u00cbRKOHSH\\u00cbM - \\u0421\\u0430\\u043a\\u0430\\u043c \\u0414\\u0430 \\u041a\\u0430\\u0436\\u0430\\u043c\",\"isPartOf\":{\"@id\":\"https:\/\/sdk.mk\/#website\"},\"datePublished\":\"2016-09-03T12:17:51+00:00\",\"dateModified\":\"2016-09-03T12:17:51+00:00\",\"author\":{\"@id\":\"https:\/\/sdk.mk\/#\/schema\/person\/be7cfa6655c47f7195bfdd0ba8144aa2\"},\"inLanguage\":\"mk-MK\",\"potentialAction\":[{\"@type\":\"ReadAction\",\"target\":[\"https:\/\/sdk.mk\/index.php\/dua-te-them\/emer-i-perkohshem\/\"]}]},{\"@type\":\"Person\",\"@id\":\"https:\/\/sdk.mk\/#\/schema\/person\/be7cfa6655c47f7195bfdd0ba8144aa2\",\"name\":\"\\u0413\\u043e\\u0440\\u0430\\u043d \\u041c\\u0438\\u0445\\u0430\\u0458\\u043b\\u043e\\u0432\\u0441\\u043a\\u0438\"}]}<\/script>\n<!-- \/ Yoast SEO Premium plugin. -->","_links":{"self":[{"href":"https:\/\/sdk.mk\/index.php\/wp-json\/wp\/v2\/posts\/11291"}],"collection":[{"href":"https:\/\/sdk.mk\/index.php\/wp-json\/wp\/v2\/posts"}],"about":[{"href":"https:\/\/sdk.mk\/index.php\/wp-json\/wp\/v2\/types\/post"}],"author":[{"embeddable":true,"href":"https:\/\/sdk.mk\/index.php\/wp-json\/wp\/v2\/users\/1"}],"replies":[{"embeddable":true,"href":"https:\/\/sdk.mk\/index.php\/wp-json\/wp\/v2\/comments?post=11291"}],"version-history":[{"count":0,"href":"https:\/\/sdk.mk\/index.php\/wp-json\/wp\/v2\/posts\/11291\/revisions"}],"wp:attachment":[{"href":"https:\/\/sdk.mk\/index.php\/wp-json\/wp\/v2\/media?parent=11291"}],"wp:term":[{"taxonomy":"category","embeddable":true,"href":"https:\/\/sdk.mk\/index.php\/wp-json\/wp\/v2\/categories?post=11291"},{"taxonomy":"post_tag","embeddable":true,"href":"https:\/\/sdk.mk\/index.php\/wp-json\/wp\/v2\/tags?post=11291"}],"curies":[{"name":"wp","href":"https:\/\/api.w.org\/{rel}","templated":true}]}}