{"id":113147,"date":"2020-04-18T16:23:18","date_gmt":"2020-04-18T14:23:18","guid":{"rendered":"https:\/\/sdk.mk\/?p=113147"},"modified":"2020-04-18T16:23:18","modified_gmt":"2020-04-18T14:23:18","slug":"ate-oliveri","status":"publish","type":"post","link":"https:\/\/sdk.mk\/index.php\/dua-te-them\/ate-oliveri\/","title":{"rendered":"AT\u00cb OLIVERI"},"content":{"rendered":"<div class=\"f52428582a4b906b2d2e2a7d733c7d27\" data-index=\"7\" style=\"float: none; margin:10px 0 10px 0; text-align:center;\">\n<!-- MSP Ads Asynchronous JS Tag - Generated with Revive Adserver v5.4.1 -->\r\n<ins data-revive-zoneid=\"167\" data-revive-id=\"060fdb01f6430ec164d3519234aa4967\"><\/ins>\r\n<script async src=\"\/\/panel.ads.com.mk\/www\/delivery\/asyncjs.php\"><\/script>\n<\/div>\n<p><span class=\"dropcap color firstcharacter\">1<\/span>\u00cbsht\u00eb e pak\u00ebndshme p\u00ebr mua kur d\u00ebgjoj ministrin e sh\u00ebndet\u00ebsis\u00eb Venko Filip\u00e7e duke apeluar drejt besimtar\u00ebve p\u00ebr ngadal\u00ebsimin e infektimit me KOVID-19 duke shpresuar se lider\u00ebt fetar\u00eb do t&#8217;i respektojn\u00eb masat e Qeveris\u00eb n\u00eb gjendje t\u00eb jasht\u00ebzakonshme. Filip\u00e7ja \u00ebsht\u00eb pjes\u00eb e pushtetit ekzekutiv.\u00a0 Dhe at\u00eb n\u00eb kushte t\u00eb nj\u00eb situate t\u00eb jasht\u00ebzakonshme bot\u00ebrore. Pse duhet t\u00eb apeloj\u00eb?\u00a0 Pse duhet t\u00eb lutet?\u00a0 Apo t\u00eb shpresoj\u00eb?<\/p>\n<p>N\u00ebse do t\u00eb kishte qen\u00eb puna p\u00ebr apel dhe lutje, at\u00ebher\u00eb pse kemi kufizime t\u00eb l\u00ebvizjes dhe or\u00eb policore?\u00a0 Pse duhej q\u00eb t\u00eb mbylleshin shkollat dhe \u00e7erdhet me urdh\u00ebr? Kur kishim mundur thjesht t&#8217;i lusnim f\u00ebmij\u00ebt q\u00eb t\u00eb mos shkojn\u00eb n\u00eb shkoll\u00eb dhe t\u00eb shpresojm\u00eb se ata q\u00eb do t\u00eb shkojn\u00eb, t\u00eb pakt\u00ebn nuk do ta shp\u00ebrndajn\u00eb virusin? Po kafet dhe restorantet, p\u00ebrse nuk punojn\u00eb?\u00a0 Pse nuk u b\u00ebn\u00eb thirrje qytetar\u00ebve q\u00eb t\u00eb p\u00ebrmbahen nga d\u00ebshira p\u00ebr t\u00eb shkuar n\u00eb kafe, n\u00ebse kjo na qenka m\u00ebnyra p\u00ebr t\u00eb luftuar pandemin\u00eb?\u00a0 Gjithashtu, Qeveria nuk i luti qytetar\u00ebt q\u00eb t\u00eb mos shkojn\u00eb n\u00eb pyje e parqe. Ua ndaloi. Pse? P\u00ebr t\u2019u dh\u00ebn\u00eb njer\u00ebzve m\u00eb shum\u00eb koh\u00eb q\u00eb t\u00eb mund t\u00eb shkojn\u00eb n\u00eb kish\u00eb dhe xhami?<\/p>\n<p>Kjo puna e kishave dhe kungimit t\u00eb Pashk\u00ebve \u00ebsht\u00eb m\u00eb keq se ajo e drejtoresh\u00ebs s\u00eb Klinik\u00ebs s\u00eb l\u00ebkur\u00ebs, q\u00eb \u00e7oi n\u00eb karantin\u00eb 200 njer\u00ebz. Filip\u00e7ja at\u00ebher\u00eb thoshte se ishte shum\u00eb i zhg\u00ebnjyer q\u00eb koleg\u00ebt e tij kishin vepruar n\u00eb k\u00ebt\u00eb m\u00ebnyr\u00eb.\u00a0 E pas nj\u00eb procedure t\u00eb shkurt\u00ebr e shkarkoi drejtoresh\u00ebn.\u00a0 Nuk i k\u00ebrkoi gj\u00eb e as nuk e luti q\u00eb t\u00eb mos sillet n\u00eb m\u00ebnyr\u00eb t\u00eb pap\u00ebrgjegjshme.<\/p>\n<p>Po tani, a nuk \u00ebsht\u00eb zhg\u00ebnjyer nga Qeveria e tij?\u00a0 A nuk \u00ebsht\u00eb i zhg\u00ebnjyer nga kryeministri Oliver Spasovski q\u00eb deklaroi besimin si t\u00eb drejt\u00ebn e vetme t\u00eb pacenueshme? A nuk \u00ebsht\u00eb ai i zhg\u00ebnjyer me ministrat e tjer\u00eb q\u00eb hesht\u00ebn dhe nuk k\u00ebrkuan mbylljen e kishave dhe xhamive? Kush do t&#8217;i shkarkoj\u00eb ata?<\/p>\n<p><span class=\"dropcap color firstcharacter\">2<\/span>\u00cbsht\u00eb me t\u00eb v\u00ebrtet\u00eb zhg\u00ebnjyes fakti se Qeveria ka shkuar vet\u00eb kund\u00ebr masave p\u00ebr t\u00eb ngadal\u00ebsuar p\u00ebrhapjen e infeksionit. P\u00ebr her\u00eb t\u00eb par\u00eb q\u00eb nga pavar\u00ebsimi, madje edhe duke u krahasuar me shtete shum\u00eb m\u00eb t\u00eb pasura se ne, pata ndjesin\u00eb se dikush kishte marr\u00eb seriozisht k\u00ebt\u00eb pun\u00eb dhe po merrej me problemin profesionalisht. Besoja se dikush e dinte se \u00e7far\u00eb po b\u00ebnte se edhe ne kishim ekspert\u00eb p\u00ebr situata t\u00eb k\u00ebtilla.<\/p>\n<p>Dhe \u00e7far\u00eb ka b\u00ebr\u00eb Qeveria n\u00eb t\u00eb cil\u00ebn teknikisht na udh\u00ebheqin tre partit\u00eb m\u00eb t\u00eb m\u00ebdha n\u00eb vend, LSDM, VMRO-DPMNE dhe BDI? P\u00ebr shkak t\u00eb oportunizmit t\u00eb kulluar politik, k\u00ebto parti vendos\u00ebn t\u00eb mos mbyllnin kishat dhe xhamit\u00eb, ashtu si\u00e7 m\u00eb par\u00eb kishin mbyllur shkolla, muze, biznese private, palestra, kafene, parqe. Gjith\u00e7ka q\u00eb ka b\u00ebr\u00eb qeveria, e gjith\u00eb puna e punonj\u00ebsve t\u00eb sh\u00ebndet\u00ebsis\u00eb, policis\u00eb, ushtris\u00eb dhe n\u00eb fund t\u00eb fundit gjith\u00e7ka q\u00eb kemi b\u00ebr\u00eb n\u00eb p\u00ebrpjekje p\u00ebr t&#8217;u p\u00ebrshtatur n\u00eb m\u00ebnyr\u00eb t\u00eb disiplinuar me gjendjen e jasht\u00ebzakonshme, do t\u00eb jet\u00eb e kot\u00eb n\u00ebse infeksioni shp\u00ebrthen n\u00eb 10 dit\u00ebt e ardhshme dhe n\u00ebse rritet numri i t\u00eb vdekurve.<\/p>\n<p>Ministri Filip\u00e7e \u00ebsht\u00eb personazhi i gjendjes s\u00eb jasht\u00ebzakonshme, jo At\u00eb Oliver apo Hoxh\u00eb Osmani. \u00cbsht\u00eb ai q\u00eb u b\u00ebn ball\u00eb dit\u00eb p\u00ebr dit\u00eb pyetjeve t\u00eb pak\u00ebndshme n\u00ebp\u00ebr konferencat e shtypit. Mbi t\u00eb vishet mllefi p\u00ebr \u00e7do personi t\u00eb vdekur, p\u00ebr \u00e7do rezultat pozitiv, p\u00ebr t\u00eb gjitha radh\u00ebt para supermarketeve dhe bankave, p\u00ebr mjek\u00eb dhe infermier\u00ebt \u00eb infektuar, p\u00ebr tender\u00ebt e d\u00ebshtuar dhe d\u00ebrgesat humanitare q\u00eb nuk mb\u00ebrrijn\u00eb n\u00eb koh\u00eb, p\u00ebr l\u00ebvizjen e kufizuar t\u00eb qenve sht\u00ebpiak\u00eb&#8230;Nes\u00ebr, n\u00ebse p\u00ebrkeq\u00ebsohet gjendja p\u00ebr shkak t\u00eb politizimit t\u00eb partive q\u00eb kan\u00eb p\u00ebrfaq\u00ebsuesit e tyre n\u00eb qeverin\u00eb teknike, p\u00ebrs\u00ebri Filip\u00e7ja do t\u00eb jet\u00eb fajtori kryesor.<\/p>\n<p>Pra, n\u00eb vend q\u00eb t\u00eb lutet n\u00eb m\u00ebnyr\u00eb patetike dhe t&#8217;u b\u00ebj\u00eb apel lider\u00ebve fetar\u00eb q\u00eb t\u00eb mos p\u00ebrhapin me dashje infeksionin, le t&#8217;i shpjegoj\u00eb Oliverit se nj\u00eb gj\u00eb \u00ebsht\u00eb besimi dhe tjet\u00ebr gj\u00eb \u00ebsht\u00eb shkenca. Dhe aktualishisht e gjith\u00eb bota lufton kund\u00ebr s\u00ebmundjes me an\u00eb t\u00eb shkenc\u00ebs. Prandaj, duhet t\u00eb mbyllen kishat dhe xhamit\u00eb, ashtu si\u00e7 \u00ebsht\u00eb mbyllur gjith\u00e7ka tjet\u00ebr, ashtu si\u00e7 edhe ne rrim\u00eb t\u00eb mbyllur n\u00eb sht\u00ebpi.\u00a0 E pastaj le t\u00eb th\u00ebrras\u00eb edhe Zoran Zaevin, por edhe Ali Ahmetin dhe Hristijan Mickoskin, t\u00eb cil\u00ebt po drejtojn\u00eb nj\u00eb fushat\u00eb p\u00ebrmes ministrave t\u00eb tyre n\u00eb qeverin\u00eb teknike. Sepse ata vendos\u00ebn t\u00eb shkoj\u00eb kurban \u00e7do gj\u00eb e nd\u00ebrtuar deri n\u00eb k\u00ebt\u00eb moment.<\/p>\n<p><span class=\"dropcap color firstcharacter\">3<\/span>Nj\u00eb tregues m\u00eb i qart\u00eb p\u00ebr at\u00eb se si politika e shkat\u00ebrroi gjith\u00eb ekspertiz\u00ebn, \u00ebsht\u00eb rasti i Kumanov\u00ebs. Kryetari i Kumanov\u00ebs Maksim Dimitrievski bashk\u00eb me gjysm\u00ebn e shtabit t\u00eb kriz\u00ebs ka rezultuar pozitiv me koronavirus. Pas dy dit\u00ebsh, ai th\u00ebrriti n\u00eb mbledhje n\u00eb Komun\u00eb kryeministrin dhe gjysm\u00ebn e qeveris\u00eb, pa u treguar se ishin testuar. Dhe hop, ja ku dol\u00ebn &#8211; t\u00eb gjith\u00eb pozitiv\u00eb. Nj\u00eb mashtrim tipik LSDM-ik.\u00a0 Nga nj\u00ebra an\u00eb kumanovari Oliver Spasovski, e nga tjetra kumanovari tjet\u00ebr Maksim Dimitrieski.\u00a0 K\u00ebrkova karantin\u00eb, e ti s&#8217;ma dhe.\u00a0 Epo, na! Rrini tani t\u00eb gjith\u00eb n\u00eb sht\u00ebpi n\u00eb vet\u00ebizolim.\u00a0 \u00a0Gazetar\u00ebt q\u00eb mund t\u00eb kem infektuar nd\u00ebrkoh\u00eb q\u00eb kam dh\u00ebn\u00eb deklarata pa mask\u00eb jan\u00eb d\u00ebm kolateral i mashtrimeve brendapartiake.<\/p>\n<p>Oliver Spasovski, Bujar Osmani dhe Venko Filip\u00e7e dje duhej t\u00eb shkonin n\u00eb nj\u00eb seanc\u00eb t\u00eb K\u00ebshillit t\u00eb sigurimit te presidenti Stevo Pendarovski. N\u00ebse rezultati i testimit t\u00eb Maksimit do t\u00eb ishte vonuar vet\u00ebm pes\u00ebmb\u00ebdhjet\u00eb minuta, tani n\u00eb izolim do t\u00eb ishin edhe Pendarovski, Talat Xhaferi dhe Radmilla Sheqerinska. Lojtar i fort\u00eb paska qen\u00eb Maksimi.<\/p>\n<p>Qeveria ndalon l\u00ebvizjen n\u00eb grupe prej m\u00eb shum\u00eb se dy personave, por p\u00ebr Kumanov\u00eb jan\u00eb nisur pes\u00eb veta bashk\u00eb &#8211; kryeministri, zv. kryeministri, ministri i arsimit dhe ministri i sh\u00ebndet\u00ebsis\u00eb, plus edhe kryetari i Komisionit p\u00ebr s\u00ebmundje infektive. T\u00eb gjith\u00eb e h\u00ebngr\u00ebn karremin e Maksimit.\u00a0 Bujar Osmani vendosi t\u00eb shkoj\u00eb, sepse sigurisht, ai \u00ebsht\u00eb koordinatori i \u00e7do gj\u00ebje n\u00eb shtet, plus q\u00eb kishte koh\u00eb pa b\u00ebr\u00eb nj\u00eb fotosesion n\u00eb Kumanov\u00eb.\u00a0 K\u00ebshtu q\u00eb mori me vete edhe ministrin e arsimit Arb\u00ebr Ademin. Por nj\u00eb zv. kryeminist\u00ebr i BDI-s\u00eb sigurisht nuk mund t\u00eb shkoj\u00eb vet\u00eb, n\u00ebse nuk shkon edhe kryeministri nga LSDM-ja Oliver Spasovski.\u00a0 P\u00ebr m\u00eb tep\u00ebr q\u00eb ai \u00ebsht\u00eb dhe kumanovar. Poashtu, nuk \u00ebsht\u00eb e drejt\u00eb q\u00eb t\u00eb shkoj\u00eb nj\u00eb minist\u00ebr i arsimit, pa qen\u00eb i shoq\u00ebruar nga ministri i sh\u00ebndet\u00ebsis\u00eb.\u00a0 K\u00ebshtu, edhe Filip\u00e7ja hyri n\u00ebn protokollin sh\u00ebndet\u00ebsor dhe shkoi n\u00eb izolim.\u00a0 Nd\u00ebrsa kryetari i Komisionit p\u00ebr s\u00ebmundje infektive, Zharko Karagjozovski, me siguri ka shkuar q\u00eb t\u00eb thyej\u00eb monotonin\u00eb e t\u00eb pasurit vet\u00ebm ministra n\u00eb terren.<\/p>\n<p>Pra, ishin pes\u00eb.\u00a0 Kur shkonin p\u00ebr Dib\u00ebr, ishin shtat\u00eb.\u00a0 Pes\u00eb prej tyre nga Qeveria &#8211; kryeministri, zv. kryeministri dhe e gjith\u00eb kryesia e MPB, ministri nga VMRO-DPMNE Naqe \u00c7ulev, zv. ministri plot\u00ebsues nga LSDM Slavjanka Petrovska dhe z\u00ebvend\u00ebsuesi i rregullt nga BDI-ja Agim Nuhiu. Ata nuk shkojn\u00eb t\u00eb na mbrojn\u00eb nga KOVID-19. Ata mbrohen nga nj\u00ebri-tjetri.<\/p>\n<p><span class=\"dropcap color firstcharacter\">4<\/span>N\u00eb pyet\u00ebsorin epidemiologjik duhet shtuar nj\u00eb pyetje t\u00eb re:\u00a0 Keni qen\u00eb n\u00eb nj\u00eb kish\u00eb p\u00ebr kungim apo n\u00eb xhami? N\u00eb fillim kjo ishte nj\u00eb shaka, por tani \u00ebsht\u00eb\u00a0 b\u00ebr\u00eb e domosdoshme Sepse nuk \u00ebsht\u00eb shaka kur episkopi Timotej, i cili \u00ebsht\u00eb z\u00ebdh\u00ebn\u00ebsi i Kryepeshkopat\u00ebs s\u00eb Ohrit thot\u00eb n\u00eb deklarat\u00ebn e tij se: \u201cluga dhe kungimi nuk kontribuojn\u00eb n\u00eb p\u00ebrhapjen e koronavirusit. Le t\u00eb mos afrohet ai q\u00eb ka frik\u00eb nga kungimi. &#8221;<\/p>\n<p>Pse besimtar\u00ebve q\u00eb shkojn\u00eb n\u00eb kungim nuk u jepet t\u00eb plot\u00ebsojn\u00eb nj\u00eb formular dhe t\u00eb n\u00ebnshkruajn\u00eb se pas kungimit do t\u00eb shkojn\u00eb n\u00eb izolim 14-dit\u00ebsh? Le t&#8217;i hap\u00eb kisha edhe manastiret e saj p\u00ebr karantin\u00eb.\u00a0 Nga kungimi, direkt n\u00eb autobus p\u00ebr manastir.\u00a0 Edhe kjo \u00ebsht\u00eb nj\u00eb e drejt\u00eb zgjedhjeje.\u00a0 Ashtu si\u00e7 shteti lejon daljen jasht\u00eb shtetit, por ama ju detyron t\u00eb n\u00ebnshkruani se nuk duhet t\u00eb ktheheni p\u00ebr tre muaj. Demokracia nuk n\u00ebnkupton vet\u00ebm t\u00eb pasurit t\u00eb drejta.\u00a0 Ka edhe detyrime.<\/p>\n<p>Kisha mund t\u00eb thot\u00eb at\u00eb q\u00eb d\u00ebshiron. Edhe Timotej, i cili jav\u00ebn e kaluar tha se kishat nxjerrin gjysm\u00ebn e t\u00eb ardhurave t\u00eb tyre gjat\u00eb Pashk\u00ebve, mund t\u00eb thot\u00eb \u00e7&#8217;t\u00eb doj\u00eb, madje edhe se kungimi me t\u00eb nj\u00ebjt\u00ebn lug\u00eb \u00ebsht\u00eb gj\u00eb e sh\u00ebndetshme.\u00a0 Por shteti \u00ebsht\u00eb ai q\u00eb e ka p\u00ebr detyr\u00eb t\u00eb kujdeset p\u00ebr sh\u00ebndetin publik. Andaj \u00ebsht\u00eb nj\u00eb marr\u00ebzi e v\u00ebrtet\u00eb q\u00eb Qeveria e lejoi kish\u00ebn dhe nes\u00ebr do t\u00eb lejoj\u00eb edhe xhamin\u00eb q\u00eb t\u00eb jen\u00eb ato q\u00eb vendosin se si do t\u00eb luftojm\u00eb kund\u00ebr k\u00ebsaj pandemie.<\/p>\n<p>Si p\u00ebrfundim, \u00e7far\u00eb kemi?\u00a0 Nj\u00eb hoxh\u00eb i cili p\u00ebr t\u00eb fituar para thot\u00eb se do t&#8217;u b\u00ebj\u00eb thirrje besimtar\u00ebve q\u00eb t\u00eb p\u00ebrhapin masivisht koronavirusin n\u00ebp\u00ebr xhami, nj\u00eb peshkop q\u00eb thot\u00eb haptas se p\u00ebr para nuk beson n\u00eb koronavirus dhe nj\u00eb minist\u00ebr sh\u00ebndet\u00ebsie si dhe nj\u00eb mjek q\u00eb apelon, lutet e shpreson.\u00a0 T\u00eb vdes\u00ebsh nga e t\u00eb qeshurat!&#8230;N\u00ebse fillimisht nuk ke vdekur nga t\u00eb qarat p\u00ebr k\u00ebt\u00eb tragjedi q\u00eb na pret.<\/p>\n<p><strong><em>P\u00ebrktheu: Fjolla Zllatku <\/em><\/strong><\/p>\n<p>&nbsp;<\/p>\n<p>&nbsp;<\/p>\n<p>&nbsp;<\/p>\n<p>&nbsp;<\/p>\n\n<div style=\"font-size: 0px; height: 0px; line-height: 0px; margin: 0; padding: 0; clear: both;\"><\/div>","protected":false},"excerpt":{"rendered":"<p>\u00cbsht\u00eb e pak\u00ebndshme p\u00ebr mua kur d\u00ebgjoj ministrin e sh\u00ebndet\u00ebsis\u00eb Venko Filip\u00e7e duke apeluar drejt besimtar\u00ebve p\u00ebr ngadal\u00ebsimin e infektimit [&hellip;]<\/p>\n","protected":false},"author":1,"featured_media":184,"comment_status":"closed","ping_status":"closed","sticky":false,"template":"","format":"standard","meta":{"_mo_disable_npp":"","inline_featured_image":false},"categories":[1825],"tags":[],"imageURL":"https:\/\/sdk.mk\/wp-content\/uploads\/2015\/12\/goran-mihailovski2.jpg","thumbURL":"https:\/\/sdk.mk\/wp-content\/uploads\/2015\/12\/goran-mihailovski2-250x196.jpg","categoryNames":["DUA T\u00cb THEM"],"feature_caption":"","subtitle":"Nj\u00eb pyetje e re n\u00eb pyet\u00ebsorin epidemiologjik:\u00a0 A keni qen\u00eb n\u00eb p\u00ebr kungim n\u00eb apo n\u00eb xhami?","views":"13870","source":"","yoast_head":"<!-- This site is optimized with the Yoast SEO Premium plugin v15.0 - https:\/\/yoast.com\/wordpress\/plugins\/seo\/ -->\n<title>AT\u00cb OLIVERI - \u0421\u0430\u043a\u0430\u043c \u0414\u0430 \u041a\u0430\u0436\u0430\u043c<\/title>\n<meta name=\"robots\" content=\"index, follow, max-snippet:-1, max-image-preview:large, max-video-preview:-1\" \/>\n<link rel=\"canonical\" href=\"https:\/\/sdk.mk\/index.php\/dua-te-them\/ate-oliveri\/\" \/>\n<meta property=\"og:locale\" content=\"mk_MK\" \/>\n<meta property=\"og:type\" content=\"article\" \/>\n<meta property=\"og:title\" content=\"AT\u00cb OLIVERI - \u0421\u0430\u043a\u0430\u043c \u0414\u0430 \u041a\u0430\u0436\u0430\u043c\" \/>\n<meta property=\"og:description\" content=\"\u00cbsht\u00eb e pak\u00ebndshme p\u00ebr mua kur d\u00ebgjoj ministrin e sh\u00ebndet\u00ebsis\u00eb Venko Filip\u00e7e duke apeluar drejt besimtar\u00ebve p\u00ebr ngadal\u00ebsimin e infektimit [&hellip;]\" \/>\n<meta property=\"og:url\" content=\"https:\/\/sdk.mk\/index.php\/dua-te-them\/ate-oliveri\/\" \/>\n<meta property=\"og:site_name\" content=\"\u0421\u0430\u043a\u0430\u043c \u0414\u0430 \u041a\u0430\u0436\u0430\u043c\" \/>\n<meta property=\"article:published_time\" content=\"2020-04-18T14:23:18+00:00\" \/>\n<meta property=\"og:image\" content=\"https:\/\/sdk.mk\/wp-content\/uploads\/2015\/12\/goran-mihailovski2.jpg\" \/>\n\t<meta property=\"og:image:width\" content=\"400\" \/>\n\t<meta property=\"og:image:height\" content=\"313\" \/>\n<meta property=\"fb:app_id\" content=\"2407985809428537\" \/>\n<meta name=\"twitter:card\" content=\"summary\" \/>\n<script type=\"application\/ld+json\" class=\"yoast-schema-graph\">{\"@context\":\"https:\/\/schema.org\",\"@graph\":[{\"@type\":\"WebSite\",\"@id\":\"https:\/\/sdk.mk\/#website\",\"url\":\"https:\/\/sdk.mk\/\",\"name\":\"\\u0421\\u0430\\u043a\\u0430\\u043c \\u0414\\u0430 \\u041a\\u0430\\u0436\\u0430\\u043c\",\"description\":\"\\u0417\\u0430 \\u0441\\u043b\\u043e\\u0431\\u043e\\u0434\\u043e\\u0443\\u043c\\u043d\\u0438\",\"potentialAction\":[{\"@type\":\"SearchAction\",\"target\":\"https:\/\/sdk.mk\/?s={search_term_string}\",\"query-input\":\"required name=search_term_string\"}],\"inLanguage\":\"mk-MK\"},{\"@type\":\"ImageObject\",\"@id\":\"https:\/\/sdk.mk\/index.php\/dua-te-them\/ate-oliveri\/#primaryimage\",\"inLanguage\":\"mk-MK\",\"url\":\"https:\/\/sdk.mk\/wp-content\/uploads\/2015\/12\/goran-mihailovski2.jpg\",\"width\":400,\"height\":313},{\"@type\":\"WebPage\",\"@id\":\"https:\/\/sdk.mk\/index.php\/dua-te-them\/ate-oliveri\/#webpage\",\"url\":\"https:\/\/sdk.mk\/index.php\/dua-te-them\/ate-oliveri\/\",\"name\":\"AT\\u00cb OLIVERI - \\u0421\\u0430\\u043a\\u0430\\u043c \\u0414\\u0430 \\u041a\\u0430\\u0436\\u0430\\u043c\",\"isPartOf\":{\"@id\":\"https:\/\/sdk.mk\/#website\"},\"primaryImageOfPage\":{\"@id\":\"https:\/\/sdk.mk\/index.php\/dua-te-them\/ate-oliveri\/#primaryimage\"},\"datePublished\":\"2020-04-18T14:23:18+00:00\",\"dateModified\":\"2020-04-18T14:23:18+00:00\",\"author\":{\"@id\":\"https:\/\/sdk.mk\/#\/schema\/person\/be7cfa6655c47f7195bfdd0ba8144aa2\"},\"inLanguage\":\"mk-MK\",\"potentialAction\":[{\"@type\":\"ReadAction\",\"target\":[\"https:\/\/sdk.mk\/index.php\/dua-te-them\/ate-oliveri\/\"]}]},{\"@type\":\"Person\",\"@id\":\"https:\/\/sdk.mk\/#\/schema\/person\/be7cfa6655c47f7195bfdd0ba8144aa2\",\"name\":\"\\u0413\\u043e\\u0440\\u0430\\u043d \\u041c\\u0438\\u0445\\u0430\\u0458\\u043b\\u043e\\u0432\\u0441\\u043a\\u0438\"}]}<\/script>\n<!-- \/ Yoast SEO Premium plugin. -->","_links":{"self":[{"href":"https:\/\/sdk.mk\/index.php\/wp-json\/wp\/v2\/posts\/113147"}],"collection":[{"href":"https:\/\/sdk.mk\/index.php\/wp-json\/wp\/v2\/posts"}],"about":[{"href":"https:\/\/sdk.mk\/index.php\/wp-json\/wp\/v2\/types\/post"}],"author":[{"embeddable":true,"href":"https:\/\/sdk.mk\/index.php\/wp-json\/wp\/v2\/users\/1"}],"replies":[{"embeddable":true,"href":"https:\/\/sdk.mk\/index.php\/wp-json\/wp\/v2\/comments?post=113147"}],"version-history":[{"count":0,"href":"https:\/\/sdk.mk\/index.php\/wp-json\/wp\/v2\/posts\/113147\/revisions"}],"wp:featuredmedia":[{"embeddable":true,"href":"https:\/\/sdk.mk\/index.php\/wp-json\/wp\/v2\/media\/184"}],"wp:attachment":[{"href":"https:\/\/sdk.mk\/index.php\/wp-json\/wp\/v2\/media?parent=113147"}],"wp:term":[{"taxonomy":"category","embeddable":true,"href":"https:\/\/sdk.mk\/index.php\/wp-json\/wp\/v2\/categories?post=113147"},{"taxonomy":"post_tag","embeddable":true,"href":"https:\/\/sdk.mk\/index.php\/wp-json\/wp\/v2\/tags?post=113147"}],"curies":[{"name":"wp","href":"https:\/\/api.w.org\/{rel}","templated":true}]}}