{"id":11380,"date":"2016-09-05T15:42:43","date_gmt":"2016-09-05T13:42:43","guid":{"rendered":"http:\/\/sdk.mk\/\/?p=11380"},"modified":"2016-09-05T15:42:43","modified_gmt":"2016-09-05T13:42:43","slug":"matrapaze-nga-shkupi-dhe-ohri-mbajne-peng-strugen-thote-sela","status":"publish","type":"post","link":"https:\/\/sdk.mk\/index.php\/rrjeti-i-korrespondenteve\/matrapaze-nga-shkupi-dhe-ohri-mbajne-peng-strugen-thote-sela\/","title":{"rendered":"MATRAPAZ\u00cb NGA SHKUPI DHE OHRI MBAJN\u00cb PENG STRUG\u00cbN, \u00a0THOT\u00cb SELA"},"content":{"rendered":"<div class=\"f52428582a4b906b2d2e2a7d733c7d27\" data-index=\"7\" style=\"float: none; margin:10px 0 10px 0; text-align:center;\">\n<!-- MSP Ads Asynchronous JS Tag - Generated with Revive Adserver v5.4.1 -->\r\n<ins data-revive-zoneid=\"167\" data-revive-id=\"060fdb01f6430ec164d3519234aa4967\"><\/ins>\r\n<script async src=\"\/\/panel.ads.com.mk\/www\/delivery\/asyncjs.php\"><\/script>\n<\/div>\n<p>Kryetari i Strug\u00ebs, Zijadin Sela konsideron se pushteti qendror bashk\u00eb me qytetin e Ohrit, i mbajn\u00eb peng Strug\u00ebn dhe strugan\u00ebt, sepse b\u00ebjn\u00eb politika kund\u00ebr qytetar\u00ebve dhe jo p\u00ebr ta.<\/p>\n<p>\u201cVet\u00ebm matrapaz\u00eb mund t\u00eb b\u00ebjn\u00eb di\u00e7ka t\u00eb k\u00ebtill\u00eb\u201d, thot\u00eb Sela, i cili \u00ebsht\u00eb lideri i Partis\u00eb p\u00ebr reforma t\u00eb PDSH-s\u00eb, dhe shton:\u201d\u00cbsht\u00eb shum\u00eb e qart\u00eb q\u00eb ekziston nj\u00eb mekaniz\u00ebm i t\u00ebr\u00eb q\u00eb punon kund\u00ebr zhvillimit t\u00eb Strug\u00ebs. K\u00ebt\u00eb gj\u00eb e vuajn\u00eb t\u00eb gjith\u00eb qytetar\u00ebt, pa dallim identiteti. Edhe mushkonjat i ndjan\u00eb n\u00eb baza etnike, se nuk dhan\u00eb t\u00eb holla p\u00ebr sp\u00ebrkatje antimushkonj\u00eb. D\u00ebgjojm\u00eb Gruvskin q\u00eb nga Radozhda deri n\u00eb Oh\u00ebr premton 20 investime, kurse pushteti qendror nuk ka dh\u00ebn\u00eb asnj\u00eb cent p\u00ebr Strug\u00ebn. Nga ana tjet\u00ebr, un\u00eb nuk k\u00ebrkoj para, vet\u00ebm t\u00eb na len\u00eb t\u00eb punojm\u00eb me buxhetin ton\u00eb. Gjat\u00eb tri vjet\u00ebve t\u00eb fundit, Strug\u00ebs i jan\u00eb marr\u00eb 2.5 milion\u00eb euro nga buxheti t\u00eb cilin e realizojm\u00eb ne, si Komun\u00eb. P\u00ebr k\u00ebt\u00eb them, nuk e di se me \u00e7far\u00eb guximi vjen Gruevski n\u00eb Strug\u00eb. Nuk e di se kush \u00ebsht\u00eb ai q\u00eb voton p\u00ebr t\u00eb. K\u00ebto para q\u00eb jan\u00eb marr\u00eb, jan\u00eb t\u00eb Strug\u00ebs, t\u00eb qytetar\u00ebve, para t\u00eb asfaltit q\u00eb mungon, t\u00eb rregullimit t\u00eb vendeve publike, para p\u00ebr interes nacional, sepse tani Struga \u00ebsht\u00eb vend turistik. K\u00ebto para i kan\u00eb marr borxh p\u00ebr Ohrin. N\u00eb Oh\u00ebr jan\u00eb nd\u00ebrruar t\u00eb gjitha tubat asbes\u00eb. Qyteti i Ohrit nuk ka paguar asnj\u00eb denar, nuk marrin nga pushteti shtet\u00ebror, por t\u00eb gjitha q\u00eb i kan\u00eb, i marrin nga Struga. \u00c7far\u00eb ndjenje \u00ebsht\u00eb t\u00eb t\u00eb marrin 2 milion\u00eb dhe p\u00ebr m\u00eb tep\u00ebr kur d\u00ebgjon se ato i investojn\u00eb n\u00eb Oh\u00ebr? Kjo \u00ebsht\u00eb vjedhje\u201d, thot\u00eb Sela.<\/p>\n<p>N\u00eb lidhje me vizit\u00ebn e liderit t\u00eb VMRO-DPMNE-s\u00eb, Nikolla Gruevski n\u00eb Radozhd\u00eb, ku premtoi se do t\u00eb b\u00ebhet nj\u00eb sistem kolektor\u00ebsh, Sela thot\u00eb se \u00ebsht\u00eb nj\u00eb komedi e Gruevskit.<\/p>\n<p>\u201cE d\u00ebgjova deklarat\u00ebn e tij, t\u00ebr\u00eb at\u00eb komedi p\u00ebr Strug\u00ebn. Nuk kam \u00e7far\u00eb t\u00eb them, ve\u00e7se ai g\u00ebnjen. Nuk e di se a e di ai, q\u00eb me IPA fondet ishin parashikuar 11 milion\u00eb euro q\u00eb t\u00eb rregullohet kolektori per\u00ebndimor, ku bie edhe Radozhda. Mendoj se ky \u00ebsht\u00eb interes nacional, jo vet\u00ebm lokal, sepse liqeni \u00ebsht\u00eb pasuri. Vet\u00ebm politikan\u00ebt q\u00eb duan t\u00eb manipulojn\u00eb e paraqesin projektin si lokal. M\u00eb pas, ato t\u00eb holla u shkurtuan. Nga 11 milion\u00eb, ra n\u00eb 6-7 milion\u00eb dhe me vendimin e Qeveris\u00eb dhe ministris\u00eb p\u00ebr mjedis jet\u00ebsor, u hoq nd\u00ebrtimi i kolektorit n\u00eb Radozhd\u00eb, gjegj\u00ebsisht nd\u00ebrtimi i kolektorit per\u00ebndimor, q\u00eb p\u00ebrfshin edhe Radozhd\u00ebn.\u00a0 Tani me ato para, duan vet\u00ebm t\u00eb b\u00ebjn\u00eb rekonstruimin e impiantit t\u00eb pastrimit. Un\u00eb reagova dhe thash\u00eb jo. Kur d\u00ebgjova se duan ta rind\u00ebrtojn\u00eb impiantin e pastrimit, erdha n\u00eb konkluzion se duan t\u00eb b\u00ebjn\u00eb keqp\u00ebrdorim t\u00eb atyre fondeve. Kjo q\u00eb d\u00ebgjuam \u00ebsht\u00eb nj\u00eb g\u00ebnjesht\u00ebr e madhe, si\u00e7 ka dhe shum\u00eb g\u00ebnjeshtra t\u00eb tjera q\u00eb ua thon\u00eb qytetar\u00ebve n\u00ebp\u00ebr takime\u201d, thot\u00eb Sela.<\/p>\n<p>Ai thot\u00eb se ka v\u00ebrejtje, se gjat\u00eb vizit\u00ebs s\u00eb fshatit Llabunisht\u00eb, VMRO-DPMNE-ja dhe BDI-ja l\u00ebvdoheshin se do t\u00eb b\u00ebjn\u00eb sall\u00ebn e sportit.<\/p>\n<p>\u201cKam d\u00ebgjuar nj\u00eb fushat\u00eb, kur VMRO-DPMNE-ja dhe BDI-ja ishin n\u00eb Llabunisht\u00eb, kur l\u00ebvdoheshin se kush po e b\u00ebn sall\u00ebn e sportit. Mendoj se k\u00ebta njer\u00ebz kan\u00eb probleme psiqike kur mendojn\u00eb se e b\u00ebjn\u00eb ata vet\u00eb. N\u00eb fund t\u00eb fundit, t\u00eb gjitha investimet, qofshin ato nga pushteti lokal apo qendror, tashm\u00eb nj\u00eb vit nuk i shohim ne Stug\u00eb. Ato jan\u00eb parat\u00eb e qytetar\u00ebve, q\u00eb paguajn\u00eb tatime. Gjith\u00e7ka q\u00eb k\u00ebta kan\u00eb b\u00ebr\u00eb gjat\u00eb k\u00ebtyre viteve, e kan\u00eb b\u00ebr\u00eb me keqp\u00ebrdorimin e parave t\u00eb qytetar\u00ebve. Nd\u00ebrtojn\u00eb sheshe q\u00eb kushtojn\u00eb gjysm\u00eb bilion\u00eb euro, e nga ana tjet\u00ebr shkollat mbeten pa kushte minimale p\u00ebr pun\u00eb. Shkolla, t\u00eb cilat jan\u00eb pa ngrohje, pa naft\u00eb. Un\u00eb i kam mbuluar t\u00eb gjitha shpenzimet dhe nuk e kam detyrim ligjor\u201d, thekson kryetari i Strug\u00ebs.<\/p>\n<p><em>P\u00ebrktheu: Fjolla Zllatku<\/em><\/p>\n<p>&nbsp;<\/p>\n\n<div style=\"font-size: 0px; height: 0px; line-height: 0px; margin: 0; padding: 0; clear: both;\"><\/div>","protected":false},"excerpt":{"rendered":"<p>Kryetari i Strug\u00ebs, Zijadin Sela konsideron se pushteti qendror bashk\u00eb me qytetin e Ohrit, i mbajn\u00eb peng Strug\u00ebn dhe strugan\u00ebt, [&hellip;]<\/p>\n","protected":false},"author":1,"featured_media":11287,"comment_status":"closed","ping_status":"closed","sticky":false,"template":"","format":"standard","meta":{"_mo_disable_npp":"","inline_featured_image":false},"categories":[3095],"tags":[],"imageURL":"https:\/\/sdk.mk\/wp-content\/uploads\/2016\/09\/Zijadin-Sela-3-650x861.jpg","thumbURL":"https:\/\/sdk.mk\/wp-content\/uploads\/2016\/09\/Zijadin-Sela-3-250x331.jpg","categoryNames":["Rrjeti i korrespondent\u00ebve"],"feature_caption":"","subtitle":"a:2:{s:16:\"td_post_template\";s:22:\"single_template_civica\";s:9:\"td_source\";s:45:\"\u0421\u0442\u0440\u0443\u0433\u0430,(\u0421\u0410\u041a\u0410\u041c\u0414\u0410\u041a\u0410\u0416\u0410\u041c.\u041c\u041a)","views":"3417","source":"","yoast_head":"<!-- This site is optimized with the Yoast SEO Premium plugin v15.0 - https:\/\/yoast.com\/wordpress\/plugins\/seo\/ -->\n<title>MATRAPAZ\u00cb NGA SHKUPI DHE OHRI MBAJN\u00cb PENG STRUG\u00cbN, \u00a0THOT\u00cb SELA - \u0421\u0430\u043a\u0430\u043c \u0414\u0430 \u041a\u0430\u0436\u0430\u043c<\/title>\n<meta name=\"robots\" content=\"index, follow, max-snippet:-1, max-image-preview:large, max-video-preview:-1\" \/>\n<link rel=\"canonical\" href=\"https:\/\/sdk.mk\/index.php\/rrjeti-i-korrespondenteve\/matrapaze-nga-shkupi-dhe-ohri-mbajne-peng-strugen-thote-sela\/\" \/>\n<meta property=\"og:locale\" content=\"mk_MK\" \/>\n<meta property=\"og:type\" content=\"article\" \/>\n<meta property=\"og:title\" content=\"MATRAPAZ\u00cb NGA SHKUPI DHE OHRI MBAJN\u00cb PENG STRUG\u00cbN, \u00a0THOT\u00cb SELA - \u0421\u0430\u043a\u0430\u043c \u0414\u0430 \u041a\u0430\u0436\u0430\u043c\" \/>\n<meta property=\"og:description\" content=\"Kryetari i Strug\u00ebs, Zijadin Sela konsideron se pushteti qendror bashk\u00eb me qytetin e Ohrit, i mbajn\u00eb peng Strug\u00ebn dhe strugan\u00ebt, [&hellip;]\" \/>\n<meta property=\"og:url\" content=\"https:\/\/sdk.mk\/index.php\/rrjeti-i-korrespondenteve\/matrapaze-nga-shkupi-dhe-ohri-mbajne-peng-strugen-thote-sela\/\" \/>\n<meta property=\"og:site_name\" content=\"\u0421\u0430\u043a\u0430\u043c \u0414\u0430 \u041a\u0430\u0436\u0430\u043c\" \/>\n<meta property=\"article:published_time\" content=\"2016-09-05T13:42:43+00:00\" \/>\n<meta property=\"og:image\" content=\"https:\/\/sdk.mk\/wp-content\/uploads\/2016\/09\/Zijadin-Sela-3.jpg\" \/>\n\t<meta property=\"og:image:width\" content=\"1380\" \/>\n\t<meta property=\"og:image:height\" content=\"1827\" \/>\n<meta property=\"fb:app_id\" content=\"2407985809428537\" \/>\n<meta name=\"twitter:card\" content=\"summary\" \/>\n<script type=\"application\/ld+json\" class=\"yoast-schema-graph\">{\"@context\":\"https:\/\/schema.org\",\"@graph\":[{\"@type\":\"WebSite\",\"@id\":\"https:\/\/sdk.mk\/#website\",\"url\":\"https:\/\/sdk.mk\/\",\"name\":\"\\u0421\\u0430\\u043a\\u0430\\u043c \\u0414\\u0430 \\u041a\\u0430\\u0436\\u0430\\u043c\",\"description\":\"\\u0417\\u0430 \\u0441\\u043b\\u043e\\u0431\\u043e\\u0434\\u043e\\u0443\\u043c\\u043d\\u0438\",\"potentialAction\":[{\"@type\":\"SearchAction\",\"target\":\"https:\/\/sdk.mk\/?s={search_term_string}\",\"query-input\":\"required name=search_term_string\"}],\"inLanguage\":\"mk-MK\"},{\"@type\":\"ImageObject\",\"@id\":\"https:\/\/sdk.mk\/index.php\/rrjeti-i-korrespondenteve\/matrapaze-nga-shkupi-dhe-ohri-mbajne-peng-strugen-thote-sela\/#primaryimage\",\"inLanguage\":\"mk-MK\",\"url\":\"https:\/\/sdk.mk\/wp-content\/uploads\/2016\/09\/Zijadin-Sela-3.jpg\",\"width\":1380,\"height\":1827,\"caption\":\"\\u0410\\u0445\\u043c\\u0435\\u0442\\u0438 \\u0440\\u0430\\u0437\\u043e\\u0432\\u0430\\u0440\\u0430\\u043b \\u0437\\u0430 \\u043f\\u043e\\u043d\\u0443\\u0434\\u0430\\u0442\\u0430 \\u043d\\u0430 \\u0421\\u0414\\u0421\\u041c \\u0441\\u043e \\u043b\\u0438\\u0434\\u0435\\u0440\\u043e\\u0442 \\u043d\\u0430 \\u0414\\u0420-\\u0414\\u041f\\u0410 \\u0417\\u0438\\u0458\\u0430\\u0434\\u0438\\u043d \\u0421\\u0435\\u043b\\u0430\"},{\"@type\":\"WebPage\",\"@id\":\"https:\/\/sdk.mk\/index.php\/rrjeti-i-korrespondenteve\/matrapaze-nga-shkupi-dhe-ohri-mbajne-peng-strugen-thote-sela\/#webpage\",\"url\":\"https:\/\/sdk.mk\/index.php\/rrjeti-i-korrespondenteve\/matrapaze-nga-shkupi-dhe-ohri-mbajne-peng-strugen-thote-sela\/\",\"name\":\"MATRAPAZ\\u00cb NGA SHKUPI DHE OHRI MBAJN\\u00cb PENG STRUG\\u00cbN, \\u00a0THOT\\u00cb SELA - \\u0421\\u0430\\u043a\\u0430\\u043c \\u0414\\u0430 \\u041a\\u0430\\u0436\\u0430\\u043c\",\"isPartOf\":{\"@id\":\"https:\/\/sdk.mk\/#website\"},\"primaryImageOfPage\":{\"@id\":\"https:\/\/sdk.mk\/index.php\/rrjeti-i-korrespondenteve\/matrapaze-nga-shkupi-dhe-ohri-mbajne-peng-strugen-thote-sela\/#primaryimage\"},\"datePublished\":\"2016-09-05T13:42:43+00:00\",\"dateModified\":\"2016-09-05T13:42:43+00:00\",\"author\":{\"@id\":\"https:\/\/sdk.mk\/#\/schema\/person\/be7cfa6655c47f7195bfdd0ba8144aa2\"},\"inLanguage\":\"mk-MK\",\"potentialAction\":[{\"@type\":\"ReadAction\",\"target\":[\"https:\/\/sdk.mk\/index.php\/rrjeti-i-korrespondenteve\/matrapaze-nga-shkupi-dhe-ohri-mbajne-peng-strugen-thote-sela\/\"]}]},{\"@type\":\"Person\",\"@id\":\"https:\/\/sdk.mk\/#\/schema\/person\/be7cfa6655c47f7195bfdd0ba8144aa2\",\"name\":\"\\u0413\\u043e\\u0440\\u0430\\u043d \\u041c\\u0438\\u0445\\u0430\\u0458\\u043b\\u043e\\u0432\\u0441\\u043a\\u0438\"}]}<\/script>\n<!-- \/ Yoast SEO Premium plugin. -->","_links":{"self":[{"href":"https:\/\/sdk.mk\/index.php\/wp-json\/wp\/v2\/posts\/11380"}],"collection":[{"href":"https:\/\/sdk.mk\/index.php\/wp-json\/wp\/v2\/posts"}],"about":[{"href":"https:\/\/sdk.mk\/index.php\/wp-json\/wp\/v2\/types\/post"}],"author":[{"embeddable":true,"href":"https:\/\/sdk.mk\/index.php\/wp-json\/wp\/v2\/users\/1"}],"replies":[{"embeddable":true,"href":"https:\/\/sdk.mk\/index.php\/wp-json\/wp\/v2\/comments?post=11380"}],"version-history":[{"count":0,"href":"https:\/\/sdk.mk\/index.php\/wp-json\/wp\/v2\/posts\/11380\/revisions"}],"wp:featuredmedia":[{"embeddable":true,"href":"https:\/\/sdk.mk\/index.php\/wp-json\/wp\/v2\/media\/11287"}],"wp:attachment":[{"href":"https:\/\/sdk.mk\/index.php\/wp-json\/wp\/v2\/media?parent=11380"}],"wp:term":[{"taxonomy":"category","embeddable":true,"href":"https:\/\/sdk.mk\/index.php\/wp-json\/wp\/v2\/categories?post=11380"},{"taxonomy":"post_tag","embeddable":true,"href":"https:\/\/sdk.mk\/index.php\/wp-json\/wp\/v2\/tags?post=11380"}],"curies":[{"name":"wp","href":"https:\/\/api.w.org\/{rel}","templated":true}]}}