{"id":114339,"date":"2020-05-03T15:10:30","date_gmt":"2020-05-03T13:10:30","guid":{"rendered":"https:\/\/sdk.mk\/?p=114339"},"modified":"2020-05-03T15:12:15","modified_gmt":"2020-05-03T13:12:15","slug":"novosella-i-pastroi-deponite-dhe-vigjilon-me-mikrokamera-ata-qe-hedhin-mbeturina","status":"publish","type":"post","link":"https:\/\/sdk.mk\/index.php\/veprim-klimatik\/novosella-i-pastroi-deponite-dhe-vigjilon-me-mikrokamera-ata-qe-hedhin-mbeturina\/","title":{"rendered":"NOVOSELLA I PASTROI DEPONIT\u00cb DHE VIGJILON ME MIKROKAMERA ATA Q\u00cb HEDHIN MBETURINA"},"content":{"rendered":"<div class=\"f52428582a4b906b2d2e2a7d733c7d27\" data-index=\"7\" style=\"float: none; margin:10px 0 10px 0; text-align:center;\">\n<!-- MSP Ads Asynchronous JS Tag - Generated with Revive Adserver v5.4.1 -->\r\n<ins data-revive-zoneid=\"167\" data-revive-id=\"060fdb01f6430ec164d3519234aa4967\"><\/ins>\r\n<script async src=\"\/\/panel.ads.com.mk\/www\/delivery\/asyncjs.php\"><\/script>\n<\/div>\n<p>Komuna e Novosell\u00ebs me mikrokamera gjuan ata q\u00eb hedhin mbeturina komunale dhe mbeturina nd\u00ebrtimi n\u00eb depon ileit\u00ebgale rurale, t\u00eb cilat gjat\u00eb k\u00ebsaj periudhe t\u00eb gjendjes s\u00eb jasht\u00ebzakonshme, jan\u00eb pastruar. Autoritetet komunale, t\u00eb cilat me vendim t\u00eb K\u00ebshillit caktuan grumbullimin e organizuar t\u00eb mbetjeve komunale nga t\u00eb gjitha vendbanimet, s\u00eb fundmi kan\u00eb filluar aksionin p\u00ebr pastrimin e deponive t\u00eb fshatrave, ku po instalojn\u00eb kamera mikrosensore n\u00eb af\u00ebrsi t\u00eb menj\u00ebhershme. Ata regjistrojn\u00eb \u00e7do l\u00ebvizje dhe hedhjen eventuale t\u00eb mbeturinave. K\u00ebt\u00eb regjistrim e marrin drejtp\u00ebrdrejt\u00eb p\u00ebrgjegj\u00ebsit n\u00eb sh\u00ebrbimin komunal n\u00eb Komun\u00eb dhe n\u00eb nd\u00ebrmarrjen publike &#8220;Komuna&#8221; nga Novosella.<\/p>\n<div id=\"attachment_113120\" style=\"width: 874px\" class=\"wp-caption aligncenter\"><a href=\"https:\/\/sdk.mk\/wp-content\/uploads\/2020\/04\/opstina-Novo-selo-gi-iscisti-site-selski-divi-deponii.jpg\"><img aria-describedby=\"caption-attachment-113120\" loading=\"lazy\" class=\"wp-image-113120 size-full\" src=\"https:\/\/sdk.mk\/wp-content\/uploads\/2020\/04\/opstina-Novo-selo-gi-iscisti-site-selski-divi-deponii.jpg\" alt=\"\" width=\"864\" height=\"426\" srcset=\"https:\/\/sdk.mk\/wp-content\/uploads\/2020\/04\/opstina-Novo-selo-gi-iscisti-site-selski-divi-deponii.jpg 864w, https:\/\/sdk.mk\/wp-content\/uploads\/2020\/04\/opstina-Novo-selo-gi-iscisti-site-selski-divi-deponii-250x123.jpg 250w, https:\/\/sdk.mk\/wp-content\/uploads\/2020\/04\/opstina-Novo-selo-gi-iscisti-site-selski-divi-deponii-400x197.jpg 400w, https:\/\/sdk.mk\/wp-content\/uploads\/2020\/04\/opstina-Novo-selo-gi-iscisti-site-selski-divi-deponii-768x379.jpg 768w, https:\/\/sdk.mk\/wp-content\/uploads\/2020\/04\/opstina-Novo-selo-gi-iscisti-site-selski-divi-deponii-650x320.jpg 650w, https:\/\/sdk.mk\/wp-content\/uploads\/2020\/04\/opstina-Novo-selo-gi-iscisti-site-selski-divi-deponii-150x74.jpg 150w, https:\/\/sdk.mk\/wp-content\/uploads\/2020\/04\/opstina-Novo-selo-gi-iscisti-site-selski-divi-deponii-800x394.jpg 800w\" sizes=\"(max-width: 864px) 100vw, 864px\" \/><\/a><p id=\"caption-attachment-113120\" class=\"wp-caption-text\">Komuna pastroi deponit\u00eb ilegale dhe shp\u00ebrndau rreth 3,000 kosha mbeturinash p\u00ebr \u00e7do familje n\u00eb t\u00eb gjitha vendbanimet p\u00ebr t\u00eb filluar mbledhjen e organizuar t\u00eb mbeturinave. (Foto: SDK.MK)<\/p><\/div>\n<p>N\u00eb Komun\u00ebn Novosell\u00eb jan\u00eb regjistruar rreth 20 deponi t\u00eb paligjshme rurale, p\u00ebr t\u00eb cilat reaguan jo vet\u00ebm banor\u00ebt e k\u00ebsaj vet\u00ebqeverisjeje lokale, por edhe t\u00eb gjith\u00eb mysafir\u00ebt dhe turist\u00ebt q\u00eb vizituan uj\u00ebvarat n\u00eb malin e Bellasic\u00ebs dhe rajonin n\u00ebn malin Bellasic\u00eb.<\/p>\n<p>&#8220;K\u00ebto jan\u00eb kamera me sensor\u00eb q\u00eb regjistrojn\u00eb \u00e7do hyrje n\u00eb t\u00eb ashtuquajturat deponi t\u00eb fshatit dhe ne marrim me post\u00eb elektronike\u00a0 fotografit\u00eb n\u00eb rast se hidhen mbeturina n\u00eb k\u00ebto sip\u00ebrfaqe tashm\u00eb t\u00eb pastruara.\u00a0 N\u00ebse shohim se futet ndonj\u00eb traktor ose makin\u00eb e ngarkuar me mbeturina, reagojm\u00eb menj\u00ebher\u00eb. Gjithashtu koordinohemi edhe me &#8220;Komuna&#8221;\u2019, e cila gjithashtu merr njoftim p\u00ebr k\u00ebto raste hedhje t\u00eb mbeturinave\u201d, tha Aco K\u00ebrlev nga sh\u00ebrbimi i siguris\u00eb komunale t\u00eb Komun\u00ebs s\u00eb Novosell\u00ebs.<\/p>\n<p>Ai thot\u00eb se tashm\u00eb jan\u00eb kapur disa banor\u00eb t\u00eb Komun\u00ebs, t\u00eb cil\u00ebt p\u00ebrkund\u00ebr apeleve p\u00ebr t\u00eb mos hedhur mbeturina n\u00eb deponit\u00eb tashm\u00eb t\u00eb pastruara, u p\u00ebrpoq\u00ebn t\u00eb depozitojn\u00eb mbeturina nd\u00ebrtimi nga sht\u00ebpit\u00eb e tyre.\u00a0 Atyre iu b\u00ebm\u00eb disa v\u00ebretje. Sipas K\u00ebrlevit, shumica e qytetar\u00ebve jan\u00eb gjetur duke u p\u00ebrpjekur t\u00eb hedhin mbeturinat, dhe u \u00ebsht\u00eb dashur t&#8217;i kthejn\u00eb mbeturinat n\u00eb sht\u00ebpi dhe t&#8217;u b\u00ebjn\u00eb thirrje autoriteteve t\u00eb caktuara q\u00eb t&#8217;i marrin.<\/p>\n<div id=\"attachment_113121\" style=\"width: 874px\" class=\"wp-caption aligncenter\"><a href=\"https:\/\/sdk.mk\/wp-content\/uploads\/2020\/04\/vo-novo-selo-ima-nad-20-divi-seleksi-deponii.jpg\"><img aria-describedby=\"caption-attachment-113121\" loading=\"lazy\" class=\"wp-image-113121 size-full\" src=\"https:\/\/sdk.mk\/wp-content\/uploads\/2020\/04\/vo-novo-selo-ima-nad-20-divi-seleksi-deponii.jpg\" alt=\"\" width=\"864\" height=\"426\" srcset=\"https:\/\/sdk.mk\/wp-content\/uploads\/2020\/04\/vo-novo-selo-ima-nad-20-divi-seleksi-deponii.jpg 864w, https:\/\/sdk.mk\/wp-content\/uploads\/2020\/04\/vo-novo-selo-ima-nad-20-divi-seleksi-deponii-250x123.jpg 250w, https:\/\/sdk.mk\/wp-content\/uploads\/2020\/04\/vo-novo-selo-ima-nad-20-divi-seleksi-deponii-400x197.jpg 400w, https:\/\/sdk.mk\/wp-content\/uploads\/2020\/04\/vo-novo-selo-ima-nad-20-divi-seleksi-deponii-768x379.jpg 768w, https:\/\/sdk.mk\/wp-content\/uploads\/2020\/04\/vo-novo-selo-ima-nad-20-divi-seleksi-deponii-650x320.jpg 650w, https:\/\/sdk.mk\/wp-content\/uploads\/2020\/04\/vo-novo-selo-ima-nad-20-divi-seleksi-deponii-150x74.jpg 150w, https:\/\/sdk.mk\/wp-content\/uploads\/2020\/04\/vo-novo-selo-ima-nad-20-divi-seleksi-deponii-800x394.jpg 800w\" sizes=\"(max-width: 864px) 100vw, 864px\" \/><\/a><p id=\"caption-attachment-113121\" class=\"wp-caption-text\">N\u00eb Komun\u00ebn e Novosell\u00ebs jan\u00eb regjistruar rreth 20 deponi t\u00eb paligjshme. (Foto: SDK.MK)<\/p><\/div>\n<p>Instalimi i mikrokameraveme sensor\u00eb ka ardhur pasi komuna shp\u00ebrndau rreth 3,000 kosha mbeturinash p\u00ebr \u00e7do familje n\u00eb t\u00eb gjitha vendbanimet, n\u00eb m\u00ebnyr\u00eb q\u00eb t\u00eb fillonte mbledhja e organizuar e mbeturinave. K\u00ebto kosha Komuna i ka dh\u00ebn\u00eb falas p\u00ebr t\u00eb zvog\u00ebluar krijimin e deponive ilegale, t\u00eb cilat ishin problemi m\u00eb i madh si p\u00ebr autoritetet komunale ashtu edhe p\u00ebr qytetar\u00ebt. Kryetari i Komun\u00ebs s\u00eb Novosell\u00ebs Nikolla Andonov, thot\u00eb se tashm\u00eb \u00ebsht\u00eb b\u00ebr\u00eb nj\u00eb planifikim p\u00ebr mbledhjen e mbeturinave komunale si dhe mbeturinat e nd\u00ebrtimit nga sht\u00ebpit\u00eb.<\/p>\n<p>&#8220;Kemi pasur reagime dhe ankesa nga qytetar\u00eb t\u00eb nd\u00ebrgjegjsh\u00ebm p\u00ebr faktin se ka pasur mini deponi n\u00eb t\u00eb gjitha vendbanimet.\u00a0 Pas pastrimit t\u00eb tyre ne i japim secil\u00ebs familje nj\u00eb kuti pleh\u00ebrash dhe me an\u00eb t\u00eb vendim t\u00eb K\u00ebshillit i detyrojm\u00eb t\u00eb depozitojn\u00eb mbeturinat brenda k\u00ebsaj kutie dhe t\u00eb mos i hedhin ato. Ne kemi ngritur nj\u00eb sh\u00ebrbim t\u00eb siguris\u00eb dhe kemi instaluar mikrokamera pran\u00eb atyre zonave publike q\u00eb jan\u00eb shnd\u00ebrruar n\u00eb deponi dhe nuk do t\u00eb jemi tolerant\u00eb ndaj t\u00eb gjith\u00eb atyre q\u00eb shkelin rregullat sepse t\u00eb gjith\u00eb duam nj\u00eb mjedis t\u00eb past\u00ebr dhe t\u00eb sh\u00ebndetsh\u00ebm &#8220;, tha kryetari Andonov.<\/p>\n<ol>\n<li><em><strong> TRAJKOV<\/strong><\/em><\/li>\n<\/ol>\n\n<div style=\"font-size: 0px; height: 0px; line-height: 0px; margin: 0; padding: 0; clear: both;\"><\/div>","protected":false},"excerpt":{"rendered":"<p>Komuna e Novosell\u00ebs me mikrokamera gjuan ata q\u00eb hedhin mbeturina komunale dhe mbeturina nd\u00ebrtimi n\u00eb depon ileit\u00ebgale rurale, t\u00eb cilat [&hellip;]<\/p>\n","protected":false},"author":25,"featured_media":113119,"comment_status":"closed","ping_status":"closed","sticky":false,"template":"","format":"standard","meta":{"_mo_disable_npp":"","inline_featured_image":false},"categories":[42106],"tags":[],"imageURL":"https:\/\/sdk.mk\/wp-content\/uploads\/2020\/04\/mikrosnezornite-kameri-novo-selo-650x392.jpg","thumbURL":"https:\/\/sdk.mk\/wp-content\/uploads\/2020\/04\/mikrosnezornite-kameri-novo-selo-250x151.jpg","categoryNames":["Veprim klimatik"],"feature_caption":"Mikrokamerat me sensor\u00eb regjistrojn\u00eb \u00e7do l\u00ebvizje dhe hedhje mbeturinash n\u00eb vend.(Foto: Regjistrim nga mikrokamera.)","subtitle":"","views":"5821","source":"Strumic\u00eb, (SAKAMDAKAZAM.MK)","yoast_head":"<!-- This site is optimized with the Yoast SEO Premium plugin v15.0 - https:\/\/yoast.com\/wordpress\/plugins\/seo\/ -->\n<title>NOVOSELLA I PASTROI DEPONIT\u00cb DHE VIGJILON ME MIKROKAMERA ATA Q\u00cb HEDHIN MBETURINA - \u0421\u0430\u043a\u0430\u043c \u0414\u0430 \u041a\u0430\u0436\u0430\u043c<\/title>\n<meta name=\"robots\" content=\"index, follow, max-snippet:-1, max-image-preview:large, max-video-preview:-1\" \/>\n<link rel=\"canonical\" href=\"https:\/\/sdk.mk\/index.php\/veprim-klimatik\/novosella-i-pastroi-deponite-dhe-vigjilon-me-mikrokamera-ata-qe-hedhin-mbeturina\/\" \/>\n<meta property=\"og:locale\" content=\"mk_MK\" \/>\n<meta property=\"og:type\" content=\"article\" \/>\n<meta property=\"og:title\" content=\"NOVOSELLA I PASTROI DEPONIT\u00cb DHE VIGJILON ME MIKROKAMERA ATA Q\u00cb HEDHIN MBETURINA - \u0421\u0430\u043a\u0430\u043c \u0414\u0430 \u041a\u0430\u0436\u0430\u043c\" \/>\n<meta property=\"og:description\" content=\"Komuna e Novosell\u00ebs me mikrokamera gjuan ata q\u00eb hedhin mbeturina komunale dhe mbeturina nd\u00ebrtimi n\u00eb depon ileit\u00ebgale rurale, t\u00eb cilat [&hellip;]\" \/>\n<meta property=\"og:url\" content=\"https:\/\/sdk.mk\/index.php\/veprim-klimatik\/novosella-i-pastroi-deponite-dhe-vigjilon-me-mikrokamera-ata-qe-hedhin-mbeturina\/\" \/>\n<meta property=\"og:site_name\" content=\"\u0421\u0430\u043a\u0430\u043c \u0414\u0430 \u041a\u0430\u0436\u0430\u043c\" \/>\n<meta property=\"article:published_time\" content=\"2020-05-03T13:10:30+00:00\" \/>\n<meta property=\"article:modified_time\" content=\"2020-05-03T13:12:15+00:00\" \/>\n<meta property=\"og:image\" content=\"https:\/\/sdk.mk\/wp-content\/uploads\/2020\/04\/mikrosnezornite-kameri-novo-selo.jpg\" \/>\n\t<meta property=\"og:image:width\" content=\"2567\" \/>\n\t<meta property=\"og:image:height\" content=\"1549\" \/>\n<meta property=\"fb:app_id\" content=\"2407985809428537\" \/>\n<meta name=\"twitter:card\" content=\"summary\" \/>\n<script type=\"application\/ld+json\" class=\"yoast-schema-graph\">{\"@context\":\"https:\/\/schema.org\",\"@graph\":[{\"@type\":\"WebSite\",\"@id\":\"https:\/\/sdk.mk\/#website\",\"url\":\"https:\/\/sdk.mk\/\",\"name\":\"\\u0421\\u0430\\u043a\\u0430\\u043c \\u0414\\u0430 \\u041a\\u0430\\u0436\\u0430\\u043c\",\"description\":\"\\u0417\\u0430 \\u0441\\u043b\\u043e\\u0431\\u043e\\u0434\\u043e\\u0443\\u043c\\u043d\\u0438\",\"potentialAction\":[{\"@type\":\"SearchAction\",\"target\":\"https:\/\/sdk.mk\/?s={search_term_string}\",\"query-input\":\"required name=search_term_string\"}],\"inLanguage\":\"mk-MK\"},{\"@type\":\"ImageObject\",\"@id\":\"https:\/\/sdk.mk\/index.php\/veprim-klimatik\/novosella-i-pastroi-deponite-dhe-vigjilon-me-mikrokamera-ata-qe-hedhin-mbeturina\/#primaryimage\",\"inLanguage\":\"mk-MK\",\"url\":\"https:\/\/sdk.mk\/wp-content\/uploads\/2020\/04\/mikrosnezornite-kameri-novo-selo.jpg\",\"width\":2567,\"height\":1549,\"caption\":\"001\"},{\"@type\":\"WebPage\",\"@id\":\"https:\/\/sdk.mk\/index.php\/veprim-klimatik\/novosella-i-pastroi-deponite-dhe-vigjilon-me-mikrokamera-ata-qe-hedhin-mbeturina\/#webpage\",\"url\":\"https:\/\/sdk.mk\/index.php\/veprim-klimatik\/novosella-i-pastroi-deponite-dhe-vigjilon-me-mikrokamera-ata-qe-hedhin-mbeturina\/\",\"name\":\"NOVOSELLA I PASTROI DEPONIT\\u00cb DHE VIGJILON ME MIKROKAMERA ATA Q\\u00cb HEDHIN MBETURINA - \\u0421\\u0430\\u043a\\u0430\\u043c \\u0414\\u0430 \\u041a\\u0430\\u0436\\u0430\\u043c\",\"isPartOf\":{\"@id\":\"https:\/\/sdk.mk\/#website\"},\"primaryImageOfPage\":{\"@id\":\"https:\/\/sdk.mk\/index.php\/veprim-klimatik\/novosella-i-pastroi-deponite-dhe-vigjilon-me-mikrokamera-ata-qe-hedhin-mbeturina\/#primaryimage\"},\"datePublished\":\"2020-05-03T13:10:30+00:00\",\"dateModified\":\"2020-05-03T13:12:15+00:00\",\"author\":{\"@id\":\"https:\/\/sdk.mk\/#\/schema\/person\/737021aeacbe893f7e2c347186c5c7a1\"},\"inLanguage\":\"mk-MK\",\"potentialAction\":[{\"@type\":\"ReadAction\",\"target\":[\"https:\/\/sdk.mk\/index.php\/veprim-klimatik\/novosella-i-pastroi-deponite-dhe-vigjilon-me-mikrokamera-ata-qe-hedhin-mbeturina\/\"]}]},{\"@type\":\"Person\",\"@id\":\"https:\/\/sdk.mk\/#\/schema\/person\/737021aeacbe893f7e2c347186c5c7a1\",\"name\":\"\\u0424\\u0458\\u043e\\u043b\\u0430 \\u0417\\u043b\\u0430\\u0442\\u043a\\u0443\"}]}<\/script>\n<!-- \/ Yoast SEO Premium plugin. -->","_links":{"self":[{"href":"https:\/\/sdk.mk\/index.php\/wp-json\/wp\/v2\/posts\/114339"}],"collection":[{"href":"https:\/\/sdk.mk\/index.php\/wp-json\/wp\/v2\/posts"}],"about":[{"href":"https:\/\/sdk.mk\/index.php\/wp-json\/wp\/v2\/types\/post"}],"author":[{"embeddable":true,"href":"https:\/\/sdk.mk\/index.php\/wp-json\/wp\/v2\/users\/25"}],"replies":[{"embeddable":true,"href":"https:\/\/sdk.mk\/index.php\/wp-json\/wp\/v2\/comments?post=114339"}],"version-history":[{"count":0,"href":"https:\/\/sdk.mk\/index.php\/wp-json\/wp\/v2\/posts\/114339\/revisions"}],"wp:featuredmedia":[{"embeddable":true,"href":"https:\/\/sdk.mk\/index.php\/wp-json\/wp\/v2\/media\/113119"}],"wp:attachment":[{"href":"https:\/\/sdk.mk\/index.php\/wp-json\/wp\/v2\/media?parent=114339"}],"wp:term":[{"taxonomy":"category","embeddable":true,"href":"https:\/\/sdk.mk\/index.php\/wp-json\/wp\/v2\/categories?post=114339"},{"taxonomy":"post_tag","embeddable":true,"href":"https:\/\/sdk.mk\/index.php\/wp-json\/wp\/v2\/tags?post=114339"}],"curies":[{"name":"wp","href":"https:\/\/api.w.org\/{rel}","templated":true}]}}