{"id":11620,"date":"2016-09-08T15:46:41","date_gmt":"2016-09-08T13:46:41","guid":{"rendered":"http:\/\/sdk.mk\/\/?p=11620"},"modified":"2017-09-08T00:21:56","modified_gmt":"2017-09-07T22:21:56","slug":"ta-kishin-degjuar-ppd-ne-ne-vitin-1991-nuk-do-te-kishte-konflikt-per-marreveshjen-kornize-thote-ismet-ramadani","status":"publish","type":"post","link":"https:\/\/sdk.mk\/index.php\/maqedonia\/ta-kishin-degjuar-ppd-ne-ne-vitin-1991-nuk-do-te-kishte-konflikt-per-marreveshjen-kornize-thote-ismet-ramadani\/","title":{"rendered":"\u0422A KISHIN D\u00cbGJUAR PPD-N\u00cb N\u00cb VITIN 1991, NUK DO T\u00cb KISHTE KONFLIKT P\u00cbR MARR\u00cbVESHJEN KORNIZ\u00cb, THOT\u00cb ISMET RAMADANI"},"content":{"rendered":"<div class=\"f52428582a4b906b2d2e2a7d733c7d27\" data-index=\"7\" style=\"float: none; margin:10px 0 10px 0; text-align:center;\">\n<!-- MSP Ads Asynchronous JS Tag - Generated with Revive Adserver v5.4.1 -->\r\n<ins data-revive-zoneid=\"167\" data-revive-id=\"060fdb01f6430ec164d3519234aa4967\"><\/ins>\r\n<script async src=\"\/\/panel.ads.com.mk\/www\/delivery\/asyncjs.php\"><\/script>\n<\/div>\n<p><em>Me intervist\u00ebn e Ismet Ramadanit, i cili ishte deputet i PPD-s\u00eb n\u00eb p\u00ebrb\u00ebrjen e par\u00eb t\u00eb Kuvendit shum\u00ebpartiak, SAKAMDAKAZAM.MK vazhdon serin\u00eb e kontributeve t\u00eb dedikuara\u00a0 25-vjetorit t\u00eb pavar\u00ebsis\u00eb s\u00eb Maqedonis\u00eb. Gjat\u00eb muajit do t\u00eb ket\u00eb intervista me deputet\u00eb dhe funksionar\u00eb t\u00eb p\u00ebrb\u00ebrjes s\u00eb par\u00eb dhe me personalitete t\u00eb tjera publike, si dhe fotogaleri dhe video t\u00eb ngjarjeve historike t\u00eb pavar\u00ebsimit t\u00eb shtetit. <\/em><\/p>\n<p>Ismet Ramadani \u00ebsht\u00eb deputet nga p\u00ebrb\u00ebrja e par\u00eb e Kuvendit shum\u00ebpartiak, nga Partia p\u00ebr Prosperitet Demokratik (PPD). Ai ishte deputet nga 1991 deri 1998 dhe nga 2002 deri 2006.<\/p>\n<p>Ramadani thot\u00eb q\u00eb n\u00ebse do t\u00eb b\u00ebnim krahasim mes t\u00eb viteve 90 dhe tani, dallimi do t\u00eb ishte shum\u00eb i madh, sepse n\u00eb at\u00eb koh\u00eb qasjet p\u00ebr at\u00eb q\u00eb quajm\u00eb ushtrim t\u00eb t\u00eb drejtave, demokraci, pluraliz\u00ebm dhe institucione demokratike ishin shum\u00eb m\u00eb t\u00eb guximshme dhe m\u00eb t\u00eb vendosura.<\/p>\n<p>Ismet Ramadani, bashk\u00eb me Ratka Dimitrov\u00ebn, koordinatoren e par\u00eb t\u00eb grupit t\u00eb deputet\u00ebve t\u00eb VMRO-DPMNE-s\u00eb n\u00eb Kuvendin e par\u00eb t\u00eb Maqedonis\u00eb demokratike, i mb\u00ebshtet\u00ebn protestat e pranver\u00ebs s\u00eb Revolucionit t\u00eb Larm\u00eb.<\/p>\n<p><strong>LUAJT\u00cbM ME MEN\u00c7URI, NUK E KALUAM VIJ\u00cbN E KUQE <\/strong><\/p>\n<p>\u201cNuk ishte e leht\u00eb, sepse duhej t\u00eb b\u00ebhej nj\u00eb kalim nga nj\u00eb sistem n\u00eb tjet\u00ebr, nga komunizmi n\u00eb pluraliz\u00ebm\u201d, kujton Ramadani nga viti 1991. \u201cKishte fuqi t\u00eb cilat e pranonin me v\u00ebshtir\u00ebsi ndryshimin e sistemit. Ishte edhe m\u00eb e v\u00ebshtir\u00eb kur merr parasysh se n\u00eb at\u00eb koh\u00eb, n\u00eb Kroaci filluan formacionet e para t\u00eb organizuara paraushtarake, kurse n\u00eb Serbi sundonte Millosheviqi. Republika e Maqedonis\u00eb u gjend n\u00eb situat\u00eb ku i duhej t\u00eb luante me shum\u00eb kujdes p\u00ebr ta shmangur m\u00eb t\u00eb keqen, q\u00eb ishte lufta\u201d, thot\u00eb Ramadani.<\/p>\n<p>\u201cMendoj se luajt\u00ebm me men\u00e7uri, duke filluar nga presidenti Kiro Gligorov e deri t\u00eb Kuvendi. Nuk e kalonim vij\u00ebn e kuqe q\u00eb t\u00eb mos kishte konflikt dhe erdhi momenti kur Maqedonia u shpall shtet i pavarur. Kuptohet q\u00eb k\u00ebto vendime ishin shum\u00eb t\u00eb v\u00ebshtira, t\u00eb marra nga Parlamenti dhe Qeveria e at\u00ebhershme, e cila ishte eksperte. Mir\u00ebpo, pavar\u00ebsisht polemikave t\u00eb nxehta dhe q\u00ebndrimeve t\u00eb ndryshme p\u00ebr m\u00ebnyrat \u00a0si t\u00eb arrijm\u00eb deri t\u00eb pavar\u00ebsia, mendoj q\u00eb p\u00ebrgjegj\u00ebsia e koleg\u00ebve dhe deputet\u00ebve ishte shum\u00eb e madhe. N\u00eb fund t\u00eb fundit, shkonim drejt nj\u00eb kompromisi q\u00eb ishte n\u00eb interes t\u00eb gjith\u00eb shtetit dhe qytetar\u00ebve\u201d, thot\u00eb ai.<\/p>\n<p><strong>KUSHTETUTA ISHTE GJENERATOR KRIZE <\/strong><\/p>\n<p>Ramadani tregon se pse deputet\u00ebt shqiptar\u00eb nuk kan\u00eb votuar p\u00ebr Kushtetut\u00ebn e par\u00eb: \u201dPartia p\u00ebr prosperitet demokratik, si opsion i vet\u00ebm q\u00eb i p\u00ebrfaq\u00ebsonte shqiptar\u00ebt, kishte k\u00ebrkesa n\u00eb lidhje me t\u00eb drejtat nacionale dhe p\u00ebr k\u00ebt\u00eb kishte mospajtime. PPD-ja nuk votoi p\u00ebr Kushtetut\u00ebn, sepse asokohe mendonte se disa \u00e7\u00ebshtje q\u00eb kishin t\u00eb b\u00ebnin me shqiptar\u00ebt duheshin zgjidhur m\u00eb mir\u00eb n\u00eb kushtetut\u00eb. At\u00ebher\u00eb, ne tham\u00eb q\u00eb mund t\u00eb ndodh q\u00eb m\u00eb von\u00eb, vet\u00eb Kushtetuta, si akti m\u00eb i lart\u00eb ligjor, t\u00eb jet\u00eb gjenerator i ndonj\u00eb krize politike dhe ligjore. Dhe koha tregoi q\u00eb Kushtetuta e vitit 2001 ishte gjenerator krize\u201d, thot\u00eb Ramadani.<\/p>\n<p>Ai rikujton q\u00eb PPD kishte k\u00ebrkesa t\u00eb moderuara p\u00ebr t\u00eb drejtat e shqiptar\u00ebve.<\/p>\n<p>\u201cShkonim hap pas hapi, fillimisht donim t\u00eb krijohej nj\u00eb opinion publik pozitiv dhe t\u00eb drejtat t\u00eb vinin si di\u00e7ka normale. Ne paraqit\u00ebm nj\u00eb deklarat\u00eb p\u00ebr status t\u00eb barabart\u00eb t\u00eb shqiptar\u00ebve n\u00eb Maqedoni. Shkoi n\u00eb debatin parlamentar por nuk ishte i gatsh\u00ebm p\u00ebr tu adoptuar. Justifikimi i LSDM-s\u00eb, me t\u00eb cil\u00ebn at\u00ebher\u00eb ishin n\u00eb koalicion, ishte se VMRO-DPMNE-ja mund t\u00eb reagonte n\u00eb m\u00ebnyr\u00eb radikale dhe k\u00ebshtu mund t\u00eb krijonim nj\u00eb situat\u00eb t\u00eb cil\u00ebn nuk do ta kontrollonim dot\u201d, thot\u00eb Ramadani dhe shton:\u201dKoha tregoi q\u00eb n\u00ebse do ta kishim marr\u00eb m\u00eb seriozisht deklarat\u00ebn dhe k\u00ebrkesat, mbase nuk do t\u00eb kishim nevoj\u00eb p\u00ebr nj\u00eb marr\u00ebveshje korniz\u00eb pas konfliktit.\u201d<\/p>\n<p>Ai i kujton edhe protestat para Parlamentit kund\u00ebr Fakultetit Pedagogjik n\u00eb gjuh\u00ebn shqipe n\u00eb 1997.<\/p>\n<p>\u201cI mblodh\u00ebm t\u00eb gjith\u00eb intelektual\u00ebt shqiptar\u00eb, aq sa kishim, dhe b\u00ebm\u00eb nj\u00eb elaborat p\u00ebr m\u00ebnyr\u00ebn e funksionimit t\u00eb Fakultetit Pedagogjik, pastaj shkuam te presidenti Kiro Gligorov. N\u00eb arsimin fillor dhe t\u00eb mes\u00ebm tashm\u00eb kishte m\u00ebsim n\u00eb gjuh\u00ebn shqipe, normalisht q\u00eb duhej t\u00eb kishte edhe profesor\u00eb. K\u00ebshtu, menduam se kishim r\u00ebn\u00eb dakord. Mir\u00ebpo, filluan demonstratat para Kuvendit. M\u00eb t\u00eb z\u00ebshmit nga ata q\u00eb k\u00ebrkonin dhoma gazi p\u00ebr shqiptar\u00ebt, kaluan n\u00eb maj\u00eb t\u00eb VMRO-DPMNE-s\u00eb dhe po ata q\u00eb kishin qen\u00eb kund\u00ebr Fakultetit Pedagogjik, m\u00eb von\u00eb votuan p\u00ebr legalizimin e Universitetit t\u00eb Tetov\u00ebs\u201d, kujton Ismet Ramadani dhe shton: \u201cU mungonte trim\u00ebria dhe vizioni. U nevojitej koh\u00eb t\u00eb kuptonin q\u00eb m\u00eb e r\u00ebnd\u00ebsishme \u00ebsht\u00eb cil\u00ebsia m\u00ebsimit, e jo gjuha n\u00eb t\u00eb cil\u00ebn mbahet\u201d.<\/p>\n<p><strong>ILIRIDA ISHTE FRIK\u00cb E PJES\u00cbS S\u00cb DYT\u00cb T\u00cb PYETJES N\u00cb REFERENDUM<\/strong><\/p>\n<p>N\u00eb 11 janar, 1992, u mbajt referendum p\u00ebr autonomi t\u00eb shqiptar\u00ebve n\u00eb pjes\u00ebn per\u00ebndimore t\u00eb Maqedonis\u00eb- duke p\u00ebrfshir\u00eb edhe Ilirid\u00ebn. Referendumi dhe rezultatet u shpall\u00ebn joligjore. N\u00eb lidhje me Ilirid\u00ebn e vet\u00ebshpallur, deputeti i at\u00ebhersh\u00ebm dhe an\u00ebtar i udh\u00ebheq\u00ebsis\u00eb s\u00eb PPD-s\u00eb, Ismet Ramadani, tregon:<\/p>\n<p>\u201cN\u00eb ish-Jugosllavi kishte nj\u00eb fenomen autonomish, q\u00eb filloi n\u00eb Kroaci, pastaj vazhdoi n\u00eb Bosnj\u00eb dhe Hercegovin\u00eb e Sanxhak&#8230;Kosova prej m\u00eb her\u00ebt k\u00ebrkonte t\u00eb b\u00ebhej republik\u00eb me kusht q\u00eb t\u00eb mbetej Jugosllavia. Erdhi koha kur ne, shqiptar\u00eb dhe maqedonas n\u00eb Maqedoni, jetonim me frik\u00eb. Frik\u00eb prej \u00e7kaje? Kufijt\u00eb tan\u00eb ishin poroz\u00eb n\u00eb krahasim me formacionet e at\u00ebhershme ushtarake t\u00eb Millosheviqit. Vet\u00eb qytetar\u00ebt b\u00ebnin k\u00ebrkesa n\u00eb rast se sulmoheshim si Republik\u00eb e Maqedonis\u00eb, q\u00eb ne si shqiptar\u00eb, si parti t\u00eb mendojm\u00eb nj\u00eb m\u00ebnyr\u00eb se si t\u00eb mbrohet territori, kombi, qytetar\u00ebt&#8230;At\u00ebher\u00eb u shpall ajo autonomi, q\u00eb u quajt \u201cIlirid\u00eb\u201d. Madje edhe votohej. M\u00eb duhet t\u00eb them q\u00eb, n\u00eb lidhje me votimin p\u00ebr autonomi politike territoriale t\u00eb till\u00eb, qeveria eksperte, nuk ishte aspak agresive. I lejoi qytetar\u00ebt t\u00eb votonin. Neve na duhej ndonj\u00eb kapital politik, n\u00eb rast se dikush vendoste t\u00eb bashkohej me ndonj\u00eb republik\u00eb. Ta kishim at\u00eb kapital, gjegj\u00ebsisht vullnetin e lir\u00eb p\u00ebr t\u00eb shprehur se ne nuk p\u00ebrkojm\u00eb aty. K\u00ebt\u00eb mund ta lidhim me pyetjen e referendumit. P\u00ebr shqiptar\u00ebt, pjesa e dyt\u00eb e pyetjes \u201cme t\u00eb drejt\u00eb, bashkim me tjet\u00ebr\u201d, ishte shum\u00eb indikativ. Atmosfera e at\u00ebhershme ishte e till\u00eb q\u00eb \u00e7far\u00ebdo q\u00eb t\u00eb ndodhte, shqiptar\u00ebt nuk do t\u00eb pranonin t\u00eb ishin n\u00eb shtet t\u00eb p\u00ebrbashk\u00ebt me at\u00eb Jugosllavi, ku dominonte regjimi i Millosheviqit\u201d, Ramadani e shpjegon iden\u00eb p\u00ebr Ilirid\u00ebn.<\/p>\n<p>Ai thot\u00eb q\u00eb, e par\u00eb nga ky k\u00ebndv\u00ebshtrim, referendumi p\u00ebr Ilirid\u00ebn at\u00ebher\u00eb ka qen\u00eb i arsyetuar. \u201cTani kemi situat\u00eb tjet\u00ebr. Maqedonia \u00ebsht\u00eb an\u00ebtare e OKB-s\u00eb. Shqiptar\u00ebt e pranuan opsionin p\u00ebr integrime euroatlantike dhe me k\u00ebt\u00eb opsion entuziazmi p\u00ebr bashkimin e territoreve u shfry. Shyqyr Zotit edhe maqedonasit dhe popujt e tjer\u00eb t\u00eb Maqedonis\u00eb u p\u00ebrcaktuan p\u00ebr ato procese\u201d.<\/p>\n<p><strong>KJO QEVERI \u00cbSHT\u00cb M\u00cb E KEQJA N\u00cb 25 VJET\u00cbT E MAQEDONIS\u00cb S\u00cb PAVARUR<\/strong><\/p>\n<p>Pyetjes se si ndodhi q\u00eb n\u00eb t\u00eb njejt\u00ebn protest\u00eb t\u00eb Revolucionit t\u00eb Larm\u00eb, Ismet Ramadani dhe kund\u00ebrshtarja e dikurshme, Ratka Dimitrova, t\u00eb mbajn\u00eb fjalim bashk\u00eb, Ramadani iu p\u00ebrgjigj:<\/p>\n<p>\u201cKjo do t\u00eb thot\u00eb se definitivisht po na ndodh di\u00e7ka. Definitivisht, edhe ata q\u00eb ishin VMRO-DPMNE, po edhe ne t\u00eb PPD-s\u00eb, konsiderojm\u00eb se kjo Qeveri, nga ky k\u00ebndv\u00ebshtrim, \u00ebsht\u00eb qeveria m\u00eb e keqe n\u00eb 25 vjet\u00ebt e Republik\u00ebs s\u00eb pavarur t\u00eb Maqedonis\u00eb. Pse? Sepse, kjo qeveri nuk ka as edhe nj\u00eb fije ndjenje t\u00eb sinqert\u00eb p\u00ebr nj\u00eb republik\u00eb demokratike t\u00eb Maqedonis\u00eb. Nuk jan\u00eb aspak t\u00eb p\u00ebrgjegjsh\u00ebm dhe nuk u vjen turp nga veprat kriminele, korrupsioni dhe p\u00ebrgjegj\u00ebsia..Nuk m\u00ebrziten fare se \u00e7far\u00eb \u00ebsht\u00eb nj\u00eb shtete dhe nj\u00eb qytetar i thjesht\u00eb. B\u00ebjn\u00eb politik\u00eb var\u00ebsisht nga klient\u00ebt e tyre. \u00a0BDI-ja poashtu, i ka lidhur t\u00eb gjith\u00eb njer\u00ebzit n\u00eb baz\u00eb t\u00eb interesit. Dhe m\u00eb e keqja \u00ebsht\u00eb q\u00eb, n\u00ebp\u00ebr udh\u00ebheq\u00ebsit\u00eb e tyre vazhdimisht thuhet q\u00eb n\u00ebse nuk je an\u00ebtar i VMRO-DPMNE-s\u00eb, nuk je maqedonas i mir\u00eb, apo n\u00ebse nuk je an\u00ebtar i BDI-s\u00eb, nuk je shqiptar i mir\u00eb. P\u00ebr m\u00eb tep\u00ebr, ata nuk e durojn\u00eb opozit\u00ebn. Nuk e di, at\u00ebher\u00eb, se a e din\u00eb se \u00e7far\u00eb \u00ebsht\u00eb demokracia? Shum\u00eb her\u00eb i d\u00ebgjoj publikisht t\u00eb thon\u00eb, hajde t\u2019ua japim fundin k\u00ebtyre t\u00eb opozit\u00ebs&#8230;N\u00ebse n\u00eb politik\u00eb mendon se mund t\u2019i jap\u00ebsh fund dikujt, ta zhduk\u00ebsh, at\u00ebher\u00eb vet\u00eb ke pranuar q\u00eb je n\u00eb nj\u00eb sistem diktatur\u00eb, m\u00eb i keq nga sistemi komunist\u201d.<\/p>\n<p><em>P\u00ebrktheu: Fjolla Zllatku <\/em><\/p>\n\n<div style=\"font-size: 0px; height: 0px; line-height: 0px; margin: 0; padding: 0; clear: both;\"><\/div>","protected":false},"excerpt":{"rendered":"<p>Me intervist\u00ebn e Ismet Ramadanit, i cili ishte deputet i PPD-s\u00eb n\u00eb p\u00ebrb\u00ebrjen e par\u00eb t\u00eb Kuvendit shum\u00ebpartiak, SAKAMDAKAZAM.MK vazhdon [&hellip;]<\/p>\n","protected":false},"author":1,"featured_media":11437,"comment_status":"closed","ping_status":"closed","sticky":false,"template":"","format":"standard","meta":{"_mo_disable_npp":"","inline_featured_image":false},"categories":[3087],"tags":[],"imageURL":"https:\/\/sdk.mk\/wp-content\/uploads\/2016\/09\/ismet-ramadani-3-650x443.jpg","thumbURL":"https:\/\/sdk.mk\/wp-content\/uploads\/2016\/09\/ismet-ramadani-3-250x170.jpg","categoryNames":["Maqedonia"],"feature_caption":"","subtitle":"","views":"4676","source":"Shkup, (SAKAMDAKAZAM.MK)","yoast_head":"<!-- This site is optimized with the Yoast SEO Premium plugin v15.0 - https:\/\/yoast.com\/wordpress\/plugins\/seo\/ -->\n<title>\u0422A KISHIN D\u00cbGJUAR PPD-N\u00cb N\u00cb VITIN 1991, NUK DO T\u00cb KISHTE KONFLIKT P\u00cbR MARR\u00cbVESHJEN KORNIZ\u00cb, THOT\u00cb ISMET RAMADANI - \u0421\u0430\u043a\u0430\u043c \u0414\u0430 \u041a\u0430\u0436\u0430\u043c<\/title>\n<meta name=\"robots\" content=\"index, follow, max-snippet:-1, max-image-preview:large, max-video-preview:-1\" \/>\n<link rel=\"canonical\" href=\"https:\/\/sdk.mk\/index.php\/maqedonia\/ta-kishin-degjuar-ppd-ne-ne-vitin-1991-nuk-do-te-kishte-konflikt-per-marreveshjen-kornize-thote-ismet-ramadani\/\" \/>\n<meta property=\"og:locale\" content=\"mk_MK\" \/>\n<meta property=\"og:type\" content=\"article\" \/>\n<meta property=\"og:title\" content=\"\u0422A KISHIN D\u00cbGJUAR PPD-N\u00cb N\u00cb VITIN 1991, NUK DO T\u00cb KISHTE KONFLIKT P\u00cbR MARR\u00cbVESHJEN KORNIZ\u00cb, THOT\u00cb ISMET RAMADANI - \u0421\u0430\u043a\u0430\u043c \u0414\u0430 \u041a\u0430\u0436\u0430\u043c\" \/>\n<meta property=\"og:description\" content=\"Me intervist\u00ebn e Ismet Ramadanit, i cili ishte deputet i PPD-s\u00eb n\u00eb p\u00ebrb\u00ebrjen e par\u00eb t\u00eb Kuvendit shum\u00ebpartiak, SAKAMDAKAZAM.MK vazhdon [&hellip;]\" \/>\n<meta property=\"og:url\" content=\"https:\/\/sdk.mk\/index.php\/maqedonia\/ta-kishin-degjuar-ppd-ne-ne-vitin-1991-nuk-do-te-kishte-konflikt-per-marreveshjen-kornize-thote-ismet-ramadani\/\" \/>\n<meta property=\"og:site_name\" content=\"\u0421\u0430\u043a\u0430\u043c \u0414\u0430 \u041a\u0430\u0436\u0430\u043c\" \/>\n<meta property=\"article:published_time\" content=\"2016-09-08T13:46:41+00:00\" \/>\n<meta property=\"article:modified_time\" content=\"2017-09-07T22:21:56+00:00\" \/>\n<meta property=\"og:image\" content=\"https:\/\/sdk.mk\/wp-content\/uploads\/2016\/09\/ismet-ramadani-3.jpg\" \/>\n\t<meta property=\"og:image:width\" content=\"690\" \/>\n\t<meta property=\"og:image:height\" content=\"470\" \/>\n<meta property=\"fb:app_id\" content=\"2407985809428537\" \/>\n<meta name=\"twitter:card\" content=\"summary\" \/>\n<script type=\"application\/ld+json\" class=\"yoast-schema-graph\">{\"@context\":\"https:\/\/schema.org\",\"@graph\":[{\"@type\":\"WebSite\",\"@id\":\"https:\/\/sdk.mk\/#website\",\"url\":\"https:\/\/sdk.mk\/\",\"name\":\"\\u0421\\u0430\\u043a\\u0430\\u043c \\u0414\\u0430 \\u041a\\u0430\\u0436\\u0430\\u043c\",\"description\":\"\\u0417\\u0430 \\u0441\\u043b\\u043e\\u0431\\u043e\\u0434\\u043e\\u0443\\u043c\\u043d\\u0438\",\"potentialAction\":[{\"@type\":\"SearchAction\",\"target\":\"https:\/\/sdk.mk\/?s={search_term_string}\",\"query-input\":\"required name=search_term_string\"}],\"inLanguage\":\"mk-MK\"},{\"@type\":\"ImageObject\",\"@id\":\"https:\/\/sdk.mk\/index.php\/maqedonia\/ta-kishin-degjuar-ppd-ne-ne-vitin-1991-nuk-do-te-kishte-konflikt-per-marreveshjen-kornize-thote-ismet-ramadani\/#primaryimage\",\"inLanguage\":\"mk-MK\",\"url\":\"https:\/\/sdk.mk\/wp-content\/uploads\/2016\/09\/ismet-ramadani-3.jpg\",\"width\":690,\"height\":470,\"caption\":\"\\u0424\\u043e\\u0442\\u043e: \\u0403. \\u041b\\u0438\\u0447\\u043e\\u0432\\u0441\\u043a\\u0438\"},{\"@type\":\"WebPage\",\"@id\":\"https:\/\/sdk.mk\/index.php\/maqedonia\/ta-kishin-degjuar-ppd-ne-ne-vitin-1991-nuk-do-te-kishte-konflikt-per-marreveshjen-kornize-thote-ismet-ramadani\/#webpage\",\"url\":\"https:\/\/sdk.mk\/index.php\/maqedonia\/ta-kishin-degjuar-ppd-ne-ne-vitin-1991-nuk-do-te-kishte-konflikt-per-marreveshjen-kornize-thote-ismet-ramadani\/\",\"name\":\"\\u0422A KISHIN D\\u00cbGJUAR PPD-N\\u00cb N\\u00cb VITIN 1991, NUK DO T\\u00cb KISHTE KONFLIKT P\\u00cbR MARR\\u00cbVESHJEN KORNIZ\\u00cb, THOT\\u00cb ISMET RAMADANI - \\u0421\\u0430\\u043a\\u0430\\u043c \\u0414\\u0430 \\u041a\\u0430\\u0436\\u0430\\u043c\",\"isPartOf\":{\"@id\":\"https:\/\/sdk.mk\/#website\"},\"primaryImageOfPage\":{\"@id\":\"https:\/\/sdk.mk\/index.php\/maqedonia\/ta-kishin-degjuar-ppd-ne-ne-vitin-1991-nuk-do-te-kishte-konflikt-per-marreveshjen-kornize-thote-ismet-ramadani\/#primaryimage\"},\"datePublished\":\"2016-09-08T13:46:41+00:00\",\"dateModified\":\"2017-09-07T22:21:56+00:00\",\"author\":{\"@id\":\"https:\/\/sdk.mk\/#\/schema\/person\/be7cfa6655c47f7195bfdd0ba8144aa2\"},\"inLanguage\":\"mk-MK\",\"potentialAction\":[{\"@type\":\"ReadAction\",\"target\":[\"https:\/\/sdk.mk\/index.php\/maqedonia\/ta-kishin-degjuar-ppd-ne-ne-vitin-1991-nuk-do-te-kishte-konflikt-per-marreveshjen-kornize-thote-ismet-ramadani\/\"]}]},{\"@type\":\"Person\",\"@id\":\"https:\/\/sdk.mk\/#\/schema\/person\/be7cfa6655c47f7195bfdd0ba8144aa2\",\"name\":\"\\u0413\\u043e\\u0440\\u0430\\u043d \\u041c\\u0438\\u0445\\u0430\\u0458\\u043b\\u043e\\u0432\\u0441\\u043a\\u0438\"}]}<\/script>\n<!-- \/ Yoast SEO Premium plugin. -->","_links":{"self":[{"href":"https:\/\/sdk.mk\/index.php\/wp-json\/wp\/v2\/posts\/11620"}],"collection":[{"href":"https:\/\/sdk.mk\/index.php\/wp-json\/wp\/v2\/posts"}],"about":[{"href":"https:\/\/sdk.mk\/index.php\/wp-json\/wp\/v2\/types\/post"}],"author":[{"embeddable":true,"href":"https:\/\/sdk.mk\/index.php\/wp-json\/wp\/v2\/users\/1"}],"replies":[{"embeddable":true,"href":"https:\/\/sdk.mk\/index.php\/wp-json\/wp\/v2\/comments?post=11620"}],"version-history":[{"count":0,"href":"https:\/\/sdk.mk\/index.php\/wp-json\/wp\/v2\/posts\/11620\/revisions"}],"wp:featuredmedia":[{"embeddable":true,"href":"https:\/\/sdk.mk\/index.php\/wp-json\/wp\/v2\/media\/11437"}],"wp:attachment":[{"href":"https:\/\/sdk.mk\/index.php\/wp-json\/wp\/v2\/media?parent=11620"}],"wp:term":[{"taxonomy":"category","embeddable":true,"href":"https:\/\/sdk.mk\/index.php\/wp-json\/wp\/v2\/categories?post=11620"},{"taxonomy":"post_tag","embeddable":true,"href":"https:\/\/sdk.mk\/index.php\/wp-json\/wp\/v2\/tags?post=11620"}],"curies":[{"name":"wp","href":"https:\/\/api.w.org\/{rel}","templated":true}]}}