{"id":116544,"date":"2020-05-24T14:39:55","date_gmt":"2020-05-24T12:39:55","guid":{"rendered":"https:\/\/sdk.mk\/?p=116544"},"modified":"2020-05-24T14:39:55","modified_gmt":"2020-05-24T12:39:55","slug":"skara-dhe-kitara","status":"publish","type":"post","link":"https:\/\/sdk.mk\/index.php\/dua-te-them\/skara-dhe-kitara\/","title":{"rendered":"SKARA DHE KITARA"},"content":{"rendered":"<div class=\"f52428582a4b906b2d2e2a7d733c7d27\" data-index=\"7\" style=\"float: none; margin:10px 0 10px 0; text-align:center;\">\n<!-- MSP Ads Asynchronous JS Tag - Generated with Revive Adserver v5.4.1 -->\r\n<ins data-revive-zoneid=\"167\" data-revive-id=\"060fdb01f6430ec164d3519234aa4967\"><\/ins>\r\n<script async src=\"\/\/panel.ads.com.mk\/www\/delivery\/asyncjs.php\"><\/script>\n<\/div>\n<p><span class=\"dropcap color firstcharacter\">1<\/span>\u201cAskush dhe asgj\u00eb nuk \u00ebsht\u00eb m\u00eb e fort\u00eb se shteti, asnj\u00eb funksionar, asnj\u00eb lider fetar, asnj\u00eb institucion\u201d, deklaroi kryeministri Oliver Spasovski ndaj pyetjes n\u00ebse do t\u00eb ket\u00eb shtypje mbi Qeverin\u00eb rreth or\u00ebs policore p\u00ebr festat e Ramazan Bajramit dhe Sh\u00ebn Qirilit dhe Metodit. Dhe ka t\u00eb drejt\u00eb. N\u00eb teori, nuk ka asgj\u00eb dhe askush m\u00eb i fort\u00eb se shteti. Por n\u00eb praktik\u00eb, po ai kryeminist\u00ebr, para fundjav\u00ebs s\u00eb zgjatur t\u00eb Pashk\u00ebve, i vuri t\u00eb drejtat e besimtar\u00ebve m\u00eb lart se t\u00eb drejtat njer\u00ebzore t\u00eb t\u00eb gjith\u00eb atyre t\u00eb shqet\u00ebsuar p\u00ebr sh\u00ebndetin. Prandaj, nuk i mbylli kishat, nj\u00ebsoj sikurse nuk i mbylli shkollat, muzet\u00eb, kafet, qendrat tregtare, e madje edhe spitalet e atyre q\u00eb nuk kan\u00eb simptome t\u00eb COVID-19. Ne jemi t\u00eb gjith\u00eb t\u00eb nj\u00ebjt\u00eb p\u00ebrpara Kushtetut\u00ebs. Si ata q\u00eb besojn\u00eb se koronavirusi \u00ebsht\u00eb gj\u00eb e shpikur, si ata q\u00eb kan\u00eb ngecur n\u00eb Infektologji. Si ata q\u00eb besojn\u00eb n\u00eb mjek\u00ebsi dhe profesionaliz\u00ebm, ashtu dhe ata q\u00eb mendojn\u00eb se Bill Gejtsi u vendos \u00e7ipe dhe i rrezaton me agjent\u00eb 5G. Si ata t\u00eb shkenc\u00ebs, si ata t\u00eb Zotit.<\/p>\n<p>Kaq ishte kondicioni, mobilizimi dhe disiplina e shtetit. Ia b\u00ebm\u00eb disi k\u00ebto dy muaj. Gjith\u00e7ka degradoi, me po t\u00eb nj\u00ebjtin justifikim t\u00eb pap\u00ebrgjegjshm\u00ebris\u00eb me t\u00eb cil\u00ebn sh\u00ebrbehen politikan\u00ebt tan\u00eb qe 30 vjet. Ne po vjedhim? Po, edhe ju keni vjedhur. N\u00ebse mundet besimtari t\u00eb ndjek\u00eb tradit\u00ebn e lug\u00ebs s\u00eb nj\u00ebjt\u00eb, pse t\u00eb mos mundet edhe ateisti t\u00eb b\u00ebj\u00eb nj\u00eb fest\u00eb p\u00ebr 1 maj? N\u00ebse mund t\u00eb b\u00ebhet litia n\u00eb Strug\u00eb, pse t\u00eb mos ket\u00eb mbr\u00ebmje iftari n\u00eb Tetov\u00eb? N\u00ebse komshiu ka ndezur skar\u00ebn e ka mbledhur shoq\u00ebri me kitar\u00eb dhe policia nuk e d\u00ebnon, pse t\u00eb m\u00eb d\u00ebnoj\u00eb mua?<\/p>\n<p>Karantina qenka d\u00ebnim!? Ora policore qenka d\u00ebnim!? Njer\u00ebzit gjejn\u00eb logjik\u00eb te gjith\u00e7ka q\u00eb b\u00ebjn\u00eb, vet\u00ebm te fakti se shteti po p\u00ebrpiqet t\u2019ua mbroj\u00eb sh\u00ebndetin, nuk e gjejn\u00eb dot.<\/p>\n<p>Nuk e kuptoj se di nuk u m\u00ebrzit ministri Venko Filip\u00e7e duke th\u00ebn\u00eb \u00e7do dit\u00eb t\u00eb nj\u00ebjt\u00ebn gj\u00eb. Nj\u00eb njeriu q\u00eb merr vesh, mjafton t\u2019i thuhet nj\u00eb her\u00eb nj\u00eb gj\u00eb. Nuk ka nevoj\u00eb p\u00ebr apele. Ata q\u00eb jan\u00eb t\u00eb nd\u00ebrgjegjsh\u00ebm mund t\u2019i respektojn\u00eb rekomandimet e mbrojtjes nga koronavirusi edhe pa apele. P\u00ebr t\u00eb pand\u00ebrgjegjshmit, duhet d\u00ebnimi. Por, meqen\u00ebse shteti yn\u00eb nuk d\u00ebnon, ndoshta Filip\u00e7e duhet t\u00eb filloj\u00eb t\u00eb k\u00ebrc\u00ebnohet me d\u00ebnime nga shtete t\u00eb tjera. Nga tani e tutje, n\u00eb vend q\u00eb t\u00eb apeloj\u00eb, le t\u00eb thot\u00eb: \u201cRrini n\u00eb sht\u00ebpi, o njer\u00ebz. N\u00ebse kemi num\u00ebr t\u00eb rritur t\u00eb t\u00eb infektuarve dhe n\u00ebse na p\u00ebrkeq\u00ebsohet situatat epidemiologjike, Greqia do t\u00eb na heq\u00eb nga lista e shteteve nga t\u00eb cilat pranon turist\u00eb k\u00ebt\u00eb ver\u00eb\u201d. E, ky lloj d\u00ebnimi, po q\u00eb do t\u2019u dhemb\u00eb.<\/p>\n<p><span class=\"dropcap color firstcharacter\">2<\/span>Te ne, policia nuk d\u00ebnon p\u00ebr shkak se ministri i pun\u00ebve t\u00eb brendshme Naqe \u00c7ulev nuk d\u00ebshiron t\u2019i d\u00ebnoj\u00eb qytetar\u00ebt. Thot\u00eb se disa kan\u00eb mbetur pa pun\u00eb dhe nuk kan\u00eb para t\u00eb paguajn\u00eb d\u00ebnim, dhe se edhe ata kan\u00eb qen\u00eb n\u00eb situate t\u00eb keqe psikike p\u00ebr shkak t\u00eb l\u00ebvizjes s\u00eb kufizuar.<br \/>\nPra, ata q\u00eb e shkelin or\u00ebn policore dhe nuk i respektojn\u00eb masat e mbrojtjes, jan\u00eb psiqikisht t\u00eb tronditur nga dijenia se shteti p\u00ebrpiqet t\u00eb mbroj\u00eb sh\u00ebndetin e tyre. Kush e di se sa m\u00eb shum\u00eb t\u00eb tronditur duhet t\u00eb jet\u00ebn ata se sa familjet ku ka t\u00eb infektuar apo ato q\u00eb nuk mund t\u2019i varrosin t\u00eb ndjer\u00ebt\u2026<\/p>\n<p>Ministri \u00c7ulev, q\u00eb kur paraprakisht ra dakord t\u00eb ulte buxhetin e MPB, b\u00ebri shpallje n\u00eb Fejsbuk ku sugjeroi q\u00eb t\u00eb ket\u00eb nj\u00eb \u00e7mim prej 15.000 denar\u00ebve p\u00ebr polic\u00ebt. Pra, p\u00ebr sakrific\u00ebn e tyre n\u00eb mosd\u00ebnimin e \u201cfundjavist\u00ebve\u201d t\u00eb tronditur psiqikisht. Mir\u00ebpo, Sindikata i policis\u00eb konsideron se ajo shum\u00eb \u00ebsht\u00eb p\u00ebrbuz\u00ebse dhe k\u00ebrkohet \u00e7mimi prej 25.000 denar\u00ebsh.<\/p>\n<p>S\u2019ka problem. Polic\u00ebt mund t\u00eb marrin \u00e7mim prej 25.000 denar\u00ebsh. Le t\u00eb marrin edhe 250.000 denar\u00eb. Mir\u00eb ama, me kusht q\u00eb k\u00ebto \u00e7mime mos t\u2019i paguajm\u00eb t\u00eb gjith\u00eb. Le t\u2019i mbledhin ato para nga nj\u00eb p\u00ebrqindje e d\u00ebnimeve p\u00ebr mosmbajtjen e maskave, mbledhjen n\u00eb grupe dhe l\u00ebvizjen pa leje n\u00eb or\u00eb policore. Le t\u00eb shkoj\u00eb 5 p\u00ebrqind nga \u00e7do d\u00ebnim n\u00eb fondin p\u00ebr polic\u00ebt e sakrifikuar. Tamam. Kjo \u00ebsht\u00eb zgjidhja m\u00eb e drejt\u00eb. N\u00eb k\u00ebt\u00eb m\u00ebnyr\u00eb, \u00e7mimet e polic\u00ebve do t\u00eb sigurohen vet\u00ebm nga qytetar\u00ebt e pand\u00ebrgjegjsh\u00ebm.<\/p>\n<p>Kjo, pastaj, mund t\u00eb b\u00ebhet nj\u00eb praktik\u00eb e mir\u00eb e d\u00ebnimt joselektiv. Mjaft m\u00eb paguajn\u00eb vet\u00ebm qytetar\u00ebt e nd\u00ebrgjegjsh\u00ebm. Dhe at\u00eb dyfish. Si p\u00ebr t\u00eb pand\u00ebrgjegjshmit q\u00eb shp\u00ebrndajn\u00eb virusin dhe bllokojn\u00eb sistemin sh\u00ebndet\u00ebsor, ashtu dhe p\u00ebr policin\u00eb q\u00eb nuk b\u00ebn pun\u00ebn e saj.<\/p>\n<p><span class=\"dropcap color firstcharacter\">3<\/span>Por, nga nj\u00eb an\u00eb, \u00e7\u2019t\u00eb b\u00ebj\u00eb dhe \u00c7ulevi? \u00cbsht\u00eb konfuz. \u00cbsht\u00eb vendosur nga VMRO-DPMNE-ja si minist\u00ebr i pun\u00ebve t\u00eb brendshme n\u00eb qeverin\u00eb tranzitore q\u00eb duhet t\u00eb p\u00ebrgatis\u00eb zgjedhjet, nd\u00ebrsa partia q\u00eb e ka vendosur, gjat\u00eb dit\u00ebs ndryshon mendim tri her\u00eb sa u p\u00ebrket zgjedhjeve.<\/p>\n<p>N\u00eb 27 shkurt, lideri Hristijan Mickoski deklaroi se \u201cm\u00eb t\u00eb lumturit do t\u00eb ishin t\u00eb frik\u00ebsuarit nga LSDM-ja q\u00eb t\u00eb p\u00ebrdorin koronavirusin si nj\u00eb justifikim q\u00eb VMRO-ja q\u00eb mos e mobilizoj\u00eb popullin dhe \u00a0se ata lusnin Zotin q\u00eb t\u00eb ndodhte kjo gj\u00eb\u201d, kurse tani k\u00ebrkon q\u00eb zgjedhjet t\u00eb shtyhen p\u00ebr n\u00eb vjesht\u00eb. Po at\u00eb dit\u00eb, thot\u00eb se nuk do t\u00eb ket\u00eb zgjedhje n\u00eb 21 qershor, kurse nga partia mbajn\u00eb konferenc\u00eb shtypi rreth asaj se si Qeveria nuk mund t\u00eb ndaj\u00eb kupona, pasi \u00ebsht\u00eb n\u00eb periudh\u00eb parazgjedhore. Nj\u00ebher\u00eb nuk na p\u00eblqen gjendja e jasht\u00ebzakonshme e duam zgjedhje. Her\u00eb tjet\u00ebr, duam gjendje t\u00eb jasht\u00ebzakonshme, nuk duam zgjedhje. Nga nj\u00ebra an\u00eb shteti po shkat\u00ebrrohet e ne do ta shp\u00ebtojm\u00eb, kurse nga ana tjet\u00ebr le t\u00eb presim deri n\u00eb vjesht\u00eb, t\u00eb shkat\u00ebrrohet mir\u00eb e mir\u00eb, e at\u00ebher\u00eb do ta shp\u00ebtojm\u00eb.<\/p>\n<p>Mickoski nuk paska dashur t\u00eb jet\u00eb kryeminist\u00ebr, n\u00ebse ka qoft\u00eb edhe nj\u00eb t\u00eb vdekur nga COVID-19. por ministri i tij le t\u00eb mos i d\u00ebnoj\u00eb ata q\u00eb p\u00ebrhapin virusin. Nuk paska dashur t\u00eb num\u00ebroj\u00eb viktima, por p\u00ebr Ramazan Bajram le t\u00eb mos ket\u00eb or\u00eb policore, q\u00eb t\u00eb mundet virusi leht\u00ebsisht t\u00eb transmetohet n\u00eb sof\u00ebr. N\u00eb iftar mundet, n\u00eb zgjedhje jo\u2026Me sa duket kan\u00eb shum\u00eb d\u00ebshira kontradiktore.<\/p>\n<p>Kujtohuni nj\u00ebher\u00eb. Po flasim p\u00ebr VMRO-DPMNE-n\u00eb. Ata, n\u00eb kushte normale, me shumic\u00eb t\u00eb deputet\u00ebve, shkaktuan nj\u00eb kriz\u00eb t\u00eb p\u00ebrmasave nd\u00ebrkomb\u00ebtare n\u00eb 27 prill 2017, duke e sulmuar Parlamentin, e kujtoni se nuk do t\u00eb shkaktojn\u00eb nj\u00eb kriz\u00eb n\u00eb k\u00ebto kushte jonormale dhe kur Parlamenti nuk ekziston? Ore, ata b\u00ebjn\u00eb kriz\u00eb me refleks. Kjo \u00ebsht\u00eb m\u00ebnyra e veprimit t\u00eb k\u00ebsaj partie. N\u00ebse nuk ka kriz\u00eb, at\u00ebher\u00eb do ta krijojn\u00eb. K\u00ebshtu jan\u00eb krijuar q\u00eb t\u00eb punojn\u00eb. Le t\u00eb shembet shteti, vet\u00ebm n\u00eb fund, t\u00eb na zgjidhni ne.<\/p>\n<p><span class=\"dropcap color firstcharacter\">4<\/span>Paqeta e tret\u00eb e masave p\u00ebr mb\u00ebshtetje ekonomike u promovua tri her\u00eb nga Qeveria. Nj\u00eb her\u00eb, t\u00eb gjith\u00eb bashk\u00eb me kryeministrin Oliver Spasovski. Pastaj, \u00e7do minist\u00ebr m\u00eb vete. N\u00eb fund ne \u00e7ifte \u2013 Nina Angellovska dhe Kreshnik Bekteshi. Tri her\u00eb, informacioni i nj\u00ebjt\u00eb. Ti her\u00eb, informacioni i paplot\u00eb. Dhe kur gazetar\u00ebt ua t\u00ebrhoq\u00ebn v\u00ebmendjen ministresh\u00ebs s\u00eb financave dhe ministrit t\u00eb ekonomis\u00eb se p\u00ebrgjigjet e tyre rreth informacioneve p\u00ebr kartelat e pages\u00ebs, dhe se kush, si, ku, kur dhe pse do t\u00eb marr\u00eb 9.000 denar\u00eb ndihm\u00eb nga buxheti, ata u p\u00ebrgjigj\u00ebn me sarkaz\u00ebm, p\u00ebrs\u00ebri pa dh\u00ebn\u00eb nj\u00eb p\u00ebrgjigje.<br \/>\nSinqerisht, un\u00eb mendoj se as Nina Angellovska, as Kreshnik Bekteshi nuk kan\u00eb arritur nivelin e arroganc\u00ebs dhe paftyr\u00ebsis\u00eb s\u00eb nj\u00eb Zoran Stavreski dhe Nikolla Todorovi, p\u00ebr shembull. Mir\u00ebpo, m\u00eb habit se si VMRO-DOMNE-ja akoma nuk reagoi n\u00eb komunikat\u00eb me nj\u00eb fjali t\u00eb till\u00eb: Turp t\u00eb keni se si p\u00ebrpiqeni t\u00eb na imitoni!\u201d<\/p>\n<p><span class=\"dropcap color firstcharacter\">5<\/span>N\u00eb nj\u00eb nga k\u00ebto \u201cfesta familijare\u201d, si\u00e7 i quan Venko Filip\u00e7e mbledhjet p\u00ebr iftar, n\u00eb \u00c7air t\u00eb m\u00ebrkur\u00ebn kishte fishekzjarr. Fal\u00eb koronavirusit dhe or\u00ebs policore, n\u00eb Maqedoni po vihet re nj\u00eb hap i civilizuar. M\u00eb her\u00ebt n\u00eb festat familjare t\u00eb \u00c7airit k\u00ebrciste kallashnikovi. Tani festohet me fishekzjarr.<\/p>\n<p><em>\u00a0<\/em><\/p>\n<p><em>P\u00ebrktheu: Fjolla Zllatku <\/em><\/p>\n\n<div style=\"font-size: 0px; height: 0px; line-height: 0px; margin: 0; padding: 0; clear: both;\"><\/div>","protected":false},"excerpt":{"rendered":"<p>\u201cAskush dhe asgj\u00eb nuk \u00ebsht\u00eb m\u00eb e fort\u00eb se shteti, asnj\u00eb funksionar, asnj\u00eb lider fetar, asnj\u00eb institucion\u201d, deklaroi kryeministri Oliver [&hellip;]<\/p>\n","protected":false},"author":1,"featured_media":184,"comment_status":"closed","ping_status":"closed","sticky":false,"template":"","format":"standard","meta":{"_mo_disable_npp":"","inline_featured_image":false},"categories":[1825],"tags":[],"imageURL":"https:\/\/sdk.mk\/wp-content\/uploads\/2015\/12\/goran-mihailovski2.jpg","thumbURL":"https:\/\/sdk.mk\/wp-content\/uploads\/2015\/12\/goran-mihailovski2-250x196.jpg","categoryNames":["DUA T\u00cb THEM"],"feature_caption":"","subtitle":"Le t\u00eb shkojn\u00eb nga 5 p\u00ebrqind t\u00eb \u00e7do d\u00ebnimi n\u00eb fondin p\u00ebr \u00e7mimet e polic\u00ebve. N\u00eb k\u00ebt\u00eb m\u00ebnyr\u00eb \u00e7mimet q\u00eb k\u00ebrkon \u00c7ulevi do t\u2019i mund\u00ebsoj\u00eb vet\u00ebm kategoria e t\u00eb pand\u00ebrgjegjshm\u00ebve. Mjaft paguan vet\u00ebm t\u00eb nd\u00ebrgjegjshmit.","views":"9730","source":"","yoast_head":"<!-- This site is optimized with the Yoast SEO Premium plugin v15.0 - https:\/\/yoast.com\/wordpress\/plugins\/seo\/ -->\n<title>SKARA DHE KITARA - \u0421\u0430\u043a\u0430\u043c \u0414\u0430 \u041a\u0430\u0436\u0430\u043c<\/title>\n<meta name=\"robots\" content=\"index, follow, max-snippet:-1, max-image-preview:large, max-video-preview:-1\" \/>\n<link rel=\"canonical\" href=\"https:\/\/sdk.mk\/index.php\/dua-te-them\/skara-dhe-kitara\/\" \/>\n<meta property=\"og:locale\" content=\"mk_MK\" \/>\n<meta property=\"og:type\" content=\"article\" \/>\n<meta property=\"og:title\" content=\"SKARA DHE KITARA - \u0421\u0430\u043a\u0430\u043c \u0414\u0430 \u041a\u0430\u0436\u0430\u043c\" \/>\n<meta property=\"og:description\" content=\"\u201cAskush dhe asgj\u00eb nuk \u00ebsht\u00eb m\u00eb e fort\u00eb se shteti, asnj\u00eb funksionar, asnj\u00eb lider fetar, asnj\u00eb institucion\u201d, deklaroi kryeministri Oliver [&hellip;]\" \/>\n<meta property=\"og:url\" content=\"https:\/\/sdk.mk\/index.php\/dua-te-them\/skara-dhe-kitara\/\" \/>\n<meta property=\"og:site_name\" content=\"\u0421\u0430\u043a\u0430\u043c \u0414\u0430 \u041a\u0430\u0436\u0430\u043c\" \/>\n<meta property=\"article:published_time\" content=\"2020-05-24T12:39:55+00:00\" \/>\n<meta property=\"og:image\" content=\"https:\/\/sdk.mk\/wp-content\/uploads\/2015\/12\/goran-mihailovski2.jpg\" \/>\n\t<meta property=\"og:image:width\" content=\"400\" \/>\n\t<meta property=\"og:image:height\" content=\"313\" \/>\n<meta property=\"fb:app_id\" content=\"2407985809428537\" \/>\n<meta name=\"twitter:card\" content=\"summary\" \/>\n<script type=\"application\/ld+json\" class=\"yoast-schema-graph\">{\"@context\":\"https:\/\/schema.org\",\"@graph\":[{\"@type\":\"WebSite\",\"@id\":\"https:\/\/sdk.mk\/#website\",\"url\":\"https:\/\/sdk.mk\/\",\"name\":\"\\u0421\\u0430\\u043a\\u0430\\u043c \\u0414\\u0430 \\u041a\\u0430\\u0436\\u0430\\u043c\",\"description\":\"\\u0417\\u0430 \\u0441\\u043b\\u043e\\u0431\\u043e\\u0434\\u043e\\u0443\\u043c\\u043d\\u0438\",\"potentialAction\":[{\"@type\":\"SearchAction\",\"target\":\"https:\/\/sdk.mk\/?s={search_term_string}\",\"query-input\":\"required name=search_term_string\"}],\"inLanguage\":\"mk-MK\"},{\"@type\":\"ImageObject\",\"@id\":\"https:\/\/sdk.mk\/index.php\/dua-te-them\/skara-dhe-kitara\/#primaryimage\",\"inLanguage\":\"mk-MK\",\"url\":\"https:\/\/sdk.mk\/wp-content\/uploads\/2015\/12\/goran-mihailovski2.jpg\",\"width\":400,\"height\":313},{\"@type\":\"WebPage\",\"@id\":\"https:\/\/sdk.mk\/index.php\/dua-te-them\/skara-dhe-kitara\/#webpage\",\"url\":\"https:\/\/sdk.mk\/index.php\/dua-te-them\/skara-dhe-kitara\/\",\"name\":\"SKARA DHE KITARA - \\u0421\\u0430\\u043a\\u0430\\u043c \\u0414\\u0430 \\u041a\\u0430\\u0436\\u0430\\u043c\",\"isPartOf\":{\"@id\":\"https:\/\/sdk.mk\/#website\"},\"primaryImageOfPage\":{\"@id\":\"https:\/\/sdk.mk\/index.php\/dua-te-them\/skara-dhe-kitara\/#primaryimage\"},\"datePublished\":\"2020-05-24T12:39:55+00:00\",\"dateModified\":\"2020-05-24T12:39:55+00:00\",\"author\":{\"@id\":\"https:\/\/sdk.mk\/#\/schema\/person\/be7cfa6655c47f7195bfdd0ba8144aa2\"},\"inLanguage\":\"mk-MK\",\"potentialAction\":[{\"@type\":\"ReadAction\",\"target\":[\"https:\/\/sdk.mk\/index.php\/dua-te-them\/skara-dhe-kitara\/\"]}]},{\"@type\":\"Person\",\"@id\":\"https:\/\/sdk.mk\/#\/schema\/person\/be7cfa6655c47f7195bfdd0ba8144aa2\",\"name\":\"\\u0413\\u043e\\u0440\\u0430\\u043d \\u041c\\u0438\\u0445\\u0430\\u0458\\u043b\\u043e\\u0432\\u0441\\u043a\\u0438\"}]}<\/script>\n<!-- \/ Yoast SEO Premium plugin. -->","_links":{"self":[{"href":"https:\/\/sdk.mk\/index.php\/wp-json\/wp\/v2\/posts\/116544"}],"collection":[{"href":"https:\/\/sdk.mk\/index.php\/wp-json\/wp\/v2\/posts"}],"about":[{"href":"https:\/\/sdk.mk\/index.php\/wp-json\/wp\/v2\/types\/post"}],"author":[{"embeddable":true,"href":"https:\/\/sdk.mk\/index.php\/wp-json\/wp\/v2\/users\/1"}],"replies":[{"embeddable":true,"href":"https:\/\/sdk.mk\/index.php\/wp-json\/wp\/v2\/comments?post=116544"}],"version-history":[{"count":0,"href":"https:\/\/sdk.mk\/index.php\/wp-json\/wp\/v2\/posts\/116544\/revisions"}],"wp:featuredmedia":[{"embeddable":true,"href":"https:\/\/sdk.mk\/index.php\/wp-json\/wp\/v2\/media\/184"}],"wp:attachment":[{"href":"https:\/\/sdk.mk\/index.php\/wp-json\/wp\/v2\/media?parent=116544"}],"wp:term":[{"taxonomy":"category","embeddable":true,"href":"https:\/\/sdk.mk\/index.php\/wp-json\/wp\/v2\/categories?post=116544"},{"taxonomy":"post_tag","embeddable":true,"href":"https:\/\/sdk.mk\/index.php\/wp-json\/wp\/v2\/tags?post=116544"}],"curies":[{"name":"wp","href":"https:\/\/api.w.org\/{rel}","templated":true}]}}