{"id":117774,"date":"2020-06-05T17:23:03","date_gmt":"2020-06-05T15:23:03","guid":{"rendered":"https:\/\/sdk.mk\/?p=117774"},"modified":"2020-06-05T17:23:03","modified_gmt":"2020-06-05T15:23:03","slug":"liqeni-i-treskes-pret-investitor-toka-rreth-tij-eshte-shnderruar-nga-bujqesore-ne-ndertimore","status":"publish","type":"post","link":"https:\/\/sdk.mk\/index.php\/rrjeti-i-korrespondenteve\/liqeni-i-treskes-pret-investitor-toka-rreth-tij-eshte-shnderruar-nga-bujqesore-ne-ndertimore\/","title":{"rendered":"LIQENI I TRESK\u00cbS PRET INVESTITOR,  TOKA RRETH TIJ \u00cbSHT\u00cb SHND\u00cbRRUAR NGA BUJQ\u00cbSORE N\u00cb ND\u00cbRTIMORE"},"content":{"rendered":"<div class=\"f52428582a4b906b2d2e2a7d733c7d27\" data-index=\"7\" style=\"float: none; margin:10px 0 10px 0; text-align:center;\">\n<!-- MSP Ads Asynchronous JS Tag - Generated with Revive Adserver v5.4.1 -->\r\n<ins data-revive-zoneid=\"167\" data-revive-id=\"060fdb01f6430ec164d3519234aa4967\"><\/ins>\r\n<script async src=\"\/\/panel.ads.com.mk\/www\/delivery\/asyncjs.php\"><\/script>\n<\/div>\n<p>N\u00eb 1978, me kontibuimin e vet\u00eb qytetar\u00ebve t\u00eb Shkupit, u nd\u00ebrtua Liqeni i Tresk\u00ebs. Me nj\u00eb sip\u00ebrfaqe prej 136,000 metrash katror\u00eb dhe nj\u00eb kapacitet p\u00ebr 10,000 notues, n\u00eb vitet 1980 dhe 1990 ai funksionoi si nj\u00eb pik\u00eb kryesore pikniku p\u00ebr banor\u00ebt e Shkupit, ve\u00e7an\u00ebrisht n\u00eb muajt e ver\u00ebs. Rreth liqenit, i cili \u00ebsht\u00eb i thell\u00eb 1.6-3 metra, kishte bungalo, kafene, restorante, pishina, garderoba, tualete, fusha sportive, si dhe nj\u00eb kamp p\u00ebr rimokio. Liqeni i Tresk\u00ebs jetoi vet\u00ebm 20 vjet. N\u00eb vitin 1998, p\u00ebr shkak t\u00eb ndotjes s\u00eb ujit, n\u00eb liqen u ndalua larja dhe q\u00eb prej asaj kohe filloi degradimi i tij.<\/p>\n<p>Sot, rreth nj\u00ebzet vjet pas mbylljes s\u00eb tij, kompleksi rreth liqenit \u00ebsht\u00eb shkat\u00ebrruar plot\u00ebsisht. Pamja e bukur e kanionit t\u00eb Matk\u00ebs n\u00eb hyrje t\u00eb ish-qendr\u00ebs sportive dhe rekreativ harrohet p\u00ebrnj\u00ebher\u00eb kur sheh kompleksin e shkat\u00ebrruar.\u00a0 Restorantet, bungalot, tarracat verore, tualetet jan\u00eb prishur dhe shkat\u00ebrruar, veshjet dhe dushet jan\u00eb zhdukur. Hap\u00ebsira \u00ebsht\u00eb e mbingarkuar me barin deri n\u00eb gjunj sepse p\u00ebr vite t\u00eb t\u00ebra askush nuk e ka mir\u00ebmbajtur gjelb\u00ebrimin. Nga t\u00eb gjitha an\u00ebt ka mbeturina, t\u00eb cilat qent\u00eb endacak\u00eb i t\u00ebrheqin n\u00ebp\u00ebr rrug\u00eb. E vetmja gj\u00eb q\u00eb e ka b\u00ebr\u00eb liqenin nd\u00ebr vite m\u00eb t\u00eb bukur jan\u00eb pem\u00ebt, t\u00eb cilat tani jan\u00eb rritur, duke krijuar hije t\u00eb r\u00ebnda.<\/p>\n<div id=\"attachment_116729\" style=\"width: 1700px\" class=\"wp-caption aligncenter\"><a href=\"https:\/\/sdk.mk\/wp-content\/uploads\/2020\/05\/ezero-treska-6-26.05.2020.jpg\"><img aria-describedby=\"caption-attachment-116729\" loading=\"lazy\" class=\"wp-image-116729 size-full\" src=\"https:\/\/sdk.mk\/wp-content\/uploads\/2020\/05\/ezero-treska-6-26.05.2020.jpg\" alt=\"\" width=\"1690\" height=\"970\" srcset=\"https:\/\/sdk.mk\/wp-content\/uploads\/2020\/05\/ezero-treska-6-26.05.2020.jpg 1690w, https:\/\/sdk.mk\/wp-content\/uploads\/2020\/05\/ezero-treska-6-26.05.2020-250x143.jpg 250w, https:\/\/sdk.mk\/wp-content\/uploads\/2020\/05\/ezero-treska-6-26.05.2020-400x230.jpg 400w, https:\/\/sdk.mk\/wp-content\/uploads\/2020\/05\/ezero-treska-6-26.05.2020-768x441.jpg 768w, https:\/\/sdk.mk\/wp-content\/uploads\/2020\/05\/ezero-treska-6-26.05.2020-650x373.jpg 650w, https:\/\/sdk.mk\/wp-content\/uploads\/2020\/05\/ezero-treska-6-26.05.2020-150x86.jpg 150w, https:\/\/sdk.mk\/wp-content\/uploads\/2020\/05\/ezero-treska-6-26.05.2020-800x459.jpg 800w, https:\/\/sdk.mk\/wp-content\/uploads\/2020\/05\/ezero-treska-6-26.05.2020-1200x689.jpg 1200w, https:\/\/sdk.mk\/wp-content\/uploads\/2020\/05\/ezero-treska-6-26.05.2020-1600x918.jpg 1600w\" sizes=\"(max-width: 1690px) 100vw, 1690px\" \/><\/a><p id=\"caption-attachment-116729\" class=\"wp-caption-text\">Restorantet, bungalot, tarracat verore dhe tualetet jan\u00eb prishur dhe shkat\u00ebrruar, nd\u00ebrsa garderobat dhe dushet jan\u00eb zhdukur. (Foto: Gj. Li\u00e7ovski)<\/p><\/div>\n<p>Uji n\u00eb liqen q\u00eb nga viti 1998 \u00ebsht\u00eb deklaruar bakteriologjikisht i d\u00ebmsh\u00ebm, por pavar\u00ebsisht k\u00ebsaj ne has\u00ebm dhjet\u00eb f\u00ebmij\u00eb q\u00eb po laheshin.\u00a0 M\u00eb posht\u00eb, dy vizitor\u00eb po rreziteshin, t\u00eb tjer\u00eb erdh\u00ebn p\u00ebr t\u00eb peshkuar dhe kishte disa qytetar\u00eb q\u00eb sh\u00ebtisnin rreth liqenit.<\/p>\n<p>P\u00ebrkund\u00ebr gjendjes s\u00eb d\u00ebshp\u00ebruar t\u00eb kompleksit, shum\u00eb prej kampist\u00ebve t\u00eb cil\u00ebt kan\u00eb pasur rimorkio me vite jan\u00eb akoma k\u00ebtu k\u00ebt\u00eb ver\u00eb. N\u00eb Tresk\u00eb ka rreth 550 rimokio dhe gati 300 prej tyre p\u00ebrdoren \u00e7do sezon\u00eb.<\/p>\n<p>&#8220;E shihni sa d\u00ebshp\u00ebruese duket perla e dikurshme e Shkupit, nd\u00ebrsa ne paguajm\u00eb \u00e7mim m\u00eb t\u00eb lart\u00eb. Paguajm\u00eb12,000 denar\u00eb p\u00ebr t\u00ebr\u00eb sezonin, dhe nuk marrim asgj\u00eb nga Komuna e Sarajit. Bari nuk kositet, mbeturinat nuk mblidhen, nd\u00ebrksa sot festojm\u00eb vet\u00ebm sepse erdh\u00ebn kamion\u00ebt p\u00ebr t\u00eb pastruar. Tualetet jan\u00eb n\u00eb nj\u00eb gjendje t\u00eb tmerrshme. Ne vet\u00eb mir\u00ebmbajm\u00eb nj\u00eb tualet.\u00a0 N\u00ebse vjen n\u00eb kontroll inspeksioni sanitar, do t\u00eb mbyll\u00eb kampin&#8221;, tha Aco Ginovski, i cili p\u00ebr 32 vjet, nga maji n\u00eb shtator e ka pasur zakoni q\u00eb t\u00eb q\u00ebndroj\u00eb n\u00eb rimokion e tij n\u00eb Liqenin e Tresk\u00ebs.<\/p>\n<div id=\"attachment_116730\" style=\"width: 1698px\" class=\"wp-caption aligncenter\"><a href=\"https:\/\/sdk.mk\/wp-content\/uploads\/2020\/05\/ezero-treska-9-26.05.2020.jpg\"><img aria-describedby=\"caption-attachment-116730\" loading=\"lazy\" class=\"wp-image-116730 size-full\" src=\"https:\/\/sdk.mk\/wp-content\/uploads\/2020\/05\/ezero-treska-9-26.05.2020.jpg\" alt=\"\" width=\"1688\" height=\"1018\" srcset=\"https:\/\/sdk.mk\/wp-content\/uploads\/2020\/05\/ezero-treska-9-26.05.2020.jpg 1688w, https:\/\/sdk.mk\/wp-content\/uploads\/2020\/05\/ezero-treska-9-26.05.2020-250x151.jpg 250w, https:\/\/sdk.mk\/wp-content\/uploads\/2020\/05\/ezero-treska-9-26.05.2020-400x241.jpg 400w, https:\/\/sdk.mk\/wp-content\/uploads\/2020\/05\/ezero-treska-9-26.05.2020-768x463.jpg 768w, https:\/\/sdk.mk\/wp-content\/uploads\/2020\/05\/ezero-treska-9-26.05.2020-650x392.jpg 650w, https:\/\/sdk.mk\/wp-content\/uploads\/2020\/05\/ezero-treska-9-26.05.2020-150x90.jpg 150w, https:\/\/sdk.mk\/wp-content\/uploads\/2020\/05\/ezero-treska-9-26.05.2020-800x482.jpg 800w, https:\/\/sdk.mk\/wp-content\/uploads\/2020\/05\/ezero-treska-9-26.05.2020-1200x724.jpg 1200w, https:\/\/sdk.mk\/wp-content\/uploads\/2020\/05\/ezero-treska-9-26.05.2020-1600x965.jpg 1600w\" sizes=\"(max-width: 1688px) 100vw, 1688px\" \/><\/a><p id=\"caption-attachment-116730\" class=\"wp-caption-text\">&#8220;Sa her\u00eb rr\u00ebnqethem kur hyj n\u00eb der\u00ebn kryesore dhe shikoj se n\u00eb \u00e7far\u00eb \u00ebsht\u00eb shnd\u00ebrruar liqeni i cili \u00ebsht\u00eb i secilit prej nesh, sepse vet\u00eb ne, qytetar\u00ebt, kemi dh\u00ebn\u00eb para p\u00ebr ta nd\u00ebrtuar&#8221;, tha Aco Ginovski, nj\u00eb nga kampist\u00ebt q\u00eb p\u00ebr m\u00eb shum\u00eb se 30 vjet ka nj\u00eb rimorkio n\u00eb bregun e k\u00ebtij liqeni. (Foto: Gj. Li\u00e7ovski)<\/p><\/div>\n<p>Ai thot\u00eb se situata deri 7 vjet m\u00eb par\u00eb, kur kompleksi ishte n\u00ebn juridiksionin e Qytetit t\u00eb Shkupit dhe mir\u00ebmbajtja e NSH&#8221;Parqet dhe Gjelb\u00ebrim&#8221;, ishte m\u00eb e mir\u00eb. Kishte nj\u00eb sh\u00ebrbim roje, mir\u00ebmbajtje t\u00eb gjelb\u00ebrimit dhe mbledhje t\u00eb rregullt t\u00eb mbeturinave.<\/p>\n<p>&#8220;Sa her\u00eb rr\u00ebnqethem kur hyj n\u00eb der\u00ebn kryesore\u00a0 dhe shikoj se n\u00eb \u00e7far\u00eb \u00ebsht\u00eb shnd\u00ebrruar liqeni i cili \u00ebsht\u00eb i secilit prej nesh, sepse vet\u00eb ne, qytetar\u00ebt, kemi dh\u00ebn\u00eb para p\u00ebr ta nd\u00ebrtuar&#8221;, tha Aco Ginovski, nj\u00eb nga kampist\u00ebt q\u00eb p\u00ebr m\u00eb shum\u00eb se 30 vjet ka nj\u00eb rimorkio n\u00eb bregun e k\u00ebtij liqeni. Kur mblidhemi bashk\u00eb me kampet e fqinj\u00ebve nat\u00ebn, kujtojm\u00eb me nostalgji dhe dhimbje koh\u00ebn e kaluar. T\u00eb gjitha restorantet dhe kafenet\u00eb ishin plot, d\u00ebgjoheshin z\u00ebra dhe t\u00eb qeshura f\u00ebmij\u00ebsh kudo, nuk kishte vend q\u00eb as edhe nj\u00eb peshqir t\u00eb shtrohet n\u00eb plazh. Tualetet ishin t\u00eb pastra, me sapun, let\u00ebr higjienike dhe madje edhe rroje. &#8220;Gjithashtu edhe nat\u00ebn ishte plot me njer\u00ebz, b\u00ebheshin xhiro n\u00ebp\u00ebr liqen si n\u00eb korzon e dikurshme&#8221;, thot\u00eb Aco.<\/p>\n<div id=\"attachment_116728\" style=\"width: 1690px\" class=\"wp-caption aligncenter\"><a href=\"https:\/\/sdk.mk\/wp-content\/uploads\/2020\/05\/ezero-treska-24-26.05.2020.jpg\"><img aria-describedby=\"caption-attachment-116728\" loading=\"lazy\" class=\"wp-image-116728 size-full\" src=\"https:\/\/sdk.mk\/wp-content\/uploads\/2020\/05\/ezero-treska-24-26.05.2020.jpg\" alt=\"\" width=\"1680\" height=\"976\" srcset=\"https:\/\/sdk.mk\/wp-content\/uploads\/2020\/05\/ezero-treska-24-26.05.2020.jpg 1680w, https:\/\/sdk.mk\/wp-content\/uploads\/2020\/05\/ezero-treska-24-26.05.2020-250x145.jpg 250w, https:\/\/sdk.mk\/wp-content\/uploads\/2020\/05\/ezero-treska-24-26.05.2020-400x232.jpg 400w, https:\/\/sdk.mk\/wp-content\/uploads\/2020\/05\/ezero-treska-24-26.05.2020-768x446.jpg 768w, https:\/\/sdk.mk\/wp-content\/uploads\/2020\/05\/ezero-treska-24-26.05.2020-650x378.jpg 650w, https:\/\/sdk.mk\/wp-content\/uploads\/2020\/05\/ezero-treska-24-26.05.2020-150x87.jpg 150w, https:\/\/sdk.mk\/wp-content\/uploads\/2020\/05\/ezero-treska-24-26.05.2020-800x465.jpg 800w, https:\/\/sdk.mk\/wp-content\/uploads\/2020\/05\/ezero-treska-24-26.05.2020-1200x697.jpg 1200w, https:\/\/sdk.mk\/wp-content\/uploads\/2020\/05\/ezero-treska-24-26.05.2020-1600x930.jpg 1600w\" sizes=\"(max-width: 1680px) 100vw, 1680px\" \/><\/a><p id=\"caption-attachment-116728\" class=\"wp-caption-text\">Kryetari i Komun\u00ebs s\u00eb Sarajit, Blerim Bexheti, thot\u00eb se k\u00ebt\u00eb ver\u00eb plani i detajuar urbanistik do t\u00eb jet\u00eb gati dhe pas k\u00ebsaj do t\u00eb k\u00ebrkohet investitor q\u00eb ta kthej\u00eb at\u00eb n\u00eb funksion. (Foto: Gj. Li\u00e7ovski)<\/p><\/div>\n<p>Kampist\u00ebt thon\u00eb se d\u00ebgjojn\u00eb premtime nga \u00e7do kryetar, nga \u00e7do qeveri e re, se si kompleksi turistik do t\u00eb rikthehet n\u00eb gjendje funksionale.<\/p>\n<p>&#8220;D\u00ebgjojm\u00eb fjal\u00eb se do ta marrin turqit, pastaj na thon\u00eb se ka investitor nga Arabia Saudite, por k\u00ebto jan\u00eb vet\u00ebm fjal\u00eb.\u00a0 Shikoni, kan\u00eb kaluar 20 vjet q\u00eb kur \u00ebsht\u00eb mbyllur p\u00ebr larje dhe po shkat\u00ebrrohet gjithnj\u00eb e m\u00eb shum\u00eb \u00e7do dit\u00eb. Dhan\u00eb aq shum\u00eb para p\u00ebr plazhe dhe monumente n\u00eb qend\u00ebr t\u00eb qytetit, sa nuk menduan t\u00eb investojn\u00eb asgj\u00eb k\u00ebtu &#8220;, thot\u00eb Ivica, i cili me familjen e tij p\u00ebr 30 vjet ka b\u00ebr\u00eb kamp n\u00eb Tresk\u00eb.<\/p>\n<div id=\"attachment_116731\" style=\"width: 719px\" class=\"wp-caption aligncenter\"><a href=\"https:\/\/sdk.mk\/wp-content\/uploads\/2020\/05\/ezero-treska-arhivska-fotografija.jpg\"><img aria-describedby=\"caption-attachment-116731\" loading=\"lazy\" class=\"wp-image-116731 size-full\" src=\"https:\/\/sdk.mk\/wp-content\/uploads\/2020\/05\/ezero-treska-arhivska-fotografija.jpg\" alt=\"\" width=\"709\" height=\"691\" srcset=\"https:\/\/sdk.mk\/wp-content\/uploads\/2020\/05\/ezero-treska-arhivska-fotografija.jpg 709w, https:\/\/sdk.mk\/wp-content\/uploads\/2020\/05\/ezero-treska-arhivska-fotografija-250x244.jpg 250w, https:\/\/sdk.mk\/wp-content\/uploads\/2020\/05\/ezero-treska-arhivska-fotografija-400x390.jpg 400w, https:\/\/sdk.mk\/wp-content\/uploads\/2020\/05\/ezero-treska-arhivska-fotografija-650x633.jpg 650w, https:\/\/sdk.mk\/wp-content\/uploads\/2020\/05\/ezero-treska-arhivska-fotografija-150x146.jpg 150w\" sizes=\"(max-width: 709px) 100vw, 709px\" \/><\/a><p id=\"caption-attachment-116731\" class=\"wp-caption-text\">Liqeni i Tresk\u00ebs ishte vendi kryesor p\u00ebr piknik p\u00ebr banor\u00ebt e Shkupit, ve\u00e7an\u00ebrisht n\u00eb muajt e ver\u00ebs. (Foto: Arkiva)<\/p><\/div>\n<p>Liqeni i Tresk\u00ebsi \u00ebsht\u00eb dor\u00ebzuar Komun\u00ebs s\u00eb Sarajit n\u00eb vitin 2013, me vendim t\u00eb Qeveris\u00eb t\u00eb udh\u00ebhequr nga VMRO-DPMNE. T\u00eb gjith\u00eb kryetar\u00ebt e bashkive njoftojn\u00eb se do ta vendosin kompleksin p\u00ebrs\u00ebri n\u00eb funksion me nj\u00eb partner privat t\u00eb huaj. Por kjo nuk ndodhi kurr\u00eb.<\/p>\n<p>Qeveria e drejtuar nga LSDM vitin e kaluar konvertoi nj\u00eb pjes\u00eb t\u00eb tok\u00ebs bujq\u00ebsore n\u00eb fshatrat Gllumov\u00eb dhe Shishev\u00eb rreth liqenit, n\u00eb toka nd\u00ebrtimore, n\u00eb m\u00ebnyr\u00eb q\u00eb komuna e Sarajit t\u00eb mund t\u00eb b\u00ebnte nj\u00eb plan t\u00eb detajuar urbanistik. At\u00ebher\u00eb Qeveria tha se ky vendim ishte marr\u00eb n\u00eb m\u00ebnyr\u00eb q\u00eb n\u00eb k\u00ebt\u00eb pjes\u00eb t\u00eb periferis\u00eb s\u00eb kryeqytetit t\u00eb sh\u00ebnjohen pulla p\u00ebr vila fundjave komplekse hoteliere dhe nj\u00eb qend\u00ebr sportive dhe rekreative me q\u00ebllim zhvillimin e eko-turizmit, i cili do ta rikthej\u00eb n\u00eb funksion liqenin.<\/p>\n<p>Kryetari i Komun\u00ebs s\u00eb Sarajit, Blerim Bexheti, thot\u00eb se Plani i Detajuar i Komun\u00ebs \u00ebsht\u00eb p\u00ebrgatitur dhe dor\u00ebzuar p\u00ebr miratim n\u00eb Qytetin e Shkupit. Ai pret q\u00eb t\u00eb marr\u00eb t\u00eb gjitha mendimet pozitive k\u00ebt\u00eb ver\u00eb, n\u00eb m\u00ebnyr\u00eb q\u00eb t\u00eb filloj\u00eb procedura e kthimit t\u00eb liqenit n\u00eb funksion.<\/p>\n<div id=\"attachment_116732\" style=\"width: 1710px\" class=\"wp-caption alignnone\"><a href=\"https:\/\/sdk.mk\/wp-content\/uploads\/2020\/05\/ezero-treska-13-26.05.2020.jpg\"><img aria-describedby=\"caption-attachment-116732\" loading=\"lazy\" class=\"wp-image-116732 size-full\" src=\"https:\/\/sdk.mk\/wp-content\/uploads\/2020\/05\/ezero-treska-13-26.05.2020.jpg\" alt=\"\" width=\"1700\" height=\"1059\" srcset=\"https:\/\/sdk.mk\/wp-content\/uploads\/2020\/05\/ezero-treska-13-26.05.2020.jpg 1700w, https:\/\/sdk.mk\/wp-content\/uploads\/2020\/05\/ezero-treska-13-26.05.2020-250x156.jpg 250w, https:\/\/sdk.mk\/wp-content\/uploads\/2020\/05\/ezero-treska-13-26.05.2020-400x249.jpg 400w, https:\/\/sdk.mk\/wp-content\/uploads\/2020\/05\/ezero-treska-13-26.05.2020-768x478.jpg 768w, https:\/\/sdk.mk\/wp-content\/uploads\/2020\/05\/ezero-treska-13-26.05.2020-650x405.jpg 650w, https:\/\/sdk.mk\/wp-content\/uploads\/2020\/05\/ezero-treska-13-26.05.2020-150x93.jpg 150w, https:\/\/sdk.mk\/wp-content\/uploads\/2020\/05\/ezero-treska-13-26.05.2020-800x498.jpg 800w, https:\/\/sdk.mk\/wp-content\/uploads\/2020\/05\/ezero-treska-13-26.05.2020-1200x748.jpg 1200w, https:\/\/sdk.mk\/wp-content\/uploads\/2020\/05\/ezero-treska-13-26.05.2020-1600x997.jpg 1600w\" sizes=\"(max-width: 1700px) 100vw, 1700px\" \/><\/a><p id=\"caption-attachment-116732\" class=\"wp-caption-text\">Kampist\u00ebt thon\u00eb se Komuna e Sarajit ka muaj q\u00eb nuk i ka mbledhur mbeturinat. (Foto: Gj. Li\u00e7ovski)<\/p><\/div>\n<p>&#8220;Un\u00eb pres q\u00eb deri n\u00eb fund t\u00eb jav\u00ebs t\u00eb marrim nj\u00eb mendim pozitiv nga Qyteti i Shkupit rreth planit. T\u00eb tilla jan\u00eb njoftimet q\u00eb andej. Kemi t\u00eb nj\u00ebjtat mendime me kryetarin e Shkupit, Petre Shilegov, lidhur me k\u00ebt\u00eb projekt. M\u00eb pas projekti duhet t\u00eb aprovohet nga Ministria e Mjedisit dhe Ministria e Transportit dhe Lidhjeve dhe n\u00eb fund edhe nga K\u00ebshilli i Komun\u00ebs s\u00eb Sarajit. Nuk do t\u00eb doja t\u00eb ndaja detaje n\u00eb lidhje me p\u00ebrmbajtjen e planit ton\u00eb tani. Sapo t\u00eb miratohet, do ta prezantoj para publikut. Sigurisht, ne vet\u00eb si Komun\u00eb nuk jemi n\u00eb gjendje t\u00eb investojm\u00eb, k\u00ebshtu q\u00eb do t\u00eb k\u00ebrkojm\u00eb nj\u00eb partner privat. &#8220;Ka investitor\u00eb t\u00eb interesuar q\u00eb telefonojn\u00eb vazhdimisht dhe jan\u00eb t\u00eb interesuar se deri ku q\u00ebndron plani&#8221;, thot\u00eb Bexheti.<\/p>\n<p>Lidhur me deklaratat e kampeve se Komuna nuk e pastron apo mir\u00ebmban kompleksin, Bexheti thot\u00eb se t\u00eb gjith\u00eb kan\u00eb t\u00eb drejt\u00eb t\u00eb ken\u00eb mendimin e tyre.<\/p>\n<p>&#8220;Un\u00eb gjithashtu ankohem se ata nuk po paguajn\u00eb tarif\u00ebn p\u00ebr p\u00ebrdorimin e hap\u00ebsir\u00ebs&#8221;, shtoi Bexheti.<\/p>\n<div id=\"attachment_116727\" style=\"width: 1693px\" class=\"wp-caption aligncenter\"><a href=\"https:\/\/sdk.mk\/wp-content\/uploads\/2020\/05\/ezero-treska-14-26.05.2020.jpg\"><img aria-describedby=\"caption-attachment-116727\" loading=\"lazy\" class=\"wp-image-116727 size-full\" src=\"https:\/\/sdk.mk\/wp-content\/uploads\/2020\/05\/ezero-treska-14-26.05.2020.jpg\" alt=\"\" width=\"1683\" height=\"931\" srcset=\"https:\/\/sdk.mk\/wp-content\/uploads\/2020\/05\/ezero-treska-14-26.05.2020.jpg 1683w, https:\/\/sdk.mk\/wp-content\/uploads\/2020\/05\/ezero-treska-14-26.05.2020-250x138.jpg 250w, https:\/\/sdk.mk\/wp-content\/uploads\/2020\/05\/ezero-treska-14-26.05.2020-400x221.jpg 400w, https:\/\/sdk.mk\/wp-content\/uploads\/2020\/05\/ezero-treska-14-26.05.2020-768x425.jpg 768w, https:\/\/sdk.mk\/wp-content\/uploads\/2020\/05\/ezero-treska-14-26.05.2020-650x360.jpg 650w, https:\/\/sdk.mk\/wp-content\/uploads\/2020\/05\/ezero-treska-14-26.05.2020-150x83.jpg 150w, https:\/\/sdk.mk\/wp-content\/uploads\/2020\/05\/ezero-treska-14-26.05.2020-800x443.jpg 800w, https:\/\/sdk.mk\/wp-content\/uploads\/2020\/05\/ezero-treska-14-26.05.2020-1200x664.jpg 1200w, https:\/\/sdk.mk\/wp-content\/uploads\/2020\/05\/ezero-treska-14-26.05.2020-1600x885.jpg 1600w\" sizes=\"(max-width: 1683px) 100vw, 1683px\" \/><\/a><p id=\"caption-attachment-116727\" class=\"wp-caption-text\">Uji n\u00eb liqen n\u00eb 1998 u shpall bakteriologjikisht i d\u00ebmsh\u00ebm. (Foto: Gj. Li\u00e7ovski)<\/p><\/div>\n<p>Kryetari i Shkupit Petre Shilegov, gjithashtu, n\u00eb programin dhe fushat\u00ebn e tij zgjedhore, premtoi se do ta kthej\u00eb Liqenin e Tresk\u00ebs te banor\u00ebt e Shkupit dhe do t\u00eb nd\u00ebrtohet nj\u00eb impiant trajtimi p\u00ebr ta mbajtur ujin t\u00eb past\u00ebr dhe t\u00eb sigurt p\u00ebr larje.\u00a0 Shilegov tani thot\u00eb se me k\u00ebt\u00eb projekt dhe investimet e ardhshme, hap\u00ebsira do t\u00eb rregullohet dhe vendoset p\u00ebrs\u00ebri n\u00eb pun\u00eb. Ai kujton se qeveria e fundit ia dha Liqenin Komun\u00ebs s\u00eb Sarajit dhe tani pushteti vendor po vazhdon procedur\u00ebn.<\/p>\n<p>&#8220;Dy vjet m\u00eb par\u00eb, zona e Liqenit t\u00eb Tresk\u00ebs ishte shpallur zon\u00eb turistike, n\u00eb m\u00ebnyr\u00eb q\u00eb t\u00eb mund t\u00eb t\u00ebrhiqte m\u00eb shum\u00eb investitor\u00eb p\u00ebr restaurimin e saj.\u00a0 Plani i detajuar urbanistik p\u00ebr k\u00ebt\u00eb pjes\u00eb po p\u00ebrgatitet n\u00eb Komun\u00ebn e Sarajit, di\u00e7ka q\u00eb nuk ka ndodhur m\u00eb par\u00eb. Brenda k\u00ebtij plani urbanistik, do t\u00eb planifikohen p\u00ebrmbajtje dhe do t\u00eb zhvillohet nj\u00eb investim q\u00eb do t\u00eb garantoj\u00eb se Liqeni i Tresk\u00ebs do t\u00eb kthehet n\u00eb funksion t\u00eb plot\u00eb rekreativ, por edhe turistik&#8221;, tha Shilegovi.<\/p>\n<p><em><strong>A. ANTEVSKA\u00a0<\/strong><\/em><\/p>\n\n<div style=\"font-size: 0px; height: 0px; line-height: 0px; margin: 0; padding: 0; clear: both;\"><\/div>","protected":false},"excerpt":{"rendered":"<p>N\u00eb 1978, me kontibuimin e vet\u00eb qytetar\u00ebve t\u00eb Shkupit, u nd\u00ebrtua Liqeni i Tresk\u00ebs. Me nj\u00eb sip\u00ebrfaqe prej 136,000 metrash [&hellip;]<\/p>\n","protected":false},"author":25,"featured_media":116733,"comment_status":"closed","ping_status":"closed","sticky":false,"template":"","format":"standard","meta":{"_mo_disable_npp":"","inline_featured_image":false},"categories":[3095],"tags":[],"imageURL":"https:\/\/sdk.mk\/wp-content\/uploads\/2020\/05\/ezero-treska-20-26.05.2020-650x371.jpg","thumbURL":"https:\/\/sdk.mk\/wp-content\/uploads\/2020\/05\/ezero-treska-20-26.05.2020-250x143.jpg","categoryNames":["Rrjeti i korrespondent\u00ebve"],"feature_caption":"Liqeni i Tresk\u00ebs, i nd\u00ebrtuar me parat\u00eb e vet\u00eb qytetar\u00ebve t\u00eb Shkupit, jetoi vet\u00ebm 20 vjet. N\u00eb vitin 1998, p\u00ebr shkak t\u00eb ndotjes s\u00eb ujit, u ndalua larja n\u00eb t\u00eb dhe q\u00eb at\u00ebher\u00eb filloi dhe degradimi i gjith\u00eb vendit. (Foto: Gj. Li\u00e7ovski) ","subtitle":" Qeveria ka shnd\u00ebrruar nj\u00eb pjes\u00eb t\u00eb tok\u00ebs bujq\u00ebsore n\u00eb fshatrat Gllumov\u00eb dhe Shishev\u00eb n\u00eb tok\u00eb nd\u00ebrtimore, n\u00eb m\u00ebnyr\u00eb q\u00eb Komuna e Sarajit n\u00eb k\u00ebt\u00eb pjes\u00eb t\u00eb periferis\u00eb s\u00eb kryeqytetit t\u00eb mund t\u00eb vendos\u00eb pulla dhe t\u00eb nd\u00ebrtoj\u00eb nj\u00eb vendbanim me vila, kompleks hotelier dhe qend\u00ebr sporti dhe rekreacioni ","views":"12303","source":"Shkup, (SAKAMDAKAZAM.MK)","yoast_head":"<!-- This site is optimized with the Yoast SEO Premium plugin v15.0 - https:\/\/yoast.com\/wordpress\/plugins\/seo\/ -->\n<title>LIQENI I TRESK\u00cbS PRET INVESTITOR, TOKA RRETH TIJ \u00cbSHT\u00cb SHND\u00cbRRUAR NGA BUJQ\u00cbSORE N\u00cb ND\u00cbRTIMORE - \u0421\u0430\u043a\u0430\u043c \u0414\u0430 \u041a\u0430\u0436\u0430\u043c<\/title>\n<meta name=\"robots\" content=\"index, follow, max-snippet:-1, max-image-preview:large, max-video-preview:-1\" \/>\n<link rel=\"canonical\" href=\"https:\/\/sdk.mk\/index.php\/rrjeti-i-korrespondenteve\/liqeni-i-treskes-pret-investitor-toka-rreth-tij-eshte-shnderruar-nga-bujqesore-ne-ndertimore\/\" \/>\n<meta property=\"og:locale\" content=\"mk_MK\" \/>\n<meta property=\"og:type\" content=\"article\" \/>\n<meta property=\"og:title\" content=\"LIQENI I TRESK\u00cbS PRET INVESTITOR, TOKA RRETH TIJ \u00cbSHT\u00cb SHND\u00cbRRUAR NGA BUJQ\u00cbSORE N\u00cb ND\u00cbRTIMORE - \u0421\u0430\u043a\u0430\u043c \u0414\u0430 \u041a\u0430\u0436\u0430\u043c\" \/>\n<meta property=\"og:description\" content=\"N\u00eb 1978, me kontibuimin e vet\u00eb qytetar\u00ebve t\u00eb Shkupit, u nd\u00ebrtua Liqeni i Tresk\u00ebs. Me nj\u00eb sip\u00ebrfaqe prej 136,000 metrash [&hellip;]\" \/>\n<meta property=\"og:url\" content=\"https:\/\/sdk.mk\/index.php\/rrjeti-i-korrespondenteve\/liqeni-i-treskes-pret-investitor-toka-rreth-tij-eshte-shnderruar-nga-bujqesore-ne-ndertimore\/\" \/>\n<meta property=\"og:site_name\" content=\"\u0421\u0430\u043a\u0430\u043c \u0414\u0430 \u041a\u0430\u0436\u0430\u043c\" \/>\n<meta property=\"article:published_time\" content=\"2020-06-05T15:23:03+00:00\" \/>\n<meta property=\"og:image\" content=\"https:\/\/sdk.mk\/wp-content\/uploads\/2020\/05\/ezero-treska-20-26.05.2020.jpg\" \/>\n\t<meta property=\"og:image:width\" content=\"1677\" \/>\n\t<meta property=\"og:image:height\" content=\"958\" \/>\n<meta property=\"fb:app_id\" content=\"2407985809428537\" \/>\n<meta name=\"twitter:card\" content=\"summary\" \/>\n<script type=\"application\/ld+json\" class=\"yoast-schema-graph\">{\"@context\":\"https:\/\/schema.org\",\"@graph\":[{\"@type\":\"WebSite\",\"@id\":\"https:\/\/sdk.mk\/#website\",\"url\":\"https:\/\/sdk.mk\/\",\"name\":\"\\u0421\\u0430\\u043a\\u0430\\u043c \\u0414\\u0430 \\u041a\\u0430\\u0436\\u0430\\u043c\",\"description\":\"\\u0417\\u0430 \\u0441\\u043b\\u043e\\u0431\\u043e\\u0434\\u043e\\u0443\\u043c\\u043d\\u0438\",\"potentialAction\":[{\"@type\":\"SearchAction\",\"target\":\"https:\/\/sdk.mk\/?s={search_term_string}\",\"query-input\":\"required name=search_term_string\"}],\"inLanguage\":\"mk-MK\"},{\"@type\":\"ImageObject\",\"@id\":\"https:\/\/sdk.mk\/index.php\/rrjeti-i-korrespondenteve\/liqeni-i-treskes-pret-investitor-toka-rreth-tij-eshte-shnderruar-nga-bujqesore-ne-ndertimore\/#primaryimage\",\"inLanguage\":\"mk-MK\",\"url\":\"https:\/\/sdk.mk\/wp-content\/uploads\/2020\/05\/ezero-treska-20-26.05.2020.jpg\",\"width\":1677,\"height\":958},{\"@type\":\"WebPage\",\"@id\":\"https:\/\/sdk.mk\/index.php\/rrjeti-i-korrespondenteve\/liqeni-i-treskes-pret-investitor-toka-rreth-tij-eshte-shnderruar-nga-bujqesore-ne-ndertimore\/#webpage\",\"url\":\"https:\/\/sdk.mk\/index.php\/rrjeti-i-korrespondenteve\/liqeni-i-treskes-pret-investitor-toka-rreth-tij-eshte-shnderruar-nga-bujqesore-ne-ndertimore\/\",\"name\":\"LIQENI I TRESK\\u00cbS PRET INVESTITOR, TOKA RRETH TIJ \\u00cbSHT\\u00cb SHND\\u00cbRRUAR NGA BUJQ\\u00cbSORE N\\u00cb ND\\u00cbRTIMORE - \\u0421\\u0430\\u043a\\u0430\\u043c \\u0414\\u0430 \\u041a\\u0430\\u0436\\u0430\\u043c\",\"isPartOf\":{\"@id\":\"https:\/\/sdk.mk\/#website\"},\"primaryImageOfPage\":{\"@id\":\"https:\/\/sdk.mk\/index.php\/rrjeti-i-korrespondenteve\/liqeni-i-treskes-pret-investitor-toka-rreth-tij-eshte-shnderruar-nga-bujqesore-ne-ndertimore\/#primaryimage\"},\"datePublished\":\"2020-06-05T15:23:03+00:00\",\"dateModified\":\"2020-06-05T15:23:03+00:00\",\"author\":{\"@id\":\"https:\/\/sdk.mk\/#\/schema\/person\/737021aeacbe893f7e2c347186c5c7a1\"},\"inLanguage\":\"mk-MK\",\"potentialAction\":[{\"@type\":\"ReadAction\",\"target\":[\"https:\/\/sdk.mk\/index.php\/rrjeti-i-korrespondenteve\/liqeni-i-treskes-pret-investitor-toka-rreth-tij-eshte-shnderruar-nga-bujqesore-ne-ndertimore\/\"]}]},{\"@type\":\"Person\",\"@id\":\"https:\/\/sdk.mk\/#\/schema\/person\/737021aeacbe893f7e2c347186c5c7a1\",\"name\":\"\\u0424\\u0458\\u043e\\u043b\\u0430 \\u0417\\u043b\\u0430\\u0442\\u043a\\u0443\"}]}<\/script>\n<!-- \/ Yoast SEO Premium plugin. -->","_links":{"self":[{"href":"https:\/\/sdk.mk\/index.php\/wp-json\/wp\/v2\/posts\/117774"}],"collection":[{"href":"https:\/\/sdk.mk\/index.php\/wp-json\/wp\/v2\/posts"}],"about":[{"href":"https:\/\/sdk.mk\/index.php\/wp-json\/wp\/v2\/types\/post"}],"author":[{"embeddable":true,"href":"https:\/\/sdk.mk\/index.php\/wp-json\/wp\/v2\/users\/25"}],"replies":[{"embeddable":true,"href":"https:\/\/sdk.mk\/index.php\/wp-json\/wp\/v2\/comments?post=117774"}],"version-history":[{"count":0,"href":"https:\/\/sdk.mk\/index.php\/wp-json\/wp\/v2\/posts\/117774\/revisions"}],"wp:featuredmedia":[{"embeddable":true,"href":"https:\/\/sdk.mk\/index.php\/wp-json\/wp\/v2\/media\/116733"}],"wp:attachment":[{"href":"https:\/\/sdk.mk\/index.php\/wp-json\/wp\/v2\/media?parent=117774"}],"wp:term":[{"taxonomy":"category","embeddable":true,"href":"https:\/\/sdk.mk\/index.php\/wp-json\/wp\/v2\/categories?post=117774"},{"taxonomy":"post_tag","embeddable":true,"href":"https:\/\/sdk.mk\/index.php\/wp-json\/wp\/v2\/tags?post=117774"}],"curies":[{"name":"wp","href":"https:\/\/api.w.org\/{rel}","templated":true}]}}