{"id":119030,"date":"2020-06-18T14:19:07","date_gmt":"2020-06-18T12:19:07","guid":{"rendered":"https:\/\/sdk.mk\/?p=119030"},"modified":"2020-06-18T14:19:07","modified_gmt":"2020-06-18T12:19:07","slug":"pacientet-me-kancer-ne-gji-nuk-mund-te-bejne-eho-apo-mamografi-ne-shendetin-publik-por-duhet-te-paguajne-neper-klinika-private","status":"publish","type":"post","link":"https:\/\/sdk.mk\/index.php\/histori-te-parrefyera\/pacientet-me-kancer-ne-gji-nuk-mund-te-bejne-eho-apo-mamografi-ne-shendetin-publik-por-duhet-te-paguajne-neper-klinika-private\/","title":{"rendered":"PACIENTET ME KANCER N\u00cb GJI NUK MUND T\u00cb B\u00cbJN\u00cb EHO APO MAMOGRAFI N\u00cb SH\u00cbNDETIN PUBLIK, POR DUHET T\u00cb PAGUAJN\u00cb N\u00cbP\u00cbR KLINIKA PRIVATE"},"content":{"rendered":"<div class=\"f52428582a4b906b2d2e2a7d733c7d27\" data-index=\"7\" style=\"float: none; margin:10px 0 10px 0; text-align:center;\">\n<!-- MSP Ads Asynchronous JS Tag - Generated with Revive Adserver v5.4.1 -->\r\n<ins data-revive-zoneid=\"167\" data-revive-id=\"060fdb01f6430ec164d3519234aa4967\"><\/ins>\r\n<script async src=\"\/\/panel.ads.com.mk\/www\/delivery\/asyncjs.php\"><\/script>\n<\/div>\n<p>Pacient\u00ebve me kancer t\u00eb gjirit u \u00ebsht\u00eb b\u00ebr\u00eb e pamundur t\u00eb b\u00ebjn\u00eb eho ose mamografi n\u00eb sh\u00ebndetin publik dhe p\u00ebr nj\u00eb ekzaminim t\u00eb till\u00eb u duhet t\u00eb shkojn\u00eb n\u00eb nj\u00eb ordinanc\u00eb private q\u00eb ofron sh\u00ebrbime t\u00eb k\u00ebtilla, thon\u00eb nga &#8220;\u0409\u0443\u0431\u043e\u0432 \u0441\u043c\u0435 &#8211; Jemi dashuri&#8221;, nj\u00eb grup joformal n\u00eb rrjetet sociale, q\u00ebllimi i t\u00eb cilit \u00ebsht\u00eb t\u00eb mb\u00ebshtesin personat me kancer. Por, ata shtojn\u00eb, problemi \u00ebsht\u00eb se disa prej tyre nuk mund ta p\u00ebrballojn\u00eb kontrollin financiarisht, nd\u00ebrsa t\u00eb tjer\u00ebt kan\u00eb frik\u00eb t\u00eb &#8220;p\u00ebrzihen&#8221; me njer\u00ebzit dhe kan\u00eb vendosur q\u00eb ta shtyjn\u00eb at\u00eb.<\/p>\n<p>&#8220;Fatkeq\u00ebsisht, kimioterapit\u00eb, edhe pse nj\u00eb aleat i mir\u00eb n\u00eb luft\u00ebn kund\u00ebr kancerit, mund t\u00eb ndikojn\u00eb n\u00eb shum\u00eb organe, gj\u00eb q\u00eb sigurisht q\u00eb \u00ebsht\u00eb nj\u00eb arsye se pse pacient\u00ebt e onkologjis\u00eb vizitojn\u00eb specialist\u00eb n\u00eb fusha t\u00eb ndryshme si kardiologjia dhe gjinekologjia. Nj\u00eb pjes\u00eb e pacient\u00ebve n\u00eb k\u00ebt\u00eb pandemi nuk zgjedhin t\u2019i b\u00ebjn\u00eb k\u00ebto ekzaminime, dhe arsyeja p\u00ebr k\u00ebt\u00eb \u00ebsht\u00eb frika se mos infektohen, k\u00ebshtu q\u00eb n\u00eb t\u00eb nj\u00ebjt\u00ebn koh\u00eb ata zvog\u00eblojn\u00eb rrezikun e virusit, por rrisin rrezikun e vonimit t\u00eb vizit\u00ebs te mjeku. Prandaj ne apelojm\u00eb drejt publikut ton\u00eb q\u00eb t\u00eb respektoj\u00eb masat n\u00eb m\u00ebnyr\u00eb q\u00eb virusi t\u00eb \u00e7rr\u00ebnjoset sa m\u00eb shpejt dhe k\u00ebshtu t\u00eb mos p\u00ebrkeq\u00ebsohet gjendja e personave me kancer\u201d, tha Makedonka Ikonomova-Dav\u00e7eva nga Shoqata.<\/p>\n<p>Ministria e Sh\u00ebndet\u00ebsis\u00eb konfirmoi p\u00ebr SAKAMDAKAZAM.MK se &#8220;mamografia, duke pasur parasysh situat\u00ebn aktuale me KOVID-19, kryhet n\u00eb nj\u00eb num\u00ebr minimal&#8221;, duke shtuar se t\u00eb gjith\u00eb pacient\u00ebt me udh\u00ebzim urgjent 24-or\u00ebsh pranohen pa penges\u00eb.<\/p>\n<p>Nga kabineti i Ministrit Venko Filip\u00e7e nuk mund t\u00eb japin nj\u00eb p\u00ebrjgigje rreth asaj se kur do t\u00eb normalizohet puna e spitaleve n\u00eb sh\u00ebndetin publik.<\/p>\n<p>M\u00eb 17 mars, Klinika p\u00ebr Radioterapi dhe Onkologji n\u00eb Shkup njoftoi se t\u00eb gjitha terminet e pacient\u00ebve p\u00ebr kontrolle t\u00eb rregullta po shtyhen, nd\u00ebrsa pacient\u00ebt q\u00eb marrin kimioterapi dhe imunoterapi gjat\u00eb k\u00ebsaj periudhe, duhet t\u00eb vazhdojn\u00eb t\u00eb paraqiten rregullisht n\u00eb terminin e caktuar, n\u00eb m\u00ebnyr\u00eb q\u00eb t\u00eb marrin me koh\u00eb terapin\u00eb e duhur. Klinika rekomandoi q\u00eb terapia me pilula t\u00eb merret nga nj\u00eb prej an\u00ebtar\u00ebve t\u00eb familjes s\u00eb pacientit.<\/p>\n<div id=\"attachment_69028\" style=\"width: 660px\" class=\"wp-caption alignnone\"><a href=\"https:\/\/sdk.mk\/wp-content\/uploads\/2018\/09\/Onkologija02.jpg\"><img aria-describedby=\"caption-attachment-69028\" loading=\"lazy\" class=\"wp-image-69028 size-large\" src=\"https:\/\/sdk.mk\/wp-content\/uploads\/2018\/09\/Onkologija02-650x343.jpg\" alt=\"\" width=\"650\" height=\"343\" srcset=\"https:\/\/sdk.mk\/wp-content\/uploads\/2018\/09\/Onkologija02-650x343.jpg 650w, https:\/\/sdk.mk\/wp-content\/uploads\/2018\/09\/Onkologija02-250x132.jpg 250w, https:\/\/sdk.mk\/wp-content\/uploads\/2018\/09\/Onkologija02-400x211.jpg 400w, https:\/\/sdk.mk\/wp-content\/uploads\/2018\/09\/Onkologija02-768x405.jpg 768w, https:\/\/sdk.mk\/wp-content\/uploads\/2018\/09\/Onkologija02-150x79.jpg 150w, https:\/\/sdk.mk\/wp-content\/uploads\/2018\/09\/Onkologija02-800x422.jpg 800w, https:\/\/sdk.mk\/wp-content\/uploads\/2018\/09\/Onkologija02.jpg 935w\" sizes=\"(max-width: 650px) 100vw, 650px\" \/><\/a><p id=\"caption-attachment-69028\" class=\"wp-caption-text\">Klinika e Radioterapis\u00eb dhe Onkologjis\u00eb n\u00eb fillim t\u00eb kriz\u00ebs s\u00eb koron\u00ebs rekomandoi q\u00eb terapia pilula t\u00eb merret nga nj\u00eb prej an\u00ebtar\u00ebve t\u00eb familjes s\u00eb pacientit. (Foto: SDK.MK)<\/p><\/div>\n<p>&#8220;N\u00ebse pacient\u00ebt kan\u00eb pyetje t\u00eb tjera, mund t\u00eb telefonojn\u00eb n\u00eb numrin e klinik\u00ebs: 02-314-7900. Sh\u00ebrbimet gjat\u00eb kujdestaris\u00eb n\u00eb onkologji vazhdojn\u00eb t\u00eb funksionojn\u00eb si m\u00eb par\u00eb \u201d, than\u00eb nga Klinika p\u00ebr Radioterapi dhe Onkologji.<\/p>\n<p>Sa i p\u00ebrket qasjes drej sh\u00ebrbimeve mjek\u00ebsore gjat\u00eb kriz\u00ebs s\u00eb koron\u00ebs, Ikonomova-Dav\u00e7eva pajtohet se q\u00ebllimi i k\u00ebtij vendimi t\u00eb drejtorit t\u00eb Klinik\u00ebs ishte ulja e nivelit t\u00eb qarkullimit t\u00eb njer\u00ebzve, me an\u00eb t\u00eb s\u00eb cil\u00ebs do t\u00eb b\u00ebhet edhe rritja e hap\u00ebsir\u00ebs p\u00ebr ruajtjen e distanc\u00ebs s\u00eb nevojshme sociale.\u00a0 Kimioterapit\u00eb dhe rrezatimi jan\u00eb zhvilluar pa probleme gjat\u00eb gjith\u00eb k\u00ebsaj kohe, tha ajo, por kontrollet jan\u00eb anuluar, p\u00ebrve\u00e7 rasteve urgjente, n\u00eb m\u00ebnyr\u00eb q\u00eb tani p\u00ebrs\u00ebri t\u00eb mund t\u00eb fillojn\u00eb t\u00eb caktohen.<\/p>\n<p>&#8220;P\u00ebr fat t\u00eb mir\u00eb, m\u00eb shum\u00eb se nj\u00eb muaj m\u00eb par\u00eb, terapia me pilula nga Shkupi filloi t\u00eb shp\u00ebrndahet n\u00eb Manastir, Shtip dhe Tetov\u00eb, k\u00ebshtu q\u00eb pacient\u00ebve t\u00eb onkologjis\u00eb u \u00ebsht\u00eb mund\u00ebsuar nj\u00eb qasje m\u00eb e madhe ndaj ila\u00e7eve&#8221;, shtoi ajo.<\/p>\n<p>Me Dav\u00e7ev\u00ebn gjithashtu kemi diskutuar se si masat kufizuese ndikojn\u00eb n\u00eb sh\u00ebndetin e personave me s\u00ebmundje malinje, dhe ajo thot\u00eb se pandemia ka ndikuar n\u00eb sh\u00ebndetin psikofizik t\u00eb pacient\u00ebve. Ata q\u00eb marrin kimioterapi duhet t\u00eb dalin p\u00ebr t\u00eb b\u00ebr\u00eb sh\u00ebtitje, por nuk e b\u00ebjn\u00eb at\u00eb aq shpesh sa \u00ebsht\u00eb e nevojshme, sepse disa qytetar\u00eb nuk i respektojn\u00eb masat, k\u00ebshtu q\u00eb ata do t\u00eb ishin n\u00eb rrezik\u00a0 n\u00ebse e gjejn\u00eb veten n\u00eb bllokim trafiku pa distanc\u00eb fizike, ose mes njer\u00ebzve q\u00eb nuk mbajn\u00eb maska. Fatkeq\u00ebsisht, tha ajo, p\u00ebr grupin e qytetar\u00ebve me rrezikshm\u00ebri t\u00eb lart\u00eb, nuk kishte leje p\u00ebr t\u00eb l\u00ebvizur gjat\u00eb orarit t\u00eb policis\u00eb, i cili n\u00eb t\u00eb v\u00ebrtet\u00eb do t\u00eb ishte shum\u00eb i dobish\u00ebm p\u00ebr ta.<\/p>\n<div id=\"attachment_118136\" style=\"width: 660px\" class=\"wp-caption aligncenter\"><a href=\"https:\/\/sdk.mk\/wp-content\/uploads\/2020\/06\/zdruzenie-ljubov-sme-12.jpg\"><img aria-describedby=\"caption-attachment-118136\" loading=\"lazy\" class=\"wp-image-118136 size-large\" src=\"https:\/\/sdk.mk\/wp-content\/uploads\/2020\/06\/zdruzenie-ljubov-sme-12-650x406.jpg\" alt=\"\" width=\"650\" height=\"406\" srcset=\"https:\/\/sdk.mk\/wp-content\/uploads\/2020\/06\/zdruzenie-ljubov-sme-12-650x406.jpg 650w, https:\/\/sdk.mk\/wp-content\/uploads\/2020\/06\/zdruzenie-ljubov-sme-12-250x156.jpg 250w, https:\/\/sdk.mk\/wp-content\/uploads\/2020\/06\/zdruzenie-ljubov-sme-12-400x250.jpg 400w, https:\/\/sdk.mk\/wp-content\/uploads\/2020\/06\/zdruzenie-ljubov-sme-12-768x479.jpg 768w, https:\/\/sdk.mk\/wp-content\/uploads\/2020\/06\/zdruzenie-ljubov-sme-12-150x94.jpg 150w, https:\/\/sdk.mk\/wp-content\/uploads\/2020\/06\/zdruzenie-ljubov-sme-12-800x499.jpg 800w, https:\/\/sdk.mk\/wp-content\/uploads\/2020\/06\/zdruzenie-ljubov-sme-12.jpg 1070w\" sizes=\"(max-width: 650px) 100vw, 650px\" \/><\/a><p id=\"caption-attachment-118136\" class=\"wp-caption-text\">&#8220;T\u00eb gjith\u00eb ne q\u00eb p\u00ebrb\u00ebjm\u00eb &#8220;\u0409\u0443\u0431\u043e\u0432 \u0441\u043c\u0435 &#8211; Ne jemi dashuri&#8221; besojm\u00eb se dashuria \u00ebsht\u00eb nj\u00eb arm\u00eb e fuqishme n\u00eb luft\u00ebn kund\u00ebr kancerit,&#8221; deklaruan Makedonka Ikonomova-Davceva dhe Misrete Edipi. (Foto: Arkivi privat)<\/p><\/div>\n<p>&#8220;Kthimi n\u00eb sht\u00ebpi \u00e7on n\u00eb mendime negative, sepse pacient\u00ebt e din\u00eb q\u00eb duhet t\u00eb izolohen p\u00ebr shkak t\u00eb skepticizmit t\u00eb dikujt p\u00ebr rreziqet e virusit ose sepse dikush ka shum\u00eb vap\u00eb me mask\u00eb, pa menduar p\u00ebr situat\u00ebn e njer\u00ebzve q\u00eb ndodhen mes kat\u00ebr mureve. Disa pacient\u00eb nga onkologjia kan\u00eb p\u00ebrfunduar kimioterapin\u00eb dhe rrezatimin e tyre pas fillimit t\u00eb pandemis\u00eb. Pra, arrit\u00ebn deri n\u00eb at\u00eb pik\u00eb sa t\u00eb presin shum\u00eb gjat\u00eb pa mundur t\u00eb g\u00ebzohen ashtu si\u00e7 e prisnin, pa qen\u00eb n\u00eb gjendje t\u00eb merrnin nj\u00eb p\u00ebrqafim nga familja e tyre, sepse kurr\u00eb nuk mund t\u00eb dihet n\u00ebse dikush \u00ebsht\u00eb apo jo nj\u00eb bart\u00ebs asimptomatik i koronavirusit. Numri i pacient\u00ebve t\u00eb till\u00eb po rritet dhe fundi i pandemis\u00eb nuk \u00ebsht\u00eb n\u00eb horizont. \u00a0Sidoqoft\u00eb, mb\u00ebshtetja psikologjike nuk ka pushuar n\u00eb asnj\u00eb moment. Psikolog\u00ebt tan\u00eb jan\u00eb t\u00eb disponuesh\u00ebm p\u00ebr ne p\u00ebrmes telefonit dhe n\u00eb internet. \u00c7do t\u00eb m\u00ebrkur\u00eb n\u00eb ora 18.00 ne organizojm\u00eb takime n\u00eb Zoom&#8221;, thot\u00eb Dav\u00e7eva.<\/p>\n<p>Ajo theksoi se n\u00ebse virusi \u00ebsht\u00eb akoma i pranish\u00ebm n\u00eb vend dhe po organizohen zgjedhje t\u00eb parakohshme parlamentare, \u00ebsht\u00eb e mundur q\u00eb disa persona me kancer t\u00eb mos dalin n\u00eb zgjedhje pik\u00ebrisht p\u00ebr shkak t\u00eb rritjes s\u00eb rrezikut t\u00eb p\u00ebrkeq\u00ebsimit t\u00eb s\u00ebmundjes s\u00eb tyre nga koronavirusi. Mbase politikan\u00ebt duhet t\u00eb konsiderojn\u00eb mund\u00ebsin\u00eb q\u00eb disa grupe t\u00eb cenueshme t\u00eb qytetar\u00ebve t\u00eb votojn\u00eb n\u00eb sht\u00ebpit\u00eb e tyre dhe flet\u00ebt e votimit t&#8217;iu jepen nga p\u00ebrfaq\u00ebsues t\u00eb bordit zgjedhor, n\u00eb m\u00ebnyr\u00eb q\u00eb ata t\u00eb mos rrezikohen dhe nj\u00ebkoh\u00ebsisht t\u00eb mund t\u00eb kryejn\u00eb t\u00eb drejt\u00ebn e tyre p\u00ebr t\u00eb votuar.<\/p>\n<p>Kjo jav\u00eb u \u00ebsht\u00eb dedikuar t\u00eb gjith\u00eb atyre q\u00eb kan\u00eb mundur kancerin, dhe Dav\u00e7eva thot\u00eb se aktualisht jan\u00eb duke nd\u00ebrmarr\u00eb aktivitete p\u00ebr regjistrimin e shoqat\u00ebs dhe kur t\u00eb zyrtarizohet, presin q\u00eb p\u00ebrmes implementimit t\u00eb projekteve t\u00eb ndihmojn\u00eb sa m\u00eb shum\u00eb njer\u00ebz q\u00eb \u00ebsht\u00eb e mundur, t\u00eb cil\u00ebt p\u00ebrballen me k\u00ebt\u00eb s\u00ebmundje.<\/p>\n<p>&#8220;Ky grup ka ekzistuar p\u00ebr gati tre vjet, q\u00eb kur ne vet\u00eb u p\u00ebrball\u00ebm me s\u00ebmundjen. Duke dashur t\u00eb ndajm\u00eb k\u00ebshilla dhe p\u00ebrvoja t\u00eb dobishme, kemi formuar nj\u00eb grup mjek\u00ebsh dhe onkolog\u00ebsh, si dhe infermieresh. Fal\u00eb komunikimit q\u00eb kemi atje, pacient\u00ebt me s\u00ebmundje malinje arrijn\u00eb t\u00eb marrin informacione t\u00eb dobishme dhe t\u00eb verifikuara q\u00eb kan\u00eb nj\u00eb r\u00ebnd\u00ebsi t\u00eb ve\u00e7ant\u00eb p\u00ebr ta, sepse n\u00eb internet mund t\u00eb ket\u00eb shum\u00eb keqinformime, sidomos nga portalet q\u00eb duan vet\u00ebm t\u00eb fitojn\u00eb klikime n\u00eb d\u00ebm t\u00eb dikujt tjet\u00ebr. Edhe pse grupi \u00ebsht\u00eb akoma joformal, ne shpesh jemi n\u00eb kontakt me autoritetet sh\u00ebndet\u00ebsore, fal\u00eb t\u00eb cilave kemi arritur t\u00eb kemi mb\u00ebshtetje psikologjike falas p\u00ebr pacient\u00ebt me kancer. &#8220;T\u00eb gjith\u00eb ne q\u00eb p\u00ebrb\u00ebjm\u00eb &#8220;\u0409\u0443\u0431\u043e\u0432 \u0441\u043c\u0435 \u2013 Jemi dashuri&#8221; besojm\u00eb se dashuria \u00ebsht\u00eb nj\u00eb arm\u00eb e fuqishme n\u00eb luft\u00ebn kund\u00ebr kancerit,&#8221; than\u00eb Makedonka Ikonomova-Dav\u00e7eva dhe Misrete Edipi.<\/p>\n<p><em><strong>B. NESTOROSKA\u00a0<\/strong><\/em><\/p>\n\n<div style=\"font-size: 0px; height: 0px; line-height: 0px; margin: 0; padding: 0; clear: both;\"><\/div>","protected":false},"excerpt":{"rendered":"<p>Pacient\u00ebve me kancer t\u00eb gjirit u \u00ebsht\u00eb b\u00ebr\u00eb e pamundur t\u00eb b\u00ebjn\u00eb eho ose mamografi n\u00eb sh\u00ebndetin publik dhe p\u00ebr [&hellip;]<\/p>\n","protected":false},"author":25,"featured_media":118137,"comment_status":"closed","ping_status":"closed","sticky":false,"template":"","format":"standard","meta":{"_mo_disable_npp":"","inline_featured_image":false},"categories":[3085,3087],"tags":[],"imageURL":"https:\/\/sdk.mk\/wp-content\/uploads\/2020\/06\/zdruzenie-ljubov-sme-1-650x488.jpg","thumbURL":"https:\/\/sdk.mk\/wp-content\/uploads\/2020\/06\/zdruzenie-ljubov-sme-1-250x188.jpg","categoryNames":["Histori t\u00eb parr\u00ebfyera","Maqedonia"],"feature_caption":"Nj\u00eb pjes\u00eb e pacient\u00ebve n\u00eb k\u00ebt\u00eb pandemi, nuk kan\u00eb vendosur t\u00eb b\u00ebjn\u00eb kontroll t\u00eb kancerit pasi kan\u00eb frik\u00eb se do t\u00eb infektohen. K\u00ebshtu nj\u00ebkoh\u00ebsisht ata e zvog\u00eblojn\u00eb rrezikun nga koronavirusi, por e rrisin rrezikun q\u00eb vjen nga vonesa n\u00eb vizit\u00eb mjek\u00ebsore. (Foto: Arkivi privat)","subtitle":"","views":"7144","source":"Shkup, (SAKAMDAKAZAM.MK)","yoast_head":"<!-- This site is optimized with the Yoast SEO Premium plugin v15.0 - https:\/\/yoast.com\/wordpress\/plugins\/seo\/ -->\n<title>PACIENTET ME KANCER N\u00cb GJI NUK MUND T\u00cb B\u00cbJN\u00cb EHO APO MAMOGRAFI N\u00cb SH\u00cbNDETIN PUBLIK, POR DUHET T\u00cb PAGUAJN\u00cb N\u00cbP\u00cbR KLINIKA PRIVATE - \u0421\u0430\u043a\u0430\u043c \u0414\u0430 \u041a\u0430\u0436\u0430\u043c<\/title>\n<meta name=\"robots\" content=\"index, follow, max-snippet:-1, max-image-preview:large, max-video-preview:-1\" \/>\n<link rel=\"canonical\" href=\"https:\/\/sdk.mk\/index.php\/histori-te-parrefyera\/pacientet-me-kancer-ne-gji-nuk-mund-te-bejne-eho-apo-mamografi-ne-shendetin-publik-por-duhet-te-paguajne-neper-klinika-private\/\" \/>\n<meta property=\"og:locale\" content=\"mk_MK\" \/>\n<meta property=\"og:type\" content=\"article\" \/>\n<meta property=\"og:title\" content=\"PACIENTET ME KANCER N\u00cb GJI NUK MUND T\u00cb B\u00cbJN\u00cb EHO APO MAMOGRAFI N\u00cb SH\u00cbNDETIN PUBLIK, POR DUHET T\u00cb PAGUAJN\u00cb N\u00cbP\u00cbR KLINIKA PRIVATE - \u0421\u0430\u043a\u0430\u043c \u0414\u0430 \u041a\u0430\u0436\u0430\u043c\" \/>\n<meta property=\"og:description\" content=\"Pacient\u00ebve me kancer t\u00eb gjirit u \u00ebsht\u00eb b\u00ebr\u00eb e pamundur t\u00eb b\u00ebjn\u00eb eho ose mamografi n\u00eb sh\u00ebndetin publik dhe p\u00ebr [&hellip;]\" \/>\n<meta property=\"og:url\" content=\"https:\/\/sdk.mk\/index.php\/histori-te-parrefyera\/pacientet-me-kancer-ne-gji-nuk-mund-te-bejne-eho-apo-mamografi-ne-shendetin-publik-por-duhet-te-paguajne-neper-klinika-private\/\" \/>\n<meta property=\"og:site_name\" content=\"\u0421\u0430\u043a\u0430\u043c \u0414\u0430 \u041a\u0430\u0436\u0430\u043c\" \/>\n<meta property=\"article:published_time\" content=\"2020-06-18T12:19:07+00:00\" \/>\n<meta property=\"og:image\" content=\"https:\/\/sdk.mk\/wp-content\/uploads\/2020\/06\/zdruzenie-ljubov-sme-1.jpg\" \/>\n\t<meta property=\"og:image:width\" content=\"1080\" \/>\n\t<meta property=\"og:image:height\" content=\"810\" \/>\n<meta property=\"fb:app_id\" content=\"2407985809428537\" \/>\n<meta name=\"twitter:card\" content=\"summary\" \/>\n<script type=\"application\/ld+json\" class=\"yoast-schema-graph\">{\"@context\":\"https:\/\/schema.org\",\"@graph\":[{\"@type\":\"WebSite\",\"@id\":\"https:\/\/sdk.mk\/#website\",\"url\":\"https:\/\/sdk.mk\/\",\"name\":\"\\u0421\\u0430\\u043a\\u0430\\u043c \\u0414\\u0430 \\u041a\\u0430\\u0436\\u0430\\u043c\",\"description\":\"\\u0417\\u0430 \\u0441\\u043b\\u043e\\u0431\\u043e\\u0434\\u043e\\u0443\\u043c\\u043d\\u0438\",\"potentialAction\":[{\"@type\":\"SearchAction\",\"target\":\"https:\/\/sdk.mk\/?s={search_term_string}\",\"query-input\":\"required name=search_term_string\"}],\"inLanguage\":\"mk-MK\"},{\"@type\":\"ImageObject\",\"@id\":\"https:\/\/sdk.mk\/index.php\/histori-te-parrefyera\/pacientet-me-kancer-ne-gji-nuk-mund-te-bejne-eho-apo-mamografi-ne-shendetin-publik-por-duhet-te-paguajne-neper-klinika-private\/#primaryimage\",\"inLanguage\":\"mk-MK\",\"url\":\"https:\/\/sdk.mk\/wp-content\/uploads\/2020\/06\/zdruzenie-ljubov-sme-1.jpg\",\"width\":1080,\"height\":810},{\"@type\":\"WebPage\",\"@id\":\"https:\/\/sdk.mk\/index.php\/histori-te-parrefyera\/pacientet-me-kancer-ne-gji-nuk-mund-te-bejne-eho-apo-mamografi-ne-shendetin-publik-por-duhet-te-paguajne-neper-klinika-private\/#webpage\",\"url\":\"https:\/\/sdk.mk\/index.php\/histori-te-parrefyera\/pacientet-me-kancer-ne-gji-nuk-mund-te-bejne-eho-apo-mamografi-ne-shendetin-publik-por-duhet-te-paguajne-neper-klinika-private\/\",\"name\":\"PACIENTET ME KANCER N\\u00cb GJI NUK MUND T\\u00cb B\\u00cbJN\\u00cb EHO APO MAMOGRAFI N\\u00cb SH\\u00cbNDETIN PUBLIK, POR DUHET T\\u00cb PAGUAJN\\u00cb N\\u00cbP\\u00cbR KLINIKA PRIVATE - \\u0421\\u0430\\u043a\\u0430\\u043c \\u0414\\u0430 \\u041a\\u0430\\u0436\\u0430\\u043c\",\"isPartOf\":{\"@id\":\"https:\/\/sdk.mk\/#website\"},\"primaryImageOfPage\":{\"@id\":\"https:\/\/sdk.mk\/index.php\/histori-te-parrefyera\/pacientet-me-kancer-ne-gji-nuk-mund-te-bejne-eho-apo-mamografi-ne-shendetin-publik-por-duhet-te-paguajne-neper-klinika-private\/#primaryimage\"},\"datePublished\":\"2020-06-18T12:19:07+00:00\",\"dateModified\":\"2020-06-18T12:19:07+00:00\",\"author\":{\"@id\":\"https:\/\/sdk.mk\/#\/schema\/person\/737021aeacbe893f7e2c347186c5c7a1\"},\"inLanguage\":\"mk-MK\",\"potentialAction\":[{\"@type\":\"ReadAction\",\"target\":[\"https:\/\/sdk.mk\/index.php\/histori-te-parrefyera\/pacientet-me-kancer-ne-gji-nuk-mund-te-bejne-eho-apo-mamografi-ne-shendetin-publik-por-duhet-te-paguajne-neper-klinika-private\/\"]}]},{\"@type\":\"Person\",\"@id\":\"https:\/\/sdk.mk\/#\/schema\/person\/737021aeacbe893f7e2c347186c5c7a1\",\"name\":\"\\u0424\\u0458\\u043e\\u043b\\u0430 \\u0417\\u043b\\u0430\\u0442\\u043a\\u0443\"}]}<\/script>\n<!-- \/ Yoast SEO Premium plugin. -->","_links":{"self":[{"href":"https:\/\/sdk.mk\/index.php\/wp-json\/wp\/v2\/posts\/119030"}],"collection":[{"href":"https:\/\/sdk.mk\/index.php\/wp-json\/wp\/v2\/posts"}],"about":[{"href":"https:\/\/sdk.mk\/index.php\/wp-json\/wp\/v2\/types\/post"}],"author":[{"embeddable":true,"href":"https:\/\/sdk.mk\/index.php\/wp-json\/wp\/v2\/users\/25"}],"replies":[{"embeddable":true,"href":"https:\/\/sdk.mk\/index.php\/wp-json\/wp\/v2\/comments?post=119030"}],"version-history":[{"count":0,"href":"https:\/\/sdk.mk\/index.php\/wp-json\/wp\/v2\/posts\/119030\/revisions"}],"wp:featuredmedia":[{"embeddable":true,"href":"https:\/\/sdk.mk\/index.php\/wp-json\/wp\/v2\/media\/118137"}],"wp:attachment":[{"href":"https:\/\/sdk.mk\/index.php\/wp-json\/wp\/v2\/media?parent=119030"}],"wp:term":[{"taxonomy":"category","embeddable":true,"href":"https:\/\/sdk.mk\/index.php\/wp-json\/wp\/v2\/categories?post=119030"},{"taxonomy":"post_tag","embeddable":true,"href":"https:\/\/sdk.mk\/index.php\/wp-json\/wp\/v2\/tags?post=119030"}],"curies":[{"name":"wp","href":"https:\/\/api.w.org\/{rel}","templated":true}]}}