{"id":12293,"date":"2016-09-17T14:37:12","date_gmt":"2016-09-17T12:37:12","guid":{"rendered":"http:\/\/sdk.mk\/\/?p=12293"},"modified":"2016-09-17T14:37:12","modified_gmt":"2016-09-17T12:37:12","slug":"dy-firma","status":"publish","type":"post","link":"https:\/\/sdk.mk\/index.php\/dua-te-them\/dy-firma\/","title":{"rendered":"DY FIRMA"},"content":{"rendered":"<div class=\"f52428582a4b906b2d2e2a7d733c7d27\" data-index=\"7\" style=\"float: none; margin:10px 0 10px 0; text-align:center;\">\n<!-- MSP Ads Asynchronous JS Tag - Generated with Revive Adserver v5.4.1 -->\r\n<ins data-revive-zoneid=\"167\" data-revive-id=\"060fdb01f6430ec164d3519234aa4967\"><\/ins>\r\n<script async src=\"\/\/panel.ads.com.mk\/www\/delivery\/asyncjs.php\"><\/script>\n<\/div>\n<p><span class=\"dropcap dropcap3\">1<\/span> K\u00ebt\u00eb jav\u00eb na kapluan dy l\u00ebvizje tektonik\u0435. S\u00eb pari, Shkupin u dridh nga<br \/>\ndisa t\u00ebrmete t\u00eb fuqishme. M\u00eb pas, erdh\u00ebn dhe dy akuza nga Prokuroria speciale publike nj\u00ebra nga t\u00eb cilat, kund\u00ebr ish kryeministrit. Dhe jo kund\u00ebr nj\u00eb ish kryeministri t\u00eb zakonsh\u00ebm, si\u00e7 ishte Vllado Bu\u00e7kovski i LSDM-s\u00eb, kur erdhi VMRO-DPMNE-ja n\u00eb pushtet. Por, nj\u00eb ish kryeministri q\u00eb akoma sundon shtetin. Si lider i partis\u00eb n\u00eb pushtet.<\/p>\n<p>\u0415, tani po i rikthehemi th\u00ebnies \u201cT\u00eb kishim qen\u00eb nj\u00eb shtet normal&#8230;\u201d. Gj\u00eb q\u00eb \u00ebsht\u00eb absolutisht e pakuptimt\u00eb kur flasim p\u00ebr Maqedonin\u00eb, sepse ne prej koh\u00ebsh, nuk jemi nj\u00eb shtet normal. Ndoshta kemi shfaqur simptoma normaliteti menj\u00ebher\u00eb pas pavar\u00ebsimit n\u00eb 1991, me qeverin\u00eb e par\u00eb eksperte me Nikolla Kljusevin, gjat\u00eb asaj kohe pothuaj dy vje\u00e7are, kur kishte entuziaz\u00ebm dhe p\u00ebrshtypje q\u00eb\u00a0 donim dhe mundeshim t\u00eb b\u00ebjm\u00eb shtet. Pastaj erdh\u00ebn partit\u00eb, e rr\u00ebmbyen shtetin dhe e shnd\u00ebrruan n\u00eb nj\u00eb fush\u00ebbetej\u00eb mes dy firmave.<\/p>\n<p>T\u2019i rikthehemi s\u00ebrish th\u00ebnies \u201cT\u00eb kishim qen\u00eb nj\u00eb shtet normal&#8230;\u201d. N\u00eb nj\u00eb shtet normal , funksionari i d\u00ebnuar p\u00ebr krim n\u00eb gjyq, largohet nga t\u00eb gjitha pozicionet. Jo sepse k\u00ebshtu e k\u00ebrkon ligji, ai nuk e k\u00ebrkon. Jo sepse ky do t\u00eb ishte nj\u00eb veprim i moralsh\u00ebm, p\u00ebr moral nuk flasim, t\u00eb pakt\u00ebn nga koha kur d\u00ebgjuam bombat e para. Por, t\u00eb themi edhe p\u00ebr arsyet m\u00eb vetjake. Q\u00eb i d\u00ebnuari t\u00eb p\u00ebrgatitet p\u00ebr mbrojtje. T\u2019i jap\u00eb vetes m\u00eb shum\u00eb koh\u00eb, t\u00eb mund t\u00eb koncentrohet te d\u00ebshmit\u00eb p\u00ebr ndershm\u00ebrin\u00eb e tij, q\u00eb t\u00eb mos p\u00ebrfundoj\u00eb n\u00eb burg.<\/p>\n<p>Por, Nikolla Gruevski e ka p\u00ebrpunuar mbrojtjen e tij. Ka, ai, nj\u00eb ushtri m\u00eb vete, q\u00eb e mbron. Ushtri gjykat\u00ebsish, prokuror\u00ebsh, nga policia e deri tek drejtor\u00ebt e vegj\u00ebl \u00a0e t\u00eb m\u00ebdhenj, biznesmen\u00eb, mjek\u00eb, profesor\u00eb universitar\u00eb, m\u00ebsuese, arsimtar\u00eb, deri te pastrueset q\u00eb fshijn\u00eb monumentet e ngjyrosura.<\/p>\n<p>P\u00ebr m\u00eb tep\u00ebr, nuk mund t\u00eb besoj q\u00eb edhe blloku i sh\u00ebnimeve i Gordana Jankullosk\u00ebs me listat e gjykat\u00ebsve, t\u00eb jet\u00eb shkat\u00ebrruar s\u00eb bashku me materialet p\u00ebr p\u00ebrgjim. Po edhe n\u00ebse \u00ebsht\u00eb shkat\u00ebrruar, Gruevski me siguri ka nj\u00eb kopje t\u00eb mbrojtur, ku q\u00ebndrojn\u00eb emrat e d\u00ebshmitar\u00ebve t\u00eb tij t\u00eb mbrojtur.<\/p>\n<p><span class=\"dropcap dropcap3\"><strong>2 <\/strong><\/span>Mile, m\u2019u kujtua..\u201d, si nj\u00eb nga th\u00ebniet q\u00eb d\u00ebgjonim te bombat, nuk \u00ebsht\u00eb ve\u00e7se nj\u00eb v\u00ebrtetim tjet\u00ebr, q\u00eb Gruevski mbikqyr gjith\u00e7ka dhe se nuk mund t\u00eb b\u00ebj\u00eb se nuk di gj\u00eb p\u00ebr zullumin q\u00eb \u00ebsht\u00eb b\u00ebr\u00eb.<\/p>\n<p>K\u00ebshtu q\u00eb, nuk \u00ebsht\u00eb p\u00ebr t\u2019u \u00e7uditur q\u00eb t\u2019i jet\u00eb kujtuar t\u00eb v\u00ebn\u00eb gur\u00eb n\u00eb domate q\u00eb t\u2019i thyejn\u00eb m\u00eb leht\u00eb dritaret e Komun\u00ebs s\u00eb Qendr\u00ebs, n\u00eb misionin e shuplakave t\u00eb Andrej Zhernovskit. Kur i \u00ebsht\u00eb kujtuar t\u00eb sulmoj\u00eb nj\u00eb komun\u00eb, q\u00eb t\u00eb pengoj\u00eb sjelljen e planeve urbanistike, n\u00eb m\u00ebnyr\u00eb q\u00eb ai mos t\u00eb jet\u00eb n\u00eb humbje e k\u00ebt\u00eb sulm ta paraqes\u00eb si nj\u00eb luft\u00eb fetare kund\u00ebr komunar\u00ebve, t\u00eb cil\u00ebt me demek do t\u00eb rr\u00ebnonin nj\u00eb kish\u00eb, pse mos t\u2019i kujtohet nj\u00eb recet\u00eb domatesh t\u00eb mbushura? K\u00ebt\u00eb nuk e kemi d\u00ebgjuar, por mund ta imagjinoj se si do t\u00eb ting\u00ebllonte n\u00eb telefon: \u201cHajde mos ta zgjasim, t\u2019i mbushim domatet me gur\u00eb e t\u2019i gjuajm\u00eb!\u201d<\/p>\n<p>\u00c7far\u00eb evolucioni i VMRO-s\u00eb historike nga 1903 deri 2013. P\u00ebr 110 vjet, nga topi i qershis\u00eb deri te guri n\u00eb domate. Ka dallim. N\u00eb 1903, me topin, maqedonasi u binte osmanlinjve. N\u00eb 2013, maqedonasi u bie maqedonasve.<\/p>\n<p>Si\u00e7 do t\u00eb shpreheshin v\u00ebllez\u00ebrit serb\u00eb t\u00eb televizioneve m\u00eb patriotike dhe m\u00eb maqedonase: \u201cBiju turci, al biju i nasi!\u201d (Ishin turq, po ama ishin dhe tan\u00ebt!)<\/p>\n<p><strong><span class=\"dropcap dropcap3\">3<\/span> <\/strong>Fillimisht mendova se liderit t\u00eb LSDM-s\u00eb, Zoran Zaevit i\u00a0 duhej ndaluar t\u00eb shkruarit n\u00eb Fejsbuk. Por, m\u00eb pas kuptova q\u00eb Zaevi ka vendosur ta gjuaj\u00eb Gruevskin me domaten e vet. Me populiz\u00ebm. T\u00eb premtoj\u00eb pun\u00ebsim p\u00ebr vota.<\/p>\n<p>N\u00eb fillim shpjegonte se si gazetarin Muhamed Zeqiri, LSDM-ja e ka pun\u00ebsuar p\u00ebr rrog\u00eb. Tha:\u201dEpo, e la pun\u00ebn dhe tha me vete, po aktivizohem n\u00eb politik\u00eb q\u00eb t\u00eb ndihmoj\u201d. Vall\u00eb, duhej t\u2019ia linim f\u00ebmij\u00ebt pa buk\u00eb!?\u201d<\/p>\n<p>\u00cbsht\u00eb e qart\u00eb q\u00eb partit\u00eb jan\u00eb firma dhe q\u00eb nj\u00eb kuad\u00ebr i mir\u00eb nuk duhet humbur. Por, kur lideri i opozit\u00ebs jep nj\u00eb arsyetim t\u00eb k\u00ebtill\u00eb, se ka pun\u00ebsuar gazetar q\u00eb paska mbetur pa pun\u00eb p\u00ebr t\u00eb punuar p\u00ebr iden\u00eb socialdemokratike, at\u00ebher\u00eb pse mos t\u2019i lajm\u00ebrohet Fejsbukut edhe udh\u00ebheq\u00ebsja e televizionit, Nora Shaqiri, e t\u00eb pyes\u00eb: \u201cKa dikush, q\u00eb t\u00eb m\u00eb adoptoj\u00eb?\u201d , nd\u00ebrsa Zaevi i gatsh\u00ebm, t\u2019i kthej\u00eb menj\u00ebher\u00eb p\u00ebrgjigje: \u201cGjithmon\u00eb mund t\u00eb llogaris\u00ebsh me LSDM-n\u00eb. Urdh\u00ebro p\u00ebr nj\u00eb kafe n\u00eb parti!\u201d.<\/p>\n<p>K\u00ebto detaje edhe nuk duhej t\u2019i dinim. K\u00ebshtu-ashtu, e dinim se n\u00eb Maqedoni\u00a0 \u00a0pun\u00ebsojn\u00eb vet\u00ebm dy firma.<\/p>\n<p>Megjithat\u00eb \u2013 ka dallim: Gruevski i zgjidh problemet me telefon. Zeaevi i zgjidh \u00a0me Fejsbuk!<\/p>\n<p><span class=\"dropcap dropcap3\"><strong>4<\/strong><\/span> P\u00ebr bes\u00eb, kur m\u00eb kujtohet se \u00e7far\u00eb muhabetesh dhe mendimesh t\u00eb thella ndante n\u00eb Fejsbuk ish zv. kryeministri, Zoran Stavreski, n\u00eb lidhje me marr\u00ebdh\u00ebniet me Subrata Rojin, kafja e Zaevit p\u00ebr Nor\u00ebn nuk m\u00eb duket dhe aq spektakolare. Edhe k\u00ebt\u00eb do ta harrojm\u00eb.<\/p>\n<p><strong><span class=\"dropcap dropcap3\">5<\/span> <\/strong>Por, \u00e7\u2019t\u00eb b\u00ebjm\u00eb ne, q\u00eb nuk duam t\u00eb punojm\u00eb n\u00eb asnj\u00ebr\u00ebn nga k\u00ebto dy firma? \u00c7\u2019t\u00eb b\u00ebjm\u00eb n\u00ebse nuk na pihet kafe n\u00eb parti, por kemi pritje shum\u00eb m\u00eb t\u00eb m\u00ebdha nga vetja jon\u00eb dhe nga shteti?<\/p>\n<p>Ata q\u00eb kuptuan me koh\u00eb, se kan\u00eb pritje tep\u00ebr t\u00eb m\u00ebdha nga ky shtet, ia mbath\u00ebn. E tani, kan\u00eb pritje nga shtete t\u00eb tjera.<\/p>\n<p>Q\u00eb nuk do t\u00eb thot\u00eb q\u00eb nuk duhet dalur n\u00eb zgjedhje n\u00eb 11 dhjetor.<\/p>\n<p><strong><em>P\u00ebrktheu: Fjolla Zllatku<\/em><\/strong><\/p>\n<p>&nbsp;<\/p>\n\n<div style=\"font-size: 0px; height: 0px; line-height: 0px; margin: 0; padding: 0; clear: both;\"><\/div>","protected":false},"excerpt":{"rendered":"<p>1 K\u00ebt\u00eb jav\u00eb na kapluan dy l\u00ebvizje tektonik\u0435. S\u00eb pari, Shkupin u dridh nga disa t\u00ebrmete t\u00eb fuqishme. M\u00eb pas, [&hellip;]<\/p>\n","protected":false},"author":1,"featured_media":0,"comment_status":"closed","ping_status":"closed","sticky":false,"template":"","format":"standard","meta":{"_mo_disable_npp":"","inline_featured_image":false},"categories":[1825],"tags":[12294],"imageURL":false,"thumbURL":false,"categoryNames":["DUA T\u00cb THEM"],"feature_caption":"","subtitle":"a:1:{s:11:\"td_subtitle\";s:96:\"Zaevikavendosurtagjuaj\u00ebGruevskinmegurinetijn\u00ebdomate.Aipremtonpun\u00ebsimp\u00ebrvota.","views":"3487","source":"","yoast_head":"<!-- This site is optimized with the Yoast SEO Premium plugin v15.0 - https:\/\/yoast.com\/wordpress\/plugins\/seo\/ -->\n<title>DY FIRMA - \u0421\u0430\u043a\u0430\u043c \u0414\u0430 \u041a\u0430\u0436\u0430\u043c<\/title>\n<meta name=\"robots\" content=\"index, follow, max-snippet:-1, max-image-preview:large, max-video-preview:-1\" \/>\n<link rel=\"canonical\" href=\"https:\/\/sdk.mk\/index.php\/dua-te-them\/dy-firma\/\" \/>\n<meta property=\"og:locale\" content=\"mk_MK\" \/>\n<meta property=\"og:type\" content=\"article\" \/>\n<meta property=\"og:title\" content=\"DY FIRMA - \u0421\u0430\u043a\u0430\u043c \u0414\u0430 \u041a\u0430\u0436\u0430\u043c\" \/>\n<meta property=\"og:description\" content=\"1 K\u00ebt\u00eb jav\u00eb na kapluan dy l\u00ebvizje tektonik\u0435. S\u00eb pari, Shkupin u dridh nga disa t\u00ebrmete t\u00eb fuqishme. M\u00eb pas, [&hellip;]\" \/>\n<meta property=\"og:url\" content=\"https:\/\/sdk.mk\/index.php\/dua-te-them\/dy-firma\/\" \/>\n<meta property=\"og:site_name\" content=\"\u0421\u0430\u043a\u0430\u043c \u0414\u0430 \u041a\u0430\u0436\u0430\u043c\" \/>\n<meta property=\"article:published_time\" content=\"2016-09-17T12:37:12+00:00\" \/>\n<meta property=\"og:image\" content=\"https:\/\/sdk.mk\/wp-content\/uploads\/2015\/12\/goran-mihailovski2.jpg\" \/>\n\t<meta property=\"og:image:width\" content=\"400\" \/>\n\t<meta property=\"og:image:height\" content=\"313\" \/>\n<meta property=\"fb:app_id\" content=\"2407985809428537\" \/>\n<meta name=\"twitter:card\" content=\"summary\" \/>\n<script type=\"application\/ld+json\" class=\"yoast-schema-graph\">{\"@context\":\"https:\/\/schema.org\",\"@graph\":[{\"@type\":\"WebSite\",\"@id\":\"https:\/\/sdk.mk\/#website\",\"url\":\"https:\/\/sdk.mk\/\",\"name\":\"\\u0421\\u0430\\u043a\\u0430\\u043c \\u0414\\u0430 \\u041a\\u0430\\u0436\\u0430\\u043c\",\"description\":\"\\u0417\\u0430 \\u0441\\u043b\\u043e\\u0431\\u043e\\u0434\\u043e\\u0443\\u043c\\u043d\\u0438\",\"potentialAction\":[{\"@type\":\"SearchAction\",\"target\":\"https:\/\/sdk.mk\/?s={search_term_string}\",\"query-input\":\"required name=search_term_string\"}],\"inLanguage\":\"mk-MK\"},{\"@type\":\"WebPage\",\"@id\":\"https:\/\/sdk.mk\/index.php\/dua-te-them\/dy-firma\/#webpage\",\"url\":\"https:\/\/sdk.mk\/index.php\/dua-te-them\/dy-firma\/\",\"name\":\"DY FIRMA - \\u0421\\u0430\\u043a\\u0430\\u043c \\u0414\\u0430 \\u041a\\u0430\\u0436\\u0430\\u043c\",\"isPartOf\":{\"@id\":\"https:\/\/sdk.mk\/#website\"},\"datePublished\":\"2016-09-17T12:37:12+00:00\",\"dateModified\":\"2016-09-17T12:37:12+00:00\",\"author\":{\"@id\":\"https:\/\/sdk.mk\/#\/schema\/person\/be7cfa6655c47f7195bfdd0ba8144aa2\"},\"inLanguage\":\"mk-MK\",\"potentialAction\":[{\"@type\":\"ReadAction\",\"target\":[\"https:\/\/sdk.mk\/index.php\/dua-te-them\/dy-firma\/\"]}]},{\"@type\":\"Person\",\"@id\":\"https:\/\/sdk.mk\/#\/schema\/person\/be7cfa6655c47f7195bfdd0ba8144aa2\",\"name\":\"\\u0413\\u043e\\u0440\\u0430\\u043d \\u041c\\u0438\\u0445\\u0430\\u0458\\u043b\\u043e\\u0432\\u0441\\u043a\\u0438\"}]}<\/script>\n<!-- \/ Yoast SEO Premium plugin. -->","_links":{"self":[{"href":"https:\/\/sdk.mk\/index.php\/wp-json\/wp\/v2\/posts\/12293"}],"collection":[{"href":"https:\/\/sdk.mk\/index.php\/wp-json\/wp\/v2\/posts"}],"about":[{"href":"https:\/\/sdk.mk\/index.php\/wp-json\/wp\/v2\/types\/post"}],"author":[{"embeddable":true,"href":"https:\/\/sdk.mk\/index.php\/wp-json\/wp\/v2\/users\/1"}],"replies":[{"embeddable":true,"href":"https:\/\/sdk.mk\/index.php\/wp-json\/wp\/v2\/comments?post=12293"}],"version-history":[{"count":0,"href":"https:\/\/sdk.mk\/index.php\/wp-json\/wp\/v2\/posts\/12293\/revisions"}],"wp:attachment":[{"href":"https:\/\/sdk.mk\/index.php\/wp-json\/wp\/v2\/media?parent=12293"}],"wp:term":[{"taxonomy":"category","embeddable":true,"href":"https:\/\/sdk.mk\/index.php\/wp-json\/wp\/v2\/categories?post=12293"},{"taxonomy":"post_tag","embeddable":true,"href":"https:\/\/sdk.mk\/index.php\/wp-json\/wp\/v2\/tags?post=12293"}],"curies":[{"name":"wp","href":"https:\/\/api.w.org\/{rel}","templated":true}]}}