{"id":124531,"date":"2020-08-28T18:21:12","date_gmt":"2020-08-28T16:21:12","guid":{"rendered":"https:\/\/sdk.mk\/?p=124531"},"modified":"2020-08-28T18:21:12","modified_gmt":"2020-08-28T16:21:12","slug":"radiostacioni-kulturor-kanal-103-mbyllet-pas-29-vjeteve-konsiderohet-jolegal-mrt-akoma-nuk-e-oficializon","status":"publish","type":"post","link":"https:\/\/sdk.mk\/index.php\/histori-te-parrefyera\/radiostacioni-kulturor-kanal-103-mbyllet-pas-29-vjeteve-konsiderohet-jolegal-mrt-akoma-nuk-e-oficializon\/","title":{"rendered":"RADIOSTACIONI KULTUROR KANAL 103 MBYLLET PAS 29 VJET\u00cbVE, KONSIDEROHET JOLEGAL, MRT AKOMA NUK E OFICIALIZON"},"content":{"rendered":"<div class=\"f52428582a4b906b2d2e2a7d733c7d27\" data-index=\"7\" style=\"float: none; margin:10px 0 10px 0; text-align:center;\">\n<!-- MSP Ads Asynchronous JS Tag - Generated with Revive Adserver v5.4.1 -->\r\n<ins data-revive-zoneid=\"167\" data-revive-id=\"060fdb01f6430ec164d3519234aa4967\"><\/ins>\r\n<script async src=\"\/\/panel.ads.com.mk\/www\/delivery\/asyncjs.php\"><\/script>\n<\/div>\n<p>Redaksia e radios muzikore \u2013 Kanal 103 \u00ebsht\u00eb n\u00eb pritje t\u00eb vendimit t\u00eb K\u00ebshillit programues t\u00eb Radiotelevizionit t\u00eb Maqedonis\u00eb (MRT), i cila m\u00eb n\u00eb fund, pas 29 vjet\u00ebve, do ta oficializoj\u00eb dhe legalizoj\u00eb funksionimin e k\u00ebsaj radioje t\u00eb mir\u00ebnjohur shkupjane.<\/p>\n<p>Kanal 103 \u00ebsht\u00eb nj\u00eb radiostacion i pavarur muzikor, i cili me emitimin e programeve filloi q\u00eb n\u00eb 1 maj t\u00eb vilit 1991, fillimisht si nj\u00eb radio rinore eksperimentale n\u00eb suazat dhe si pjes\u00eb e Makedonsko radio. \u201cKanal 103 \u2013 nj\u00eb shk\u00ebndij\u00eb drite n\u00eb labirintet e err\u00ebta t\u00eb Radiotelevizionit t\u00eb Maqedonis\u00eb\u201d, thot\u00eb nj\u00eb nga reklamat m\u00eb t\u00eb famshme t\u00eb Kanal 103. Kjo reklam\u00eb arrin t\u00eb kap\u00eb me precizitet laserik esenc\u00ebn e Stotrojk\u00ebs s\u00eb famshme, nj\u00eb fenomen i rrall\u00eb kulturor n\u00eb tri dekadat e fundit t\u00eb tranzicionit postkomunist. Me nj\u00eb energji t\u00eb pabesueshme rinore, ide t\u00eb fresk\u00ebta dhe bashk\u00ebkohore, dhe sigurisht me popullaritetin e madh q\u00eb kjo radio njohu n\u00eb mesin e viteve 1990, Stotrojka arriti t\u00eb krijoj\u00eb nj\u00eb politik\u00eb krejt\u00ebsisht t\u00eb pavarur redaktuese, edhe pse mbeti pjes\u00eb e sh\u00ebrbimit publik MRT.<\/p>\n<p>Vjet, n\u00eb mars, mediumi m\u00eb i vjet\u00ebr dhe m\u00eb i r\u00ebnd\u00ebsish\u00ebm alternativ n\u00eb shtet u hoq nga eteri, duke vazhduar me emitimin e programit t\u00eb tij ekskluzivisht online.<\/p>\n<p>\u201cKanali 103, nga viti 1991, funksionin vet\u00ebm online, si nj\u00eb radio eksperimentale. Askush, deri m\u00eb tani nuk ka pasur guximin q\u00eb ta zgjidh\u00eb k\u00ebt\u00eb \u00e7\u00ebshtje. AEK dhe Agjencia e mediave, e hoq\u00ebn nga eteri sepse nuk kishte statusin e nj\u00eb radioje oficiale. Un\u00eb, si drejtor, kam ngritur k\u00ebt\u00eb \u00e7\u00ebshtje drejt K\u00ebshillit programues t\u00eb MRT dhe q\u00eb n\u00eb seanc\u00ebn e par\u00eb t\u00eb radh\u00ebs do ta zgjidhim. Kanal 103 do t\u00eb b\u00ebhet radio oficiale, si\u00e7 \u00ebsht\u00eb Makedonsko radio\u201d, na deklaroi drejtori gjeneral i MRT, Marjan Cvetkovski.<\/p>\n<div id=\"attachment_124256\" style=\"width: 1057px\" class=\"wp-caption alignnone\"><a href=\"https:\/\/sdk.mk\/wp-content\/uploads\/2020\/08\/logo-103.png\"><img aria-describedby=\"caption-attachment-124256\" loading=\"lazy\" class=\"wp-image-124256 size-full\" src=\"https:\/\/sdk.mk\/wp-content\/uploads\/2020\/08\/logo-103.png\" alt=\"\" width=\"1047\" height=\"695\" srcset=\"https:\/\/sdk.mk\/wp-content\/uploads\/2020\/08\/logo-103.png 1047w, https:\/\/sdk.mk\/wp-content\/uploads\/2020\/08\/logo-103-250x166.png 250w, https:\/\/sdk.mk\/wp-content\/uploads\/2020\/08\/logo-103-400x266.png 400w, https:\/\/sdk.mk\/wp-content\/uploads\/2020\/08\/logo-103-768x510.png 768w, https:\/\/sdk.mk\/wp-content\/uploads\/2020\/08\/logo-103-650x431.png 650w, https:\/\/sdk.mk\/wp-content\/uploads\/2020\/08\/logo-103-150x100.png 150w, https:\/\/sdk.mk\/wp-content\/uploads\/2020\/08\/logo-103-800x531.png 800w\" sizes=\"(max-width: 1047px) 100vw, 1047px\" \/><\/a><p id=\"caption-attachment-124256\" class=\"wp-caption-text\">Kanal 103 \u00ebsht\u00eb nj\u00eb radiostacion i pavarur muzikor, i cili p\u00ebr her\u00eb t\u00eb par\u00eb nisi emitimin e programit m\u00eb 1 maj 1991, si nj\u00eb radio rinore eksperimentale dhe pjes\u00eb e Makedonsko radio; &#8211; Logoja e radios<\/p><\/div>\n<p>Edhe p\u00ebr k\u00ebt\u00eb vendim t\u00eb MRT, do t\u00eb duhet t\u00eb diskutoj\u00eb K\u00ebshilli programues, mandati i t\u00eb cilit ka p\u00ebrfunduar n\u00eb dhjetor 2019, por n\u00eb p\u00ebrputhje me ndryshimet ligjore n\u00eb vitin 2018, deri sa t\u00eb zgjidhen an\u00ebtar\u00ebt e rinj, n\u00eb funksion do t\u00eb mbeten an\u00ebtar\u00ebt e vjet\u00ebr. P\u00ebrb\u00ebrja e kaluar e Parlamentit i kaloi t\u00eb gjitha afatet ligjore, t\u00eb parashikuara p\u00ebr p\u00ebrzgjedhjen e p\u00ebrb\u00ebrjes s\u00eb re t\u00eb K\u00ebshillit programues. N\u00eb konkurs, p\u00ebr 13 vende, deri n\u00eb fillim t\u00eb marsit 2019, kishte 19 kandidat\u00eb t\u00eb paraqitur, por Komisioni i zgjedhjeve dhe em\u00ebrimeve nuk arriti t\u00eb konfirmonte nj\u00eb list\u00eb kandidat\u00ebsh, e cila duhej t\u00eb votohej me shumic\u00eb t\u00eb dy t\u00eb tretave. Kryetari i at\u00ebhersh\u00ebm i Komisionit, deputeti i VMRO-DPMNE-s\u00eb Ilija Dimovski, nuk caktonte vazhdim t\u00eb seancave t\u00eb komisionit pa patur konsensus nd\u00ebrmjet qeveris\u00eb dhe opozit\u00ebs mbi emrat e list\u00ebs. Nd\u00ebrsa qeveria, as nuk u p\u00ebrpoq ta ndryshoj\u00eb p\u00ebrb\u00ebrjen e Komisionit, me shumic\u00eb opozit\u00ebn, e as nuk u sigurua q\u00eb t\u00eb ket\u00eb shumic\u00eb prej dy t\u00eb tretave p\u00ebr zgjedhje t\u00eb K\u00ebshillit programues.<\/p>\n<p>P\u00ebrve\u00e7 pranimit formal t\u00eb ekzistimit, funksionimit dhe pun\u00ebs s\u00eb Kanal 103 n\u00eb suaza t\u00eb MRT, ekipi i Stotrojk\u00ebs k\u00ebrkon p\u00ebrfshirje n\u00eb sistematizimin e MRT si nj\u00eb sh\u00ebrbim publik i qytetar\u00ebve t\u00eb Maqedonis\u00eb, me ruajtje t\u00eb krejt\u00ebsishme t\u00eb politik\u00ebs s\u00eb saj t\u00eb pavarur redaktuese, emitimit n\u00eb t\u00eb gjith\u00eb territorin e shtetit dhe me rinovim teknik t\u00eb studios s\u00eb Kanal 103 sipas standardeve bashk\u00ebkohore, ku momentalisht nuk ka kushte t\u00eb mjaftueshme pune, si dhe me sigurim t\u00eb nj\u00eb hap\u00ebsire t\u00eb re zyre dhe transmetues p\u00ebr nevojat e radios.<\/p>\n<div id=\"attachment_124257\" style=\"width: 310px\" class=\"wp-caption alignleft\"><a href=\"https:\/\/sdk.mk\/wp-content\/uploads\/2020\/08\/kanal-103-koncert-1.jpg\"><img aria-describedby=\"caption-attachment-124257\" loading=\"lazy\" class=\"wp-image-124257 size-medium\" src=\"https:\/\/sdk.mk\/wp-content\/uploads\/2020\/08\/kanal-103-koncert-1-400x400.jpg\" alt=\"\" width=\"300\" height=\"300\" srcset=\"https:\/\/sdk.mk\/wp-content\/uploads\/2020\/08\/kanal-103-koncert-1-400x400.jpg 400w, https:\/\/sdk.mk\/wp-content\/uploads\/2020\/08\/kanal-103-koncert-1-250x250.jpg 250w, https:\/\/sdk.mk\/wp-content\/uploads\/2020\/08\/kanal-103-koncert-1-768x768.jpg 768w, https:\/\/sdk.mk\/wp-content\/uploads\/2020\/08\/kanal-103-koncert-1-650x650.jpg 650w, https:\/\/sdk.mk\/wp-content\/uploads\/2020\/08\/kanal-103-koncert-1-150x150.jpg 150w, https:\/\/sdk.mk\/wp-content\/uploads\/2020\/08\/kanal-103-koncert-1-800x800.jpg 800w, https:\/\/sdk.mk\/wp-content\/uploads\/2020\/08\/kanal-103-koncert-1.jpg 1024w\" sizes=\"(max-width: 300px) 100vw, 300px\" \/><\/a><p id=\"caption-attachment-124257\" class=\"wp-caption-text\">Kanal 103 arriti t\u00eb nd\u00ebrtoj\u00eb nj\u00eb politik\u00eb krejt\u00ebsisht t\u00eb pavarur redaktuese, pavar\u00ebsisht se vijoi t\u00eb ishte pjes\u00eb e MRT. (Foto: Kanal 103)<\/p><\/div>\n<p>\u201cStotrojka \u00ebsht\u00eb m\u00eb e vjet\u00ebr se vet\u00eb shteti. Fakti se statusi i saj p\u00ebr pothuajse 30 vjet mbetet akoma i pazgjidhur \u00ebsht\u00eb vet\u00ebm tregues i analfabetizmit kulturor t\u00eb t\u00eb gjitha fiseve t\u00eb deritanishme politike. Stotrojka ishte n\u00eb Evrop\u00eb shum\u00eb p\u00ebrpara se t\u00eb dinim p\u00ebr Evrop\u00ebn. Momentalisht kjo radio ka bashk\u00ebpun\u00ebtor\u00eb n\u00eb Sofje, Lond\u00ebr dhe Bruksel dhe \u00ebsht\u00eb nd\u00ebrthurur me dy radioplatforma nd\u00ebrkomb\u00ebtare. Nga ana tjet\u00ebr, Kanal 103 \u00ebsht\u00eb edhe p\u00ebrmbajtja e vetme e interesit publik q\u00eb emitohet \u201cilegalisht\u201d nga objekti i sh\u00ebrbimit \u201cpublik\u201d, i cili dekad\u00eb pas dekade vijon t\u00eb r\u00ebnohet gjithnj\u00eb e m\u00eb tep\u00ebr, duke marr\u00eb me vete gjith\u00eb arkivin e historis\u00eb son\u00eb kulturore. N\u00eb vitet e 70-ta, redaktor i programit s\u00eb muzik\u00ebs popullore n\u00eb Televizionin e Maqedonis\u00eb (TV Skopje) ishte Petre M. Andreevski. Sot aty punojn\u00eb disa persona anonim\u00eb t\u00eb paorientuar te puna q\u00eb b\u00ebjn\u00eb. Me sa duket, personat vullnetar\u00eb t\u00eb Kanal 103 p\u00ebrb\u00ebjn\u00eb nj\u00eb ishull t\u00eb rreziksh\u00ebm p\u00ebr mij\u00ebra t\u00eb pun\u00ebsuar q\u00eb ushqehen me parat\u00eb e shtetit pa punuar agj\u00eb. Frekuenca duhet kthyer urgjentisht! \u00c7do gj\u00eb tjet\u00ebr \u00ebsht\u00eb dyt\u00ebsore dhe mund t\u00eb diskutohet m\u00eb von\u00eb\u201d, thot\u00eb Gjorgji Janevski nga Stotrojka.<\/p>\n<p>Nga Ministria p\u00ebr shoq\u00ebri informatike dhe administrat\u00eb (MIOA) konfirmojn\u00eb se radio Kanal 103 \u00ebsht\u00eb mbyllur p\u00ebr shkak t\u00eb emitimit shum\u00ebvje\u00e7ar me frekuenca ilegale.<\/p>\n<p>Nd\u00ebrkoh\u00eb, bashk\u00ebpunuesit muzikor\u00eb t\u00eb Kanal 103, t\u00eb gjith\u00eb &#8211; vullnetar\u00eb, vijojn\u00eb s\u00eb emituari programin e tyre online, n\u00ebp\u00ebrmjet strimingut n\u00eb internet, duke u mund\u00ebsuar k\u00ebshtu t\u00eb gjith\u00eb d\u00ebgjuesve t\u00eb tyre, ndon\u00ebse n\u00eb kushte pune t\u00eb nj\u00eb niveli t\u00eb ul\u00ebt, nj\u00eb kontakt me radion e tyre t\u00eb preferuar. Dashuria dhe entuziazmi, thon\u00eb ata, akoma nuk na kan\u00eb braktisur. P\u00ebrkundrazi, n\u00eb koh\u00ebn e fundit, jan\u00eb p\u00ebrkushtuar seriozisht q\u00eb t\u00eb freskojn\u00eb p\u00ebrmbajtjet e programit dhe t\u00eb rinovojn\u00eb ekipin e tyre.<\/p>\n<p>N\u00eb letr\u00ebn e tyre drejt MRT, t\u00eb cil\u00ebn Stortojka e d\u00ebrgoi vjet rishtaz pas heqjes s\u00eb tyre nga eteri, thon\u00eb: \u201cN\u00eb epok\u00ebn e pavar\u00ebsimit t\u00eb rreziksh\u00ebm t\u00eb shtetit, akumulimi i kapitalit i shoq\u00ebruar me korrupsionin brutal dhe sigurisht, me partizimin e mediave pa presedan, Kanal 103 ka mbetur nj\u00eb oaz\u00eb e pavar\u00ebsis\u00eb dhe ndershm\u00ebris\u00eb. Muzik\u00ebn e ka mund\u00ebsuar mbi t\u00eb gjitha dhe para s\u00eb gjithash pavar\u00ebsia artistike e jo politike\u201d, dhe se Kanal 103 ka mbetur \u201cnj\u00eb vend ku p\u00ebrfshihen t\u00eb gjitha minoritetet kulturore dhe ku secili mund ta thot\u00eb mendimin e tij pa u censuruar, sigurisht duke mbajtur standardin e kreativitetit dhe konstruktivitetit. Idet\u00eb destruktive shoq\u00ebroro-politike dhe shija e keqe muzikore kurr\u00eb nuk kan\u00eb gjetur vend n\u00eb k\u00ebt\u00eb radio.\u201d<\/p>\n<p><strong><em>B. NESTOROSKA<\/em><\/strong><\/p>\n<p>&nbsp;<\/p>\n\n<div style=\"font-size: 0px; height: 0px; line-height: 0px; margin: 0; padding: 0; clear: both;\"><\/div>","protected":false},"excerpt":{"rendered":"<p>Redaksia e radios muzikore \u2013 Kanal 103 \u00ebsht\u00eb n\u00eb pritje t\u00eb vendimit t\u00eb K\u00ebshillit programues t\u00eb Radiotelevizionit t\u00eb Maqedonis\u00eb (MRT), [&hellip;]<\/p>\n","protected":false},"author":25,"featured_media":124255,"comment_status":"closed","ping_status":"closed","sticky":false,"template":"","format":"standard","meta":{"_mo_disable_npp":"","inline_featured_image":false},"categories":[3085,3089],"tags":[],"imageURL":"https:\/\/sdk.mk\/wp-content\/uploads\/2020\/08\/kanal-103-koncert-2-650x405.jpg","thumbURL":"https:\/\/sdk.mk\/wp-content\/uploads\/2020\/08\/kanal-103-koncert-2-250x156.jpg","categoryNames":["Histori t\u00eb parr\u00ebfyera","Kultur\u00eb"],"feature_caption":"Kanali kulturor muzikor Kanal 103, nga viti 199, funksionon si nj\u00eb radio eksperimentale n\u00eb suazat e sh\u00ebrbimit publik, nd\u00ebrsa vjet n\u00eb mars, kjo radio u hoq nga eteri, duke vazhduar emitimin e saj ekskluzivisht online; - Foto nga nj\u00eb prej koncerteve t\u00eb shumta lajv t\u00eb Stotrojk\u00ebs (Foto: Kanal 103)","subtitle":"","views":"9635","source":"Shkup, (SAKAMDAKAZAM)","yoast_head":"<!-- This site is optimized with the Yoast SEO Premium plugin v15.0 - https:\/\/yoast.com\/wordpress\/plugins\/seo\/ -->\n<title>RADIOSTACIONI KULTUROR KANAL 103 MBYLLET PAS 29 VJET\u00cbVE, KONSIDEROHET JOLEGAL, MRT AKOMA NUK E OFICIALIZON - \u0421\u0430\u043a\u0430\u043c \u0414\u0430 \u041a\u0430\u0436\u0430\u043c<\/title>\n<meta name=\"robots\" content=\"index, follow, max-snippet:-1, max-image-preview:large, max-video-preview:-1\" \/>\n<link rel=\"canonical\" href=\"https:\/\/sdk.mk\/index.php\/histori-te-parrefyera\/radiostacioni-kulturor-kanal-103-mbyllet-pas-29-vjeteve-konsiderohet-jolegal-mrt-akoma-nuk-e-oficializon\/\" \/>\n<meta property=\"og:locale\" content=\"mk_MK\" \/>\n<meta property=\"og:type\" content=\"article\" \/>\n<meta property=\"og:title\" content=\"RADIOSTACIONI KULTUROR KANAL 103 MBYLLET PAS 29 VJET\u00cbVE, KONSIDEROHET JOLEGAL, MRT AKOMA NUK E OFICIALIZON - \u0421\u0430\u043a\u0430\u043c \u0414\u0430 \u041a\u0430\u0436\u0430\u043c\" \/>\n<meta property=\"og:description\" content=\"Redaksia e radios muzikore \u2013 Kanal 103 \u00ebsht\u00eb n\u00eb pritje t\u00eb vendimit t\u00eb K\u00ebshillit programues t\u00eb Radiotelevizionit t\u00eb Maqedonis\u00eb (MRT), [&hellip;]\" \/>\n<meta property=\"og:url\" content=\"https:\/\/sdk.mk\/index.php\/histori-te-parrefyera\/radiostacioni-kulturor-kanal-103-mbyllet-pas-29-vjeteve-konsiderohet-jolegal-mrt-akoma-nuk-e-oficializon\/\" \/>\n<meta property=\"og:site_name\" content=\"\u0421\u0430\u043a\u0430\u043c \u0414\u0430 \u041a\u0430\u0436\u0430\u043c\" \/>\n<meta property=\"article:published_time\" content=\"2020-08-28T16:21:12+00:00\" \/>\n<meta property=\"og:image\" content=\"https:\/\/sdk.mk\/wp-content\/uploads\/2020\/08\/kanal-103-koncert-2.jpg\" \/>\n\t<meta property=\"og:image:width\" content=\"690\" \/>\n\t<meta property=\"og:image:height\" content=\"430\" \/>\n<meta property=\"fb:app_id\" content=\"2407985809428537\" \/>\n<meta name=\"twitter:card\" content=\"summary\" \/>\n<script type=\"application\/ld+json\" class=\"yoast-schema-graph\">{\"@context\":\"https:\/\/schema.org\",\"@graph\":[{\"@type\":\"WebSite\",\"@id\":\"https:\/\/sdk.mk\/#website\",\"url\":\"https:\/\/sdk.mk\/\",\"name\":\"\\u0421\\u0430\\u043a\\u0430\\u043c \\u0414\\u0430 \\u041a\\u0430\\u0436\\u0430\\u043c\",\"description\":\"\\u0417\\u0430 \\u0441\\u043b\\u043e\\u0431\\u043e\\u0434\\u043e\\u0443\\u043c\\u043d\\u0438\",\"potentialAction\":[{\"@type\":\"SearchAction\",\"target\":\"https:\/\/sdk.mk\/?s={search_term_string}\",\"query-input\":\"required name=search_term_string\"}],\"inLanguage\":\"mk-MK\"},{\"@type\":\"ImageObject\",\"@id\":\"https:\/\/sdk.mk\/index.php\/histori-te-parrefyera\/radiostacioni-kulturor-kanal-103-mbyllet-pas-29-vjeteve-konsiderohet-jolegal-mrt-akoma-nuk-e-oficializon\/#primaryimage\",\"inLanguage\":\"mk-MK\",\"url\":\"https:\/\/sdk.mk\/wp-content\/uploads\/2020\/08\/kanal-103-koncert-2.jpg\",\"width\":690,\"height\":430},{\"@type\":\"WebPage\",\"@id\":\"https:\/\/sdk.mk\/index.php\/histori-te-parrefyera\/radiostacioni-kulturor-kanal-103-mbyllet-pas-29-vjeteve-konsiderohet-jolegal-mrt-akoma-nuk-e-oficializon\/#webpage\",\"url\":\"https:\/\/sdk.mk\/index.php\/histori-te-parrefyera\/radiostacioni-kulturor-kanal-103-mbyllet-pas-29-vjeteve-konsiderohet-jolegal-mrt-akoma-nuk-e-oficializon\/\",\"name\":\"RADIOSTACIONI KULTUROR KANAL 103 MBYLLET PAS 29 VJET\\u00cbVE, KONSIDEROHET JOLEGAL, MRT AKOMA NUK E OFICIALIZON - \\u0421\\u0430\\u043a\\u0430\\u043c \\u0414\\u0430 \\u041a\\u0430\\u0436\\u0430\\u043c\",\"isPartOf\":{\"@id\":\"https:\/\/sdk.mk\/#website\"},\"primaryImageOfPage\":{\"@id\":\"https:\/\/sdk.mk\/index.php\/histori-te-parrefyera\/radiostacioni-kulturor-kanal-103-mbyllet-pas-29-vjeteve-konsiderohet-jolegal-mrt-akoma-nuk-e-oficializon\/#primaryimage\"},\"datePublished\":\"2020-08-28T16:21:12+00:00\",\"dateModified\":\"2020-08-28T16:21:12+00:00\",\"author\":{\"@id\":\"https:\/\/sdk.mk\/#\/schema\/person\/737021aeacbe893f7e2c347186c5c7a1\"},\"inLanguage\":\"mk-MK\",\"potentialAction\":[{\"@type\":\"ReadAction\",\"target\":[\"https:\/\/sdk.mk\/index.php\/histori-te-parrefyera\/radiostacioni-kulturor-kanal-103-mbyllet-pas-29-vjeteve-konsiderohet-jolegal-mrt-akoma-nuk-e-oficializon\/\"]}]},{\"@type\":\"Person\",\"@id\":\"https:\/\/sdk.mk\/#\/schema\/person\/737021aeacbe893f7e2c347186c5c7a1\",\"name\":\"\\u0424\\u0458\\u043e\\u043b\\u0430 \\u0417\\u043b\\u0430\\u0442\\u043a\\u0443\"}]}<\/script>\n<!-- \/ Yoast SEO Premium plugin. -->","_links":{"self":[{"href":"https:\/\/sdk.mk\/index.php\/wp-json\/wp\/v2\/posts\/124531"}],"collection":[{"href":"https:\/\/sdk.mk\/index.php\/wp-json\/wp\/v2\/posts"}],"about":[{"href":"https:\/\/sdk.mk\/index.php\/wp-json\/wp\/v2\/types\/post"}],"author":[{"embeddable":true,"href":"https:\/\/sdk.mk\/index.php\/wp-json\/wp\/v2\/users\/25"}],"replies":[{"embeddable":true,"href":"https:\/\/sdk.mk\/index.php\/wp-json\/wp\/v2\/comments?post=124531"}],"version-history":[{"count":0,"href":"https:\/\/sdk.mk\/index.php\/wp-json\/wp\/v2\/posts\/124531\/revisions"}],"wp:featuredmedia":[{"embeddable":true,"href":"https:\/\/sdk.mk\/index.php\/wp-json\/wp\/v2\/media\/124255"}],"wp:attachment":[{"href":"https:\/\/sdk.mk\/index.php\/wp-json\/wp\/v2\/media?parent=124531"}],"wp:term":[{"taxonomy":"category","embeddable":true,"href":"https:\/\/sdk.mk\/index.php\/wp-json\/wp\/v2\/categories?post=124531"},{"taxonomy":"post_tag","embeddable":true,"href":"https:\/\/sdk.mk\/index.php\/wp-json\/wp\/v2\/tags?post=124531"}],"curies":[{"name":"wp","href":"https:\/\/api.w.org\/{rel}","templated":true}]}}