{"id":124621,"date":"2020-08-30T19:38:29","date_gmt":"2020-08-30T17:38:29","guid":{"rendered":"https:\/\/sdk.mk\/?p=124621"},"modified":"2020-09-01T14:03:01","modified_gmt":"2020-09-01T12:03:01","slug":"zilja-shpetimtare","status":"publish","type":"post","link":"https:\/\/sdk.mk\/index.php\/dua-te-them\/zilja-shpetimtare\/","title":{"rendered":"ZILJA SHP\u00cbTIMTARE"},"content":{"rendered":"<div class=\"f52428582a4b906b2d2e2a7d733c7d27\" data-index=\"7\" style=\"float: none; margin:10px 0 10px 0; text-align:center;\">\n<!-- MSP Ads Asynchronous JS Tag - Generated with Revive Adserver v5.4.1 -->\r\n<ins data-revive-zoneid=\"167\" data-revive-id=\"060fdb01f6430ec164d3519234aa4967\"><\/ins>\r\n<script async src=\"\/\/panel.ads.com.mk\/www\/delivery\/asyncjs.php\"><\/script>\n<\/div>\n<p><span class=\"dropcap color firstcharacter\">1<\/span>N\u00eb k\u00ebt\u00eb Maqedoni t\u00eb p\u00ebrjetshme, nuk ekzison asnj\u00eb problem, zgjidha e t\u00eb cilit nuk do t\u00eb mund t\u00eb shtyhej. K\u00ebshtu, e nj\u00ebjta gj\u00eb vlen edhe p\u00ebr vitin shkollor. S\u2019ka qeveri, s\u2019do t\u00eb ket\u00eb as m\u00ebsim. Mandatari p\u00ebr formimin e qeveris\u00eb, Zoran Zaev, tha se p\u00ebr shkak t\u00eb pandemis\u00eb s\u00eb koronavirusit, do t\u00eb ishte m\u00eb s\u00eb miri q\u00eb n\u00eb vend n\u00eb 1 shtator, shkollat t\u00eb hapen n\u00eb 1 tetor.<br \/>\nE gjith\u00eb bota ka problem me organizimin e m\u00ebsimeve, por ama p\u00ebrpiqen, shpikin e provojn\u00eb gj\u00ebra t\u00eb reja, punojn\u00eb\u2026nj\u00eb di\u00e7ka e b\u00ebjn\u00eb. Vet\u00ebm tek ne kan\u00eb nj\u00eb arsye shum\u00eb t\u00eb mir\u00eb se pse arsimtar\u00ebt dhe shkollat t\u00eb mos jen\u00eb t\u00eb gatshme p\u00ebr fillimin e vitit shkollor \u2013 nuk ka qeveri.<br \/>\nPse vall\u00eb, duhet t\u00eb ket\u00eb qeveri, q\u00eb dikush i pun\u00ebsuar n\u00eb institucion shtet\u00ebror t\u00eb b\u00ebj\u00eb pun\u00ebn e tij? Vall\u00eb, \u00ebsht\u00eb e domosdoshme q\u00eb t\u00eb dihet se cil\u00ebs parti do t\u2019i takoj\u00eb ministri i arsimit, q\u00eb dikush t\u00eb filloj\u00eb t\u00eb punoj\u00eb? Kan\u00eb kaluar tashm\u00eb m\u00eb shum\u00eb se gjasht\u00eb muaj q\u00eb kur pandemia i mbylli shkollat. \u00c7far\u00eb b\u00ebnin t\u00eb pun\u00ebsuarit n\u00eb intitucione shtet\u00ebrore arsimore nga marsi deri nj\u00eb jav\u00eb para fillimit t\u00eb zakonsh\u00ebm t\u00eb vitit shkollor? Si mund\u00ebn shkollat private t\u00eb organizoheshin e t\u00eb shpiknin nj\u00eb m\u00ebnyr\u00eb p\u00ebr t\u00eb organizuar procesin arsimor? P\u00ebrse nuk mund t\u00eb filloj\u00eb m\u00ebsimi edhe n\u00eb shkollat fillore? \u00c7far\u00eb shpik\u00ebn pun\u00ebtor\u00ebt shtet\u00ebtor\u00eb t\u00eb arsimit? Shpik\u00ebn receta t\u00eb reja q\u00eb i postonin n\u00eb Fejsbuk q\u00eb t\u00eb merrnin shum\u00eb lajke, nd\u00ebrkoh\u00eb q\u00eb rrinin n\u00eb sht\u00ebpi, duke marr\u00eb rrog\u00ebn e nj\u00ebjt\u00eb, as edhe nj\u00eb denar m\u00eb pak.<br \/>\nN\u00eb shtetin ton\u00eb ekziston nj\u00eb institucion i cili quhet Byroja e zhvillimit t\u00eb arsimit. Sipas emrit, k\u00ebtu do t\u00eb duhej t\u00eb kishte njer\u00ebz q\u00eb din\u00eb t\u00eb zhvillojn\u00eb arsimin, profesionist\u00eb, puna e t\u00eb cil\u00ebve nuk do t\u00eb duhej t\u00eb varej nga fakti se cila parti qeveris. K\u00ebt\u00eb vit, me parat\u00eb t\u00eb cilat i marrin nga ne, ata u desh t\u00eb shpikin nj\u00eb m\u00ebnyr\u00eb p\u00ebr t\u00eb realizuar arsimin n\u00eb kushte t\u00eb kovid-19, por ja q\u00eb nuk e shpik\u00ebn.<br \/>\nDhe ja ku na del Zoran Zaevi duke th\u00ebn\u00eb se sivjet, 1 shtatorin do ta shtym\u00eb p\u00ebr 1 tetor.<br \/>\nPse? Sepse ata q\u00eb \u00ebsht\u00eb dashur t\u00eb b\u00ebhen gati, nuk jan\u00eb b\u00ebr\u00eb gati akoma.<br \/>\nN\u00eb koh\u00ebn time si gjimnazist, kishim nj\u00eb shprehje q\u00eb e p\u00ebrdornim n\u00eb situatat kur dikush nuk ishte p\u00ebrgatitur p\u00ebr t\u2019u pyetur nga arsimtari dhe n\u00eb momentin kur e th\u00ebrriste, binte zilja e p\u00ebrfundimit t\u00eb or\u00ebs: \u201cM\u00eb shp\u00ebtoi zilja.\u201d K\u00ebshtu edhe Zoran Zaevi p\u00ebr pun\u00ebtor\u00ebt e shtetit ishte si zilja n\u00eb fund t\u00eb or\u00ebs s\u00eb m\u00ebsimit. S\u2019keni b\u00ebr\u00eb gj\u00eb p\u00ebr gjasht\u00eb muaj? Nuk jeni gati? Pa merak, zilja shp\u00ebtimtare do t\u2019ju shp\u00ebtoj\u00eb nga \u201cnj\u00ebshi\u201d.<br \/>\nEdhe pse, sinqerisht, dyshoj se n\u00eb 1 tetor do t\u00eb jen\u00eb gati.<\/p>\n<p><span class=\"dropcap color firstcharacter\">2<\/span>N\u00eb Parlament k\u00ebt\u00eb fundjav\u00eb duhet t\u00eb p\u00ebrzgjidhet qeveria e re. P\u00ebr dy dit\u00eb do t\u00eb d\u00ebgjojm\u00eb shum\u00eb fjal\u00eb mbi politik\u00ebn e lart\u00eb, shum\u00eb urt\u00ebsi nga goja e secilit, shum\u00eb braktisje t\u00eb seancave, premtime, akuza, interpretime t\u00eb kushtetut\u00ebs, pauza \u2013 p\u00ebr drek\u00eb, p\u00ebr konsultime, p\u00ebr pushim t\u00eb nervave\u2026E n\u00eb fakt, kjo situat\u00eb e qeveris\u00eb s\u00eb vazhduar teknike, n\u00eb kombinim me pandemin\u00eb, vet\u00ebm sa e b\u00ebn m\u00eb t\u00eb qart\u00eb faktin e ne \u2013 shtet kemi, por institucione shtet\u00ebrore nuk kemi.<br \/>\nM\u00eb sakt\u00eb, kemi shum\u00eb institucione dhe paguajm\u00eb shum\u00eb, por njer\u00ebzit q\u00eb punojn\u00eb aty jan\u00eb t\u00eb pakualifikuar dhe t\u00eb paaft\u00eb. Gjat\u00eb k\u00ebtyre gjasht\u00eb muajve i pam\u00eb se kur duhej t\u00eb punonin, p\u00ebr ta korona ekzistonte, e kur pushonin \u2013 korona nuk ekzistonte. P\u00ebrve\u00e7 k\u00ebsaj, t\u00eb gjith\u00eb u v\u00ebrtetuam se pothajse t\u00eb gjith\u00eb njer\u00ebzit t\u00eb vendosur n\u00eb funksione shtet\u00ebrore me rroga t\u00eb shtetit, vet\u00ebm sa presin instruksione dhe nuk marrin asgj\u00eb p\u00ebrsip\u00ebr p\u00ebrderisa nuk u thot\u00eb dikush \u201cprej lart\u201d. Askush nuk d\u00ebshiron t\u00eb marr\u00eb p\u00ebrgjegj\u00ebsi n\u00eb lidhje me asgj\u00eb dhe secili pret q\u00eb dikush tjet\u00ebr t\u2019ua mbaroj\u00eb pun\u00ebn. A nuk \u00ebsht\u00eb k\u00ebshtu? \u00c7far\u00eb b\u00ebnin mij\u00ebra drejtor\u00eb \u0435 kryetar\u00eb komunash p\u00ebrve\u00e7 se t\u00eb merrnin pjes\u00eb n\u00eb fushat\u00eb dhe t\u00eb m\u00ebrziteshin n\u00eb rast se shefi partiak ishte hidh\u00ebruar me ta?<\/p>\n<p>Jetojm\u00eb n\u00eb nj\u00eb shtet, i cili \u00ebsht\u00eb i s\u00ebmur\u00eb nga kanceri. Nj\u00eb kancer, p\u00ebr t\u00eb cilin \u00ebsht\u00eb harxhuar terapia, dhe nuk mund t\u00eb vazhdohet mjekimi, p\u00ebrve\u00e7se n\u00ebse nuk paraqitet n\u00eb televizion, ku ministri i sh\u00ebndet\u00ebsis\u00eb, n\u00eb rast se kemi fat, do ta shikoj\u00eb lajmin dhe t\u00eb siguroj\u00eb terapin\u00eb e duhur. Kishim rastin e nj\u00eb f\u00ebmije 11 vje\u00e7ar me nevoja t\u00eb ve\u00e7anta, p\u00ebr t\u00eb cilin u desh t\u00eb ngriheshin dy ministra q\u00eb t\u2019i gjendej vend n\u00eb spital e m\u00eb von\u00eb n\u00eb institucion social. Tani n\u00ebna e tij, edhe ajo vet\u00eb r\u00ebnd\u00eb p\u00ebr nga sh\u00ebndeti, ec\u00ebn rrug\u00ebve n\u00eb k\u00ebrkim t\u00eb djalit. Mos duhet t\u00eb dal\u00eb mandatari n\u00eb TV, q\u00eb t\u00eb strehohet edhe ajo?<br \/>\nP\u00ebrse e paguajm\u00eb t\u00eb gjith\u00eb at\u00eb administrat\u00eb shtet\u00ebrore, nga e cila askush nuk guxon t\u00eb p\u00ebrjashtohet, p\u00ebr t\u00eb cil\u00ebn duhet vazhdimisht t\u00eb k\u00ebrkosh ndonj\u00eb lidhje, apo duhet t\u00eb dal\u00ebsh n\u00eb lajme, q\u00eb t\u00eb jesh mjaft i r\u00ebnd\u00ebsih\u00ebm p\u00ebr ministrin. Vet\u00ebm at\u00ebher\u00eb do t\u00eb zgjidhet probelmi. M\u00eb sakt\u00eb, do t\u00eb zgjidhet vet\u00ebm rasti n\u00eb fjal\u00eb, nd\u00ebrkoh\u00eb q\u00eb problemi do t\u00eb vijoj\u00eb t\u00eb ekzistoj\u00eb brenda sistemit. P\u00ebr m\u00eb tep\u00ebr, rasti do t\u00eb zgjidhet p\u00ebr arsyen e vetme q\u00eb t\u00eb evitohet publiciteti negativ, deri n\u00eb shfaqjen e radh\u00ebs n\u00eb ekan.<br \/>\n\u00cbsht\u00eb mir\u00eb q\u00eb institucionet varen prej nesh, por medet p\u00ebr ne kur do t\u00eb kemi ne nevoj\u00eb p\u00ebr to.<br \/>\n<span class=\"dropcap color firstcharacter\">3<\/span> Dy jav\u00eb me radh\u00eb \u00ebsht\u00eb bllokuar dor\u00ebzimi i \u00e7ertifikatave t\u00eb lindjes. Drejtori i drejtoris\u00eb p\u00ebr udh\u00ebheqjen e librave am\u00eb, Bujar Dardhishta thot\u00eb me k\u00ebmb\u00ebngulje se nuk ka asnj\u00eb problem por b\u00ebhet fjal\u00eb p\u00ebr masa anti-kovidi \u2013 k\u00ebrkes\u00ebn e dor\u00ebzon n\u00eb nj\u00eb vend dhe \u00e7ertifikat\u00ebn e merr n\u00eb nj\u00eb tjet\u00ebr, e nd\u00ebrkoh\u00eb n\u00eb sportelet e nj\u00ebsive t\u00eb shp\u00ebrdnara kan\u00eb ngjitur letra q\u00eb thon\u00eb se kan\u00eb problem me sistemin kompjuterik.<br \/>\nPo mir\u00eb, \u00e7\u2019problem kaq i madh mund t\u00eb jet\u00eb ky, q\u00eb t\u00eb mos mund t\u00eb zgjidhet brenda dy jav\u00ebve? Pse nuk paguan intitucioni ndonj\u00eb person q\u00eb ta zgjidh\u00eb problemin? N\u00ebse do t\u00eb b\u00ebhej fjal\u00eb p\u00ebr kompani private, sistemi do t\u00eb ishte funksional brenda 24 or\u00ebve.<br \/>\nDhe realisht nuk \u00ebsht\u00eb se \u00ebsht\u00eb ndonj\u00eb problem i madh. Kemi t\u00eb b\u00ebjm\u00eb me \u00e7ertifikata t\u00eb lindjes, vdekjes dhe t\u00eb martes\u00ebs. Ngado k\u00ebrkohen tani \u00e7ertifikata t\u00eb tilla e q\u00eb t\u00eb mos jen\u00eb m\u00eb t\u00eb vjetra se gjasht\u00eb muaj. Pyes veten, sa personave u duhen \u00e7ertifikata t\u00eb tilla, mu tani? P\u00ebr m\u00eb tep\u00ebr, mu tani kan\u00eb gjetur t\u00eb ankohen n\u00eb media!<\/p>\n<p><span class=\"dropcap color firstcharacter\">4<\/span>N\u00eb programet e qeverive t\u00eb Maqedonis\u00eb postkomuniste ekziston nj\u00eb konstant\u00eb dhe kjo \u00ebsht\u00eb njoftimi p\u00ebr nd\u00ebrtimin e autostrad\u00ebs Veles \u2013 Prilep \u2013 Manastir. Q\u00eb nga viti 1994, kur Branko C\u00ebrvenkovski hidhte lopat\u00ebn n\u00eb rrug\u00ebn para lumit Babuna.<br \/>\nSa ministra t\u00eb Prilepit dhe Manastirit kan\u00eb kaluar n\u00ebp\u00ebr qeveri deri m\u00eb tani, si t\u00eb LSDM-s\u00eb ashtu edhe t\u00eb VMRO-DPMNE-s\u00eb? Dhe asnj\u00ebri nuk arriti ta bind\u00eb shefin e tij q\u00eb kjo autostrad\u00eb t\u00eb b\u00ebhet prioritet. T\u00eb pakt\u00ebn t\u00eb shkonin rehat n\u00eb pun\u00eb. Ndoshta tani shtipjani Bo\u00e7varski m\u00eb n\u00eb fund do ta filloj\u00eb. Apo ndoshta dhe jo\u2026jo p\u00ebr tjet\u00ebr, por t\u00eb ket\u00eb \u00e7\u2019t\u00eb vendos\u00eb n\u00eb programin e qeveris\u00eb s\u00eb ardhshme.<\/p>\n<p>Oh, po. P\u00ebr pak do t\u00eb kisha nj\u00eb parashikim. \u00cbsht\u00eb edhe hekurudha p\u00ebr n\u00eb Sofje.<\/p>\n<p><strong><em>P\u00ebrktheu: Fjolla Zllatku<\/em><\/strong><\/p>\n\n<div style=\"font-size: 0px; height: 0px; line-height: 0px; margin: 0; padding: 0; clear: both;\"><\/div>","protected":false},"excerpt":{"rendered":"<p>N\u00eb k\u00ebt\u00eb Maqedoni t\u00eb p\u00ebrjetshme, nuk ekzison asnj\u00eb problem, zgjidha e t\u00eb cilit nuk do t\u00eb mund t\u00eb shtyhej. K\u00ebshtu, [&hellip;]<\/p>\n","protected":false},"author":9,"featured_media":184,"comment_status":"closed","ping_status":"closed","sticky":false,"template":"","format":"standard","meta":{"_mo_disable_npp":"","inline_featured_image":false},"categories":[1825],"tags":[13752,13943,48504],"imageURL":"https:\/\/sdk.mk\/wp-content\/uploads\/2015\/12\/goran-mihailovski2.jpg","thumbURL":"https:\/\/sdk.mk\/wp-content\/uploads\/2015\/12\/goran-mihailovski2-250x196.jpg","categoryNames":["DUA T\u00cb THEM"],"feature_caption":"","subtitle":"N\u00eb programet e qeverive t\u00eb Maqedonis\u00eb postkomuniste ekziston nj\u00eb konstant\u00eb dhe kjo \u00ebsht\u00eb njoftimi p\u00ebr nd\u00ebrtimin e autostrad\u00ebs Veles \u2013 Prilep \u2013 Manastir.","views":"11801","source":"","yoast_head":"<!-- This site is optimized with the Yoast SEO Premium plugin v15.0 - https:\/\/yoast.com\/wordpress\/plugins\/seo\/ -->\n<title>ZILJA SHP\u00cbTIMTARE - \u0421\u0430\u043a\u0430\u043c \u0414\u0430 \u041a\u0430\u0436\u0430\u043c<\/title>\n<meta name=\"robots\" content=\"index, follow, max-snippet:-1, max-image-preview:large, max-video-preview:-1\" \/>\n<link rel=\"canonical\" href=\"https:\/\/sdk.mk\/index.php\/dua-te-them\/zilja-shpetimtare\/\" \/>\n<meta property=\"og:locale\" content=\"mk_MK\" \/>\n<meta property=\"og:type\" content=\"article\" \/>\n<meta property=\"og:title\" content=\"ZILJA SHP\u00cbTIMTARE - \u0421\u0430\u043a\u0430\u043c \u0414\u0430 \u041a\u0430\u0436\u0430\u043c\" \/>\n<meta property=\"og:description\" content=\"N\u00eb k\u00ebt\u00eb Maqedoni t\u00eb p\u00ebrjetshme, nuk ekzison asnj\u00eb problem, zgjidha e t\u00eb cilit nuk do t\u00eb mund t\u00eb shtyhej. K\u00ebshtu, [&hellip;]\" \/>\n<meta property=\"og:url\" content=\"https:\/\/sdk.mk\/index.php\/dua-te-them\/zilja-shpetimtare\/\" \/>\n<meta property=\"og:site_name\" content=\"\u0421\u0430\u043a\u0430\u043c \u0414\u0430 \u041a\u0430\u0436\u0430\u043c\" \/>\n<meta property=\"article:published_time\" content=\"2020-08-30T17:38:29+00:00\" \/>\n<meta property=\"article:modified_time\" content=\"2020-09-01T12:03:01+00:00\" \/>\n<meta property=\"og:image\" content=\"https:\/\/sdk.mk\/wp-content\/uploads\/2015\/12\/goran-mihailovski2.jpg\" \/>\n\t<meta property=\"og:image:width\" content=\"400\" \/>\n\t<meta property=\"og:image:height\" content=\"313\" \/>\n<meta property=\"fb:app_id\" content=\"2407985809428537\" \/>\n<meta name=\"twitter:card\" content=\"summary\" \/>\n<script type=\"application\/ld+json\" class=\"yoast-schema-graph\">{\"@context\":\"https:\/\/schema.org\",\"@graph\":[{\"@type\":\"WebSite\",\"@id\":\"https:\/\/sdk.mk\/#website\",\"url\":\"https:\/\/sdk.mk\/\",\"name\":\"\\u0421\\u0430\\u043a\\u0430\\u043c \\u0414\\u0430 \\u041a\\u0430\\u0436\\u0430\\u043c\",\"description\":\"\\u0417\\u0430 \\u0441\\u043b\\u043e\\u0431\\u043e\\u0434\\u043e\\u0443\\u043c\\u043d\\u0438\",\"potentialAction\":[{\"@type\":\"SearchAction\",\"target\":\"https:\/\/sdk.mk\/?s={search_term_string}\",\"query-input\":\"required name=search_term_string\"}],\"inLanguage\":\"mk-MK\"},{\"@type\":\"ImageObject\",\"@id\":\"https:\/\/sdk.mk\/index.php\/dua-te-them\/zilja-shpetimtare\/#primaryimage\",\"inLanguage\":\"mk-MK\",\"url\":\"https:\/\/sdk.mk\/wp-content\/uploads\/2015\/12\/goran-mihailovski2.jpg\",\"width\":400,\"height\":313},{\"@type\":\"WebPage\",\"@id\":\"https:\/\/sdk.mk\/index.php\/dua-te-them\/zilja-shpetimtare\/#webpage\",\"url\":\"https:\/\/sdk.mk\/index.php\/dua-te-them\/zilja-shpetimtare\/\",\"name\":\"ZILJA SHP\\u00cbTIMTARE - \\u0421\\u0430\\u043a\\u0430\\u043c \\u0414\\u0430 \\u041a\\u0430\\u0436\\u0430\\u043c\",\"isPartOf\":{\"@id\":\"https:\/\/sdk.mk\/#website\"},\"primaryImageOfPage\":{\"@id\":\"https:\/\/sdk.mk\/index.php\/dua-te-them\/zilja-shpetimtare\/#primaryimage\"},\"datePublished\":\"2020-08-30T17:38:29+00:00\",\"dateModified\":\"2020-09-01T12:03:01+00:00\",\"author\":{\"@id\":\"https:\/\/sdk.mk\/#\/schema\/person\/3e8217f71bc38bd7c592f30c69e10e5a\"},\"inLanguage\":\"mk-MK\",\"potentialAction\":[{\"@type\":\"ReadAction\",\"target\":[\"https:\/\/sdk.mk\/index.php\/dua-te-them\/zilja-shpetimtare\/\"]}]},{\"@type\":\"Person\",\"@id\":\"https:\/\/sdk.mk\/#\/schema\/person\/3e8217f71bc38bd7c592f30c69e10e5a\",\"name\":\"\\u041c\\u0438\\u0440\\u043e\\u0441\\u043b\\u0430\\u0432 \\u0418\\u043b\\u0438\\u043e\\u0441\\u043a\\u0438\"}]}<\/script>\n<!-- \/ Yoast SEO Premium plugin. -->","_links":{"self":[{"href":"https:\/\/sdk.mk\/index.php\/wp-json\/wp\/v2\/posts\/124621"}],"collection":[{"href":"https:\/\/sdk.mk\/index.php\/wp-json\/wp\/v2\/posts"}],"about":[{"href":"https:\/\/sdk.mk\/index.php\/wp-json\/wp\/v2\/types\/post"}],"author":[{"embeddable":true,"href":"https:\/\/sdk.mk\/index.php\/wp-json\/wp\/v2\/users\/9"}],"replies":[{"embeddable":true,"href":"https:\/\/sdk.mk\/index.php\/wp-json\/wp\/v2\/comments?post=124621"}],"version-history":[{"count":0,"href":"https:\/\/sdk.mk\/index.php\/wp-json\/wp\/v2\/posts\/124621\/revisions"}],"wp:featuredmedia":[{"embeddable":true,"href":"https:\/\/sdk.mk\/index.php\/wp-json\/wp\/v2\/media\/184"}],"wp:attachment":[{"href":"https:\/\/sdk.mk\/index.php\/wp-json\/wp\/v2\/media?parent=124621"}],"wp:term":[{"taxonomy":"category","embeddable":true,"href":"https:\/\/sdk.mk\/index.php\/wp-json\/wp\/v2\/categories?post=124621"},{"taxonomy":"post_tag","embeddable":true,"href":"https:\/\/sdk.mk\/index.php\/wp-json\/wp\/v2\/tags?post=124621"}],"curies":[{"name":"wp","href":"https:\/\/api.w.org\/{rel}","templated":true}]}}