{"id":126192,"date":"2020-09-19T16:58:18","date_gmt":"2020-09-19T14:58:18","guid":{"rendered":"https:\/\/sdk.mk\/?p=126192"},"modified":"2020-09-19T16:58:18","modified_gmt":"2020-09-19T14:58:18","slug":"biri-u-be-18-vjec-por-nuk-mund-te-kete-karte-identiteti-sepse-nena-duhet-te-vertetoje-se-cili-eshte-babai-biologjik","status":"publish","type":"post","link":"https:\/\/sdk.mk\/index.php\/histori-te-parrefyera\/biri-u-be-18-vjec-por-nuk-mund-te-kete-karte-identiteti-sepse-nena-duhet-te-vertetoje-se-cili-eshte-babai-biologjik\/","title":{"rendered":"BIRI U B\u00cb 18 VJE\u00c7, POR NUK MUND T\u00cb KET\u00cb KART\u00cb IDENTITETI, SEPSE N\u00cbNA DUHET T\u00cb V\u00cbRTETOJ\u00cb SE CILI \u00cbSHT\u00cb BABAI BIOLOGJIK"},"content":{"rendered":"<div class=\"f52428582a4b906b2d2e2a7d733c7d27\" data-index=\"7\" style=\"float: none; margin:10px 0 10px 0; text-align:center;\">\n<!-- MSP Ads Asynchronous JS Tag - Generated with Revive Adserver v5.4.1 -->\r\n<ins data-revive-zoneid=\"167\" data-revive-id=\"060fdb01f6430ec164d3519234aa4967\"><\/ins>\r\n<script async src=\"\/\/panel.ads.com.mk\/www\/delivery\/asyncjs.php\"><\/script>\n<\/div>\n<p>M\u00eb 27 qershor, T.S. i lindur n\u00eb Qendr\u00ebn klinike n\u00eb Shkup, para 18 vjet\u00ebsh, nuk mund t\u00eb realizoj\u00eb t\u00eb drejt\u00ebn e tij p\u00ebr t\u00eb pasur nj\u00eb kart\u00eb identiteti sepse nuk ka num\u00ebr am\u00eb dhe as certifikat\u00eb t\u00eb lindjes. Ky nx\u00ebn\u00ebs shembullor, edhe pse i lindur n\u00eb Shkup dhe me dy prind\u00ebr, nuk figuron dhe nuk ka figuruar asnj\u00ebher\u00eb n\u00eb Librin am\u00eb t\u00eb t\u00eb lindurve, e p\u00ebr m\u00eb tep\u00ebr nuk mund as edhe t\u00eb \u00ebnd\u00ebrroj\u00eb q\u00eb t\u00eb ket\u00eb nj\u00eb certifikat\u00eb lindjeje, aq m\u00eb pak nj\u00eb kart\u00eb identiteti.<\/p>\n<p><a href=\"https:\/\/sdk.mk\/index.php\/neraskazhani-prikazni\/17-godishen-skopjanets-ne-mozhe-da-dobie-izvod-od-matichna-kniga-oti-drzhavata-ne-mu-go-priznava-rodeniot-tatko\/\"><strong><em>17 VJE\u00c7ARI I SHKUPIT ASNJ\u00cbHER\u00cb NUK \u00cbSHT\u00cb REGJISTRUAR N\u00cb LIBRIN AM\u00cb SEPSE SHTETI NUK IA PRANON BABAN\u00cb BIOLOGJIK <\/em><\/strong><\/a><\/p>\n<p>T.S. kishte shpresa t\u00eb m\u00ebdha se m\u00eb 15 korrik t\u00eb k\u00ebtij viti, p\u00ebr her\u00eb t\u00eb par\u00eb do t\u00eb mund t\u00eb plot\u00ebsonte t\u00eb drejt\u00ebn e vot\u00ebs dhe se do t\u00eb mund t\u00eb regjistrohej n\u00eb fakultetin e d\u00ebshiruar, at\u00eb t\u00eb drejt\u00ebsis\u00eb n\u00eb \u201cJustiniani i par\u00eb\u201d n\u00eb Shkup. Por asgj\u00eb nga kjo nuk iu mund\u00ebsua. Rruga e tij n\u00ebp\u00ebrmjet labirinteve ligjore t\u00eb shtetit \u00ebsht\u00eb shum\u00eb e nd\u00ebrlikuar. P\u00ebr SAKAMDAKAZAM.MK tregon se sa i zhg\u00ebnjyer dhe i pashpres\u00eb ndjehet, duke apeluar drejt institucioneve q\u00eb t\u00eb shohin se edhe ai \u00ebsht\u00eb njeri, qytetar i Maqedonis\u00eb.<\/p>\n<p>\u201cE kam shum\u00eb t\u00eb v\u00ebshtir\u00eb. P\u00ebr vite t\u00eb t\u00ebra, me n\u00ebn\u00ebn time n\u00eb krah, luftojm\u00eb q\u00eb t\u00eb kem nj\u00eb num\u00ebr am\u00eb, nj\u00eb certifikat\u00eb lindjeje, si t\u00eb gjith\u00eb qytetar\u00ebt e tjer\u00eb t\u00eb shtetit. Fal\u00eb njer\u00ebzve human\u00eb, t\u00eb cil\u00ebt u b\u00ebn\u00eb t\u00eb ditur shkollave se \u00e7do f\u00ebmij\u00eb ka t\u00eb drejt\u00ebn e arsimimit sipas t\u00eb gjitha ligjeve shtet\u00ebrore dhe konventave nd\u00ebrkomb\u00ebtare, m\u00eb pranuan n\u00eb shkoll\u00eb edhe pa dokumente, ku dola me sukses t\u00eb shk\u00eblqyer, si n\u00eb fillore ashtu edhe n\u00eb shkolll\u00eb t\u00eb mesme. Por k\u00ebtu \u00ebsht\u00eb fundi, m\u00eb tej nuk mund t\u00eb shkoj pa dokumente personale. Jam njeri pa identitet\u201d, thot\u00eb djaloshi.<\/p>\n<p>Pas luft\u00ebs 15 vje\u00e7are pa sukses t\u00eb prind\u00ebrve, q\u00eb T.S. ta regjistrojn\u00eb n\u00eb Librin am\u00eb t\u00eb t\u00eb lindurve, vjet, t\u00eb d\u00ebshp\u00ebruar iu drejtuan Avokatit t\u00eb popullit Ixhet Memeti. Me rastin n\u00eb fjal\u00eb merret z\u00ebvend\u00ebsja e Avokatit t\u00eb popullit Suzana Saliu.<\/p>\n<p>N\u00ebna B.E.A. dhe babai Gj. S. kan\u00eb tentuar t\u00eb martohen n\u00eb Maqedoni, por nuk ia kan\u00eb dal\u00eb, pasi ajo nuk ka pasur dokumentet origjinale t\u00eb martes\u00ebs s\u00eb kaluar n\u00eb Republik\u00ebn e Bullgaris\u00eb. N\u00ebna \u00ebsht\u00eb shtetase e Bullgaris\u00eb dhe tashm\u00eb prej vitesh bashk\u00ebjeton me baban\u00eb e T.S., i cili \u00ebsht\u00eb shtetas i Maqedonis\u00eb s\u00eb Veriut. N\u00eb lidhjen e tyre nj\u00ebzet vje\u00e7are kan\u00eb lindur dhe dy f\u00ebmij\u00eb t\u00eb tjer\u00eb, t\u00eb cil\u00ebt kishin fatin q\u00eb lind\u00ebn n\u00eb Serbi, ku pushteti nuk u ka shkaktuar probleme t\u00eb tilla dhe vajz\u00ebn dhe djalin e sapolindur i kan\u00eb regjistruar n\u00eb librin am\u00eb duke iu dh\u00ebn\u00eb dhe certifikatat p\u00ebrkat\u00ebse t\u00eb lindjes. Problemi q\u00ebndron te v\u00ebllai i tyre fatkeq, q\u00eb lindi n\u00eb Maqedoni.<\/p>\n<p>Drejtoria p\u00ebr mbajtjen e librave am\u00eb nuk i ka dh\u00ebn\u00eb cetifikat\u00eb djalit, pasi n\u00eb koh\u00ebn kur ai ka lindur, n\u00ebna nuk ka qen\u00eb e divorcuar nga bashk\u00ebshorti i par\u00eb, ndon\u00ebse ajo prej vitesh nuk ka jetuar me t\u00eb, por ka bashk\u00ebjetuar partnerin e ri me t\u00eb cilin ka lindur 3 f\u00ebmij\u00eb. Bashk\u00ebshorti i saj i par\u00eb jeton n\u00eb Bullgari. M\u00eb von\u00eb ajo \u00ebsht\u00eb divorcuar, por d\u00ebmi ndaj f\u00ebmij\u00ebs, shkaktuar nga mendjengurt\u00ebsia e administrat\u00ebs son\u00eb ka mbetur i parregulluar.<\/p>\n<div id=\"attachment_102250\" style=\"width: 1010px\" class=\"wp-caption aligncenter\"><a href=\"https:\/\/sdk.mk\/wp-content\/uploads\/2019\/12\/svidetelstvo-3232898932.jpg\"><img aria-describedby=\"caption-attachment-102250\" loading=\"lazy\" class=\"wp-image-102250 size-full\" src=\"https:\/\/sdk.mk\/wp-content\/uploads\/2019\/12\/svidetelstvo-3232898932.jpg\" alt=\"\" width=\"1000\" height=\"638\" srcset=\"https:\/\/sdk.mk\/wp-content\/uploads\/2019\/12\/svidetelstvo-3232898932.jpg 1000w, https:\/\/sdk.mk\/wp-content\/uploads\/2019\/12\/svidetelstvo-3232898932-250x160.jpg 250w, https:\/\/sdk.mk\/wp-content\/uploads\/2019\/12\/svidetelstvo-3232898932-400x255.jpg 400w, https:\/\/sdk.mk\/wp-content\/uploads\/2019\/12\/svidetelstvo-3232898932-768x490.jpg 768w, https:\/\/sdk.mk\/wp-content\/uploads\/2019\/12\/svidetelstvo-3232898932-650x415.jpg 650w, https:\/\/sdk.mk\/wp-content\/uploads\/2019\/12\/svidetelstvo-3232898932-150x96.jpg 150w, https:\/\/sdk.mk\/wp-content\/uploads\/2019\/12\/svidetelstvo-3232898932-800x510.jpg 800w\" sizes=\"(max-width: 1000px) 100vw, 1000px\" \/><\/a><p id=\"caption-attachment-102250\" class=\"wp-caption-text\">18 vje\u00e7ari \u00ebsht\u00eb nx\u00ebn\u00ebs i shk\u00eblqyer me shum\u00eb \u00e7mime n\u00eb gara shtet\u00ebrore me patronazh nd\u00ebrkomb\u00ebtar, por edhe pse ai mbushi mosh\u00ebn e pjekuris\u00eb, nuk mund t\u00eb marr\u00eb kart\u00eb identiteti dhe as t\u00eb regjistrohet n\u00eb fakultet. (Foto: SDK.MK)<\/p><\/div>\n<p>Drejtori i Drejtoris\u00eb p\u00ebr mbajtjen e librave am\u00eb Bujar Dardhishta thot\u00eb se Drejtoria nuk mund ta evidentoj\u00eb T.S. pa baza ligjore dhe elaboron se ku gjendet problemi:<\/p>\n<p>\u201cSipas Ligjit p\u00ebr familje dhe normave q\u00eb vlejn\u00eb dhe respektohen rrept\u00ebsisht q\u00eb nga viti 1995, djali 18 vje\u00e7ar nuk mund t\u00eb marr\u00eb cetifikat\u00eb lindjeje. Sipas ligjeve tona, si baba i djalit fillimisht duhet t\u00eb sh\u00ebnohet bashk\u00ebshorti i par\u00eb, shtetas i Bullgaris\u00eb. N\u00eb k\u00ebt\u00eb rast djali do t\u00eb marr\u00eb menj\u00ebher\u00eb certifikat\u00ebn, e m\u00eb pas babai biologjik mund ta konstestoj\u00eb \u00e7\u00ebshtjen n\u00ebp\u00ebrmjet procedur\u00ebs dhe Drejtoria do ta ndryshoj\u00eb emrin. Kjo gj\u00eb iu b\u00eb e qart\u00eb edhe n\u00ebn\u00ebs s\u00eb djalit nga sh\u00ebrbimet tona. Duke marr\u00eb parasysh se ajo nuk ka kontakt me bashk\u00ebshortin e par\u00eb prej 20 vjet\u00ebsh, e drejtuam te Ambasada e Republik\u00ebs s\u00eb Maqedonis\u00eb n\u00eb Sofje q\u00eb t\u00eb kontaktoj\u00eb qendrat e atjeshme p\u00ebr pun\u00eb sociale, n\u00eb m\u00ebnyr\u00eb q\u00eb t\u00eb gjendej bashk\u00ebshorti dhe t\u00eb bjer\u00eb dakord q\u00eb t\u00eb mund t\u00eb sh\u00ebnohet fillimisht si babai i f\u00ebmij\u00ebs, q\u00eb djali t\u00eb mund t\u00eb marr\u00eb certifikat\u00eb lindjeje.<br \/>\nProcedura \u00ebsht\u00eb kjo dhe ne nuk mund t\u00eb b\u00ebjm\u00eb asgj\u00eb p\u00ebr ta ndryshuar. Me fjal\u00eb t\u00eb tjera, baba i f\u00ebmij\u00ebs \u00ebsht\u00eb ai njeri, me t\u00eb cilin n\u00ebna figuron e martuar n\u00eb momentin e lindjes s\u00eb f\u00ebmij\u00ebs\u201d, thot\u00eb drejtori Dardhishta.<\/p>\n<div id=\"attachment_102242\" style=\"width: 810px\" class=\"wp-caption aligncenter\"><a href=\"https:\/\/sdk.mk\/wp-content\/uploads\/2019\/12\/ombudsman-123.jpg\"><img aria-describedby=\"caption-attachment-102242\" loading=\"lazy\" class=\"wp-image-102242 size-full\" src=\"https:\/\/sdk.mk\/wp-content\/uploads\/2019\/12\/ombudsman-123.jpg\" alt=\"\" width=\"800\" height=\"420\" srcset=\"https:\/\/sdk.mk\/wp-content\/uploads\/2019\/12\/ombudsman-123.jpg 800w, https:\/\/sdk.mk\/wp-content\/uploads\/2019\/12\/ombudsman-123-250x131.jpg 250w, https:\/\/sdk.mk\/wp-content\/uploads\/2019\/12\/ombudsman-123-400x210.jpg 400w, https:\/\/sdk.mk\/wp-content\/uploads\/2019\/12\/ombudsman-123-768x403.jpg 768w, https:\/\/sdk.mk\/wp-content\/uploads\/2019\/12\/ombudsman-123-650x341.jpg 650w, https:\/\/sdk.mk\/wp-content\/uploads\/2019\/12\/ombudsman-123-150x79.jpg 150w\" sizes=\"(max-width: 800px) 100vw, 800px\" \/><\/a><p id=\"caption-attachment-102242\" class=\"wp-caption-text\">Avokatja e popullit Suzana Saliu iu drejtua Drejtoris\u00eb p\u00ebr mbajtjen e librave am\u00eb, duke th\u00ebn\u00eb se f\u00ebmija duhet regjistruar, sepse n\u00eb k\u00ebt\u00eb m\u00ebnyr\u00eb ata po b\u00ebjn\u00eb nj\u00eb shkelje madhore t\u00eb t\u00eb drejtave t\u00eb njeriut. (Foto: SDK.MK)<\/p><\/div>\n<p>Tek ne, n\u00eb rastet kur pal\u00ebt nuk jan\u00eb n\u00eb marr\u00ebdh\u00ebnie t\u00eb mira dhe nuk mund ta zgjidhin vet\u00eb problemin, vijn\u00eb n\u00eb ndihm\u00eb qendrat p\u00ebr pun\u00eb sociale. Mir\u00ebpo p\u00ebr rastin n\u00eb fjal\u00eb ato jan\u00eb t\u00eb pafuqishme, pasi nuk b\u00ebhet fjal\u00eb p\u00ebr shtetas t\u00eb huaj. N\u00eb k\u00ebt\u00eb rast flasim p\u00ebr nj\u00eb burr\u00eb dhe nj\u00eb grua t\u00eb huaj, martesa e t\u00eb cil\u00ebve nuk \u00ebsht\u00eb nd\u00ebrprer\u00eb n\u00eb momentin kur ka lindur T.S., thot\u00eb Dardhishta.<\/p>\n<p>N\u00ebna e T.S. thot\u00eb se babai bilogjik i T.S., Gj.S. tashm\u00eb 12 vjet \u00ebsht\u00eb i pal\u00ebvizsh\u00ebm, i s\u00ebmur\u00eb r\u00ebnd\u00eb dhe n\u00eb pamund\u00ebsi p\u00ebr t\u00eb zhvilluar kontakt me njer\u00ebzit. Ajo \u00ebsht\u00eb e pashpres\u00eb, famija e saj \u00ebsht\u00eb e varf\u00ebr, thot\u00eb se nuk ka m\u00eb fuqi p\u00ebr t\u00eb rendur pas institucioneve dhe p\u00ebr t\u00eb dh\u00ebn\u00eb deklarata, p\u00ebr t\u00eb gjetur bashk\u00ebshortin e saj t\u00eb par\u00eb q\u00eb e pranon apo s\u2019e pranon djalin e saj\u2026<\/p>\n<p>Zv. Avokatja e popullit Suzana Saliu iu drejtua Drejtoris\u00eb p\u00ebr mbajtjen e librave am\u00eb, duke th\u00ebn\u00eb se f\u00ebmija duhet regjistruar, sepse n\u00eb k\u00ebt\u00eb m\u00ebnyr\u00eb ata po b\u00ebjn\u00eb nj\u00eb shkelje madhore t\u00eb t\u00eb drejtave t\u00eb njeriut. Ajo gjithashtu thot\u00eb se i kan\u00eb k\u00ebrkuar n\u00ebn\u00ebs q\u00eb t\u00eb sjell\u00eb t\u00eb dh\u00ebnat e martes\u00ebs dhe divorcit nga bashk\u00ebshorti i par\u00eb, por p\u00ebr arsye ekonomike, ajo nuk ka mundur t\u00eb siguroj\u00eb k\u00ebt\u00eb dokument nd\u00ebrkomb\u00ebtar.<\/p>\n<p>\u201cKur pam\u00eb se ishin shum\u00eb insistues, n\u00ebp\u00ebrmjet Ombudsmanit t\u00eb Bullgaris\u00eb e siguruam menj\u00ebher\u00eb certifikat\u00ebn. Data e lindjes s\u00eb djalit p\u00ebrputhej me periudh\u00ebn kur martesa akoma ka qen\u00eb aktive n\u00eb let\u00ebr, sepse ajo ka jetuar n\u00eb bashk\u00ebsi jasht\u00ebmartesore me shtetas t\u00eb Maqedonis\u00eb dhe madje ka pasur 2 f\u00ebmij\u00eb me t\u00eb, t\u00eb dy me certifikata t\u00eb lindjes nga Serbia, t\u00eb marra pa asnj\u00eb problem. Martesa e n\u00ebn\u00ebs s\u00eb tyre n\u00eb Bullgari n\u00eb realitet ka p\u00ebrfunduar shum\u00eb m\u00eb her\u00ebt, pasi ajo ka jetuar me baban\u00eb e tre f\u00ebmij\u00ebve t\u00eb saj, por n\u00eb let\u00ebr jo\u201d, b\u00ebn t\u00eb qarta faktet Saliu.<\/p>\n<p>Drejtoria thot\u00eb se T.S. ka nj\u00eb mund\u00ebsi q\u00eb t\u00eb ngre padi kund\u00ebr tyre, e cila do t\u00eb hyj\u00eb n\u00eb fuqi me vendimin final t\u00eb Gjykat\u00ebs administrative. Duke marr\u00eb parasysh se kjo procedur\u00eb mund t\u00eb zgjas\u00eb m\u00eb shum\u00eb se nj\u00eb vit, rekomandojn\u00eb q\u00eb T.S. t\u00eb filloj\u00eb menj\u00ebher\u00eb procedur\u00ebn.<\/p>\n<p>Pa para, me bashk\u00ebshort t\u00eb s\u00ebmur\u00eb dhe t\u00eb pal\u00ebvizsh\u00ebm q\u00eb \u00ebsht\u00eb n\u00ebn kujdesin e saj, kjo n\u00ebn\u00eb duhet t\u00eb ngrej\u00eb procedur\u00eb administrative.<\/p>\n<p>\u201cUn\u00eb as q\u00eb e di se \u00e7far\u00eb \u00ebsht\u00eb nj\u00eb procedur\u00eb administraive, nuk e di se si duket nj\u00eb padi. Ne nuk jemi mir\u00eb financiarisht, f\u00ebmija im nuk ka identitet, do t\u00eb m\u00eb duhet q\u00eb vet\u00eb t\u00eb shkoj n\u00eb gjyq. Apeloj p\u00ebr ndihm\u00eb ligjore!\u201d, thot\u00eb n\u00ebna B.E.A, p\u00ebrpara ligjeve t\u00eb rrepta t\u00eb Republiks\u00eb s\u00eb Maqedonis\u00eb s\u00eb Veriut, t\u00eb cilat ndiqen pik\u00eb p\u00ebr pik\u00eb at\u00ebher\u00eb kur b\u00ebhet fjal\u00eb p\u00ebr qytetar\u00ebt e saj t\u00eb varf\u00ebr dhe t\u00eb pafuqish\u00ebm.<\/p>\n<p><strong><em>S. K. DELEVSKA<\/em><\/strong><\/p>\n<p>&nbsp;<\/p>\n\n<div style=\"font-size: 0px; height: 0px; line-height: 0px; margin: 0; padding: 0; clear: both;\"><\/div>","protected":false},"excerpt":{"rendered":"<p>M\u00eb 27 qershor, T.S. i lindur n\u00eb Qendr\u00ebn klinike n\u00eb Shkup, para 18 vjet\u00ebsh, nuk mund t\u00eb realizoj\u00eb t\u00eb drejt\u00ebn [&hellip;]<\/p>\n","protected":false},"author":25,"featured_media":125342,"comment_status":"closed","ping_status":"closed","sticky":false,"template":"","format":"standard","meta":{"_mo_disable_npp":"","inline_featured_image":false},"categories":[3085],"tags":[],"imageURL":"https:\/\/sdk.mk\/wp-content\/uploads\/2020\/09\/matichni-knigi-650x304.jpg","thumbURL":"https:\/\/sdk.mk\/wp-content\/uploads\/2020\/09\/matichni-knigi-250x117.jpg","categoryNames":["Histori t\u00eb parr\u00ebfyera"],"feature_caption":"T.S. ka ardhur n\u00eb jet\u00eb nd\u00ebrkoh\u00eb q\u00eb n\u00ebna, shtetase e Bullgaris\u00eb ka qen\u00eb n\u00eb martes\u00eb me nj\u00eb shtetas t\u00eb Bullgaris\u00eb, i cili aktualisht jeton n\u00eb Bullgari. Sipas ligjeve tona, si baba i djalit duhet t\u00eb sh\u00ebnohet fillimisht bashk\u00ebshorti i par\u00eb, pra shtetasi i Bullgaris\u00eb, edhe pse babai biologjik i djalit \u00ebsht\u00eb bashk\u00ebshorti i dyt\u00eb, shtetas i R.M.V., me t\u00eb cil\u00ebn n\u00ebna ka bashk\u00ebjetuar jasht\u00eb martes\u00ebs p\u00ebr nj\u00eb koh\u00eb t\u00eb gjat\u00eb. N\u00ebse b\u00ebhet k\u00ebshtu, djalit do t\u2019i jepet menj\u00ebher\u00eb certifikata. M\u00ebnyra e dyt\u00eb, e cila \u00ebsht\u00eb m\u00eb afatgjat\u00eb, \u00ebsht\u00eb q\u00eb rasti t\u00eb shkoj\u00eb n\u00eb gjyq n\u00ebp\u00ebrmjet procedur\u00ebs administrative\u201d- Drejtoria e librave am\u00eb. (Foto: K.Popov) ","subtitle":"","views":"17478","source":"Shkup, (SAKAMDAKAZAM.MK)","yoast_head":"<!-- This site is optimized with the Yoast SEO Premium plugin v15.0 - https:\/\/yoast.com\/wordpress\/plugins\/seo\/ -->\n<title>BIRI U B\u00cb 18 VJE\u00c7, POR NUK MUND T\u00cb KET\u00cb KART\u00cb IDENTITETI, SEPSE N\u00cbNA DUHET T\u00cb V\u00cbRTETOJ\u00cb SE CILI \u00cbSHT\u00cb BABAI BIOLOGJIK - \u0421\u0430\u043a\u0430\u043c \u0414\u0430 \u041a\u0430\u0436\u0430\u043c<\/title>\n<meta name=\"robots\" content=\"index, follow, max-snippet:-1, max-image-preview:large, max-video-preview:-1\" \/>\n<link rel=\"canonical\" href=\"https:\/\/sdk.mk\/index.php\/histori-te-parrefyera\/biri-u-be-18-vjec-por-nuk-mund-te-kete-karte-identiteti-sepse-nena-duhet-te-vertetoje-se-cili-eshte-babai-biologjik\/\" \/>\n<meta property=\"og:locale\" content=\"mk_MK\" \/>\n<meta property=\"og:type\" content=\"article\" \/>\n<meta property=\"og:title\" content=\"BIRI U B\u00cb 18 VJE\u00c7, POR NUK MUND T\u00cb KET\u00cb KART\u00cb IDENTITETI, SEPSE N\u00cbNA DUHET T\u00cb V\u00cbRTETOJ\u00cb SE CILI \u00cbSHT\u00cb BABAI BIOLOGJIK - \u0421\u0430\u043a\u0430\u043c \u0414\u0430 \u041a\u0430\u0436\u0430\u043c\" \/>\n<meta property=\"og:description\" content=\"M\u00eb 27 qershor, T.S. i lindur n\u00eb Qendr\u00ebn klinike n\u00eb Shkup, para 18 vjet\u00ebsh, nuk mund t\u00eb realizoj\u00eb t\u00eb drejt\u00ebn [&hellip;]\" \/>\n<meta property=\"og:url\" content=\"https:\/\/sdk.mk\/index.php\/histori-te-parrefyera\/biri-u-be-18-vjec-por-nuk-mund-te-kete-karte-identiteti-sepse-nena-duhet-te-vertetoje-se-cili-eshte-babai-biologjik\/\" \/>\n<meta property=\"og:site_name\" content=\"\u0421\u0430\u043a\u0430\u043c \u0414\u0430 \u041a\u0430\u0436\u0430\u043c\" \/>\n<meta property=\"article:published_time\" content=\"2020-09-19T14:58:18+00:00\" \/>\n<meta property=\"og:image\" content=\"https:\/\/sdk.mk\/wp-content\/uploads\/2020\/09\/matichni-knigi.jpg\" \/>\n\t<meta property=\"og:image:width\" content=\"1012\" \/>\n\t<meta property=\"og:image:height\" content=\"473\" \/>\n<meta property=\"fb:app_id\" content=\"2407985809428537\" \/>\n<meta name=\"twitter:card\" content=\"summary\" \/>\n<script type=\"application\/ld+json\" class=\"yoast-schema-graph\">{\"@context\":\"https:\/\/schema.org\",\"@graph\":[{\"@type\":\"WebSite\",\"@id\":\"https:\/\/sdk.mk\/#website\",\"url\":\"https:\/\/sdk.mk\/\",\"name\":\"\\u0421\\u0430\\u043a\\u0430\\u043c \\u0414\\u0430 \\u041a\\u0430\\u0436\\u0430\\u043c\",\"description\":\"\\u0417\\u0430 \\u0441\\u043b\\u043e\\u0431\\u043e\\u0434\\u043e\\u0443\\u043c\\u043d\\u0438\",\"potentialAction\":[{\"@type\":\"SearchAction\",\"target\":\"https:\/\/sdk.mk\/?s={search_term_string}\",\"query-input\":\"required name=search_term_string\"}],\"inLanguage\":\"mk-MK\"},{\"@type\":\"ImageObject\",\"@id\":\"https:\/\/sdk.mk\/index.php\/histori-te-parrefyera\/biri-u-be-18-vjec-por-nuk-mund-te-kete-karte-identiteti-sepse-nena-duhet-te-vertetoje-se-cili-eshte-babai-biologjik\/#primaryimage\",\"inLanguage\":\"mk-MK\",\"url\":\"https:\/\/sdk.mk\/wp-content\/uploads\/2020\/09\/matichni-knigi.jpg\",\"width\":1012,\"height\":473},{\"@type\":\"WebPage\",\"@id\":\"https:\/\/sdk.mk\/index.php\/histori-te-parrefyera\/biri-u-be-18-vjec-por-nuk-mund-te-kete-karte-identiteti-sepse-nena-duhet-te-vertetoje-se-cili-eshte-babai-biologjik\/#webpage\",\"url\":\"https:\/\/sdk.mk\/index.php\/histori-te-parrefyera\/biri-u-be-18-vjec-por-nuk-mund-te-kete-karte-identiteti-sepse-nena-duhet-te-vertetoje-se-cili-eshte-babai-biologjik\/\",\"name\":\"BIRI U B\\u00cb 18 VJE\\u00c7, POR NUK MUND T\\u00cb KET\\u00cb KART\\u00cb IDENTITETI, SEPSE N\\u00cbNA DUHET T\\u00cb V\\u00cbRTETOJ\\u00cb SE CILI \\u00cbSHT\\u00cb BABAI BIOLOGJIK - \\u0421\\u0430\\u043a\\u0430\\u043c \\u0414\\u0430 \\u041a\\u0430\\u0436\\u0430\\u043c\",\"isPartOf\":{\"@id\":\"https:\/\/sdk.mk\/#website\"},\"primaryImageOfPage\":{\"@id\":\"https:\/\/sdk.mk\/index.php\/histori-te-parrefyera\/biri-u-be-18-vjec-por-nuk-mund-te-kete-karte-identiteti-sepse-nena-duhet-te-vertetoje-se-cili-eshte-babai-biologjik\/#primaryimage\"},\"datePublished\":\"2020-09-19T14:58:18+00:00\",\"dateModified\":\"2020-09-19T14:58:18+00:00\",\"author\":{\"@id\":\"https:\/\/sdk.mk\/#\/schema\/person\/737021aeacbe893f7e2c347186c5c7a1\"},\"inLanguage\":\"mk-MK\",\"potentialAction\":[{\"@type\":\"ReadAction\",\"target\":[\"https:\/\/sdk.mk\/index.php\/histori-te-parrefyera\/biri-u-be-18-vjec-por-nuk-mund-te-kete-karte-identiteti-sepse-nena-duhet-te-vertetoje-se-cili-eshte-babai-biologjik\/\"]}]},{\"@type\":\"Person\",\"@id\":\"https:\/\/sdk.mk\/#\/schema\/person\/737021aeacbe893f7e2c347186c5c7a1\",\"name\":\"\\u0424\\u0458\\u043e\\u043b\\u0430 \\u0417\\u043b\\u0430\\u0442\\u043a\\u0443\"}]}<\/script>\n<!-- \/ Yoast SEO Premium plugin. -->","_links":{"self":[{"href":"https:\/\/sdk.mk\/index.php\/wp-json\/wp\/v2\/posts\/126192"}],"collection":[{"href":"https:\/\/sdk.mk\/index.php\/wp-json\/wp\/v2\/posts"}],"about":[{"href":"https:\/\/sdk.mk\/index.php\/wp-json\/wp\/v2\/types\/post"}],"author":[{"embeddable":true,"href":"https:\/\/sdk.mk\/index.php\/wp-json\/wp\/v2\/users\/25"}],"replies":[{"embeddable":true,"href":"https:\/\/sdk.mk\/index.php\/wp-json\/wp\/v2\/comments?post=126192"}],"version-history":[{"count":0,"href":"https:\/\/sdk.mk\/index.php\/wp-json\/wp\/v2\/posts\/126192\/revisions"}],"wp:featuredmedia":[{"embeddable":true,"href":"https:\/\/sdk.mk\/index.php\/wp-json\/wp\/v2\/media\/125342"}],"wp:attachment":[{"href":"https:\/\/sdk.mk\/index.php\/wp-json\/wp\/v2\/media?parent=126192"}],"wp:term":[{"taxonomy":"category","embeddable":true,"href":"https:\/\/sdk.mk\/index.php\/wp-json\/wp\/v2\/categories?post=126192"},{"taxonomy":"post_tag","embeddable":true,"href":"https:\/\/sdk.mk\/index.php\/wp-json\/wp\/v2\/tags?post=126192"}],"curies":[{"name":"wp","href":"https:\/\/api.w.org\/{rel}","templated":true}]}}