{"id":127553,"date":"2020-10-04T19:51:46","date_gmt":"2020-10-04T17:51:46","guid":{"rendered":"https:\/\/sdk.mk\/?p=127553"},"modified":"2020-10-04T19:51:46","modified_gmt":"2020-10-04T17:51:46","slug":"prapanica-per-karrige","status":"publish","type":"post","link":"https:\/\/sdk.mk\/index.php\/dua-te-them\/prapanica-per-karrige\/","title":{"rendered":"PRAPANICA P\u00cbR KARRIGE"},"content":{"rendered":"<div class=\"f52428582a4b906b2d2e2a7d733c7d27\" data-index=\"7\" style=\"float: none; margin:10px 0 10px 0; text-align:center;\">\n<!-- MSP Ads Asynchronous JS Tag - Generated with Revive Adserver v5.4.1 -->\r\n<ins data-revive-zoneid=\"167\" data-revive-id=\"060fdb01f6430ec164d3519234aa4967\"><\/ins>\r\n<script async src=\"\/\/panel.ads.com.mk\/www\/delivery\/asyncjs.php\"><\/script>\n<\/div>\n<p><span class=\"dropcap color firstcharacter\">1<\/span>Takim i jasht\u00ebzakonsh\u00ebm konsultativ i ministrit Venko Filip\u00e7e me Komisionin p\u00ebr s\u00ebmundje infektive, pas rekordit prej 225 rasteve pozitive me koronavirus. Me sa duket do t\u00eb shtyhet kafja n\u00eb Prishtin\u00eb. E mbase dhe jo.<\/p>\n<p><span class=\"dropcap color firstcharacter\">2<\/span>Po vrisja mendjen, vall\u00eb, \u00e7far\u00eb koordinatori nacional do t\u00eb mund t\u00eb isha un\u00eb? Nj\u00eb koordinator i till\u00eb q\u00eb t\u00eb ting\u00eblloj\u00eb si di\u00e7ka shum\u00eb serioze, q\u00eb kur ta d\u00ebgjojn\u00eb njer\u00ebzit t\u00eb mendojn\u00eb, ky njeri, kush e di se \u00e7far\u00eb pune duhet t\u00eb kryej\u00eb q\u00eb ta nxjerr\u00eb rrog\u00ebn e vet.<br \/>\nP\u00ebr shembull, ministri i kaluar i kultur\u00ebs, Robert Allagjozovski \u00ebsht\u00eb hequr nga funksioni i koordinatorit nacional p\u00ebr zhvillim t\u00eb kultur\u00ebs dhe bashk\u00ebpunimit nd\u00ebrinstitucional dhe i jan\u00eb dh\u00ebn\u00eb dhe detyrime t\u00eb reja si koordinator nacional p\u00ebr interkulturaliz\u00ebm, nj\u00eb shoq\u00ebri p\u00ebr t\u00eb gjith\u00eb dhe p\u00ebr bashk\u00ebpunim nd\u00ebrinstitucional. Uhhh\u2026.kisha pak v\u00ebshtir\u00ebsi n\u00eb lexim. Kurse Robert Popovski, i cili ishte minist\u00ebr pa resor, i angazhuar p\u00ebr komunikim dhe transparenc\u00eb, me Qeverin\u00eb e re mori dhe funksion t\u00eb ri \u2013 koordinator nacional p\u00ebr qeverisje t\u00eb p\u00ebrgjegjshme dhe transparenc\u00eb. E sa p\u00ebr koordinatorin e qeverisjes s\u00eb pap\u00ebrgjegjshme, vijojn\u00eb konsultimet me BDI-n\u00eb.<\/p>\n<p>Fillimisht e kam t\u00eb v\u00ebshtir\u00eb ta lexoj, e pasi ta kem lexuar, rrekem t\u00eb kuptoj se \u00e7\u2019ka dashur t\u00eb thot\u00eb autori. E pastaj pyes veten: A jam un\u00eb shum\u00eb budalla apo jan\u00eb ata kaq t\u00eb men\u00e7ur? M\u00eb kot p\u00ebrpiqem, un\u00eb nuk mund t\u00eb shpik funksione me emra t\u00eb k\u00ebtill\u00eb.<\/p>\n<p>Patjet\u00ebr q\u00eb duhet t\u00eb ket\u00eb dikush q\u00eb mendon n\u00eb k\u00ebt\u00eb Qeveri. Mos ndoshta ky q\u00eb shpik emrat \u00ebsht\u00eb koordinator nacional p\u00ebr shpikjen e emrave t\u00eb funksioneve, ndon\u00ebse k\u00ebtu nuk t\u00eb duhet ndonj\u00eb dije shum\u00eb e thell\u00eb. \u00cbsht\u00eb e thjesht\u00eb: Ka m\u00eb shum\u00eb prapanica se sa karrige.<\/p>\n<p><span class=\"dropcap color firstcharacter\">3<\/span>Ja, p\u00ebr shembull, m\u00eb vjen shum\u00eb zor t\u00eb kuptoj edhe nevoj\u00ebn e Parlamentit p\u00ebr t\u00eb pasur nj\u00eb shumic\u00eb prej dy t\u00eb tretave q\u00eb t\u00eb votoj\u00eb gjendjet e jasht\u00ebzakonshme q\u00eb shpallte kryetari Stevo Pendarovski p\u00ebr menaxhim t\u00eb kriz\u00ebs s\u00eb koron\u00ebs, sepse Parlamenti ishte shp\u00ebrb\u00ebr\u00eb p\u00ebr shkak t\u00eb zgjedhjeve q\u00eb shtyheshin vazhdimisht. E aq m\u00eb t\u00eb v\u00ebshtir\u00eb e kam ta kuptoj se deputet\u00ebt e VMRO-DPMNE-s\u00eb nuk do t\u00eb votojn\u00eb p\u00ebr gjendje t\u00eb jasht\u00ebzakonshme q\u00eb tashm\u00eb kan\u00eb p\u00ebrfunduar, edhe pse pik\u00ebrisht lideri i tyre Hristijan Mickoski, me q\u00ebllimin q\u00eb t\u2019i shtyj\u00eb zgjedhjet, k\u00ebrkonte q\u00eb kryetari i shtetit t\u00eb shpall\u00eb gjendje t\u00eb jasht\u00ebzakonshme, nd\u00ebrsa partit\u00eb e tjera binin dakord.<br \/>\nKushtetuta mbase nuk \u00ebsht\u00eb e plot\u00eb p\u00ebr sa i p\u00ebrket gjendjes s\u00eb jasht\u00ebzakonshme. Por, Kushtetuta \u00ebsht\u00eb shkruar p\u00ebr njer\u00ebz t\u00eb logjiksh\u00ebm. Kujt do t\u2019i shkonte nd\u00ebrmend n\u00eb vitin 1991 se Talat Xhaferi nuk do t\u00eb thirrte Parlamentin p\u00ebr gjasht\u00eb muaj? Madje edhe Gjykata kushtetuese, e till\u00eb si\u00e7 \u00ebsht\u00eb, q\u00eb n\u00eb maj tha se nuk ka logjik\u00eb q\u00eb t\u00eb b\u00ebj\u00eb zhurm\u00eb p\u00ebr di\u00e7ka q\u00eb tashm\u00eb ka mbaruar. Nd\u00ebrkoh\u00eb edhe kur flasim p\u00ebr VMRO-DPMNE-n\u00eb dhe p\u00ebr Mickoskin, n\u00eb gjestet e tyre prej koh\u00ebsh tashm\u00eb nuk mund t\u00eb gjendet logjika. Vet\u00ebm nj\u00eb gj\u00eb \u00ebsht\u00eb e qart\u00eb, se ata jan\u00eb kund\u00ebr gjith\u00e7kaje, e madje edhe kund\u00ebr asaj q\u00eb vet\u00eb e kan\u00eb k\u00ebrkuar.<\/p>\n<p>Z\u00ebdh\u00ebn\u00ebsi i partis\u00eb Dim\u00e7e Arsovski tha \u201ct\u00eb ishin p\u00ebrdorur gjendjet e jasht\u00ebzakonshme p\u00ebr menaxhim t\u00eb pandemis\u00eb, gjegj\u00ebsisht p\u00ebr kriz\u00ebn sh\u00ebndet\u00ebsore dhe ekonomike, n\u00eb Republik\u00ebn e Maqedonis\u00eb nuk do t\u00eb kishte pasur m\u00eb pandemi dhe nuk do t\u00eb kishim pasur m\u00eb problem me koronakriz\u00ebn\u201d.<\/p>\n<p>Kush u thot\u00eb k\u00ebso men\u00e7urish, vall\u00eb? Ndoshta ai nga Budapesti, ku nikoqiri i tij Viktor Orban mbylli hermetikisht t\u00eb gjith\u00eb shtetin, n\u00eb qend\u00ebr t\u00eb Bashkimit Evropian, duke shpallur gjendje t\u00eb jasht\u00ebzakonshme? Tani, q\u00eb kur pan\u00eb se Maqedonia e l\u00ebshoi shansin historik q\u00eb t\u00eb jet\u00eb e para n\u00eb gjith\u00eb bot\u00ebn q\u00eb do ta \u00e7rr\u00ebnjos\u00eb pandemin\u00eb pasi LSDM-ja e ka keqp\u00ebrdorur gjendjen e jasht\u00ebzakonshme, Pendarovskit do t\u2019i b\u00ebjn\u00eb impi\u00e7ment.<\/p>\n<p>Nj\u00eb dit\u00eb impi\u00e7ment p\u00ebr kryetarin e shtetit, t\u00eb nes\u00ebrmen do t\u00eb k\u00ebrkojn\u00eb dor\u00ebheqje t\u00eb Milla Carovsk\u00ebs\u2026<\/p>\n<p><span class=\"dropcap color firstcharacter\">4<\/span>Ndoshta p\u00ebr dik\u00eb budallall\u00ebqet e Mickoskit mund t\u00eb jen\u00eb qesharake dhe arg\u00ebtohet duke par\u00eb se si VMRO-DPMNE lufton p\u00ebr t\u00eb marr\u00eb lidershipin e partis\u00eb. Por harron se pala q\u00eb d\u00ebshiron t\u00eb z\u00ebvend\u00ebsoj\u00eb Mickosvkin, \u00ebsht\u00eb pik\u00ebrisht ajo q\u00eb p\u00ebr 11 vjet ka rob\u00ebruar dhe pla\u00e7kitur shtetin. \u00cbsht\u00eb ajo q\u00eb na ka p\u00ebrgjuar t\u00eb gjith\u00ebve ne, duke na nxjerr\u00eb n\u00eb ballina, i b\u00ebnte p\u00ebr vete bizneset private dhe n\u00eb fund sulmoi edhe kuvendin. Nuk e di se \u00e7far\u00eb ka k\u00ebtu p\u00ebr t\u2019u arg\u00ebtuar.<br \/>\nKur i lexoj se \u00e7far\u00eb shkruajn\u00eb njer\u00ebzit q\u00eb ishin truri dhe duart e asaj VMRO-DPMNE-je, si p.sh. Nikolla Todorovi, i cili flet mbi demokracin\u00eb partiake duke iu p\u00ebrgjigjur vet\u00eb pyetjes: \u201cSi mund t\u00eb filloj\u00eb t\u00eb fitoj\u00eb p\u00ebrs\u00ebri VMRO?\u201d, un\u00eb pyes vetes s\u00eb p\u00ebr cil\u00ebn VMRO e ka fjal\u00ebn. Aktualisht po zhvillohen disa procese partiake ku d\u00ebgjojm\u00eb d\u00ebshmi se si fitonte VMRO. Vall\u00eb cila VMRO do t\u00eb filloj\u00eb t\u00eb fitoj\u00eb? Ajo VMRO?<\/p>\n<p>Njer\u00ebz, nuk flasim p\u00ebr vrasjen e Goce Dell\u00e7evit n\u00eb vitin 1903, por p\u00ebr 27 prill 2017. Ne me t\u00eb v\u00ebrtet\u00eb vuajm\u00eb nga nj\u00eb gjendje psikopatologjike t\u00eb harres\u00ebs kolektive.<\/p>\n<p><span class=\"dropcap color firstcharacter\">5<\/span>Sulmi ndaj Komun\u00ebs Qend\u00ebr ndodhi n\u00eb vitin 2013. Procesi gjyq\u00ebsor, i pari nga rastet e PPS-s\u00eb p\u00ebr shpullat q\u00eb i porositi kryeministri i at\u00ebhersh\u00ebm Nikolla Gruvski, zgjati 4 vjet. Me siguri mjaftuesh\u00ebm q\u00eb t\u00eb harrohen fotografit\u00eb e sulmit me gur\u00eb ndaj Komun\u00ebs, polic\u00ebve q\u00eb q\u00ebndronin an\u00ebsh, xhamat e thyer dhe k\u00ebshilltar\u00ebt dhe gazetar\u00ebt e tmerruar.<br \/>\nGjyqtari shqiptoi d\u00ebnim me burg vet\u00ebm p\u00ebr Nikolla Gruevskin. Gjithsesi ai \u00ebsht\u00eb i arratisur dhe nuk do t\u00eb shkoj\u00eb n\u00eb burg. Mile Janakieski, i cili organizoi sulmin dhe dhunuesit q\u00eb sulmuan Komun\u00ebn, mor\u00ebn d\u00ebnime me kusht. Me siguri gjyqtarit i ka ardhur keq p\u00ebr Milen, sepse \u00ebsht\u00eb n\u00eb pritje t\u00eb dhjetra proceseve t\u00eb tjera ku i kanosen me d\u00ebnime pa kusht.<\/p>\n<p>Vall\u00eb, ku ka jetuar gjyqtari n\u00eb vitin 2013? Nuk ka ndjekur televizionin at\u00ebher\u00eb? Kishte transmetim direkt t\u00eb \u00e7menduris\u00eb para Komun\u00ebs. \u00c7far\u00eb mesazhi d\u00ebrgon gjyqtari duke shqiptuar d\u00ebnime t\u00eb lehta p\u00ebr sulm t\u00eb organizuar ndaj Komun\u00ebs? P\u00ebr m\u00eb tep\u00ebr q\u00eb doli se kjo ishte vet\u00ebm nj\u00eb prov\u00eb gjenerale p\u00ebr sulmin e organizuar kund\u00ebr Kuvendit kat\u00ebr vite m\u00eb von\u00eb. Sulm i paramenduar sipas modelit t\u00eb nj\u00ebjt\u00eb. N\u00eb fillim shpiket nj\u00eb shoqat\u00eb qytetare, pastaj nxirret nj\u00eb tem\u00eb kund\u00ebr s\u00eb cil\u00ebs ajo mund t\u00eb organizohet, paguhen organizator\u00ebt dhe demonstrator\u00ebve u blihet nga nj\u00eb sandui\u00e7.<\/p>\n<p>Imagjinoni q\u00eb nes\u00ebr nj\u00eb grupi qytetar\u00ebsh \u201cspontanisht\u201d t\u00eb organizuar t\u2019i kujtohet ta sulmojn\u00eb gjykat\u00ebn. Do t\u2019i v\u00ebrsulen nd\u00ebrtes\u00ebs, do t\u2019i godasin dritaret me gur\u00eb, gjyqtar\u00ebt si pengje do t\u00eb fshihen posht\u00eb tavolinave, t\u00eb tmerruar n\u00ebse do t\u00eb dalin t\u00eb gjall\u00eb apo jo, nd\u00ebrsa jasht\u00eb policia do t\u00eb rrij\u00eb duarkryq. Vall\u00eb, edhe at\u00ebher\u00eb do t\u00eb shqiptoj\u00eb d\u00ebnime me kusht? \u00cbsht\u00eb e nj\u00ebjta gj\u00eb. B\u00ebhet fjal\u00eb p\u00ebr sulm kund\u00ebr nj\u00eb institucioni shtet\u00ebror.<\/p>\n<p>T\u00eb mos flasim p\u00ebr faktin se ata q\u00eb sulmuan Komun\u00ebn e b\u00ebn\u00eb k\u00ebt\u00eb p\u00ebr shkak t\u00eb nj\u00eb problemi t\u00eb shpikur \u2013 ata mbronin nga shembja nj\u00eb kish\u00eb, t\u00eb cil\u00ebn asnjeri nuk deshte ta shemb\u00eb. Kurse njer\u00ebzve q\u00eb do t\u00eb d\u00ebshironin t\u00eb sulmonin gjykat\u00ebn nuk duhet t\u2019u shpik\u00ebsh probleme, sepse jan\u00eb t\u00eb shumt\u00eb ata q\u00eb kan\u00eb probleme t\u00eb v\u00ebrteta kur nisen p\u00ebr t\u00eb v\u00ebn\u00eb drejt\u00ebsi n\u00eb gjyq.<\/p>\n<p><strong><em>P\u00ebrktheu: Fjolla Zllatku <\/em><\/strong><\/p>\n<p>&nbsp;<\/p>\n\n<div style=\"font-size: 0px; height: 0px; line-height: 0px; margin: 0; padding: 0; clear: both;\"><\/div>","protected":false},"excerpt":{"rendered":"<p>Takim i jasht\u00ebzakonsh\u00ebm konsultativ i ministrit Venko Filip\u00e7e me Komisionin p\u00ebr s\u00ebmundje infektive, pas rekordit prej 225 rasteve pozitive me [&hellip;]<\/p>\n","protected":false},"author":25,"featured_media":0,"comment_status":"closed","ping_status":"closed","sticky":false,"template":"","format":"standard","meta":{"_mo_disable_npp":"","inline_featured_image":false},"categories":[1825],"tags":[49177,49179,49175,49173,13758],"imageURL":false,"thumbURL":false,"categoryNames":["DUA T\u00cb THEM"],"feature_caption":"","subtitle":"Me sa duket do t\u00eb shtyhet kafja n\u00eb Prishtin\u00eb. E mbase dhe jo.  ","views":"11949","source":"Shkup, (SAKAMDAKAZAM.MK)","yoast_head":"<!-- This site is optimized with the Yoast SEO Premium plugin v15.0 - https:\/\/yoast.com\/wordpress\/plugins\/seo\/ -->\n<title>PRAPANICA P\u00cbR KARRIGE - \u0421\u0430\u043a\u0430\u043c \u0414\u0430 \u041a\u0430\u0436\u0430\u043c<\/title>\n<meta name=\"robots\" content=\"index, follow, max-snippet:-1, max-image-preview:large, max-video-preview:-1\" \/>\n<link rel=\"canonical\" href=\"https:\/\/sdk.mk\/index.php\/dua-te-them\/prapanica-per-karrige\/\" \/>\n<meta property=\"og:locale\" content=\"mk_MK\" \/>\n<meta property=\"og:type\" content=\"article\" \/>\n<meta property=\"og:title\" content=\"PRAPANICA P\u00cbR KARRIGE - \u0421\u0430\u043a\u0430\u043c \u0414\u0430 \u041a\u0430\u0436\u0430\u043c\" \/>\n<meta property=\"og:description\" content=\"Takim i jasht\u00ebzakonsh\u00ebm konsultativ i ministrit Venko Filip\u00e7e me Komisionin p\u00ebr s\u00ebmundje infektive, pas rekordit prej 225 rasteve pozitive me [&hellip;]\" \/>\n<meta property=\"og:url\" content=\"https:\/\/sdk.mk\/index.php\/dua-te-them\/prapanica-per-karrige\/\" \/>\n<meta property=\"og:site_name\" content=\"\u0421\u0430\u043a\u0430\u043c \u0414\u0430 \u041a\u0430\u0436\u0430\u043c\" \/>\n<meta property=\"article:published_time\" content=\"2020-10-04T17:51:46+00:00\" \/>\n<meta property=\"og:image\" content=\"https:\/\/sdk.mk\/wp-content\/uploads\/2015\/12\/goran-mihailovski2.jpg\" \/>\n\t<meta property=\"og:image:width\" content=\"400\" \/>\n\t<meta property=\"og:image:height\" content=\"313\" \/>\n<meta property=\"fb:app_id\" content=\"2407985809428537\" \/>\n<meta name=\"twitter:card\" content=\"summary\" \/>\n<script type=\"application\/ld+json\" class=\"yoast-schema-graph\">{\"@context\":\"https:\/\/schema.org\",\"@graph\":[{\"@type\":\"WebSite\",\"@id\":\"https:\/\/sdk.mk\/#website\",\"url\":\"https:\/\/sdk.mk\/\",\"name\":\"\\u0421\\u0430\\u043a\\u0430\\u043c \\u0414\\u0430 \\u041a\\u0430\\u0436\\u0430\\u043c\",\"description\":\"\\u0417\\u0430 \\u0441\\u043b\\u043e\\u0431\\u043e\\u0434\\u043e\\u0443\\u043c\\u043d\\u0438\",\"potentialAction\":[{\"@type\":\"SearchAction\",\"target\":\"https:\/\/sdk.mk\/?s={search_term_string}\",\"query-input\":\"required name=search_term_string\"}],\"inLanguage\":\"mk-MK\"},{\"@type\":\"WebPage\",\"@id\":\"https:\/\/sdk.mk\/index.php\/dua-te-them\/prapanica-per-karrige\/#webpage\",\"url\":\"https:\/\/sdk.mk\/index.php\/dua-te-them\/prapanica-per-karrige\/\",\"name\":\"PRAPANICA P\\u00cbR KARRIGE - \\u0421\\u0430\\u043a\\u0430\\u043c \\u0414\\u0430 \\u041a\\u0430\\u0436\\u0430\\u043c\",\"isPartOf\":{\"@id\":\"https:\/\/sdk.mk\/#website\"},\"datePublished\":\"2020-10-04T17:51:46+00:00\",\"dateModified\":\"2020-10-04T17:51:46+00:00\",\"author\":{\"@id\":\"https:\/\/sdk.mk\/#\/schema\/person\/737021aeacbe893f7e2c347186c5c7a1\"},\"inLanguage\":\"mk-MK\",\"potentialAction\":[{\"@type\":\"ReadAction\",\"target\":[\"https:\/\/sdk.mk\/index.php\/dua-te-them\/prapanica-per-karrige\/\"]}]},{\"@type\":\"Person\",\"@id\":\"https:\/\/sdk.mk\/#\/schema\/person\/737021aeacbe893f7e2c347186c5c7a1\",\"name\":\"\\u0424\\u0458\\u043e\\u043b\\u0430 \\u0417\\u043b\\u0430\\u0442\\u043a\\u0443\"}]}<\/script>\n<!-- \/ Yoast SEO Premium plugin. -->","_links":{"self":[{"href":"https:\/\/sdk.mk\/index.php\/wp-json\/wp\/v2\/posts\/127553"}],"collection":[{"href":"https:\/\/sdk.mk\/index.php\/wp-json\/wp\/v2\/posts"}],"about":[{"href":"https:\/\/sdk.mk\/index.php\/wp-json\/wp\/v2\/types\/post"}],"author":[{"embeddable":true,"href":"https:\/\/sdk.mk\/index.php\/wp-json\/wp\/v2\/users\/25"}],"replies":[{"embeddable":true,"href":"https:\/\/sdk.mk\/index.php\/wp-json\/wp\/v2\/comments?post=127553"}],"version-history":[{"count":0,"href":"https:\/\/sdk.mk\/index.php\/wp-json\/wp\/v2\/posts\/127553\/revisions"}],"wp:attachment":[{"href":"https:\/\/sdk.mk\/index.php\/wp-json\/wp\/v2\/media?parent=127553"}],"wp:term":[{"taxonomy":"category","embeddable":true,"href":"https:\/\/sdk.mk\/index.php\/wp-json\/wp\/v2\/categories?post=127553"},{"taxonomy":"post_tag","embeddable":true,"href":"https:\/\/sdk.mk\/index.php\/wp-json\/wp\/v2\/tags?post=127553"}],"curies":[{"name":"wp","href":"https:\/\/api.w.org\/{rel}","templated":true}]}}