{"id":127564,"date":"2020-10-04T20:00:12","date_gmt":"2020-10-04T18:00:12","guid":{"rendered":"https:\/\/sdk.mk\/?p=127564"},"modified":"2020-10-04T23:38:25","modified_gmt":"2020-10-04T21:38:25","slug":"nese-vazhdojme-kete-cmenduri-do-t-i-mbushim-spitalet-serish-e-do-te-ankohemi-se-si-nuk-mund-te-mberrijme-deri-te-mjeku-paralajmeron-epidemiologu-aleksandar-stojanov-nga-qendra-e-shendetit-publik","status":"publish","type":"post","link":"https:\/\/sdk.mk\/index.php\/maqedonia\/nese-vazhdojme-kete-cmenduri-do-t-i-mbushim-spitalet-serish-e-do-te-ankohemi-se-si-nuk-mund-te-mberrijme-deri-te-mjeku-paralajmeron-epidemiologu-aleksandar-stojanov-nga-qendra-e-shendetit-publik\/","title":{"rendered":"N\u00cbSE VAZHDOJM\u00cb K\u00cbT\u00cb \u00c7MENDURI, DO T\u2019I MBUSHIM SPITALET S\u00cbRISH E DO T\u00cb ANKOHEMI SE SI NUK MUND T\u00cb MB\u00cbRRIJM\u00cb DERI TE MJEKU, PARALAJM\u00cbRON EPIDEMIOLOGU ALEKSANDAR STOJANOV NGA QENDRA E SH\u00cbNDETIT PUBLIK"},"content":{"rendered":"<div class=\"f52428582a4b906b2d2e2a7d733c7d27\" data-index=\"7\" style=\"float: none; margin:10px 0 10px 0; text-align:center;\">\n<!-- MSP Ads Asynchronous JS Tag - Generated with Revive Adserver v5.4.1 -->\r\n<ins data-revive-zoneid=\"167\" data-revive-id=\"060fdb01f6430ec164d3519234aa4967\"><\/ins>\r\n<script async src=\"\/\/panel.ads.com.mk\/www\/delivery\/asyncjs.php\"><\/script>\n<\/div>\n<p>Komisioni p\u00ebr s\u00ebmundje infektive duhet t\u00eb marr\u00eb masa t\u00eb reja urgjente kund\u00ebr kovid-19, thot\u00eb drejtori i Qendr\u00ebs s\u00eb sh\u00ebndetit publik Shkup, dr. Aleksandar Stojanov. Ai paralajm\u00ebron se n\u00ebse vazhdon me mosrespektimin e masave, spitalet do t\u00eb mbushen p\u00ebrplot me t\u00eb s\u00ebmur\u00eb t\u00eb kovid-19 dhe qytetar\u00ebt p\u00ebrs\u00ebri do t\u00eb ankohen se nuk mund t\u00eb mb\u00ebrrihet deri te mjeku.<\/p>\n<p>\u201cAty ku masat respektohen, nuk ka p\u00ebrhapje, por aty ku nuk respektohen, gjendja \u00ebsht\u00eb kritike dhe epidemiolog\u00ebt nuk ia dalin dot, pasi nuk mund t\u00eb dihet m\u00eb se kush k\u00eb ka infektuar. Kemi gjasht\u00eb muaj q\u00eb p\u00ebrpiqemi t\u00eb bindim njer\u00ebzit q\u00eb t\u2019i respektojn\u00eb masat. Shumica nuk i respektojn\u00eb, e ata q\u00eb i respektojn\u00eb vuajn\u00eb nga ata t\u00eb cil\u00ebt nuk i respektojn\u00eb. Suedia, t\u00eb cil\u00ebn t\u00eb gjith\u00eb e l\u00ebvdojn\u00eb se mbajti qasjen m\u00eb liberale p\u00ebr zgjidhjen e kriz\u00ebs, i ka kufizuar grupimet mbi 50 veta, nd\u00ebrsa ne nuk mbahemi \u2013 duam t\u00eb vrapojm\u00eb e t\u00eb k\u00ebndojm\u00eb \u201cte guaska\u201d, thot\u00eb epidemiologu Aleksandar Stojanov. Thon\u00eb se do ta mbajn\u00eb distanc\u00ebn, por, a i kontrollon dikush? Sot do t\u00eb k\u00ebnaqen n\u00eb Debar Maalo, e nes\u00ebr do t\u00eb ankohen se nuk mund t\u00eb mb\u00ebrrijn\u00eb deri te mjeku. Nuk e di se si mund t\u00eb thon\u00eb se i zbatojn\u00eb protokolet e thon\u00eb se muzika q\u00ebndron pes\u00eb metra larg tavolinave, kur shohim se muzika shkon tavolin\u00eb m\u00eb tavolin\u00eb. Me k\u00ebto net arg\u00ebtimesh t\u00eb shfrenuara mund ta mbingarkojm\u00eb sistemin sh\u00ebndet\u00ebsor dhe ky mund t\u00eb bjer\u00eb shum\u00eb leht\u00eb\u201d, thot\u00eb epidemiologu Stojanov.<\/p>\n<p>P\u00ebr gjimnazist\u00ebt q\u00eb protestojn\u00eb dhe k\u00ebrkojn\u00eb t\u00eb kthehen n\u00eb shkoll\u00eb, Stojanovi thot\u00eb: \u201cPo ju l\u00ebm\u00eb n\u00eb shkoll\u00eb, por spitalet do t\u00eb mbushen, e pastaj ku do t\u2019ju \u00e7ojm\u00eb?\u201d<\/p>\n<p>Ai vazhdon t\u00eb shpjegoj\u00eb se si shkollat nuk duhen hapur, sepse nuk mund t\u00eb nd\u00ebrpritet shp\u00ebrndarja e koronavirusit n\u00eb mbledhit\u00eb publike, e si shembull pozitiv i mori \u00e7erdhet, ku thot\u00eb se masat zbatohen n\u00eb m\u00ebnyr\u00eb t\u00eb rrept\u00eb.<\/p>\n<p>\u201cNuk mund t\u00eb pretendojm\u00eb se do t\u00eb lul\u00ebzoj\u00eb ekonomia, n\u00ebse p\u00ebrs\u00ebri i mbyllim \u00e7erdhet. Kush do t\u00eb shkoj\u00eb n\u00eb pun\u00eb? N\u00ebp\u00ebr \u00e7erdhe masat respektohen, pasi \u00ebsht\u00eb di\u00e7ka e rrept\u00eb dhe aty nuk kemi p\u00ebrhapje t\u00eb koronavirusit mes f\u00ebmij\u00ebve, por f\u00ebmij\u00ebt mund ta sjellin virusin nga sht\u00ebpia\u201d, thot\u00eb Stojanovi.<\/p>\n<p>N\u00eb Paris, nga e h\u00ebna \u00ebsht\u00eb kufizuar orari i pun\u00ebs n\u00eb restorante dhe n\u00eb kafe deri n\u00eb ora 22.00, p\u00ebr shkak t\u00eb p\u00ebrkeq\u00ebsimit t\u00eb gjendjes epidemiologjike, nd\u00ebrsa nga java tjet\u00ebr \u00ebsht\u00eb e mundur edhe mbyllja e tyre e krejt\u00ebsishme. N\u00eb Madrid jan\u00eb integruar kufizime t\u00eb rrepta n\u00eb l\u00ebvizjen e qytetar\u00ebve q\u00eb nga java e kaluar.<\/p>\n<p>Mbr\u00ebm\u00eb n\u00eb Maqedoni jan\u00eb regjistruar 225 t\u00eb s\u00ebmur\u00eb t\u00eb rinj nga kovid \u2013 19  nga 1.694 teste, q\u00eb \u00ebsht\u00eb numri m\u00eb i lart\u00eb n\u00eb shtet q\u00eb nga fillimi i koronakriz\u00ebs.<\/p>\n<p><strong><em>M. ILIOSKI<\/em><\/strong><\/p>\n<p>&nbsp;<\/p>\n\n<div style=\"font-size: 0px; height: 0px; line-height: 0px; margin: 0; padding: 0; clear: both;\"><\/div>","protected":false},"excerpt":{"rendered":"<p>Komisioni p\u00ebr s\u00ebmundje infektive duhet t\u00eb marr\u00eb masa t\u00eb reja urgjente kund\u00ebr kovid-19, thot\u00eb drejtori i Qendr\u00ebs s\u00eb sh\u00ebndetit publik [&hellip;]<\/p>\n","protected":false},"author":20,"featured_media":127438,"comment_status":"closed","ping_status":"closed","sticky":false,"template":"","format":"standard","meta":{"_mo_disable_npp":"no","inline_featured_image":false},"categories":[3087],"tags":[],"imageURL":"https:\/\/sdk.mk\/wp-content\/uploads\/2020\/10\/stojanov-zurka-889438943-650x341.jpg","thumbURL":"https:\/\/sdk.mk\/wp-content\/uploads\/2020\/10\/stojanov-zurka-889438943-250x131.jpg","categoryNames":["Maqedonia"],"feature_caption":"Suedia, t\u00eb cil\u00ebn t\u00eb gjith\u00eb e l\u00ebvdojn\u00eb se mbajti qasjen m\u00eb liberale p\u00ebr zgjidhjen e kriz\u00ebs, i ka kufizuar grupimet mbi 50 veta, nd\u00ebrsa ne nuk mbahemi dot \u2013 duam t\u00eb vrapojm\u00eb e t\u00eb k\u00ebndojm\u00eb \u201cte guaska\u201d, thot\u00eb epidemiologu Aleksandar Stojanov. (Foto: SDK.MK)","subtitle":"","views":"10660","source":"Shkup, (SAKAMDAKAZAM.MK)","yoast_head":"<!-- This site is optimized with the Yoast SEO Premium plugin v15.0 - https:\/\/yoast.com\/wordpress\/plugins\/seo\/ -->\n<title>N\u00cbSE VAZHDOJM\u00cb K\u00cbT\u00cb \u00c7MENDURI, DO T\u2019I MBUSHIM SPITALET S\u00cbRISH E DO T\u00cb ANKOHEMI SE SI NUK MUND T\u00cb MB\u00cbRRIJM\u00cb DERI TE MJEKU, PARALAJM\u00cbRON EPIDEMIOLOGU ALEKSANDAR STOJANOV NGA QENDRA E SH\u00cbNDETIT PUBLIK - \u0421\u0430\u043a\u0430\u043c \u0414\u0430 \u041a\u0430\u0436\u0430\u043c<\/title>\n<meta name=\"robots\" content=\"index, follow, max-snippet:-1, max-image-preview:large, max-video-preview:-1\" \/>\n<link rel=\"canonical\" href=\"https:\/\/sdk.mk\/index.php\/sq\/maqedonia\/nese-vazhdojme-kete-cmenduri-do-t-i-mbushim-spitalet-serish-e-do-te-ankohemi-se-si-nuk-mund-te-mberrijme-deri-te-mjeku-paralajmeron-epidemiologu-aleksandar-stojanov-nga-qendra-per-shendet-publik\/\" \/>\n<meta property=\"og:locale\" content=\"mk_MK\" \/>\n<meta property=\"og:type\" content=\"article\" \/>\n<meta property=\"og:title\" content=\"N\u00cbSE VAZHDOJM\u00cb K\u00cbT\u00cb \u00c7MENDURI, DO T\u2019I MBUSHIM SPITALET S\u00cbRISH E DO T\u00cb ANKOHEMI SE SI NUK MUND T\u00cb MB\u00cbRRIJM\u00cb DERI TE MJEKU, PARALAJM\u00cbRON EPIDEMIOLOGU ALEKSANDAR STOJANOV NGA QENDRA E SH\u00cbNDETIT PUBLIK - \u0421\u0430\u043a\u0430\u043c \u0414\u0430 \u041a\u0430\u0436\u0430\u043c\" \/>\n<meta property=\"og:description\" content=\"Komisioni p\u00ebr s\u00ebmundje infektive duhet t\u00eb marr\u00eb masa t\u00eb reja urgjente kund\u00ebr kovid-19, thot\u00eb drejtori i Qendr\u00ebs s\u00eb sh\u00ebndetit publik [&hellip;]\" \/>\n<meta property=\"og:url\" content=\"https:\/\/sdk.mk\/index.php\/sq\/maqedonia\/nese-vazhdojme-kete-cmenduri-do-t-i-mbushim-spitalet-serish-e-do-te-ankohemi-se-si-nuk-mund-te-mberrijme-deri-te-mjeku-paralajmeron-epidemiologu-aleksandar-stojanov-nga-qendra-per-shendet-publik\/\" \/>\n<meta property=\"og:site_name\" content=\"\u0421\u0430\u043a\u0430\u043c \u0414\u0430 \u041a\u0430\u0436\u0430\u043c\" \/>\n<meta property=\"article:published_time\" content=\"2020-10-04T18:00:12+00:00\" \/>\n<meta property=\"article:modified_time\" content=\"2020-10-04T21:38:25+00:00\" \/>\n<meta property=\"og:image\" content=\"https:\/\/sdk.mk\/wp-content\/uploads\/2020\/10\/stojanov-zurka-889438943.jpg\" \/>\n\t<meta property=\"og:image:width\" content=\"800\" \/>\n\t<meta property=\"og:image:height\" content=\"420\" \/>\n<meta property=\"fb:app_id\" content=\"2407985809428537\" \/>\n<meta name=\"twitter:card\" content=\"summary\" \/>\n<script type=\"application\/ld+json\" class=\"yoast-schema-graph\">{\"@context\":\"https:\/\/schema.org\",\"@graph\":[{\"@type\":\"WebSite\",\"@id\":\"https:\/\/sdk.mk\/#website\",\"url\":\"https:\/\/sdk.mk\/\",\"name\":\"\\u0421\\u0430\\u043a\\u0430\\u043c \\u0414\\u0430 \\u041a\\u0430\\u0436\\u0430\\u043c\",\"description\":\"\\u0417\\u0430 \\u0441\\u043b\\u043e\\u0431\\u043e\\u0434\\u043e\\u0443\\u043c\\u043d\\u0438\",\"potentialAction\":[{\"@type\":\"SearchAction\",\"target\":\"https:\/\/sdk.mk\/?s={search_term_string}\",\"query-input\":\"required name=search_term_string\"}],\"inLanguage\":\"mk-MK\"},{\"@type\":\"ImageObject\",\"@id\":\"https:\/\/sdk.mk\/index.php\/sq\/maqedonia\/nese-vazhdojme-kete-cmenduri-do-t-i-mbushim-spitalet-serish-e-do-te-ankohemi-se-si-nuk-mund-te-mberrijme-deri-te-mjeku-paralajmeron-epidemiologu-aleksandar-stojanov-nga-qendra-per-shendet-publik\/#primaryimage\",\"inLanguage\":\"mk-MK\",\"url\":\"https:\/\/sdk.mk\/wp-content\/uploads\/2020\/10\/stojanov-zurka-889438943.jpg\",\"width\":800,\"height\":420},{\"@type\":\"WebPage\",\"@id\":\"https:\/\/sdk.mk\/index.php\/sq\/maqedonia\/nese-vazhdojme-kete-cmenduri-do-t-i-mbushim-spitalet-serish-e-do-te-ankohemi-se-si-nuk-mund-te-mberrijme-deri-te-mjeku-paralajmeron-epidemiologu-aleksandar-stojanov-nga-qendra-per-shendet-publik\/#webpage\",\"url\":\"https:\/\/sdk.mk\/index.php\/sq\/maqedonia\/nese-vazhdojme-kete-cmenduri-do-t-i-mbushim-spitalet-serish-e-do-te-ankohemi-se-si-nuk-mund-te-mberrijme-deri-te-mjeku-paralajmeron-epidemiologu-aleksandar-stojanov-nga-qendra-per-shendet-publik\/\",\"name\":\"N\\u00cbSE VAZHDOJM\\u00cb K\\u00cbT\\u00cb \\u00c7MENDURI, DO T\\u2019I MBUSHIM SPITALET S\\u00cbRISH E DO T\\u00cb ANKOHEMI SE SI NUK MUND T\\u00cb MB\\u00cbRRIJM\\u00cb DERI TE MJEKU, PARALAJM\\u00cbRON EPIDEMIOLOGU ALEKSANDAR STOJANOV NGA QENDRA E SH\\u00cbNDETIT PUBLIK - \\u0421\\u0430\\u043a\\u0430\\u043c \\u0414\\u0430 \\u041a\\u0430\\u0436\\u0430\\u043c\",\"isPartOf\":{\"@id\":\"https:\/\/sdk.mk\/#website\"},\"primaryImageOfPage\":{\"@id\":\"https:\/\/sdk.mk\/index.php\/sq\/maqedonia\/nese-vazhdojme-kete-cmenduri-do-t-i-mbushim-spitalet-serish-e-do-te-ankohemi-se-si-nuk-mund-te-mberrijme-deri-te-mjeku-paralajmeron-epidemiologu-aleksandar-stojanov-nga-qendra-per-shendet-publik\/#primaryimage\"},\"datePublished\":\"2020-10-04T18:00:12+00:00\",\"dateModified\":\"2020-10-04T21:38:25+00:00\",\"author\":{\"@id\":\"https:\/\/sdk.mk\/#\/schema\/person\/9c32d62e1fd1330a6746c2e9bee12f89\"},\"inLanguage\":\"mk-MK\",\"potentialAction\":[{\"@type\":\"ReadAction\",\"target\":[\"https:\/\/sdk.mk\/index.php\/sq\/maqedonia\/nese-vazhdojme-kete-cmenduri-do-t-i-mbushim-spitalet-serish-e-do-te-ankohemi-se-si-nuk-mund-te-mberrijme-deri-te-mjeku-paralajmeron-epidemiologu-aleksandar-stojanov-nga-qendra-per-shendet-publik\/\"]}]},{\"@type\":\"Person\",\"@id\":\"https:\/\/sdk.mk\/#\/schema\/person\/9c32d62e1fd1330a6746c2e9bee12f89\",\"name\":\"\\u0421\\u0430\\u0448\\u043a\\u043e\"}]}<\/script>\n<!-- \/ Yoast SEO Premium plugin. -->","_links":{"self":[{"href":"https:\/\/sdk.mk\/index.php\/wp-json\/wp\/v2\/posts\/127564"}],"collection":[{"href":"https:\/\/sdk.mk\/index.php\/wp-json\/wp\/v2\/posts"}],"about":[{"href":"https:\/\/sdk.mk\/index.php\/wp-json\/wp\/v2\/types\/post"}],"author":[{"embeddable":true,"href":"https:\/\/sdk.mk\/index.php\/wp-json\/wp\/v2\/users\/20"}],"replies":[{"embeddable":true,"href":"https:\/\/sdk.mk\/index.php\/wp-json\/wp\/v2\/comments?post=127564"}],"version-history":[{"count":0,"href":"https:\/\/sdk.mk\/index.php\/wp-json\/wp\/v2\/posts\/127564\/revisions"}],"wp:featuredmedia":[{"embeddable":true,"href":"https:\/\/sdk.mk\/index.php\/wp-json\/wp\/v2\/media\/127438"}],"wp:attachment":[{"href":"https:\/\/sdk.mk\/index.php\/wp-json\/wp\/v2\/media?parent=127564"}],"wp:term":[{"taxonomy":"category","embeddable":true,"href":"https:\/\/sdk.mk\/index.php\/wp-json\/wp\/v2\/categories?post=127564"},{"taxonomy":"post_tag","embeddable":true,"href":"https:\/\/sdk.mk\/index.php\/wp-json\/wp\/v2\/tags?post=127564"}],"curies":[{"name":"wp","href":"https:\/\/api.w.org\/{rel}","templated":true}]}}