{"id":128718,"date":"2020-10-18T11:53:13","date_gmt":"2020-10-18T09:53:13","guid":{"rendered":"https:\/\/sdk.mk\/?p=128718"},"modified":"2020-10-18T11:53:13","modified_gmt":"2020-10-18T09:53:13","slug":"mile-kontra-2","status":"publish","type":"post","link":"https:\/\/sdk.mk\/index.php\/dua-te-them\/mile-kontra-2\/","title":{"rendered":"MILE KONTRA"},"content":{"rendered":"<div class=\"f52428582a4b906b2d2e2a7d733c7d27\" data-index=\"7\" style=\"float: none; margin:10px 0 10px 0; text-align:center;\">\n<!-- MSP Ads Asynchronous JS Tag - Generated with Revive Adserver v5.4.1 -->\r\n<ins data-revive-zoneid=\"167\" data-revive-id=\"060fdb01f6430ec164d3519234aa4967\"><\/ins>\r\n<script async src=\"\/\/panel.ads.com.mk\/www\/delivery\/asyncjs.php\"><\/script>\n<\/div>\n<p><span class=\"dropcap color firstcharacter\">1 <\/span>\u00cbsht\u00eb shum\u00eb arg\u00ebtuese t\u00eb b\u00ebsh shaka n\u00eb kurriz t\u00eb gomer\u00ebve. Edhe atyre q\u00eb shesin qum\u00ebsht gomer\u00ebsh prej 50 deri n\u00eb 100 euro litri u vjen p\u00ebr t\u00eb qeshur se diku n\u00eb Maqedoni ka ndonj\u00eb njeri shum\u00eb t\u00eb men\u00e7ur q\u00eb gjuan korrupsionin me barcaleta. Sa p\u00ebr parukerin\u00eb, ajo del bukur n\u00eb ballin\u00eb, edhe pse nuk e di se pse parukeri do t\u00eb ishte nj\u00eb profesion p\u00ebr t\u2019u tallur kur t\u00eb gjith\u00eb parukier\u00ebt po na ikin n\u00eb Gjermani, bashk\u00eb me mjek\u00ebt dhe infermieret. T\u00eb gjith\u00eb zanat\u00e7injt\u00eb po na ikin. Vet\u00ebm ne t\u00eb men\u00e7urit t\u00eb rrjeteve sociale do t\u00eb mbesim k\u00ebtu.<br \/>\nHi\u00e7 nuk m\u00eb b\u00ebhet von\u00eb p\u00ebr Lidija Dimov\u00ebn, drejtoresh\u00ebn e Agjencis\u00eb nacionale p\u00ebr programe dhe mobilitet evropian. As e njoh, as e di. Me nervozoi sepse p\u00ebr nj\u00eb tekst gazetar\u00ebsh menj\u00ebher\u00eb u k\u00ebrc\u00ebnua me padi. P\u00ebr m\u00eb tep\u00ebr, q\u00ebndrimi i saj arrogant \u00ebsht\u00eb joshembullor p\u00ebr nj\u00eb zyrtar shteti, puna e t\u00eb cilit \u00ebsht\u00eb t\u00eb mbikqyr\u00eb dhe t\u00eb mbaj\u00eb transparenc\u00ebn para publikut. E kur tashm\u00eb u hap muabeti n\u00ebse parat\u00eb e projektit t\u00eb miratuar nga Brukseli i kan\u00eb marr\u00eb njer\u00ebzit e duhur dhe se si jan\u00eb shpenzuar ato, do t\u00eb kishte qen\u00eb mir\u00eb q\u00eb qeveria t\u00eb priste se \u00e7far\u00eb do t\u00eb zbulonte hetimi formal. E jo z\u00ebven\u00ebskryeministri Ljup\u00e7o Nikollovski t\u00eb k\u00ebrkonte dor\u00ebheqje nga Dimova apo t\u00eb propozonte p\u00ebrjashtimin e saj n\u00eb baz\u00eb t\u00eb statuseve t\u00eb fejsbukut. Ata t\u00eb VMRO-s\u00eb mund t\u00eb shkruajn\u00eb di\u00e7ka edhe p\u00ebr Ljup\u00e7on. At\u00ebher\u00eb Zaevi do t\u00eb duhet t\u00eb k\u00ebrkoj\u00eb dor\u00ebheqje edhe nga ai vet\u00ebm n\u00eb baz\u00eb t\u00eb asaj q\u00eb dikush ka shkruar n\u00eb fejsbuk dhe n\u00eb tuiter.<\/p>\n<p>Ljup\u00e7o \u00ebsht\u00eb z\u00ebvend\u00ebskryeminist\u00ebr, p\u00ebrgjegj\u00ebs p\u00ebr luft\u00ebn kund\u00ebr korrupsionit dhe krimit, p\u00ebr zhvillim t\u00eb q\u00ebndruesh\u00ebm dhe burime njer\u00ebzore, por mesa duket ka hyr\u00eb pak m\u00eb shum\u00eb se \u00e7\u2019duhet n\u00eb funksion. Ka mbetur pa hetues, prokuror dhe gjykat\u00ebs. Konfirmimi i p\u00ebrgjegj\u00ebsis\u00eb duhet t\u00eb vij\u00eb n\u00eb baz\u00eb t\u00eb hetimit, e jo t\u00eb jet\u00eb nj\u00eb vendim politik i bazuar vet\u00ebm mbi tekste gazetareske dhe komente dhe shaka n\u00eb rrjetet sociale. T\u00eb pakt\u00ebn un\u00eb k\u00ebshtu e kuptoj esenc\u00ebn e funksionit multidisiplinar t\u00eb Ljup\u00e7os.<\/p>\n<p>Brukseli nuk k\u00ebrkon nga Qeveria q\u00eb ta p\u00ebrjashtoj\u00eb drejtoresh\u00ebn. Brukseli k\u00ebrkon q\u00eb t\u00eb konfirmohen faktet. Nuk \u00ebsht\u00eb puna e z\u00ebvend\u00ebskryeministrit q\u00eb t\u00eb thot\u00eb se kush \u00ebsht\u00eb i korruptuar. Puna e tij \u00ebsht\u00eb t\u2019i aplikoj\u00eb praktikat dhe t\u00eb mos ket\u00eb korrupsion.<\/p>\n<p><span class=\"dropcap color firstcharacter\">2<\/span> E kur tashm\u00eb kemi nisur me tregimin e barcaletave p\u00ebr gomer\u00eb dhe p\u00ebr kuaj, ja ku kemi edhe nj\u00eb: VMRO-DPMNE organizon protest\u00eb me tem\u00eb \u201cSi shpenzohen parat\u00eb evropiane\u201d. I rregulluan parat\u00eb e Maqedonis\u00eb, e tash ka ardhur koha t\u00eb shkojn\u00eb te k\u00ebto t\u00eb Evrop\u00ebs.<\/p>\n<p><span class=\"dropcap color firstcharacter\">3<\/span> E gjith\u00eb bota po mbyllet s\u00ebrish, numrat e t\u00eb infektuarve me kovid-219 po rriten gjithandej, t\u00eb gjitha shtetet po sjellin masa t\u00eb reja restriktive p\u00ebr kufizimin e shp\u00ebrndarjes s\u00eb pandemis\u00eb, vet\u00ebm n\u00eb Maqedoni presim q\u00eb deputet\u00ebt e VMRO-DPMNE-s\u00eb t\u00eb bien dakord q\u00eb Kuvendi t\u00eb punoj\u00eb online.<\/p>\n<p>P\u00ebr shembull, se a do t\u00eb sillen ndryshime ligjore p\u00ebr mbajtjen e detyrueshme t\u00eb maskave edhe n\u00eb hap\u00ebsira t\u00eb hapura varet nga fakti n\u00ebse deputet\u00ebt e VMRO-DPMNE-s\u00eb do t\u00eb shpikin ndonj\u00eb shpjegim t\u00eb bindsh\u00ebm se pse nuk duan t\u00eb punojn\u00eb online. F\u00ebmij\u00ebt q\u00eb nga klasa e par\u00eb m\u00ebsuan se si t\u00eb m\u00ebsojn\u00eb online \u00e7do dit\u00eb, por deputetja Dafina Stojanoska tha n\u00eb televizion: \u201c\u00c7far\u00eb n\u00ebse deputeti nuk ka kushte p\u00ebr t\u00eb ndjekur seanc\u00ebn online nga sht\u00ebpia?\u201d P\u00ebr m\u00eb tep\u00ebr q\u00eb, paramendoni, se i b\u00ebjn\u00eb q\u00eb t\u00eb marrin pjes\u00eb n\u00eb debate online p\u00ebr ligje q\u00eb nuk u p\u00eblqejn\u00eb. Deputetja Stojanoska i tha: \u201cPropozoni ligje si\u00e7 i duan ne dhe pastaj do t\u00eb diskutojn\u00eb n\u00ebse do ta pranojm\u00eb pun\u00ebn online.\u201d E p\u00ebr m\u00eb tep\u00ebr edhe polemizon duke th\u00ebn\u00eb: \u201cSi mund t\u00eb shkojn\u00eb mjek\u00ebt apo pun\u00ebtoret e tekstilit n\u00eb pun\u00eb, kurse deputet\u00ebt nuk mund t\u00eb punojn\u00eb nga sht\u00ebpia!?\u201d<\/p>\n<p>T\u00eb ishte kjo nj\u00eb koh\u00eb normale, ndoshta do t\u00eb qeshnim me deklaratat e Stojanosk\u00ebs. Mund t\u00eb shihet se me sa shum\u00eb p\u00ebrgjegj\u00ebsi ka marr\u00eb pun\u00ebn e vet si deputete. Ja, nga t\u00eb till\u00eb njer\u00ebz na varet jeta ne.<\/p>\n<p>Mantra partiake \u00ebsht\u00eb kjo: \u201cJu keni nj\u00eb shumic\u00eb t\u00eb vog\u00ebl, n\u00ebse dy prej jush s\u00ebmuren apo shkojn\u00eb n\u00eb izolim, do t\u2019ju z\u00ebm\u00eb ngusht\u00eb. Nuk do t\u00eb punoj\u00eb Kuvendi. Nuk do t\u00eb sillni ligje. Zaevi \u00ebsht\u00eb mafioz, Venko le t\u00eb jap\u00eb dor\u00ebheqje, kurse n\u00eb Llajka do t\u2019i vrisni qent\u00eb\u201d.<\/p>\n<p>S\u00eb pari i shtynin zgjedhjet q\u00eb t\u00eb mos ket\u00eb Parlament dhe funksionim t\u00eb drejt\u00eb t\u00eb shtetit p\u00ebrball\u00eb kriz\u00ebs s\u00eb koronavirusit. N\u00eb qeverin\u00eb teknike, n\u00eb pritje t\u00eb zgjedhjeve, i bllokuan parat\u00eb e Bank\u00ebs bot\u00ebrore p\u00ebr qendrat e montuara t\u00eb konvid-it. Tani i bllokojn\u00eb edhe masat sh\u00ebndet\u00ebsore. Sikur ligjet q\u00eb duhet t\u00eb sillen p\u00ebr parandalimin e infeksionit, LSDM dhe BDI i sjell vet\u00ebm p\u00ebr votuesit e tyre. Votuesit e VMRO-s\u00eb me sa duket jetojn\u00eb n\u00eb nj\u00eb planet tjet\u00ebr, ku nuk ekziston koronavirusi.<\/p>\n<p>E q\u00eb kur Kuvendi nuk mund t\u2019i votoj\u00eb masat, as me an\u00eb t\u00eb pranis\u00eb fizike, e as online, do t\u00eb protestojn\u00eb se pse nuk jan\u00eb sjell\u00eb masa t\u00eb reja dhe do t\u00eb pyesin se pse vonohen spitalet e montuara? Epo, ja q\u00eb vonohen. Pyesni z\u00ebvend\u00ebs-ministren plot\u00ebsuese t\u00eb financave n\u00eb Qeverisn\u00eb teknike Gordana Dimitrieska-Ko\u00e7oska, q\u00eb nuk e n\u00ebnshkruante kreditin nga Banka bot\u00ebrore p\u00ebr inat t\u00eb Zaevit dhe Filip\u00e7es. N\u00ebse nuk i konvenon partis\u00eb, ne shum\u00eb na b\u00ebhet von\u00eb p\u00ebr qytetar\u00ebt.<\/p>\n<p>Nuk \u00ebsht\u00eb fare e habitshme q\u00eb protest\u00ebn e ardhshme me makina Mickoski ta organizoj\u00eb kund\u00ebr Parlamentit q\u00eb nuk mban masa n\u00eb m\u00ebnyr\u00eb q\u00eb t\u00eb ulen pasojat e pandemis\u00eb me kovid-19. Kund\u00ebr vetes. Edhe kjo \u00ebsht\u00eb di\u00e7ka e mundur. Nj\u00ebsoj si tani, n\u00eb debatin p\u00ebr rebalancim t\u00eb buxhetit, thon\u00eb se nj\u00eb fundjav\u00eb pa TVSH \u00ebsht\u00eb nj\u00eb mas\u00eb populiste e qeveris\u00eb. Nd\u00ebrsa ata vet\u00ebm para nj\u00eb jave k\u00ebrkonin jo nj\u00eb, por pes\u00eb fundjava pa TVSH. Dhe ankoheshin se LSDM-ja ia paska vjedhur iden\u00eb.<\/p>\n<p>N\u00ebse hapen shkollat p\u00ebr m\u00ebsim, pse? Pse t\u00eb mos mbahet m\u00ebsimi online. N\u00ebse do t\u00eb karantinohemi p\u00ebrs\u00ebri, pse? Pse jo? \u00c7far\u00eb po pret qeveria, p\u00ebrse nuk i merr masat? N\u00ebse vaksinat blihen para kohe, p\u00ebrse shpenzohen para p\u00ebr nj\u00eb vaksin\u00eb q\u00eb nuk ekziston, pse Qeveria nuk ka menduar me koh\u00eb q\u00eb t\u00eb blej\u00eb vaksina\u2026<\/p>\n<p>Nuk jam Mile. Ama jam kontra.<\/p>\n<p><span class=\"dropcap color firstcharacter\">4<\/span> \u00c7far\u00eb mund t\u00eb pres\u00ebsh nga njer\u00ebz q\u00eb i b\u00ebjn\u00eb profile t\u00eb rreme me fotografi t\u00eb vjedhura nj\u00eb mjeku t\u00eb ndjer\u00eb dhe ftojn\u00eb miqt\u00eb e tij q\u00eb ta ndjekin? P\u00ebrse e b\u00ebjn\u00eb k\u00ebt\u00eb gj\u00eb? Se ka qen\u00eb funksionar n\u00eb rinin\u00eb e LSDM.<br \/>\nK\u00ebta jan\u00eb njer\u00ebzit e nj\u00ebjt\u00eb q\u00eb n\u00eb vitin 2017 u b\u00ebnin nekrolog\u00eb ambasador\u00ebve t\u00eb huaj. Kjo \u00ebsht\u00eb metoda e pun\u00ebs. Angazhimi i tyre \u00ebsht\u00eb sipas porosis\u00eb dhe me komand\u00eb p\u00ebr t\u00eb shp\u00ebrndar\u00eb lajme t\u00eb rreme dhe urrejtjeje n\u00eb rrjetet sociale.<\/p>\n<p>T\u00eb mos flasim p\u00ebr etik\u00ebn dhe moralin, apo p\u00ebr kultur\u00ebn e sjelljes, p\u00ebr edukimin sht\u00ebpiak. T\u00eb mos flasim p\u00ebr mendjen e prishur. Kjo \u00ebsht\u00eb nj\u00eb lig\u00ebsi p\u00ebr para. P\u00ebrdryshe, m\u00eb thoni, cili njeri, me nj\u00eb familje normale, me miq, hobi, halle jet\u00ebsore, apo me ndonj\u00eb angazhim tjet\u00ebr, me emcione njer\u00ebzore, me g\u00ebzime dhe pik\u00ebllime, do t\u00eb ishte ulur para ekranit q\u00eb t\u00eb shpikte k\u00ebso lloj marr\u00ebzirash? Kjo \u00ebsht\u00eb nj\u00eb lig\u00ebsi q\u00eb nxitet dhe q\u00eb shp\u00ebrndahet me an\u00eb t\u00eb parave.<\/p>\n<p>Buka q\u00eb e \u00e7ojn\u00eb n\u00eb sht\u00ebpi \u00ebsht\u00eb produkt i lig\u00ebsis\u00eb s\u00eb tyre. F\u00ebmij\u00ebt i ushqejn\u00eb me para lig\u00ebsie.<\/p>\n<p>K\u00ebtu as Zoti nuk ndihmon dot.<\/p>\n<p><span class=\"dropcap color firstcharacter\">5 <\/span>Qeveria do t\u00eb p\u00ebrpiqet p\u00ebrs\u00ebri ta privatizoj\u00eb nd\u00ebrmarrjen publike \u201cPostat e Maqedonis\u00eb\u201d. P\u00ebr 16 vjet atje nd\u00ebrrohen drejtor\u00eb \u2013 kuadro t\u00eb BDI-s\u00eb. Mund t\u2019i shesin edhe \u201cHekurudhat e Maqedonis\u00eb\u201d. Edhe \u201cMakedonija pat\u201d. Edhe atje jan\u00eb kuadro shum\u00ebvje\u00e7are t\u00eb BDI-s\u00eb. Dhe nd\u00ebrmarrja q\u00eb udh\u00ebhiqte me aeroportet n\u00eb Shkup dhe Oh\u00ebr para se t\u2019i japin n\u00ebn koncesion drejtohej nga drejtor i BDI-s\u00eb.<\/p>\n<p>I bie q\u00eb BDI-ja t\u00eb jet\u00eb nj\u00eb menaxhues falimentimesh para shitjes.<\/p>\n<p><strong><em>P\u00ebrktheu: Fjolla Zllatku <\/em><\/strong><\/p>\n<p>&nbsp;<\/p>\n\n<div style=\"font-size: 0px; height: 0px; line-height: 0px; margin: 0; padding: 0; clear: both;\"><\/div>","protected":false},"excerpt":{"rendered":"<p>\u00cbsht\u00eb shum\u00eb arg\u00ebtuese t\u00eb b\u00ebsh shaka n\u00eb kurriz t\u00eb gomer\u00ebve. Edhe atyre q\u00eb shesin qum\u00ebsht gomer\u00ebsh prej 50 deri n\u00eb [&hellip;]<\/p>\n","protected":false},"author":25,"featured_media":0,"comment_status":"closed","ping_status":"closed","sticky":false,"template":"","format":"standard","meta":{"_mo_disable_npp":"no","inline_featured_image":false},"categories":[1825],"tags":[],"imageURL":false,"thumbURL":false,"categoryNames":["DUA T\u00cb THEM"],"feature_caption":"","subtitle":"Buka q\u00eb e \u00e7ojn\u00eb n\u00eb sht\u00ebpi \u00ebsht\u00eb produkt i lig\u00ebsis\u00eb. F\u00ebmij\u00ebt i ushqejn\u00eb me para lig\u00ebsie.","views":"547","source":"Shkup, (SAKAMDAKAZAM.MK)","yoast_head":"<!-- This site is optimized with the Yoast SEO Premium plugin v15.0 - https:\/\/yoast.com\/wordpress\/plugins\/seo\/ -->\n<title>MILE KONTRA - \u0421\u0430\u043a\u0430\u043c \u0414\u0430 \u041a\u0430\u0436\u0430\u043c<\/title>\n<meta name=\"robots\" content=\"index, follow, max-snippet:-1, max-image-preview:large, max-video-preview:-1\" \/>\n<link rel=\"canonical\" href=\"https:\/\/sdk.mk\/index.php\/dua-te-them\/mile-kontra-2\/\" \/>\n<meta property=\"og:locale\" content=\"mk_MK\" \/>\n<meta property=\"og:type\" content=\"article\" \/>\n<meta property=\"og:title\" content=\"MILE KONTRA - \u0421\u0430\u043a\u0430\u043c \u0414\u0430 \u041a\u0430\u0436\u0430\u043c\" \/>\n<meta property=\"og:description\" content=\"\u00cbsht\u00eb shum\u00eb arg\u00ebtuese t\u00eb b\u00ebsh shaka n\u00eb kurriz t\u00eb gomer\u00ebve. Edhe atyre q\u00eb shesin qum\u00ebsht gomer\u00ebsh prej 50 deri n\u00eb [&hellip;]\" \/>\n<meta property=\"og:url\" content=\"https:\/\/sdk.mk\/index.php\/dua-te-them\/mile-kontra-2\/\" \/>\n<meta property=\"og:site_name\" content=\"\u0421\u0430\u043a\u0430\u043c \u0414\u0430 \u041a\u0430\u0436\u0430\u043c\" \/>\n<meta property=\"article:published_time\" content=\"2020-10-18T09:53:13+00:00\" \/>\n<meta property=\"og:image\" content=\"https:\/\/sdk.mk\/wp-content\/uploads\/2015\/12\/goran-mihailovski2.jpg\" \/>\n\t<meta property=\"og:image:width\" content=\"400\" \/>\n\t<meta property=\"og:image:height\" content=\"313\" \/>\n<meta property=\"fb:app_id\" content=\"2407985809428537\" \/>\n<meta name=\"twitter:card\" content=\"summary\" \/>\n<script type=\"application\/ld+json\" class=\"yoast-schema-graph\">{\"@context\":\"https:\/\/schema.org\",\"@graph\":[{\"@type\":\"WebSite\",\"@id\":\"https:\/\/sdk.mk\/#website\",\"url\":\"https:\/\/sdk.mk\/\",\"name\":\"\\u0421\\u0430\\u043a\\u0430\\u043c \\u0414\\u0430 \\u041a\\u0430\\u0436\\u0430\\u043c\",\"description\":\"\\u0417\\u0430 \\u0441\\u043b\\u043e\\u0431\\u043e\\u0434\\u043e\\u0443\\u043c\\u043d\\u0438\",\"potentialAction\":[{\"@type\":\"SearchAction\",\"target\":\"https:\/\/sdk.mk\/?s={search_term_string}\",\"query-input\":\"required name=search_term_string\"}],\"inLanguage\":\"mk-MK\"},{\"@type\":\"WebPage\",\"@id\":\"https:\/\/sdk.mk\/index.php\/dua-te-them\/mile-kontra-2\/#webpage\",\"url\":\"https:\/\/sdk.mk\/index.php\/dua-te-them\/mile-kontra-2\/\",\"name\":\"MILE KONTRA - \\u0421\\u0430\\u043a\\u0430\\u043c \\u0414\\u0430 \\u041a\\u0430\\u0436\\u0430\\u043c\",\"isPartOf\":{\"@id\":\"https:\/\/sdk.mk\/#website\"},\"datePublished\":\"2020-10-18T09:53:13+00:00\",\"dateModified\":\"2020-10-18T09:53:13+00:00\",\"author\":{\"@id\":\"https:\/\/sdk.mk\/#\/schema\/person\/737021aeacbe893f7e2c347186c5c7a1\"},\"inLanguage\":\"mk-MK\",\"potentialAction\":[{\"@type\":\"ReadAction\",\"target\":[\"https:\/\/sdk.mk\/index.php\/dua-te-them\/mile-kontra-2\/\"]}]},{\"@type\":\"Person\",\"@id\":\"https:\/\/sdk.mk\/#\/schema\/person\/737021aeacbe893f7e2c347186c5c7a1\",\"name\":\"\\u0424\\u0458\\u043e\\u043b\\u0430 \\u0417\\u043b\\u0430\\u0442\\u043a\\u0443\"}]}<\/script>\n<!-- \/ Yoast SEO Premium plugin. -->","_links":{"self":[{"href":"https:\/\/sdk.mk\/index.php\/wp-json\/wp\/v2\/posts\/128718"}],"collection":[{"href":"https:\/\/sdk.mk\/index.php\/wp-json\/wp\/v2\/posts"}],"about":[{"href":"https:\/\/sdk.mk\/index.php\/wp-json\/wp\/v2\/types\/post"}],"author":[{"embeddable":true,"href":"https:\/\/sdk.mk\/index.php\/wp-json\/wp\/v2\/users\/25"}],"replies":[{"embeddable":true,"href":"https:\/\/sdk.mk\/index.php\/wp-json\/wp\/v2\/comments?post=128718"}],"version-history":[{"count":0,"href":"https:\/\/sdk.mk\/index.php\/wp-json\/wp\/v2\/posts\/128718\/revisions"}],"wp:attachment":[{"href":"https:\/\/sdk.mk\/index.php\/wp-json\/wp\/v2\/media?parent=128718"}],"wp:term":[{"taxonomy":"category","embeddable":true,"href":"https:\/\/sdk.mk\/index.php\/wp-json\/wp\/v2\/categories?post=128718"},{"taxonomy":"post_tag","embeddable":true,"href":"https:\/\/sdk.mk\/index.php\/wp-json\/wp\/v2\/tags?post=128718"}],"curies":[{"name":"wp","href":"https:\/\/api.w.org\/{rel}","templated":true}]}}