{"id":129554,"date":"2020-10-27T00:08:20","date_gmt":"2020-10-26T23:08:20","guid":{"rendered":"https:\/\/sdk.mk\/?p=129554"},"modified":"2020-10-27T00:13:07","modified_gmt":"2020-10-26T23:13:07","slug":"numri-112-per-raste-emerngjence-ka-15-vjet-qe-po-planifikohet-qmk-shpresojne-se-deri-vitin-tjeter-do-te-jete-funksional","status":"publish","type":"post","link":"https:\/\/sdk.mk\/index.php\/maqedonia\/numri-112-per-raste-emerngjence-ka-15-vjet-qe-po-planifikohet-qmk-shpresojne-se-deri-vitin-tjeter-do-te-jete-funksional\/","title":{"rendered":"NUMRI 112 P\u00cbR RASTE EMERGJENCE KA 15 VJET Q\u00cb PO PLANIFIKOHET, QMK SHPRESOJN\u00cb SE DERI VITIN TJET\u00cbR DO T\u00cb JET\u00cb FUNKSIONAL"},"content":{"rendered":"<div class=\"f52428582a4b906b2d2e2a7d733c7d27\" data-index=\"7\" style=\"float: none; margin:10px 0 10px 0; text-align:center;\">\n<!-- MSP Ads Asynchronous JS Tag - Generated with Revive Adserver v5.4.1 -->\r\n<ins data-revive-zoneid=\"167\" data-revive-id=\"060fdb01f6430ec164d3519234aa4967\"><\/ins>\r\n<script async src=\"\/\/panel.ads.com.mk\/www\/delivery\/asyncjs.php\"><\/script>\n<\/div>\n<p>Maqedonia vazhdon t\u00eb mos ket\u00eb nj\u00eb num\u00ebr p\u00ebr paraqitjen e fatkeq\u00ebsive, zjarreve dhe rreziqeve \u2013 112. T\u00eb gjitha shtetet an\u00ebtare t\u00eb Bashkimit evropian kan\u00eb nj\u00eb num\u00ebr p\u00ebr raste emergjence 112, gjithashtu k\u00ebt\u00eb num\u00ebr duhet ta v\u00ebn\u00eb n\u00eb p\u00ebrdorim edhe shtetet t\u00eb cilat aspirojn\u00eb t\u00eb an\u00ebtar\u00ebsohen n\u00eb BE. Por, ndon\u00ebse ka filluar t\u00eb implementohet prej para 15 vjet\u00ebsh, ky projekt akoma nuk \u00ebsht\u00eb realizuar.<\/p>\n<p>Drejtori i Qendr\u00ebs p\u00ebr menaxhimin e krizave (QMK) Agron Buxhaku thot\u00eb se pandemia e koronavirusit ka ndikuar edhe realizimin e k\u00ebtij projekti. Nj\u00eb pjes\u00eb t\u00eb parave q\u00eb QMK ka marr\u00eb nga buxheti shtet\u00ebror u jan\u00eb marr\u00eb mbrapsht p\u00ebr shkak t\u00eb kriz\u00ebs s\u00eb koron\u00ebs, andaj nj\u00eb pjes\u00eb e aktiviteteve nuk jan\u00eb realizuar.<\/p>\n<p>\u201cShpresoj se deri n\u00eb fund t\u00eb vitit do t\u00eb arrijm\u00eb ta v\u00ebm\u00eb n\u00eb funksion k\u00ebt\u00eb num\u00ebr\u201d, thot\u00eb drejtori i QMK Buxhaku.<\/p>\n<p>\u201cP\u00ebr fillimin e implementimit t\u00eb numrit evropian p\u00ebr thirrje emergjente E-122 jan\u00eb marr\u00eb ndihma financiare dhe dhurime nga Bashkimi evropian, dhe at\u00eb 4.7 milion\u00eb euro. Momentalisht ndodhemi n\u00eb prag t\u00eb p\u00ebrfundimit t\u00eb aparatusit nd\u00ebrtimor dhe telekomunikativo-informativ t\u00eb qendr\u00ebs operative, e cila do t\u00eb ndodhet n\u00eb hap\u00ebsirat e Qendr\u00ebs p\u00ebr menaxhim me kriza n\u00eb Shkup. N\u00eb p\u00ebrpilim e sip\u00ebr \u00ebsht\u00eb edhe zgjidhja ideore dhe teknike p\u00ebr shtat\u00eb qendrat e tjera operative n\u00eb shtet. M\u00eb pas do t\u00eb vijoj\u00eb dhe menaxhimi i hap\u00ebsirave n\u00eb pjes\u00ebn telekomunikativo-infomative dhe pajisjen me mobiljet dhe teknik\u00ebn e posa\u00e7me sipas standardeve t\u00eb v\u00ebrtetuara evropiane. Pa marr\u00eb parasysh q\u00eb u shty p\u00ebr nj\u00eb koh\u00eb t\u00eb gjat\u00eb, shpresojm\u00eb se vitin tjet\u00ebr ky projekt do t\u00eb implementohet edhe me numrin 112 n\u00eb funksion\u201d, thot\u00eb Buxhaku.<\/p>\n<p>P\u00ebr momentin n\u00eb shtet ekzistojn\u00eb kat\u00ebr numra p\u00ebr raste emergjente: 192 -policia, 193-zjarrfik\u00ebsi, 194-ndihma e shpejt\u00eb dhe 195\u2013qendra p\u00ebr menaxhim me kriza. Drejtori Buxhaku thot\u00eb se me v\u00ebnien n\u00eb funksion t\u00eb numrit 112, qytetar\u00ebt do t\u00eb paraqesin fatkeq\u00ebsit\u00eb n\u00eb nj\u00eb vend, pa marr\u00eb parasysh n\u00ebse b\u00ebhet fjal\u00eb p\u00ebr zjarr, p\u00ebr aksident apo di\u00e7ka t\u00eb ngjashme.<\/p>\n<div id=\"attachment_127863\" style=\"width: 310px\" class=\"wp-caption alignleft\"><a href=\"https:\/\/sdk.mk\/wp-content\/uploads\/2020\/10\/agron-budzaku-07.10.2020.jpeg\"><img aria-describedby=\"caption-attachment-127863\" loading=\"lazy\" class=\"wp-image-127863 size-medium\" src=\"https:\/\/sdk.mk\/wp-content\/uploads\/2020\/10\/agron-budzaku-07.10.2020-400x226.jpeg\" alt=\"\" width=\"300\" height=\"170\" srcset=\"https:\/\/sdk.mk\/wp-content\/uploads\/2020\/10\/agron-budzaku-07.10.2020-400x226.jpeg 400w, https:\/\/sdk.mk\/wp-content\/uploads\/2020\/10\/agron-budzaku-07.10.2020-650x367.jpeg 650w, https:\/\/sdk.mk\/wp-content\/uploads\/2020\/10\/agron-budzaku-07.10.2020-250x141.jpeg 250w, https:\/\/sdk.mk\/wp-content\/uploads\/2020\/10\/agron-budzaku-07.10.2020-768x433.jpeg 768w, https:\/\/sdk.mk\/wp-content\/uploads\/2020\/10\/agron-budzaku-07.10.2020-150x85.jpeg 150w, https:\/\/sdk.mk\/wp-content\/uploads\/2020\/10\/agron-budzaku-07.10.2020-50x28.jpeg 50w, https:\/\/sdk.mk\/wp-content\/uploads\/2020\/10\/agron-budzaku-07.10.2020-100x56.jpeg 100w, https:\/\/sdk.mk\/wp-content\/uploads\/2020\/10\/agron-budzaku-07.10.2020-200x113.jpeg 200w, https:\/\/sdk.mk\/wp-content\/uploads\/2020\/10\/agron-budzaku-07.10.2020-300x169.jpeg 300w, https:\/\/sdk.mk\/wp-content\/uploads\/2020\/10\/agron-budzaku-07.10.2020-350x197.jpeg 350w, https:\/\/sdk.mk\/wp-content\/uploads\/2020\/10\/agron-budzaku-07.10.2020-450x254.jpeg 450w, https:\/\/sdk.mk\/wp-content\/uploads\/2020\/10\/agron-budzaku-07.10.2020-500x282.jpeg 500w, https:\/\/sdk.mk\/wp-content\/uploads\/2020\/10\/agron-budzaku-07.10.2020-550x310.jpeg 550w, https:\/\/sdk.mk\/wp-content\/uploads\/2020\/10\/agron-budzaku-07.10.2020-800x451.jpeg 800w, https:\/\/sdk.mk\/wp-content\/uploads\/2020\/10\/agron-budzaku-07.10.2020.jpeg 1124w\" sizes=\"(max-width: 300px) 100vw, 300px\" \/><\/a><p id=\"caption-attachment-127863\" class=\"wp-caption-text\">P\u00ebr momentin n\u00eb shtet ekzistojn\u00eb kat\u00ebr numra p\u00ebr raste emergjente: 192 -policia, 193-zjarrfik\u00ebsi, 194-ndihma e shpejt\u00eb dhe 195 \u2013 qendra p\u00ebr menaxhim me kriza. Drejtori Agron Buxhaku thot\u00eb se v\u00ebnia n\u00eb funksion e numrit 112 do t\u2019u mund\u00ebsoj\u00eb qytetar\u00ebve q\u00eb t\u00eb paraqesin fatkeq\u00ebsit\u00eb n\u00eb nj\u00eb vend. (Foto: Qeveria e RMV)<\/p><\/div>\n<p>\u201cN\u00ebse ndonj\u00eb i huaj d\u00ebshiron t\u00eb paraqes\u00eb zjarr apo fatkeq\u00ebsi, ai nuk do t\u00eb dij\u00eb se si ta b\u00ebj\u00eb k\u00ebt\u00eb gj\u00eb, sepse te ne nuk ekziston 112. Personalisht, kur u ktheva nga Belgjika n\u00eb Maqedoni, nuk dija se n\u00eb cilin num\u00ebr t\u00eb paraqes zjarr\u201d, thot\u00eb Buxhaku.<\/p>\n<p>Ky projekt filloi t\u00eb implementohet nga viti 2006, fill pas formimit t\u00eb Qendr\u00ebs p\u00ebr menaxhim me kriza si nj\u00eb trup i ve\u00e7ant\u00eb qeveris\u00ebs. Si\u00e7 thon\u00eb nga QMK, aso kohe \u00ebsht\u00eb bler\u00eb nj\u00eb qend\u00ebr automatike telefonike p\u00ebr nevojat e Qendr\u00ebs, si dhe 8 centrale m\u00eb t\u00eb vogla telefonike p\u00ebr tet\u00eb qendrat kryesore rajonale.<br \/>\nJan\u00eb bler\u00eb gjithashtu kompjutera, laptopa dhe pajisje p\u00ebr organet qeveritare, komisionin drejtues dhe grupin vler\u00ebsues. N\u00eb nd\u00ebrtes\u00ebn e Drejtoris\u00eb dhe Qendr\u00ebs \u00ebsht\u00eb kryer lidhja e krejt\u00ebsishme telekomunikative me pajisje. N\u00eb vitin 2007 me tender nd\u00ebrkomb\u00ebtar p\u00ebr implementim t\u00eb numrit 112 \u00ebsht\u00eb p\u00ebrpunuar nj\u00eb studim fizibiliti, kurse qeveria ka formuar nj\u00eb bord mbikqyr\u00ebs p\u00ebr ndjekjen e implementimit.<\/p>\n<p>\u201cFatkeq\u00ebsisht, q\u00eb at\u00ebher\u00eb e deri m\u00eb vitin 2016, pavar\u00ebsisht p\u00ebrpjekjeve t\u00eb QMK p\u00ebr relaizimin e k\u00ebtij projekti, implementimi nuk filloi. Deri para tri vjet\u00ebsh, ky projekt ka mbetur nj\u00eb projekt i harruar. Tani Qeveria s\u00ebrish hapi k\u00ebt\u00eb \u00e7\u00ebshtje dhe filloi t\u00eb punoj\u00eb drejt implementimit t\u00eb tij.<\/p>\n<div id=\"attachment_127894\" style=\"width: 810px\" class=\"wp-caption aligncenter\"><a href=\"https:\/\/sdk.mk\/wp-content\/uploads\/2020\/10\/pozarna-89438943.jpg\"><img aria-describedby=\"caption-attachment-127894\" loading=\"lazy\" class=\"wp-image-127894 size-full\" src=\"https:\/\/sdk.mk\/wp-content\/uploads\/2020\/10\/pozarna-89438943.jpg\" alt=\"\" width=\"800\" height=\"420\" srcset=\"https:\/\/sdk.mk\/wp-content\/uploads\/2020\/10\/pozarna-89438943.jpg 800w, https:\/\/sdk.mk\/wp-content\/uploads\/2020\/10\/pozarna-89438943-400x210.jpg 400w, https:\/\/sdk.mk\/wp-content\/uploads\/2020\/10\/pozarna-89438943-650x341.jpg 650w, https:\/\/sdk.mk\/wp-content\/uploads\/2020\/10\/pozarna-89438943-250x131.jpg 250w, https:\/\/sdk.mk\/wp-content\/uploads\/2020\/10\/pozarna-89438943-768x403.jpg 768w, https:\/\/sdk.mk\/wp-content\/uploads\/2020\/10\/pozarna-89438943-150x79.jpg 150w, https:\/\/sdk.mk\/wp-content\/uploads\/2020\/10\/pozarna-89438943-50x26.jpg 50w, https:\/\/sdk.mk\/wp-content\/uploads\/2020\/10\/pozarna-89438943-100x53.jpg 100w, https:\/\/sdk.mk\/wp-content\/uploads\/2020\/10\/pozarna-89438943-200x105.jpg 200w, https:\/\/sdk.mk\/wp-content\/uploads\/2020\/10\/pozarna-89438943-300x158.jpg 300w, https:\/\/sdk.mk\/wp-content\/uploads\/2020\/10\/pozarna-89438943-350x184.jpg 350w, https:\/\/sdk.mk\/wp-content\/uploads\/2020\/10\/pozarna-89438943-450x236.jpg 450w, https:\/\/sdk.mk\/wp-content\/uploads\/2020\/10\/pozarna-89438943-500x263.jpg 500w, https:\/\/sdk.mk\/wp-content\/uploads\/2020\/10\/pozarna-89438943-550x289.jpg 550w\" sizes=\"(max-width: 800px) 100vw, 800px\" \/><\/a><p id=\"caption-attachment-127894\" class=\"wp-caption-text\">Projekti num\u00ebr evropian p\u00ebr raste emergjence filloi t\u00eb implenentohet q\u00eb nga viti 2006, fill pas formimit t\u00eb Qendr\u00ebs p\u00ebr menaxhim t\u00eb krizave \u2013 Intervenim i Brigad\u00ebs Zjarrfik\u00ebse n\u00eb Shkup (Foto: K. Popov)<\/p><\/div>\n<p>Me v\u00ebnien n\u00eb funksion t\u00eb numrit 112, t\u00eb gjitha thirrjet nga i gjith\u00eb shteti do t\u00eb d\u00ebrgohen n\u00eb qendr\u00ebn kryesore t\u00eb vendosur n\u00eb ambientet e QMK dhe q\u00eb aty do t\u00eb ridrejtohen n\u00eb vendin adekuat, \u00e7ka do t\u00eb thot\u00eb se n\u00ebse b\u00ebhet fjal\u00eb p\u00ebr zjarr, operatori do t\u00eb transferoj\u00eb thirrjen n\u00eb centralin e Brigad\u00ebs zjarrfik\u00ebse.<\/p>\n<p><em><strong>A. ANTEVSKA<\/strong><\/em><\/p>\n<p>&nbsp;<\/p>\n\n<div style=\"font-size: 0px; height: 0px; line-height: 0px; margin: 0; padding: 0; clear: both;\"><\/div>","protected":false},"excerpt":{"rendered":"<p>Maqedonia vazhdon t\u00eb mos ket\u00eb nj\u00eb num\u00ebr p\u00ebr paraqitjen e fatkeq\u00ebsive, zjarreve dhe rreziqeve \u2013 112. T\u00eb gjitha shtetet an\u00ebtare [&hellip;]<\/p>\n","protected":false},"author":25,"featured_media":117571,"comment_status":"closed","ping_status":"closed","sticky":false,"template":"","format":"standard","meta":{"_mo_disable_npp":"no","inline_featured_image":false},"categories":[3087],"tags":[],"imageURL":"https:\/\/sdk.mk\/wp-content\/uploads\/2020\/06\/brza-pomos-9823789973328-650x341.jpg","thumbURL":"https:\/\/sdk.mk\/wp-content\/uploads\/2020\/06\/brza-pomos-9823789973328-250x131.jpg","categoryNames":["Maqedonia"],"feature_caption":"T\u00eb gjitha shtetet an\u00ebtare t\u00eb Bashkimit evropian kan\u00eb nj\u00eb num\u00ebr p\u00ebr raste emergjence 112, gjithashtu k\u00ebt\u00eb num\u00ebr duhet ta v\u00ebn\u00eb n\u00eb p\u00ebrdorim edhe shtetet t\u00eb cilat aspirojn\u00eb t\u00eb an\u00ebtar\u00ebsohen n\u00eb BE. Nj\u00eb automobil i Ndihm\u00ebs s\u00eb shpejt\u00eb para spitalit \u201c8 shtatori\u201d (Foto: K. Popov) ","subtitle":"","views":"171","source":"Shkup, (SAKAMDAKAZAM.MK)","yoast_head":"<!-- This site is optimized with the Yoast SEO Premium plugin v15.0 - https:\/\/yoast.com\/wordpress\/plugins\/seo\/ -->\n<title>NUMRI 112 P\u00cbR RASTE EMERGJENCE KA 15 VJET Q\u00cb PO PLANIFIKOHET, QMK SHPRESOJN\u00cb SE DERI VITIN TJET\u00cbR DO T\u00cb JET\u00cb FUNKSIONAL - \u0421\u0430\u043a\u0430\u043c \u0414\u0430 \u041a\u0430\u0436\u0430\u043c<\/title>\n<meta name=\"robots\" content=\"index, follow, max-snippet:-1, max-image-preview:large, max-video-preview:-1\" \/>\n<link rel=\"canonical\" href=\"https:\/\/sdk.mk\/index.php\/maqedonia\/numri-112-per-raste-emerngjence-ka-15-vjet-qe-po-planifikohet-qmk-shpresojne-se-deri-vitin-tjeter-do-te-jete-funksional\/\" \/>\n<meta property=\"og:locale\" content=\"mk_MK\" \/>\n<meta property=\"og:type\" content=\"article\" \/>\n<meta property=\"og:title\" content=\"NUMRI 112 P\u00cbR RASTE EMERGJENCE KA 15 VJET Q\u00cb PO PLANIFIKOHET, QMK SHPRESOJN\u00cb SE DERI VITIN TJET\u00cbR DO T\u00cb JET\u00cb FUNKSIONAL - \u0421\u0430\u043a\u0430\u043c \u0414\u0430 \u041a\u0430\u0436\u0430\u043c\" \/>\n<meta property=\"og:description\" content=\"Maqedonia vazhdon t\u00eb mos ket\u00eb nj\u00eb num\u00ebr p\u00ebr paraqitjen e fatkeq\u00ebsive, zjarreve dhe rreziqeve \u2013 112. T\u00eb gjitha shtetet an\u00ebtare [&hellip;]\" \/>\n<meta property=\"og:url\" content=\"https:\/\/sdk.mk\/index.php\/maqedonia\/numri-112-per-raste-emerngjence-ka-15-vjet-qe-po-planifikohet-qmk-shpresojne-se-deri-vitin-tjeter-do-te-jete-funksional\/\" \/>\n<meta property=\"og:site_name\" content=\"\u0421\u0430\u043a\u0430\u043c \u0414\u0430 \u041a\u0430\u0436\u0430\u043c\" \/>\n<meta property=\"article:published_time\" content=\"2020-10-26T23:08:20+00:00\" \/>\n<meta property=\"article:modified_time\" content=\"2020-10-26T23:13:07+00:00\" \/>\n<meta property=\"og:image\" content=\"https:\/\/sdk.mk\/wp-content\/uploads\/2020\/06\/brza-pomos-9823789973328.jpg\" \/>\n\t<meta property=\"og:image:width\" content=\"900\" \/>\n\t<meta property=\"og:image:height\" content=\"472\" \/>\n<meta property=\"fb:app_id\" content=\"2407985809428537\" \/>\n<meta name=\"twitter:card\" content=\"summary\" \/>\n<script type=\"application\/ld+json\" class=\"yoast-schema-graph\">{\"@context\":\"https:\/\/schema.org\",\"@graph\":[{\"@type\":\"WebSite\",\"@id\":\"https:\/\/sdk.mk\/#website\",\"url\":\"https:\/\/sdk.mk\/\",\"name\":\"\\u0421\\u0430\\u043a\\u0430\\u043c \\u0414\\u0430 \\u041a\\u0430\\u0436\\u0430\\u043c\",\"description\":\"\\u0417\\u0430 \\u0441\\u043b\\u043e\\u0431\\u043e\\u0434\\u043e\\u0443\\u043c\\u043d\\u0438\",\"potentialAction\":[{\"@type\":\"SearchAction\",\"target\":\"https:\/\/sdk.mk\/?s={search_term_string}\",\"query-input\":\"required name=search_term_string\"}],\"inLanguage\":\"mk-MK\"},{\"@type\":\"ImageObject\",\"@id\":\"https:\/\/sdk.mk\/index.php\/maqedonia\/numri-112-per-raste-emerngjence-ka-15-vjet-qe-po-planifikohet-qmk-shpresojne-se-deri-vitin-tjeter-do-te-jete-funksional\/#primaryimage\",\"inLanguage\":\"mk-MK\",\"url\":\"https:\/\/sdk.mk\/wp-content\/uploads\/2020\/06\/brza-pomos-9823789973328.jpg\",\"width\":900,\"height\":472},{\"@type\":\"WebPage\",\"@id\":\"https:\/\/sdk.mk\/index.php\/maqedonia\/numri-112-per-raste-emerngjence-ka-15-vjet-qe-po-planifikohet-qmk-shpresojne-se-deri-vitin-tjeter-do-te-jete-funksional\/#webpage\",\"url\":\"https:\/\/sdk.mk\/index.php\/maqedonia\/numri-112-per-raste-emerngjence-ka-15-vjet-qe-po-planifikohet-qmk-shpresojne-se-deri-vitin-tjeter-do-te-jete-funksional\/\",\"name\":\"NUMRI 112 P\\u00cbR RASTE EMERGJENCE KA 15 VJET Q\\u00cb PO PLANIFIKOHET, QMK SHPRESOJN\\u00cb SE DERI VITIN TJET\\u00cbR DO T\\u00cb JET\\u00cb FUNKSIONAL - \\u0421\\u0430\\u043a\\u0430\\u043c \\u0414\\u0430 \\u041a\\u0430\\u0436\\u0430\\u043c\",\"isPartOf\":{\"@id\":\"https:\/\/sdk.mk\/#website\"},\"primaryImageOfPage\":{\"@id\":\"https:\/\/sdk.mk\/index.php\/maqedonia\/numri-112-per-raste-emerngjence-ka-15-vjet-qe-po-planifikohet-qmk-shpresojne-se-deri-vitin-tjeter-do-te-jete-funksional\/#primaryimage\"},\"datePublished\":\"2020-10-26T23:08:20+00:00\",\"dateModified\":\"2020-10-26T23:13:07+00:00\",\"author\":{\"@id\":\"https:\/\/sdk.mk\/#\/schema\/person\/737021aeacbe893f7e2c347186c5c7a1\"},\"inLanguage\":\"mk-MK\",\"potentialAction\":[{\"@type\":\"ReadAction\",\"target\":[\"https:\/\/sdk.mk\/index.php\/maqedonia\/numri-112-per-raste-emerngjence-ka-15-vjet-qe-po-planifikohet-qmk-shpresojne-se-deri-vitin-tjeter-do-te-jete-funksional\/\"]}]},{\"@type\":\"Person\",\"@id\":\"https:\/\/sdk.mk\/#\/schema\/person\/737021aeacbe893f7e2c347186c5c7a1\",\"name\":\"\\u0424\\u0458\\u043e\\u043b\\u0430 \\u0417\\u043b\\u0430\\u0442\\u043a\\u0443\"}]}<\/script>\n<!-- \/ Yoast SEO Premium plugin. -->","_links":{"self":[{"href":"https:\/\/sdk.mk\/index.php\/wp-json\/wp\/v2\/posts\/129554"}],"collection":[{"href":"https:\/\/sdk.mk\/index.php\/wp-json\/wp\/v2\/posts"}],"about":[{"href":"https:\/\/sdk.mk\/index.php\/wp-json\/wp\/v2\/types\/post"}],"author":[{"embeddable":true,"href":"https:\/\/sdk.mk\/index.php\/wp-json\/wp\/v2\/users\/25"}],"replies":[{"embeddable":true,"href":"https:\/\/sdk.mk\/index.php\/wp-json\/wp\/v2\/comments?post=129554"}],"version-history":[{"count":0,"href":"https:\/\/sdk.mk\/index.php\/wp-json\/wp\/v2\/posts\/129554\/revisions"}],"wp:featuredmedia":[{"embeddable":true,"href":"https:\/\/sdk.mk\/index.php\/wp-json\/wp\/v2\/media\/117571"}],"wp:attachment":[{"href":"https:\/\/sdk.mk\/index.php\/wp-json\/wp\/v2\/media?parent=129554"}],"wp:term":[{"taxonomy":"category","embeddable":true,"href":"https:\/\/sdk.mk\/index.php\/wp-json\/wp\/v2\/categories?post=129554"},{"taxonomy":"post_tag","embeddable":true,"href":"https:\/\/sdk.mk\/index.php\/wp-json\/wp\/v2\/tags?post=129554"}],"curies":[{"name":"wp","href":"https:\/\/api.w.org\/{rel}","templated":true}]}}