{"id":129741,"date":"2020-10-28T16:00:47","date_gmt":"2020-10-28T15:00:47","guid":{"rendered":"https:\/\/sdk.mk\/?p=129741"},"modified":"2020-10-28T16:00:47","modified_gmt":"2020-10-28T15:00:47","slug":"me-fillimin-e-sezonit-te-nxemjes-ne-tetove-u-perkeqesua-ndotja-e-ajrit-virusi-mund-te-qendroje-me-gjate-ne-ajer","status":"publish","type":"post","link":"https:\/\/sdk.mk\/index.php\/rrjeti-i-korrespondenteve\/me-fillimin-e-sezonit-te-nxemjes-ne-tetove-u-perkeqesua-ndotja-e-ajrit-virusi-mund-te-qendroje-me-gjate-ne-ajer\/","title":{"rendered":"ME FILLIMIN E SEZONIT T\u00cb NXEMJES N\u00cb TETOV\u00cb, U P\u00cbRKEQ\u00cbSUA NDOTJA E AJRIT &#8211; VIRUSI MUND T\u00cb Q\u00cbNDROJ\u00cb M\u00cb GJAT\u00cb N\u00cb AJ\u00cbR"},"content":{"rendered":"<div class=\"f52428582a4b906b2d2e2a7d733c7d27\" data-index=\"7\" style=\"float: none; margin:10px 0 10px 0; text-align:center;\">\n<!-- MSP Ads Asynchronous JS Tag - Generated with Revive Adserver v5.4.1 -->\r\n<ins data-revive-zoneid=\"167\" data-revive-id=\"060fdb01f6430ec164d3519234aa4967\"><\/ins>\r\n<script async src=\"\/\/panel.ads.com.mk\/www\/delivery\/asyncjs.php\"><\/script>\n<\/div>\n<p>N\u00eb Tetov\u00eb filloi sezoni i nxemjes, duke rritur n\u00eb m\u00ebnyr\u00eb t\u00eb theksuar p\u00ebrq\u00ebndrimin e grimcave PM-10, e tetovar\u00ebt s\u00ebrish filluan t\u00eb thithin aj\u00ebr t\u00eb ndotur. Sipas t\u00eb dh\u00ebnave t\u00eb publikuara n\u00eb faqen e internetit t\u00eb Ministris\u00eb s\u00eb mjedisit, n\u00eb Tetov\u00eb gjat\u00eb pes\u00eb dit\u00ebve t\u00eb fundit \u00ebsht\u00eb v\u00ebn\u00eb re kap\u00ebrcimi i kufirit t\u00eb lejuar prej 50 mikrogram\u00eb t\u00eb grimcave PM-10 p\u00ebr met\u00ebr kub. T\u00eb shtun\u00ebn, p\u00ebrq\u00ebndrimi i k\u00ebtyre materieve t\u00eb d\u00ebmshme n\u00eb aj\u00ebr ishte 110, 7 mikrogram\u00eb p\u00ebr met\u00ebr kub, dy her\u00eb m\u00eb tep\u00ebr se sa masa e lejuar.<\/p>\n<p>\u201cSezoni i nxemjes filloi duke rritur p\u00ebrq\u00ebndrimin e grimcave PM-10 n\u00eb aj\u00ebr. Kjo mund ta p\u00ebrkeq\u00ebsoj\u00eb gjendjen pasi koronavirusi do t\u00eb \u201cvaret\u201d te grimcat PM-10, sidomos te PM-2,5, dhe do t\u00eb q\u00ebndroj\u00eb n\u00eb aj\u00ebr m\u00eb shum\u00eb se zakonisht. Kemi t\u00eb b\u00ebjm\u00eb me nj\u00eb kombinim t\u00eb keq pasi PM-10 jan\u00eb grimca fluturuese, dhe kur kombinohen me temperatur\u00ebn e ul\u00ebt dhe nivelin e ul\u00ebt t\u00eb lag\u00ebshtis\u00eb s\u00eb ajrit shkaktohet efekti i pad\u00ebshiruar i \u201cstuhis\u00eb perfekte\u201d, thot\u00eb dr. Ratko Davidovski, specialist i ekologjis\u00eb sh\u00ebndet\u00ebsore n\u00eb Qendr\u00ebn e sh\u00ebndetit publik t\u00eb Tetov\u00ebs.<\/p>\n<p>Sipas raporteve t\u00eb publikuara nga Ministria e mjedisit jet\u00ebsor, n\u00eb fillim t\u00eb vitit 2020 ka pasur 77 dit\u00eb kur \u00ebsht\u00eb tejkaluar vlera kufitare prej 50 mikrogram\u00ebsh p\u00ebr met\u00ebr kub, q\u00eb \u00ebsht\u00eb dy her\u00eb m\u00eb tep\u00ebr se 35 dit\u00ebt e lejuara gjat\u00eb nj\u00eb viti kalendarik.<\/p>\n<p>N\u00eb 2019 n\u00eb Tetov\u00eb ka pasur 88 dit\u00eb t\u00eb pastra, p\u00ebr 120 dit\u00eb ajri ka qen\u00eb i ndotur mbi kufirin e lejuar, kurse p\u00ebr 157 dit\u00eb nuk ka pasur t\u00eb dh\u00ebna.<\/p>\n<p><strong><em>Z. ANDONOV<\/em><\/strong><\/p>\n\n<div style=\"font-size: 0px; height: 0px; line-height: 0px; margin: 0; padding: 0; clear: both;\"><\/div>","protected":false},"excerpt":{"rendered":"<p>N\u00eb Tetov\u00eb filloi sezoni i nxemjes, duke rritur n\u00eb m\u00ebnyr\u00eb t\u00eb theksuar p\u00ebrq\u00ebndrimin e grimcave PM-10, e tetovar\u00ebt s\u00ebrish filluan [&hellip;]<\/p>\n","protected":false},"author":25,"featured_media":129513,"comment_status":"closed","ping_status":"closed","sticky":false,"template":"","format":"standard","meta":{"_mo_disable_npp":"no","inline_featured_image":false},"categories":[3095],"tags":[],"imageURL":"https:\/\/sdk.mk\/wp-content\/uploads\/2020\/10\/d-r-Ratko-Davidovski_resized_20201026_022524566-650x366.jpg","thumbURL":"https:\/\/sdk.mk\/wp-content\/uploads\/2020\/10\/d-r-Ratko-Davidovski_resized_20201026_022524566-250x141.jpg","categoryNames":["Rrjeti i korrespondent\u00ebve"],"feature_caption":"Koronavirusit mund t\u00eb \u201cvaret\u201d n\u00eb grimcat PM-10 dhe PM-2,5, duke iu mund\u00ebsuar jet\u00ebgjat\u00ebsi m\u00eb e madhe, thot\u00eb dr. Ratko Devidovski. (Foto: SDK.MK)","subtitle":"","views":"874","source":"Tetov\u00eb, (SAKAMDAKAZAM.MK) ","yoast_head":"<!-- This site is optimized with the Yoast SEO Premium plugin v15.0 - https:\/\/yoast.com\/wordpress\/plugins\/seo\/ -->\n<title>ME FILLIMIN E SEZONIT T\u00cb NXEMJES N\u00cb TETOV\u00cb, U P\u00cbRKEQ\u00cbSUA NDOTJA E AJRIT - VIRUSI MUND T\u00cb Q\u00cbNDROJ\u00cb M\u00cb GJAT\u00cb N\u00cb AJ\u00cbR - \u0421\u0430\u043a\u0430\u043c \u0414\u0430 \u041a\u0430\u0436\u0430\u043c<\/title>\n<meta name=\"robots\" content=\"index, follow, max-snippet:-1, max-image-preview:large, max-video-preview:-1\" \/>\n<link rel=\"canonical\" href=\"https:\/\/sdk.mk\/index.php\/rrjeti-i-korrespondenteve\/me-fillimin-e-sezonit-te-nxemjes-ne-tetove-u-perkeqesua-ndotja-e-ajrit-virusi-mund-te-qendroje-me-gjate-ne-ajer\/\" \/>\n<meta property=\"og:locale\" content=\"mk_MK\" \/>\n<meta property=\"og:type\" content=\"article\" \/>\n<meta property=\"og:title\" content=\"ME FILLIMIN E SEZONIT T\u00cb NXEMJES N\u00cb TETOV\u00cb, U P\u00cbRKEQ\u00cbSUA NDOTJA E AJRIT - VIRUSI MUND T\u00cb Q\u00cbNDROJ\u00cb M\u00cb GJAT\u00cb N\u00cb AJ\u00cbR - \u0421\u0430\u043a\u0430\u043c \u0414\u0430 \u041a\u0430\u0436\u0430\u043c\" \/>\n<meta property=\"og:description\" content=\"N\u00eb Tetov\u00eb filloi sezoni i nxemjes, duke rritur n\u00eb m\u00ebnyr\u00eb t\u00eb theksuar p\u00ebrq\u00ebndrimin e grimcave PM-10, e tetovar\u00ebt s\u00ebrish filluan [&hellip;]\" \/>\n<meta property=\"og:url\" content=\"https:\/\/sdk.mk\/index.php\/rrjeti-i-korrespondenteve\/me-fillimin-e-sezonit-te-nxemjes-ne-tetove-u-perkeqesua-ndotja-e-ajrit-virusi-mund-te-qendroje-me-gjate-ne-ajer\/\" \/>\n<meta property=\"og:site_name\" content=\"\u0421\u0430\u043a\u0430\u043c \u0414\u0430 \u041a\u0430\u0436\u0430\u043c\" \/>\n<meta property=\"article:published_time\" content=\"2020-10-28T15:00:47+00:00\" \/>\n<meta property=\"og:image\" content=\"https:\/\/sdk.mk\/wp-content\/uploads\/2020\/10\/d-r-Ratko-Davidovski_resized_20201026_022524566.jpg\" \/>\n\t<meta property=\"og:image:width\" content=\"1032\" \/>\n\t<meta property=\"og:image:height\" content=\"581\" \/>\n<meta property=\"fb:app_id\" content=\"2407985809428537\" \/>\n<meta name=\"twitter:card\" content=\"summary\" \/>\n<script type=\"application\/ld+json\" class=\"yoast-schema-graph\">{\"@context\":\"https:\/\/schema.org\",\"@graph\":[{\"@type\":\"WebSite\",\"@id\":\"https:\/\/sdk.mk\/#website\",\"url\":\"https:\/\/sdk.mk\/\",\"name\":\"\\u0421\\u0430\\u043a\\u0430\\u043c \\u0414\\u0430 \\u041a\\u0430\\u0436\\u0430\\u043c\",\"description\":\"\\u0417\\u0430 \\u0441\\u043b\\u043e\\u0431\\u043e\\u0434\\u043e\\u0443\\u043c\\u043d\\u0438\",\"potentialAction\":[{\"@type\":\"SearchAction\",\"target\":\"https:\/\/sdk.mk\/?s={search_term_string}\",\"query-input\":\"required name=search_term_string\"}],\"inLanguage\":\"mk-MK\"},{\"@type\":\"ImageObject\",\"@id\":\"https:\/\/sdk.mk\/index.php\/rrjeti-i-korrespondenteve\/me-fillimin-e-sezonit-te-nxemjes-ne-tetove-u-perkeqesua-ndotja-e-ajrit-virusi-mund-te-qendroje-me-gjate-ne-ajer\/#primaryimage\",\"inLanguage\":\"mk-MK\",\"url\":\"https:\/\/sdk.mk\/wp-content\/uploads\/2020\/10\/d-r-Ratko-Davidovski_resized_20201026_022524566.jpg\",\"width\":1032,\"height\":581},{\"@type\":\"WebPage\",\"@id\":\"https:\/\/sdk.mk\/index.php\/rrjeti-i-korrespondenteve\/me-fillimin-e-sezonit-te-nxemjes-ne-tetove-u-perkeqesua-ndotja-e-ajrit-virusi-mund-te-qendroje-me-gjate-ne-ajer\/#webpage\",\"url\":\"https:\/\/sdk.mk\/index.php\/rrjeti-i-korrespondenteve\/me-fillimin-e-sezonit-te-nxemjes-ne-tetove-u-perkeqesua-ndotja-e-ajrit-virusi-mund-te-qendroje-me-gjate-ne-ajer\/\",\"name\":\"ME FILLIMIN E SEZONIT T\\u00cb NXEMJES N\\u00cb TETOV\\u00cb, U P\\u00cbRKEQ\\u00cbSUA NDOTJA E AJRIT - VIRUSI MUND T\\u00cb Q\\u00cbNDROJ\\u00cb M\\u00cb GJAT\\u00cb N\\u00cb AJ\\u00cbR - \\u0421\\u0430\\u043a\\u0430\\u043c \\u0414\\u0430 \\u041a\\u0430\\u0436\\u0430\\u043c\",\"isPartOf\":{\"@id\":\"https:\/\/sdk.mk\/#website\"},\"primaryImageOfPage\":{\"@id\":\"https:\/\/sdk.mk\/index.php\/rrjeti-i-korrespondenteve\/me-fillimin-e-sezonit-te-nxemjes-ne-tetove-u-perkeqesua-ndotja-e-ajrit-virusi-mund-te-qendroje-me-gjate-ne-ajer\/#primaryimage\"},\"datePublished\":\"2020-10-28T15:00:47+00:00\",\"dateModified\":\"2020-10-28T15:00:47+00:00\",\"author\":{\"@id\":\"https:\/\/sdk.mk\/#\/schema\/person\/737021aeacbe893f7e2c347186c5c7a1\"},\"inLanguage\":\"mk-MK\",\"potentialAction\":[{\"@type\":\"ReadAction\",\"target\":[\"https:\/\/sdk.mk\/index.php\/rrjeti-i-korrespondenteve\/me-fillimin-e-sezonit-te-nxemjes-ne-tetove-u-perkeqesua-ndotja-e-ajrit-virusi-mund-te-qendroje-me-gjate-ne-ajer\/\"]}]},{\"@type\":\"Person\",\"@id\":\"https:\/\/sdk.mk\/#\/schema\/person\/737021aeacbe893f7e2c347186c5c7a1\",\"name\":\"\\u0424\\u0458\\u043e\\u043b\\u0430 \\u0417\\u043b\\u0430\\u0442\\u043a\\u0443\"}]}<\/script>\n<!-- \/ Yoast SEO Premium plugin. -->","_links":{"self":[{"href":"https:\/\/sdk.mk\/index.php\/wp-json\/wp\/v2\/posts\/129741"}],"collection":[{"href":"https:\/\/sdk.mk\/index.php\/wp-json\/wp\/v2\/posts"}],"about":[{"href":"https:\/\/sdk.mk\/index.php\/wp-json\/wp\/v2\/types\/post"}],"author":[{"embeddable":true,"href":"https:\/\/sdk.mk\/index.php\/wp-json\/wp\/v2\/users\/25"}],"replies":[{"embeddable":true,"href":"https:\/\/sdk.mk\/index.php\/wp-json\/wp\/v2\/comments?post=129741"}],"version-history":[{"count":0,"href":"https:\/\/sdk.mk\/index.php\/wp-json\/wp\/v2\/posts\/129741\/revisions"}],"wp:featuredmedia":[{"embeddable":true,"href":"https:\/\/sdk.mk\/index.php\/wp-json\/wp\/v2\/media\/129513"}],"wp:attachment":[{"href":"https:\/\/sdk.mk\/index.php\/wp-json\/wp\/v2\/media?parent=129741"}],"wp:term":[{"taxonomy":"category","embeddable":true,"href":"https:\/\/sdk.mk\/index.php\/wp-json\/wp\/v2\/categories?post=129741"},{"taxonomy":"post_tag","embeddable":true,"href":"https:\/\/sdk.mk\/index.php\/wp-json\/wp\/v2\/tags?post=129741"}],"curies":[{"name":"wp","href":"https:\/\/api.w.org\/{rel}","templated":true}]}}