{"id":130107,"date":"2020-11-02T12:22:51","date_gmt":"2020-11-02T11:22:51","guid":{"rendered":"https:\/\/sdk.mk\/?p=130107"},"modified":"2020-11-02T12:22:51","modified_gmt":"2020-11-02T11:22:51","slug":"kumanovaret-i-fshehin-kontaktet-me-te-infektuarit-nga-koronavirusi-sepse-pronaret-nuk-ua-pranojne-vendimet-e-vete-izolimit","status":"publish","type":"post","link":"https:\/\/sdk.mk\/index.php\/uncategorized-sq\/kumanovaret-i-fshehin-kontaktet-me-te-infektuarit-nga-koronavirusi-sepse-pronaret-nuk-ua-pranojne-vendimet-e-vete-izolimit\/","title":{"rendered":"KUMANOVAR\u00cbT I FSHEHIN KONTAKTET ME T\u00cb INFEKTUARIT NGA KORONAVIRUSI SEPSE PRONAR\u00cbT NUK UA PRANOJN\u00cb VENDIMET E VET\u00cb-IZOLIMIT"},"content":{"rendered":"<div class=\"f52428582a4b906b2d2e2a7d733c7d27\" data-index=\"7\" style=\"float: none; margin:10px 0 10px 0; text-align:center;\">\n<!-- MSP Ads Asynchronous JS Tag - Generated with Revive Adserver v5.4.1 -->\r\n<ins data-revive-zoneid=\"167\" data-revive-id=\"060fdb01f6430ec164d3519234aa4967\"><\/ins>\r\n<script async src=\"\/\/panel.ads.com.mk\/www\/delivery\/asyncjs.php\"><\/script>\n<\/div>\n<p>I fshehim kontaktet me t\u00eb infektuarit e koronavirusit sepse pronar\u00ebt nuk na i pranojn\u00eb vendimet p\u00ebr vet\u00ebizolim, thon\u00eb kumanovar\u00ebt, q\u00eb kur Qendra p\u00ebr sh\u00ebndet publik lajm\u00ebroi se personat me rezultate pozitive t\u00eb koronavirusit me zgjedhje fshehin se me k\u00eb kan\u00eb pasur kontakt q\u00eb t\u00eb mos q\u00ebndrojn\u00eb n\u00eb izolim, duke kontribuar n\u00eb p\u00ebrhapjen e virusit.<\/p>\n<p>\u201cFirmat nuk i pranojn\u00eb vendimet p\u00ebr vet\u00ebizolim, nuk marrin dit\u00eb nga pushimi vjetor apo nuk na i paguajn\u00eb dit\u00ebt kur q\u00ebndrojm\u00eb n\u00eb sht\u00ebpi, nd\u00ebrsa mjek\u00ebt nuk na japin pushim mjek\u00ebsor n\u00ebse dikush nuk ka simptoma dhe n\u00ebse nuk \u00ebsht\u00eb pozitiv. P\u00ebr k\u00ebt\u00eb gj\u00eb jan\u00eb fajtor\u00eb pronar\u00ebt, e jo t\u00eb pun\u00ebsuarit. N\u00eb pun\u00ebn e sh\u00ebrbimeve inspektorale ekzistojn\u00eb shum\u00eb gabime, andaj dhe ndodhin gj\u00ebra t\u00eb k\u00ebtilla\u201d, reagojn\u00eb kumanovar\u00ebt.<\/p>\n<p>Nga p\u00ebrfaq\u00ebsia rajonale sindikale n\u00eb Kumanov\u00eb thon\u00eb se ky problem \u00ebsht\u00eb i njohur p\u00ebr ta, por deri m\u00eb tani nuk kan\u00eb marr\u00eb asnj\u00eb paraqitje zyrtare nga ana e pun\u00ebtor\u00ebve.<\/p>\n<p>\u201cI inkurajojm\u00eb pun\u00ebtor\u00ebt q\u00eb t\u00eb paraqesin shkelje t\u00eb k\u00ebtilla te ne, q\u00eb t\u00eb mund t\u00eb reagojm\u00eb me koh\u00eb te sh\u00ebrbimet inspektorale n\u00eb m\u00ebnyr\u00eb q\u00eb t\u00eb mbrohen t\u00eb drejtat e tyre\u201d, thon\u00eb nga Sindikati.<\/p>\n<p>Gjithashtu, nga Inspektorati shtet\u00ebror i pun\u00ebs n\u00eb Kumanov\u00eb thon\u00eb se nuk ka paraqitje nga pun\u00ebtor\u00ebt p\u00ebr nj\u00eb gj\u00eb t\u00eb till\u00eb.<\/p>\n<div id=\"attachment_121075\" style=\"width: 660px\" class=\"wp-caption alignnone\"><a href=\"https:\/\/sdk.mk\/wp-content\/uploads\/2020\/07\/glasen-tekstilec-43899843894389.jpg\"><img aria-describedby=\"caption-attachment-121075\" loading=\"lazy\" class=\"size-large wp-image-121075\" src=\"https:\/\/sdk.mk\/wp-content\/uploads\/2020\/07\/glasen-tekstilec-43899843894389-650x341.jpg\" alt=\"\" width=\"650\" height=\"341\" srcset=\"https:\/\/sdk.mk\/wp-content\/uploads\/2020\/07\/glasen-tekstilec-43899843894389-650x341.jpg 650w, https:\/\/sdk.mk\/wp-content\/uploads\/2020\/07\/glasen-tekstilec-43899843894389-250x131.jpg 250w, https:\/\/sdk.mk\/wp-content\/uploads\/2020\/07\/glasen-tekstilec-43899843894389-400x210.jpg 400w, https:\/\/sdk.mk\/wp-content\/uploads\/2020\/07\/glasen-tekstilec-43899843894389-768x403.jpg 768w, https:\/\/sdk.mk\/wp-content\/uploads\/2020\/07\/glasen-tekstilec-43899843894389-150x79.jpg 150w, https:\/\/sdk.mk\/wp-content\/uploads\/2020\/07\/glasen-tekstilec-43899843894389.jpg 800w\" sizes=\"(max-width: 650px) 100vw, 650px\" \/><\/a><p id=\"caption-attachment-121075\" class=\"wp-caption-text\">Kur nj\u00eb pun\u00ebtor paraqet se nuk i \u00ebsht\u00eb paguar 70 p\u00ebrqind t\u00eb pushimit mjek\u00ebsor p\u00ebr shkak se ka kaluar kovidin apo p\u00ebr shkak se vet\u00eb-izolimi nuk i \u00ebsht\u00eb paguar e gj\u00ebra t\u00eb tjera t\u00eb ngjashme si k\u00ebto, ne ragojm\u00eb. Por, p\u00ebrderisa nuk paraqiten shkeljet nuk mund t\u00eb b\u00ebjm\u00eb asgj\u00eb\u201d, thot\u00eb Ampeva.<\/p><\/div>\n<p>Nd\u00ebrkoh\u00eb q\u00eb pun\u00ebtor\u00ebt kumanovar\u00eb nuk guxojn\u00eb t\u2019i paraqesin pronar\u00ebt e tyre p\u00ebr shkeljen e t\u00eb drejtave q\u00eb iu takojn\u00eb, Kristina Ampeva nga shoqata qytetare e pun\u00ebtor\u00ebve t\u00eb tekstilit, l\u00ebkur\u00ebs dhe k\u00ebpuc\u00ebve \u201cGlasen tekstilec\u201d nga Shtipi, thot\u00eb se te ta kan\u00eb mb\u00ebrritur ankesa nga pun\u00ebtor\u00ebt dhe se ata tashm\u00eb kan\u00eb reaguar te njer\u00ebzit adekuat\u00eb.<br \/>\nGjithashtu ajo \u00ebsht\u00eb n\u00eb dijeni se disa pronar\u00eb t\u00eb tjer\u00eb ua kan\u00eb ndaluar pun\u00ebtoreve t\u00eb tregojn\u00eb kontaktet, kurse disa t\u00eb pun\u00ebsuar me simptoma t\u00eb koronavirusit kan\u00eb shkuar n\u00eb pun\u00eb.<\/p>\n<p>\u201cN\u00eb gjendje m\u00eb t\u00eb r\u00ebnd\u00eb jan\u00eb ata t\u00eb cil\u00ebve familje t\u00eb t\u00ebra iu punojn\u00eb n\u00eb nj\u00eb fabrik\u00eb, e i fshehin kontaktet e atyre q\u00eb nuk punojn\u00eb me ta, nd\u00ebrsa t\u00eb tjer\u00ebt i fshehin q\u00eb t\u00eb mos mbesin pa ekzistenc\u00eb. Nga k\u00ebta t\u00eb fundit kemi shum\u00eb shembuj. Ne kemi apeluar shum\u00eb her\u00eb n\u00eb Qendra p\u00ebr sh\u00ebndet publik dhe n\u00eb Shtabin komunal t\u00eb kriz\u00ebs, por nuk b\u00ebhet fjal\u00eb p\u00ebr nj\u00eb firm\u00eb, q\u00eb t\u00eb mund t\u00eb dim\u00eb se \u00e7far\u00eb ndodh. Kur nj\u00eb pun\u00ebtor paraqet se nuk i \u00ebsht\u00eb paguar 70 p\u00ebrqind t\u00eb pushimit mjek\u00ebsor p\u00ebr shkak se ka kaluar kovidin apo p\u00ebr shkak se vet\u00eb-izolimi nuk i \u00ebsht\u00eb paguar e gj\u00ebra t\u00eb tjera t\u00eb ngjashme si k\u00ebto, ne ragojm\u00eb. Por, p\u00ebrderisa nuk paraqiten shkeljet nuk mund t\u00eb b\u00ebjm\u00eb asgj\u00eb\u201d, thot\u00eb Ampeva.<\/p>\n<p>Ajo thot\u00eb se \u00ebsht\u00eb m\u00eb s\u00eb miri q\u00eb pun\u00ebtor\u00ebt t\u00eb b\u00ebjn\u00eb fotografi apo fotokopje t\u00eb vendimit mjek\u00ebsor q\u00eb t\u00eb ket\u00eb v\u00ebrtetim n\u00eb rast se nuk paguhet, pasi marr\u00ebveshjet e\u00a0 pun\u00ebtor\u00ebve n\u00ebnshkruhen \u00e7do muaj, apo \u00e7do dy apo tre muaj dhe ky \u00ebsht\u00eb problem.<\/p>\n<p>Ampeva konsideron se n\u00ebse pronar\u00ebt nuk nd\u00ebrmarrin t\u00eb gjitha masat dhe protokollet t\u00eb cilat i rekomandon Komisioni p\u00ebr s\u00ebmundje infektive, mbi t\u00eb gjitha dezinfektimi i nj\u00ebsive dhe nj\u00eb transport i mir\u00eborganizuar, k\u00ebso gj\u00ebrash nuk do t\u00eb ndodhin. Andaj, k\u00ebrkon q\u00eb t\u00eb gjitha institucionet dhe mjek\u00ebt t\u00eb reagojn\u00eb n\u00eb p\u00ebrputhje me detyrimet e tyre n\u00eb m\u00ebnyr\u00eb q\u00eb t\u2019i parandalojn\u00eb keqp\u00ebrdorimet e pun\u00ebtor\u00ebve gjat\u00eb koh\u00ebs s\u00eb koronakriz\u00ebs.<\/p>\n<p><strong><em>S. NIKOLIQ<\/em><\/strong><\/p>\n\n<div style=\"font-size: 0px; height: 0px; line-height: 0px; margin: 0; padding: 0; clear: both;\"><\/div>","protected":false},"excerpt":{"rendered":"<p>I fshehim kontaktet me t\u00eb infektuarit e koronavirusit sepse pronar\u00ebt nuk na i pranojn\u00eb vendimet p\u00ebr vet\u00ebizolim, thon\u00eb kumanovar\u00ebt, q\u00eb [&hellip;]<\/p>\n","protected":false},"author":25,"featured_media":129887,"comment_status":"closed","ping_status":"closed","sticky":false,"template":"","format":"standard","meta":{"_mo_disable_npp":"no","inline_featured_image":false},"categories":[1794],"tags":[],"imageURL":"https:\/\/sdk.mk\/wp-content\/uploads\/2020\/10\/kumanovo-tsentar-2-650x342.jpg","thumbURL":"https:\/\/sdk.mk\/wp-content\/uploads\/2020\/10\/kumanovo-tsentar-2-250x132.jpg","categoryNames":["Uncategorized"],"feature_caption":"Nga Sindikati apelojn\u00eb q\u00eb pun\u00ebtor\u00ebt t\u2019i paraqesin k\u00ebto shkelje t\u00eb t\u00eb drejtave, q\u00eb t\u00eb mund t\u00eb reagojn\u00eb n\u00eb Inspektoratin shtet\u00ebror t\u00eb pun\u00ebs. (Foto: SDK.MK)","subtitle":"","views":"38","source":"\u041aumanov\u00eb, (SAKAMDAKAZAM.MK) ","yoast_head":"<!-- This site is optimized with the Yoast SEO Premium plugin v15.0 - https:\/\/yoast.com\/wordpress\/plugins\/seo\/ -->\n<title>KUMANOVAR\u00cbT I FSHEHIN KONTAKTET ME T\u00cb INFEKTUARIT NGA KORONAVIRUSI SEPSE PRONAR\u00cbT NUK UA PRANOJN\u00cb VENDIMET E VET\u00cb-IZOLIMIT - \u0421\u0430\u043a\u0430\u043c \u0414\u0430 \u041a\u0430\u0436\u0430\u043c<\/title>\n<meta name=\"robots\" content=\"index, follow, max-snippet:-1, max-image-preview:large, max-video-preview:-1\" \/>\n<link rel=\"canonical\" href=\"https:\/\/sdk.mk\/index.php\/uncategorized-sq\/kumanovaret-i-fshehin-kontaktet-me-te-infektuarit-nga-koronavirusi-sepse-pronaret-nuk-ua-pranojne-vendimet-e-vete-izolimit\/\" \/>\n<meta property=\"og:locale\" content=\"mk_MK\" \/>\n<meta property=\"og:type\" content=\"article\" \/>\n<meta property=\"og:title\" content=\"KUMANOVAR\u00cbT I FSHEHIN KONTAKTET ME T\u00cb INFEKTUARIT NGA KORONAVIRUSI SEPSE PRONAR\u00cbT NUK UA PRANOJN\u00cb VENDIMET E VET\u00cb-IZOLIMIT - \u0421\u0430\u043a\u0430\u043c \u0414\u0430 \u041a\u0430\u0436\u0430\u043c\" \/>\n<meta property=\"og:description\" content=\"I fshehim kontaktet me t\u00eb infektuarit e koronavirusit sepse pronar\u00ebt nuk na i pranojn\u00eb vendimet p\u00ebr vet\u00ebizolim, thon\u00eb kumanovar\u00ebt, q\u00eb [&hellip;]\" \/>\n<meta property=\"og:url\" content=\"https:\/\/sdk.mk\/index.php\/uncategorized-sq\/kumanovaret-i-fshehin-kontaktet-me-te-infektuarit-nga-koronavirusi-sepse-pronaret-nuk-ua-pranojne-vendimet-e-vete-izolimit\/\" \/>\n<meta property=\"og:site_name\" content=\"\u0421\u0430\u043a\u0430\u043c \u0414\u0430 \u041a\u0430\u0436\u0430\u043c\" \/>\n<meta property=\"article:published_time\" content=\"2020-11-02T11:22:51+00:00\" \/>\n<meta property=\"og:image\" content=\"https:\/\/sdk.mk\/wp-content\/uploads\/2020\/10\/kumanovo-tsentar-2.jpg\" \/>\n\t<meta property=\"og:image:width\" content=\"688\" \/>\n\t<meta property=\"og:image:height\" content=\"362\" \/>\n<meta property=\"fb:app_id\" content=\"2407985809428537\" \/>\n<meta name=\"twitter:card\" content=\"summary\" \/>\n<script type=\"application\/ld+json\" class=\"yoast-schema-graph\">{\"@context\":\"https:\/\/schema.org\",\"@graph\":[{\"@type\":\"WebSite\",\"@id\":\"https:\/\/sdk.mk\/#website\",\"url\":\"https:\/\/sdk.mk\/\",\"name\":\"\\u0421\\u0430\\u043a\\u0430\\u043c \\u0414\\u0430 \\u041a\\u0430\\u0436\\u0430\\u043c\",\"description\":\"\\u0417\\u0430 \\u0441\\u043b\\u043e\\u0431\\u043e\\u0434\\u043e\\u0443\\u043c\\u043d\\u0438\",\"potentialAction\":[{\"@type\":\"SearchAction\",\"target\":\"https:\/\/sdk.mk\/?s={search_term_string}\",\"query-input\":\"required name=search_term_string\"}],\"inLanguage\":\"mk-MK\"},{\"@type\":\"ImageObject\",\"@id\":\"https:\/\/sdk.mk\/index.php\/uncategorized-sq\/kumanovaret-i-fshehin-kontaktet-me-te-infektuarit-nga-koronavirusi-sepse-pronaret-nuk-ua-pranojne-vendimet-e-vete-izolimit\/#primaryimage\",\"inLanguage\":\"mk-MK\",\"url\":\"https:\/\/sdk.mk\/wp-content\/uploads\/2020\/10\/kumanovo-tsentar-2.jpg\",\"width\":688,\"height\":362},{\"@type\":\"WebPage\",\"@id\":\"https:\/\/sdk.mk\/index.php\/uncategorized-sq\/kumanovaret-i-fshehin-kontaktet-me-te-infektuarit-nga-koronavirusi-sepse-pronaret-nuk-ua-pranojne-vendimet-e-vete-izolimit\/#webpage\",\"url\":\"https:\/\/sdk.mk\/index.php\/uncategorized-sq\/kumanovaret-i-fshehin-kontaktet-me-te-infektuarit-nga-koronavirusi-sepse-pronaret-nuk-ua-pranojne-vendimet-e-vete-izolimit\/\",\"name\":\"KUMANOVAR\\u00cbT I FSHEHIN KONTAKTET ME T\\u00cb INFEKTUARIT NGA KORONAVIRUSI SEPSE PRONAR\\u00cbT NUK UA PRANOJN\\u00cb VENDIMET E VET\\u00cb-IZOLIMIT - \\u0421\\u0430\\u043a\\u0430\\u043c \\u0414\\u0430 \\u041a\\u0430\\u0436\\u0430\\u043c\",\"isPartOf\":{\"@id\":\"https:\/\/sdk.mk\/#website\"},\"primaryImageOfPage\":{\"@id\":\"https:\/\/sdk.mk\/index.php\/uncategorized-sq\/kumanovaret-i-fshehin-kontaktet-me-te-infektuarit-nga-koronavirusi-sepse-pronaret-nuk-ua-pranojne-vendimet-e-vete-izolimit\/#primaryimage\"},\"datePublished\":\"2020-11-02T11:22:51+00:00\",\"dateModified\":\"2020-11-02T11:22:51+00:00\",\"author\":{\"@id\":\"https:\/\/sdk.mk\/#\/schema\/person\/737021aeacbe893f7e2c347186c5c7a1\"},\"inLanguage\":\"mk-MK\",\"potentialAction\":[{\"@type\":\"ReadAction\",\"target\":[\"https:\/\/sdk.mk\/index.php\/uncategorized-sq\/kumanovaret-i-fshehin-kontaktet-me-te-infektuarit-nga-koronavirusi-sepse-pronaret-nuk-ua-pranojne-vendimet-e-vete-izolimit\/\"]}]},{\"@type\":\"Person\",\"@id\":\"https:\/\/sdk.mk\/#\/schema\/person\/737021aeacbe893f7e2c347186c5c7a1\",\"name\":\"\\u0424\\u0458\\u043e\\u043b\\u0430 \\u0417\\u043b\\u0430\\u0442\\u043a\\u0443\"}]}<\/script>\n<!-- \/ Yoast SEO Premium plugin. -->","_links":{"self":[{"href":"https:\/\/sdk.mk\/index.php\/wp-json\/wp\/v2\/posts\/130107"}],"collection":[{"href":"https:\/\/sdk.mk\/index.php\/wp-json\/wp\/v2\/posts"}],"about":[{"href":"https:\/\/sdk.mk\/index.php\/wp-json\/wp\/v2\/types\/post"}],"author":[{"embeddable":true,"href":"https:\/\/sdk.mk\/index.php\/wp-json\/wp\/v2\/users\/25"}],"replies":[{"embeddable":true,"href":"https:\/\/sdk.mk\/index.php\/wp-json\/wp\/v2\/comments?post=130107"}],"version-history":[{"count":0,"href":"https:\/\/sdk.mk\/index.php\/wp-json\/wp\/v2\/posts\/130107\/revisions"}],"wp:featuredmedia":[{"embeddable":true,"href":"https:\/\/sdk.mk\/index.php\/wp-json\/wp\/v2\/media\/129887"}],"wp:attachment":[{"href":"https:\/\/sdk.mk\/index.php\/wp-json\/wp\/v2\/media?parent=130107"}],"wp:term":[{"taxonomy":"category","embeddable":true,"href":"https:\/\/sdk.mk\/index.php\/wp-json\/wp\/v2\/categories?post=130107"},{"taxonomy":"post_tag","embeddable":true,"href":"https:\/\/sdk.mk\/index.php\/wp-json\/wp\/v2\/tags?post=130107"}],"curies":[{"name":"wp","href":"https:\/\/api.w.org\/{rel}","templated":true}]}}