{"id":131355,"date":"2020-11-13T08:56:23","date_gmt":"2020-11-13T07:56:23","guid":{"rendered":"https:\/\/sdk.mk\/?p=131355"},"modified":"2020-11-13T08:56:23","modified_gmt":"2020-11-13T07:56:23","slug":"veronika-na-meson-per-empatine-tre-adoleshente-shpiken-nje-karroce-inteligjente-per-invalide-e-cila-leviz-me-ane-te-syve","status":"publish","type":"post","link":"https:\/\/sdk.mk\/index.php\/histori-te-parrefyera\/veronika-na-meson-per-empatine-tre-adoleshente-shpiken-nje-karroce-inteligjente-per-invalide-e-cila-leviz-me-ane-te-syve\/","title":{"rendered":"VERONIKA NA M\u00cbSON P\u00cbR EMPATIN\u00cb \u2013 TRE ADOLESHENT\u00cb SHPIK\u00cbN NJ\u00cb KARROC\u00cb INTELIGJENTE P\u00cbR INVALID\u00cb E CILA L\u00cbVIZ ME AN\u00cb T\u00cb SYVE"},"content":{"rendered":"<div class=\"f52428582a4b906b2d2e2a7d733c7d27\" data-index=\"7\" style=\"float: none; margin:10px 0 10px 0; text-align:center;\">\n<!-- MSP Ads Asynchronous JS Tag - Generated with Revive Adserver v5.4.1 -->\r\n<ins data-revive-zoneid=\"167\" data-revive-id=\"060fdb01f6430ec164d3519234aa4967\"><\/ins>\r\n<script async src=\"\/\/panel.ads.com.mk\/www\/delivery\/asyncjs.php\"><\/script>\n<\/div>\n<p>David Llazaroski, Martin Dinev dhe Bllagoj\u00e7e Pavleski jan\u00eb pjes\u00ebtar\u00ebt e ekipit \u201cFrom zero to hero\u201d (Nga zero n\u00eb hero), dizajni i t\u00eb cil\u00ebve \u00ebsht\u00eb \u201cKarroca inteligjente p\u00ebr invalid\u00eb me sistem t\u00eb brendsh\u00ebm monitorimi t\u00eb sh\u00ebndetit\u201d. Ata thon\u00eb q\u00eb karroca inteligjente \u00ebsht\u00eb zgjidhje p\u00ebr personat q\u00eb kan\u00eb kufizime t\u00eb m\u00ebdha t\u00eb aft\u00ebsive fizike, posa\u00e7\u00ebrisht p\u00ebr ata q\u00eb nuk mund t\u2019i l\u00ebvizin gjymtyr\u00ebt.<\/p>\n<p>Llazaroski \u00ebsht\u00eb 21 vje\u00e7 dhe student i vitit t\u00eb tret\u00eb pran\u00eb FShIIK-ut (Fakulteti i Shkencave Informatike dhe Inxhinieris\u00eb Kompjuterike), Dinev \u00ebsht\u00eb 19 vje\u00e7 dhe poashtu student pran\u00eb FShIIk-ut, nd\u00ebrsa 17-vje\u00e7ari Bllagoj\u00e7e Pavleski \u00ebsht\u00eb nx\u00ebn\u00ebs i vitit t\u00eb tret\u00eb pran\u00eb shkoll\u00ebs s\u00eb mesme \u201cJahja Kemal\u201d. Gjat\u00eb pun\u00ebs iu ka ndihmuar edhe mikesha e tyre Veronika, q\u00eb \u00ebsht\u00eb person me aft\u00ebsi t\u00eb kufizuara fizike. Shpikja e tyre \u00ebsht\u00eb mes fitueseve n\u00eb nism\u00ebn bot\u00ebrore t\u00eb UNICEF-it, Breza pa kufij (Generation unlimited 2019\/20).<\/p>\n<div id=\"attachment_130565\" style=\"width: 933px\" class=\"wp-caption aligncenter\"><a href=\"https:\/\/sdk.mk\/wp-content\/uploads\/2020\/11\/pametna-invalidska-kolicka-1.jpeg\"><img aria-describedby=\"caption-attachment-130565\" loading=\"lazy\" class=\"wp-image-130565 size-full\" src=\"https:\/\/sdk.mk\/wp-content\/uploads\/2020\/11\/pametna-invalidska-kolicka-1.jpeg\" alt=\"\" width=\"923\" height=\"585\" srcset=\"https:\/\/sdk.mk\/wp-content\/uploads\/2020\/11\/pametna-invalidska-kolicka-1.jpeg 923w, https:\/\/sdk.mk\/wp-content\/uploads\/2020\/11\/pametna-invalidska-kolicka-1-400x254.jpeg 400w, https:\/\/sdk.mk\/wp-content\/uploads\/2020\/11\/pametna-invalidska-kolicka-1-650x412.jpeg 650w, https:\/\/sdk.mk\/wp-content\/uploads\/2020\/11\/pametna-invalidska-kolicka-1-250x158.jpeg 250w, https:\/\/sdk.mk\/wp-content\/uploads\/2020\/11\/pametna-invalidska-kolicka-1-768x487.jpeg 768w, https:\/\/sdk.mk\/wp-content\/uploads\/2020\/11\/pametna-invalidska-kolicka-1-150x95.jpeg 150w, https:\/\/sdk.mk\/wp-content\/uploads\/2020\/11\/pametna-invalidska-kolicka-1-50x32.jpeg 50w, https:\/\/sdk.mk\/wp-content\/uploads\/2020\/11\/pametna-invalidska-kolicka-1-100x63.jpeg 100w, https:\/\/sdk.mk\/wp-content\/uploads\/2020\/11\/pametna-invalidska-kolicka-1-200x127.jpeg 200w, https:\/\/sdk.mk\/wp-content\/uploads\/2020\/11\/pametna-invalidska-kolicka-1-300x190.jpeg 300w, https:\/\/sdk.mk\/wp-content\/uploads\/2020\/11\/pametna-invalidska-kolicka-1-350x222.jpeg 350w, https:\/\/sdk.mk\/wp-content\/uploads\/2020\/11\/pametna-invalidska-kolicka-1-450x285.jpeg 450w, https:\/\/sdk.mk\/wp-content\/uploads\/2020\/11\/pametna-invalidska-kolicka-1-500x317.jpeg 500w, https:\/\/sdk.mk\/wp-content\/uploads\/2020\/11\/pametna-invalidska-kolicka-1-550x349.jpeg 550w, https:\/\/sdk.mk\/wp-content\/uploads\/2020\/11\/pametna-invalidska-kolicka-1-800x507.jpeg 800w\" sizes=\"(max-width: 923px) 100vw, 923px\" \/><\/a><p id=\"caption-attachment-130565\" class=\"wp-caption-text\">\u201cKarroca nuk \u00ebsht\u00eb inteligjente ve\u00e7 nga aft\u00ebsia e saj p\u00ebr t\u2019u drejtuar me an\u00eb t\u00eb shikimit, \u00ebsht\u00eb inteligjente pasi ka sistem t\u00eb brendsh\u00ebm monitorimi t\u00eb sh\u00ebndetit, p\u00ebrmes s\u00eb cilit ndiqet gjendja sh\u00ebndet\u00ebsore e personit me aft\u00ebsi t\u00eb kufizuara fizike\u201d, thon\u00eb shpik\u00ebsit e rinj. (Foto: Arkivi privat)<\/p><\/div>\n<p>Thon\u00eb q\u00eb si student\u00eb t\u00eb cil\u00ebt sapo e kan\u00eb filluar rrug\u00ebtimin e tyre n\u00eb jet\u00eb, q\u00eb \u00ebsht\u00eb kryesisht i mbushur me boll\u00ebk teknologjie dhe risish softuerike, Breza pa kufij p\u00ebr ta ka qen\u00eb mund\u00ebsi e mrekullueshme p\u00ebr t\u2019u p\u00ebrballur me aventurat dhe sfidat t\u00eb cilat i ofron nisma #Digital-inclusion (p\u00ebrfshirja digjitale).<\/p>\n<p>\u201cSi pik\u00eb e vetme funksionale motorike \u2013 syri, vendos\u00ebm t\u00eb b\u00ebhet ndihm\u00ebsi i tyre kryesor gjat\u00eb jet\u00ebs s\u00eb p\u00ebrditshme. Karroca inteligjente p\u00ebr invalid\u00eb mund t\u00eb drejtohet dhe kontrollohet me an\u00eb t\u00eb shikimit, gjegj\u00ebsisht personi me aft\u00ebsi t\u00eb kufizuara fizike mund t\u00eb l\u00ebviz\u00eb me karroc\u00ebn duke e drejtuar p\u00ebrmes kamer\u00ebs e cila gjithmon\u00eb e ndjek dhe e in\u00e7izon l\u00ebvizjen e syrit t\u00eb tij. Kamera sinjalizon n\u00eb cil\u00ebn an\u00eb shikon personi dhe ia jep udh\u00ebzimet e p\u00ebrshtatshme karroc\u00ebs p\u00ebr t\u00eb l\u00ebvizur. Mir\u00ebpo, karroca nuk \u00ebsht\u00eb inteligjente ve\u00e7 nga aft\u00ebsia e saj p\u00ebr t\u2019u drejtuar me an\u00eb t\u00eb shikimit, \u00ebsht\u00eb inteligjente pasi ka sistem t\u00eb brendsh\u00ebm monitorimi t\u00eb sh\u00ebndetit, p\u00ebrmes s\u00eb cilit ndiqet gjendja sh\u00ebndet\u00ebsore e personit me aft\u00ebsi t\u00eb kufizuara fizike\u201d, tregojn\u00eb shpik\u00ebsit e rinj p\u00ebr SAKAMDAKAZHAM.MK.<\/p>\n<p>Sistemi p\u00ebrb\u00ebhet nga senzor\u00eb t\u00eb shumt\u00eb q\u00eb masin (shtypjen e gjakut, rrjedh\u00ebn e ajrit gjat\u00eb frym\u00ebmarrjes, temperatur\u00ebn trupore, sasin\u00eb e oksigjenit n\u00eb gjak, EKG-n\u00eb, pulsin, spirometrin\u00eb, gjetjen e pozit\u00ebs s\u00eb trupit, zbulimin e humorit \u2013 t\u00eb emocioneve). T\u00eb gjitha t\u00eb dh\u00ebnat nga senzor\u00ebt p\u00ebrmblidhen dhe d\u00ebrgohen n\u00eb server, p\u00ebrkat\u00ebsisht n\u00eb platform\u00ebn e ueb-monitorimit, ku t\u00eb gjitha t\u00eb dh\u00ebnat e p\u00ebrmbledhura shfaqen vizualisht, var\u00ebsisht nga sinjali, dhe ku p\u00ebr to ruhen statistika.<\/p>\n<div id=\"attachment_130563\" style=\"width: 1210px\" class=\"wp-caption aligncenter\"><a href=\"https:\/\/sdk.mk\/wp-content\/uploads\/2020\/11\/collage-pametna-kolicka.jpg\"><img aria-describedby=\"caption-attachment-130563\" loading=\"lazy\" class=\"wp-image-130563 size-full\" src=\"https:\/\/sdk.mk\/wp-content\/uploads\/2020\/11\/collage-pametna-kolicka.jpg\" alt=\"\" width=\"1200\" height=\"1200\" srcset=\"https:\/\/sdk.mk\/wp-content\/uploads\/2020\/11\/collage-pametna-kolicka.jpg 1200w, https:\/\/sdk.mk\/wp-content\/uploads\/2020\/11\/collage-pametna-kolicka-400x400.jpg 400w, https:\/\/sdk.mk\/wp-content\/uploads\/2020\/11\/collage-pametna-kolicka-650x650.jpg 650w, https:\/\/sdk.mk\/wp-content\/uploads\/2020\/11\/collage-pametna-kolicka-250x250.jpg 250w, https:\/\/sdk.mk\/wp-content\/uploads\/2020\/11\/collage-pametna-kolicka-768x768.jpg 768w, https:\/\/sdk.mk\/wp-content\/uploads\/2020\/11\/collage-pametna-kolicka-150x150.jpg 150w, https:\/\/sdk.mk\/wp-content\/uploads\/2020\/11\/collage-pametna-kolicka-50x50.jpg 50w, https:\/\/sdk.mk\/wp-content\/uploads\/2020\/11\/collage-pametna-kolicka-100x100.jpg 100w, https:\/\/sdk.mk\/wp-content\/uploads\/2020\/11\/collage-pametna-kolicka-200x200.jpg 200w, https:\/\/sdk.mk\/wp-content\/uploads\/2020\/11\/collage-pametna-kolicka-300x300.jpg 300w, https:\/\/sdk.mk\/wp-content\/uploads\/2020\/11\/collage-pametna-kolicka-350x350.jpg 350w, https:\/\/sdk.mk\/wp-content\/uploads\/2020\/11\/collage-pametna-kolicka-450x450.jpg 450w, https:\/\/sdk.mk\/wp-content\/uploads\/2020\/11\/collage-pametna-kolicka-500x500.jpg 500w, https:\/\/sdk.mk\/wp-content\/uploads\/2020\/11\/collage-pametna-kolicka-550x550.jpg 550w, https:\/\/sdk.mk\/wp-content\/uploads\/2020\/11\/collage-pametna-kolicka-800x800.jpg 800w\" sizes=\"(max-width: 1200px) 100vw, 1200px\" \/><\/a><p id=\"caption-attachment-130563\" class=\"wp-caption-text\">P\u00ebr \u00e7mimin e vet\u00eb produktit sugjerojn\u00eb q\u00eb mos t\u00eb jet\u00eb m\u00eb shum\u00eb sesa 100 euro. (Foto: Arkivi privat)<\/p><\/div>\n<p>\u201cMeq\u00eb p\u00ebr momentin projekti \u00ebsht\u00eb ve\u00e7 prototip, modeli i karroc\u00ebs p\u00ebr invalid\u00eb \u00ebsht\u00eb model testimi tek i cili do t\u2019i testojm\u00eb dhe do t\u2019i analizojm\u00eb t\u00eb gjith\u00eb k\u00ebto funksionalitete, me q\u00ebllim q\u00eb t\u00eb arrijm\u00eb analiza t\u00eb sigurta dhe parashikime t\u00eb sakta t\u00eb parametrave p\u00ebrmes s\u00eb cilave do ta instalojm\u00eb sistemin ton\u00eb n\u00eb karroc\u00eb tashm\u00eb ekzistuese p\u00ebr invalid\u00eb, q\u00eb m\u00eb tej do t\u00eb b\u00ebhet inteligjente. Kemi krijuar nj\u00eb model p\u00ebr mbajt\u00ebsin e kamer\u00ebs i cili vendoset n\u00eb kok\u00ebn e personit me aft\u00ebsi t\u00eb kufizuara fizike dhe detyra e t\u00eb cilit \u00ebsht\u00eb q\u00eb t\u2019i dalloj\u00eb l\u00ebvizjet e syrit p\u00ebrmes kamer\u00ebs\u201d, na tregoi Llazaroski dhe shtoi q\u00eb \u00e7mimi i vet\u00eb produktit sugjerohet t\u00eb mos jet\u00eb m\u00eb shum\u00eb sesa 100 euro.<\/p>\n<p>\u201cNj\u00eb sfid\u00eb q\u00eb si ekip kemi p\u00ebr ta kujtuar \u00ebsht\u00eb q\u00eb vet\u00eb arrit\u00ebm t\u00eb v\u00ebrtetojm\u00eb \u00e7\u2019do t\u00eb thot\u00eb t\u00eb jesh n\u00eb bashk\u00ebsi me nj\u00eb ekip dhe si t\u00eb organizohemi dhe t\u00eb ndajm\u00eb aktivitete, gjegj\u00ebsisht v\u00ebrtetuam q\u00eb m\u00eb shum\u00eb mendje mendojn\u00eb m\u00eb mir\u00eb. V\u00ebshtir\u00ebsi ishte edhe sigurimi i pjes\u00ebve harduerike q\u00eb jan\u00eb t\u00eb shtrenjta, t\u00eb cilat p\u00ebr t\u2019i mund\u00ebsuar ndoshta do t\u00eb duhej t\u00eb prisnim koh\u00eb m\u00eb t\u00eb mira n\u00eb t\u00eb ardhmen. M\u00ebsuam si t\u00eb gjejm\u00eb njer\u00ebz p\u00ebr bashk\u00ebpunim n\u00eb pun\u00ebt teknike, m\u00ebsuam si k\u00ebrkohen sponzor\u00eb, si udh\u00ebhiqet me financat dhe si planifikohet nj\u00eb buxhet i caktuar. M\u00ebsuam si t\u00eb realizojm\u00eb anket\u00eb t\u00eb suksesshme p\u00ebr mbledhjen e t\u00eb dh\u00ebnave rreth nj\u00eb teme t\u00eb caktuar q\u00eb \u00ebsht\u00eb faktor ky\u00e7 i procesit t\u00eb mbledhjes s\u00eb t\u00eb dh\u00ebnave t\u00eb r\u00ebnd\u00ebsishme rreth nj\u00eb teme. Ne personalisht si ekip deri tani nuk kemi pasur bashk\u00ebpunim aktiv me njer\u00ebz me aft\u00ebsi t\u00eb kufizuara fizike dhe kjo ishte nj\u00eb mund\u00ebsi e shk\u00eblqyer p\u00ebr ta provuar k\u00ebt\u00eb; m\u00ebsuam \u00e7\u2019\u00ebsht\u00eb empatia, \u00e7\u2019do t\u00eb thot\u00eb t\u00eb futesh n\u00eb k\u00ebpuc\u00ebt e tjetrit, m\u00ebsuam si t\u00eb kemi m\u00eb shum\u00eb kuptueshm\u00ebri p\u00ebr personat me aft\u00ebsi t\u00eb kufizuara fizike dhe p\u00ebr problemet e tyre me t\u00eb cilat p\u00ebrballen m\u00eb t\u00eb af\u00ebrmit dhe m\u00eb t\u00eb dashurit e tyre.\u201d, tha ekipi.<\/p>\n<p><em><strong>\u00a0B. NESTOROSKA<\/strong><\/em><\/p>\n\n<div style=\"font-size: 0px; height: 0px; line-height: 0px; margin: 0; padding: 0; clear: both;\"><\/div>","protected":false},"excerpt":{"rendered":"<p>David Llazaroski, Martin Dinev dhe Bllagoj\u00e7e Pavleski jan\u00eb pjes\u00ebtar\u00ebt e ekipit \u201cFrom zero to hero\u201d (Nga zero n\u00eb hero), dizajni [&hellip;]<\/p>\n","protected":false},"author":25,"featured_media":130564,"comment_status":"closed","ping_status":"closed","sticky":false,"template":"","format":"standard","meta":{"_mo_disable_npp":"no","inline_featured_image":false},"categories":[3085],"tags":[],"imageURL":"https:\/\/sdk.mk\/wp-content\/uploads\/2020\/11\/collage-pametna-invalidska-kolicka-2-650x325.jpg","thumbURL":"https:\/\/sdk.mk\/wp-content\/uploads\/2020\/11\/collage-pametna-invalidska-kolicka-2-250x125.jpg","categoryNames":["Histori t\u00eb parr\u00ebfyera"],"feature_caption":"David Llazaroski, Martin Dinev dhe Bllagoj\u00e7e Pavleski thon\u00eb q\u00eb karroca inteligjente \u00ebsht\u00eb zgjidhje p\u00ebr personat q\u00eb kan\u00eb kufizime t\u00eb m\u00ebdha t\u00eb aft\u00ebsive fizike, posa\u00e7\u00ebrisht p\u00ebr ata q\u00eb nuk mund t\u2019i l\u00ebvizin gjymtyr\u00ebt. Gjat\u00eb pun\u00ebs iu ka ndihmuar edhe mikesha e tyre Veronika, person me aft\u00ebsi t\u00eb kufizuara fizike. ","subtitle":"","views":"30","source":"Shkup, (SAKAMDAKAZAM.MK)","yoast_head":"<!-- This site is optimized with the Yoast SEO Premium plugin v15.0 - https:\/\/yoast.com\/wordpress\/plugins\/seo\/ -->\n<title>VERONIKA NA M\u00cbSON P\u00cbR EMPATIN\u00cb \u2013 TRE ADOLESHENT\u00cb SHPIK\u00cbN NJ\u00cb KARROC\u00cb INTELIGJENTE P\u00cbR INVALID\u00cb E CILA L\u00cbVIZ ME AN\u00cb T\u00cb SYVE - \u0421\u0430\u043a\u0430\u043c \u0414\u0430 \u041a\u0430\u0436\u0430\u043c<\/title>\n<meta name=\"robots\" content=\"index, follow, max-snippet:-1, max-image-preview:large, max-video-preview:-1\" \/>\n<link rel=\"canonical\" href=\"https:\/\/sdk.mk\/index.php\/histori-te-parrefyera\/veronika-na-meson-per-empatine-tre-adoleshente-shpiken-nje-karroce-inteligjente-per-invalide-e-cila-leviz-me-ane-te-syve\/\" \/>\n<meta property=\"og:locale\" content=\"mk_MK\" \/>\n<meta property=\"og:type\" content=\"article\" \/>\n<meta property=\"og:title\" content=\"VERONIKA NA M\u00cbSON P\u00cbR EMPATIN\u00cb \u2013 TRE ADOLESHENT\u00cb SHPIK\u00cbN NJ\u00cb KARROC\u00cb INTELIGJENTE P\u00cbR INVALID\u00cb E CILA L\u00cbVIZ ME AN\u00cb T\u00cb SYVE - \u0421\u0430\u043a\u0430\u043c \u0414\u0430 \u041a\u0430\u0436\u0430\u043c\" \/>\n<meta property=\"og:description\" content=\"David Llazaroski, Martin Dinev dhe Bllagoj\u00e7e Pavleski jan\u00eb pjes\u00ebtar\u00ebt e ekipit \u201cFrom zero to hero\u201d (Nga zero n\u00eb hero), dizajni [&hellip;]\" \/>\n<meta property=\"og:url\" content=\"https:\/\/sdk.mk\/index.php\/histori-te-parrefyera\/veronika-na-meson-per-empatine-tre-adoleshente-shpiken-nje-karroce-inteligjente-per-invalide-e-cila-leviz-me-ane-te-syve\/\" \/>\n<meta property=\"og:site_name\" content=\"\u0421\u0430\u043a\u0430\u043c \u0414\u0430 \u041a\u0430\u0436\u0430\u043c\" \/>\n<meta property=\"article:published_time\" content=\"2020-11-13T07:56:23+00:00\" \/>\n<meta property=\"og:image\" content=\"https:\/\/sdk.mk\/wp-content\/uploads\/2020\/11\/collage-pametna-invalidska-kolicka-2.jpg\" \/>\n\t<meta property=\"og:image:width\" content=\"1200\" \/>\n\t<meta property=\"og:image:height\" content=\"600\" \/>\n<meta property=\"fb:app_id\" content=\"2407985809428537\" \/>\n<meta name=\"twitter:card\" content=\"summary\" \/>\n<script type=\"application\/ld+json\" class=\"yoast-schema-graph\">{\"@context\":\"https:\/\/schema.org\",\"@graph\":[{\"@type\":\"WebSite\",\"@id\":\"https:\/\/sdk.mk\/#website\",\"url\":\"https:\/\/sdk.mk\/\",\"name\":\"\\u0421\\u0430\\u043a\\u0430\\u043c \\u0414\\u0430 \\u041a\\u0430\\u0436\\u0430\\u043c\",\"description\":\"\\u0417\\u0430 \\u0441\\u043b\\u043e\\u0431\\u043e\\u0434\\u043e\\u0443\\u043c\\u043d\\u0438\",\"potentialAction\":[{\"@type\":\"SearchAction\",\"target\":\"https:\/\/sdk.mk\/?s={search_term_string}\",\"query-input\":\"required name=search_term_string\"}],\"inLanguage\":\"mk-MK\"},{\"@type\":\"ImageObject\",\"@id\":\"https:\/\/sdk.mk\/index.php\/histori-te-parrefyera\/veronika-na-meson-per-empatine-tre-adoleshente-shpiken-nje-karroce-inteligjente-per-invalide-e-cila-leviz-me-ane-te-syve\/#primaryimage\",\"inLanguage\":\"mk-MK\",\"url\":\"https:\/\/sdk.mk\/wp-content\/uploads\/2020\/11\/collage-pametna-invalidska-kolicka-2.jpg\",\"width\":1200,\"height\":600},{\"@type\":\"WebPage\",\"@id\":\"https:\/\/sdk.mk\/index.php\/histori-te-parrefyera\/veronika-na-meson-per-empatine-tre-adoleshente-shpiken-nje-karroce-inteligjente-per-invalide-e-cila-leviz-me-ane-te-syve\/#webpage\",\"url\":\"https:\/\/sdk.mk\/index.php\/histori-te-parrefyera\/veronika-na-meson-per-empatine-tre-adoleshente-shpiken-nje-karroce-inteligjente-per-invalide-e-cila-leviz-me-ane-te-syve\/\",\"name\":\"VERONIKA NA M\\u00cbSON P\\u00cbR EMPATIN\\u00cb \\u2013 TRE ADOLESHENT\\u00cb SHPIK\\u00cbN NJ\\u00cb KARROC\\u00cb INTELIGJENTE P\\u00cbR INVALID\\u00cb E CILA L\\u00cbVIZ ME AN\\u00cb T\\u00cb SYVE - \\u0421\\u0430\\u043a\\u0430\\u043c \\u0414\\u0430 \\u041a\\u0430\\u0436\\u0430\\u043c\",\"isPartOf\":{\"@id\":\"https:\/\/sdk.mk\/#website\"},\"primaryImageOfPage\":{\"@id\":\"https:\/\/sdk.mk\/index.php\/histori-te-parrefyera\/veronika-na-meson-per-empatine-tre-adoleshente-shpiken-nje-karroce-inteligjente-per-invalide-e-cila-leviz-me-ane-te-syve\/#primaryimage\"},\"datePublished\":\"2020-11-13T07:56:23+00:00\",\"dateModified\":\"2020-11-13T07:56:23+00:00\",\"author\":{\"@id\":\"https:\/\/sdk.mk\/#\/schema\/person\/737021aeacbe893f7e2c347186c5c7a1\"},\"inLanguage\":\"mk-MK\",\"potentialAction\":[{\"@type\":\"ReadAction\",\"target\":[\"https:\/\/sdk.mk\/index.php\/histori-te-parrefyera\/veronika-na-meson-per-empatine-tre-adoleshente-shpiken-nje-karroce-inteligjente-per-invalide-e-cila-leviz-me-ane-te-syve\/\"]}]},{\"@type\":\"Person\",\"@id\":\"https:\/\/sdk.mk\/#\/schema\/person\/737021aeacbe893f7e2c347186c5c7a1\",\"name\":\"\\u0424\\u0458\\u043e\\u043b\\u0430 \\u0417\\u043b\\u0430\\u0442\\u043a\\u0443\"}]}<\/script>\n<!-- \/ Yoast SEO Premium plugin. -->","_links":{"self":[{"href":"https:\/\/sdk.mk\/index.php\/wp-json\/wp\/v2\/posts\/131355"}],"collection":[{"href":"https:\/\/sdk.mk\/index.php\/wp-json\/wp\/v2\/posts"}],"about":[{"href":"https:\/\/sdk.mk\/index.php\/wp-json\/wp\/v2\/types\/post"}],"author":[{"embeddable":true,"href":"https:\/\/sdk.mk\/index.php\/wp-json\/wp\/v2\/users\/25"}],"replies":[{"embeddable":true,"href":"https:\/\/sdk.mk\/index.php\/wp-json\/wp\/v2\/comments?post=131355"}],"version-history":[{"count":0,"href":"https:\/\/sdk.mk\/index.php\/wp-json\/wp\/v2\/posts\/131355\/revisions"}],"wp:featuredmedia":[{"embeddable":true,"href":"https:\/\/sdk.mk\/index.php\/wp-json\/wp\/v2\/media\/130564"}],"wp:attachment":[{"href":"https:\/\/sdk.mk\/index.php\/wp-json\/wp\/v2\/media?parent=131355"}],"wp:term":[{"taxonomy":"category","embeddable":true,"href":"https:\/\/sdk.mk\/index.php\/wp-json\/wp\/v2\/categories?post=131355"},{"taxonomy":"post_tag","embeddable":true,"href":"https:\/\/sdk.mk\/index.php\/wp-json\/wp\/v2\/tags?post=131355"}],"curies":[{"name":"wp","href":"https:\/\/api.w.org\/{rel}","templated":true}]}}