{"id":131358,"date":"2020-11-13T09:07:20","date_gmt":"2020-11-13T08:07:20","guid":{"rendered":"https:\/\/sdk.mk\/?p=131358"},"modified":"2020-11-13T09:07:20","modified_gmt":"2020-11-13T08:07:20","slug":"mjeket-ne-kriva-pallanke-i-dergojne-te-gjithe-ne-kumanove-dhe-ne-shkup-ndersa-45-shtreter-per-paciente-me-kovid-dhe-aparate-per-osigjenim-qendrojne-te-kycur-qe-7-muaj","status":"publish","type":"post","link":"https:\/\/sdk.mk\/index.php\/maqedonia\/mjeket-ne-kriva-pallanke-i-dergojne-te-gjithe-ne-kumanove-dhe-ne-shkup-ndersa-45-shtreter-per-paciente-me-kovid-dhe-aparate-per-osigjenim-qendrojne-te-kycur-qe-7-muaj\/","title":{"rendered":"MJEK\u00cbT N\u00cb KRIVA PALLANK\u00cb I D\u00cbRGOJN\u00cb T\u00cb GJITH\u00cb N\u00cb KUMANOV\u00cb DHE N\u00cb SHKUP, ND\u00cbRSA 45 SHTRET\u00cbR P\u00cbR PACIENT\u00cb ME KOVID DHE APARAT\u00cb P\u00cbR OSIGJENIM Q\u00cbNDROJN\u00cb T\u00cb KY\u00c7UR QE 7 MUAJ"},"content":{"rendered":"<div class=\"f52428582a4b906b2d2e2a7d733c7d27\" data-index=\"7\" style=\"float: none; margin:10px 0 10px 0; text-align:center;\">\n<!-- MSP Ads Asynchronous JS Tag - Generated with Revive Adserver v5.4.1 -->\r\n<ins data-revive-zoneid=\"167\" data-revive-id=\"060fdb01f6430ec164d3519234aa4967\"><\/ins>\r\n<script async src=\"\/\/panel.ads.com.mk\/www\/delivery\/asyncjs.php\"><\/script>\n<\/div>\n<p>Tashm\u00eb prej 7 muajsh reparti i kovidit n\u00eb Qendr\u00ebn sh\u00ebndet\u00ebsore t\u00eb Kriva Pallank\u00ebs \u00ebsht\u00eb i mbyllur e gjer tani aty s\u2019\u00ebsht\u00eb trajtuar asnj\u00eb pacient, edhe pse numri i t\u00eb s\u00ebmur\u00ebve rritet dita-dit\u00ebs. Pacient\u00ebt ankohen q\u00eb mjek\u00ebt i d\u00ebrgojn\u00eb ata n\u00eb klinik\u00ebn infektive ose n\u00eb qendrat p\u00ebr kovid n\u00eb Kumanov\u00eb dhe Shkup, nd\u00ebrsa ata p\u00ebr t\u00eb cil\u00ebt atje s\u2019ka vende, ose q\u00eb kan\u00eb simptoma m\u00eb t\u00eb lehta, sh\u00ebrohen n\u00eb kushte sht\u00ebpiake.<\/p>\n<p>N\u00eb Kriva Pallank\u00eb dhe n\u00eb \u00a0Komun\u00ebn e Rankovc\u00ebs jan\u00eb regjistruat gjithsej 258 t\u00eb s\u00ebmur\u00eb me koronavirus, nd\u00ebr t\u00eb cil\u00ebt 106 persona jan\u00eb aktiv\u00eb, nd\u00ebrsa 12 kan\u00eb nd\u00ebrruar jet\u00eb.<\/p>\n<div id=\"attachment_130219\" style=\"width: 781px\" class=\"wp-caption aligncenter\"><a href=\"https:\/\/sdk.mk\/wp-content\/uploads\/2020\/11\/Kovid-centar-Kriva-Palanka-3.jpg\"><img aria-describedby=\"caption-attachment-130219\" loading=\"lazy\" class=\"wp-image-130219 size-full\" src=\"https:\/\/sdk.mk\/wp-content\/uploads\/2020\/11\/Kovid-centar-Kriva-Palanka-3.jpg\" alt=\"\" width=\"771\" height=\"448\" srcset=\"https:\/\/sdk.mk\/wp-content\/uploads\/2020\/11\/Kovid-centar-Kriva-Palanka-3.jpg 771w, https:\/\/sdk.mk\/wp-content\/uploads\/2020\/11\/Kovid-centar-Kriva-Palanka-3-400x232.jpg 400w, https:\/\/sdk.mk\/wp-content\/uploads\/2020\/11\/Kovid-centar-Kriva-Palanka-3-650x378.jpg 650w, https:\/\/sdk.mk\/wp-content\/uploads\/2020\/11\/Kovid-centar-Kriva-Palanka-3-250x145.jpg 250w, https:\/\/sdk.mk\/wp-content\/uploads\/2020\/11\/Kovid-centar-Kriva-Palanka-3-768x446.jpg 768w, https:\/\/sdk.mk\/wp-content\/uploads\/2020\/11\/Kovid-centar-Kriva-Palanka-3-150x87.jpg 150w, https:\/\/sdk.mk\/wp-content\/uploads\/2020\/11\/Kovid-centar-Kriva-Palanka-3-50x29.jpg 50w, https:\/\/sdk.mk\/wp-content\/uploads\/2020\/11\/Kovid-centar-Kriva-Palanka-3-100x58.jpg 100w, https:\/\/sdk.mk\/wp-content\/uploads\/2020\/11\/Kovid-centar-Kriva-Palanka-3-200x116.jpg 200w, https:\/\/sdk.mk\/wp-content\/uploads\/2020\/11\/Kovid-centar-Kriva-Palanka-3-300x174.jpg 300w, https:\/\/sdk.mk\/wp-content\/uploads\/2020\/11\/Kovid-centar-Kriva-Palanka-3-350x203.jpg 350w, https:\/\/sdk.mk\/wp-content\/uploads\/2020\/11\/Kovid-centar-Kriva-Palanka-3-450x261.jpg 450w, https:\/\/sdk.mk\/wp-content\/uploads\/2020\/11\/Kovid-centar-Kriva-Palanka-3-500x291.jpg 500w, https:\/\/sdk.mk\/wp-content\/uploads\/2020\/11\/Kovid-centar-Kriva-Palanka-3-550x320.jpg 550w\" sizes=\"(max-width: 771px) 100vw, 771px\" \/><\/a><p id=\"caption-attachment-130219\" class=\"wp-caption-text\">Reparti i kovidit n\u00eb Qendr\u00ebn sh\u00ebndet\u00ebsore t\u00eb Kriva Pallank\u00ebs \u00ebsht\u00eb hapur n\u00eb prill, me sip\u00ebrfaqe prej 300 metrash katror\u00eb, me 15 shtret\u00ebr n\u00eb repart dhe 30 shtret\u00ebr t\u00eb tjer\u00eb shtes\u00eb, mir\u00ebpo q\u00eb at\u00ebher\u00eb reparti s\u2019ka par\u00eb asnj\u00eb pacient. (Foto: Komuna e Kriva Pallank\u00ebs)<\/p><\/div>\n<p>Gjat\u00eb fillimit t\u00eb kriz\u00ebs sh\u00ebndet\u00ebsore n\u00eb Qendr\u00ebn sh\u00ebndet\u00ebsore t\u00eb Kriva Pallank\u00ebs, n\u00eb p\u00ebrputhje me udh\u00ebzimet e Ministris\u00eb s\u00eb Sh\u00ebndet\u00ebsis\u00eb, u hap reparti p\u00ebr pranim dhe kurim t\u00eb t\u00eb prekurve nga kovid-19 dhe jan\u00eb dhuruar disa pajisje p\u00ebr oksigjenim, mir\u00ebpo gjer tani ky repart ende nuk \u00ebsht\u00eb v\u00ebn\u00eb n\u00eb funksion. Me 3 prill, kryebashkiaku i Komun\u00ebs s\u00eb Kriva Pallank\u00ebs, Borjan\u00e7o Micevski e vizitoi qendr\u00ebn sh\u00ebndet\u00ebsore t\u00eb qytetit, me \u00e7rast s\u00eb bashku me dr. Branko Stamenkovski b\u00ebn\u00eb kontroll t\u00eb repartit t\u00eb sapopajisur p\u00ebr pranimin e pacient\u00ebve me kovid-19.<\/p>\n<p>Pacient\u00ebt nga Kriva Pallanka q\u00eb arrijn\u00eb n\u00eb Kumanov\u00eb dhe Shkup ankohen q\u00eb n\u00eb Kriva Pallank\u00eb nuk marrin asnj\u00eb sh\u00ebrbim mjek\u00ebsor n\u00eb lidhje me kovid-19.<\/p>\n<p>\u201cEdhe pse i kemi t\u00eb gjitha simptomat e kovid-19, si bronkopneumoni dhe frym\u00ebmarrje t\u00eb r\u00ebnduar, n\u00eb qendrat e kovidit n\u00eb Shkup dhe Kumanov\u00eb nuk na pranojn\u00eb derisa s\u2019jemi t\u00eb testuar dhe t\u00eb jemi konfirmuar si raste pozitive. Nd\u00ebrsa, n\u00eb Kriva Pallank\u00eb nuk merren tampon\u00eb p\u00ebr testin PCR, madje as mjek\u00ebt tan\u00eb am\u00eb s\u2019din\u00eb \u00e7\u2019t\u00eb b\u00ebjn\u00eb, jan\u00eb t\u00eb pafuqish\u00ebm. Nuk na marrin n\u00ebn p\u00ebrkujdesje as n\u00eb spitalin e qytetit, po na d\u00ebrgojn\u00eb n\u00eb sht\u00ebpi ose p\u00ebrmes ndihm\u00ebs s\u00eb shpejt\u00eb na i japin terapit\u00eb e shkruara. Ve\u00e7 kur gjendja p\u00ebrkeq\u00ebsohet shum\u00eb na transportojn\u00eb n\u00eb klinik\u00ebn infektive, por fatkeq\u00ebsisht, disa her\u00eb \u00ebsht\u00eb shum\u00eb von\u00eb. Trajtim n\u00eb koh\u00eb b\u00ebhet ve\u00e7 p\u00ebr ata q\u00eb urgjentisht arrijn\u00eb n\u00eb spitalet n\u00eb Kumanov\u00eb apo n\u00eb spitalin \u201c8 Shtatori\u201d dhe klinik\u00ebn infektive n\u00eb Shkup\u201d, tregojn\u00eb pacient\u00ebt q\u00eb kontaktuan me redaksin\u00eb e SAKAMDAKAZHAM.MK.<\/p>\n<div id=\"attachment_130218\" style=\"width: 768px\" class=\"wp-caption aligncenter\"><a href=\"https:\/\/sdk.mk\/wp-content\/uploads\/2020\/11\/Kovid-centar-Kriva-Palanka-1.jpg\"><img aria-describedby=\"caption-attachment-130218\" loading=\"lazy\" class=\"wp-image-130218 size-full\" src=\"https:\/\/sdk.mk\/wp-content\/uploads\/2020\/11\/Kovid-centar-Kriva-Palanka-1.jpg\" alt=\"\" width=\"758\" height=\"497\" srcset=\"https:\/\/sdk.mk\/wp-content\/uploads\/2020\/11\/Kovid-centar-Kriva-Palanka-1.jpg 758w, https:\/\/sdk.mk\/wp-content\/uploads\/2020\/11\/Kovid-centar-Kriva-Palanka-1-400x262.jpg 400w, https:\/\/sdk.mk\/wp-content\/uploads\/2020\/11\/Kovid-centar-Kriva-Palanka-1-650x426.jpg 650w, https:\/\/sdk.mk\/wp-content\/uploads\/2020\/11\/Kovid-centar-Kriva-Palanka-1-250x164.jpg 250w, https:\/\/sdk.mk\/wp-content\/uploads\/2020\/11\/Kovid-centar-Kriva-Palanka-1-150x98.jpg 150w, https:\/\/sdk.mk\/wp-content\/uploads\/2020\/11\/Kovid-centar-Kriva-Palanka-1-50x33.jpg 50w, https:\/\/sdk.mk\/wp-content\/uploads\/2020\/11\/Kovid-centar-Kriva-Palanka-1-100x66.jpg 100w, https:\/\/sdk.mk\/wp-content\/uploads\/2020\/11\/Kovid-centar-Kriva-Palanka-1-200x131.jpg 200w, https:\/\/sdk.mk\/wp-content\/uploads\/2020\/11\/Kovid-centar-Kriva-Palanka-1-300x197.jpg 300w, https:\/\/sdk.mk\/wp-content\/uploads\/2020\/11\/Kovid-centar-Kriva-Palanka-1-350x229.jpg 350w, https:\/\/sdk.mk\/wp-content\/uploads\/2020\/11\/Kovid-centar-Kriva-Palanka-1-450x295.jpg 450w, https:\/\/sdk.mk\/wp-content\/uploads\/2020\/11\/Kovid-centar-Kriva-Palanka-1-500x328.jpg 500w, https:\/\/sdk.mk\/wp-content\/uploads\/2020\/11\/Kovid-centar-Kriva-Palanka-1-550x361.jpg 550w\" sizes=\"(max-width: 758px) 100vw, 758px\" \/><\/a><p id=\"caption-attachment-130218\" class=\"wp-caption-text\">Drejtori i qendr\u00ebs sh\u00ebndet\u00ebsore n\u00eb Kriva Pallank\u00eb, dr. Branko Stamenkovski, kirurg, ia tregon kryebashkiakut Borjan\u00e7o Micevski aparatet e reja p\u00ebr frym\u00ebmarrje n\u00eb repartin e kovidit. (Foto: Komuna e Kriva Pallank\u00ebs)<\/p><\/div>\n<p>Pacient\u00ebt tregojn\u00eb q\u00eb qendra sh\u00ebndet\u00ebsore n\u00eb Kriva Pallank\u00eb ka tre reparte t\u00eb ndryshme: t\u00eb kirurgjis\u00eb, t\u00eb mjek\u00ebsis\u00eb interne dhe t\u00eb neurologjis\u00eb, megjithat\u00eb edhe ata jan\u00eb t\u00eb zbrazur pasi nuk pranohen pacient\u00eb.<\/p>\n<p>Drejtori i qendr\u00ebs sh\u00ebndet\u00ebsore, dr. Branko Stamenkovski refuzoi t\u2019iu p\u00ebrgjigjej p\u00ebrmes telefonit\u00a0 pyetjeve t\u00eb SAKAMDAKAZHAM.MK rreth repartit t\u00eb kovidit dhe k\u00ebrkoi q\u00eb pyetjet t\u2019ia d\u00ebrgojm\u00eb p\u00ebrmes post\u00ebs elektronike. Mir\u00ebpo, edhe pse i d\u00ebrguam pyetjet, ende nuk kemi p\u00ebrgjigje nga drejtori Stamenkovski.<\/p>\n<div id=\"attachment_130220\" style=\"width: 786px\" class=\"wp-caption aligncenter\"><a href=\"https:\/\/sdk.mk\/wp-content\/uploads\/2020\/11\/Kovid-centar-Kriva-Palanka-4.jpg\"><img aria-describedby=\"caption-attachment-130220\" loading=\"lazy\" class=\"wp-image-130220 size-full\" src=\"https:\/\/sdk.mk\/wp-content\/uploads\/2020\/11\/Kovid-centar-Kriva-Palanka-4.jpg\" alt=\"\" width=\"776\" height=\"462\" srcset=\"https:\/\/sdk.mk\/wp-content\/uploads\/2020\/11\/Kovid-centar-Kriva-Palanka-4.jpg 776w, https:\/\/sdk.mk\/wp-content\/uploads\/2020\/11\/Kovid-centar-Kriva-Palanka-4-400x238.jpg 400w, https:\/\/sdk.mk\/wp-content\/uploads\/2020\/11\/Kovid-centar-Kriva-Palanka-4-650x387.jpg 650w, https:\/\/sdk.mk\/wp-content\/uploads\/2020\/11\/Kovid-centar-Kriva-Palanka-4-250x149.jpg 250w, https:\/\/sdk.mk\/wp-content\/uploads\/2020\/11\/Kovid-centar-Kriva-Palanka-4-768x457.jpg 768w, https:\/\/sdk.mk\/wp-content\/uploads\/2020\/11\/Kovid-centar-Kriva-Palanka-4-150x89.jpg 150w, https:\/\/sdk.mk\/wp-content\/uploads\/2020\/11\/Kovid-centar-Kriva-Palanka-4-50x30.jpg 50w, https:\/\/sdk.mk\/wp-content\/uploads\/2020\/11\/Kovid-centar-Kriva-Palanka-4-100x60.jpg 100w, https:\/\/sdk.mk\/wp-content\/uploads\/2020\/11\/Kovid-centar-Kriva-Palanka-4-200x119.jpg 200w, https:\/\/sdk.mk\/wp-content\/uploads\/2020\/11\/Kovid-centar-Kriva-Palanka-4-300x179.jpg 300w, https:\/\/sdk.mk\/wp-content\/uploads\/2020\/11\/Kovid-centar-Kriva-Palanka-4-350x208.jpg 350w, https:\/\/sdk.mk\/wp-content\/uploads\/2020\/11\/Kovid-centar-Kriva-Palanka-4-450x268.jpg 450w, https:\/\/sdk.mk\/wp-content\/uploads\/2020\/11\/Kovid-centar-Kriva-Palanka-4-500x298.jpg 500w, https:\/\/sdk.mk\/wp-content\/uploads\/2020\/11\/Kovid-centar-Kriva-Palanka-4-550x327.jpg 550w\" sizes=\"(max-width: 776px) 100vw, 776px\" \/><\/a><p id=\"caption-attachment-130220\" class=\"wp-caption-text\"><em>Disa biznesmen\u00eb lokal\u00eb kan\u00eb dhuruar pes\u00eb pajisje p\u00ebr terapi me oksigjen p\u00ebr repartin e kovidit , t\u00eb ashtuquajtura koncentrator\u00eb oksigjenik\u00eb, me t\u00eb cilat mund t\u00eb mb\u00ebshteten nga dy pacient\u00eb. (Foto: Komuna e Kriva Pallank\u00ebs)<\/em><\/p><\/div>\n<p>Pyetjes s\u00eb SAKAMDAKAZHAM.MK se p\u00ebrse prej shtat\u00eb muajsh nuk punon reparti i kovidit n\u00eb qendr\u00ebn sh\u00ebndet\u00ebsore t\u00eb Kriva Pallank\u00ebs, nga Ministria e Sh\u00ebndet\u00ebsis\u00eb iu p\u00ebrgjigj\u00ebn se \u201cReparte t\u00eb kovidit n\u00eb qendrat sh\u00ebndet\u00ebsore nuk ekzistojn\u00eb pasi ata nuk mund t\u2019i p\u00ebrmbushin nevojat e hospitalizimit p\u00ebr pacient\u00ebt.\u201d<\/p>\n<p>\u201cReparte t\u00eb kovidit ka n\u00eb spitale dhe klinika. Konkretisht n\u00eb Kriva Pallank\u00eb, pacient\u00ebt kurohen n\u00eb spitalet e Kumanov\u00ebs dhe Shkupit. Forma e leht\u00eb e s\u00ebmundjes mund t\u00eb kurohet n\u00eb rrethana sht\u00ebpiake n\u00ebn mbikqyrjen e mjekut am\u00eb. Mir\u00ebpo \u00ebsht\u00eb shum\u00eb e r\u00ebnd\u00ebsishme q\u00eb qytetar\u00ebt, me rekomandim t\u00eb mjekut am\u00eb, t\u00eb paraqiten n\u00eb spital n\u00eb rast t\u00eb p\u00ebrkeq\u00ebsimit m\u00eb t\u00eb vog\u00ebl q\u00eb mund t\u00eb paraqitet\u201d, lajm\u00ebrojn\u00eb nga Ministria.<\/p>\n<p>Mir\u00ebpo n\u00eb ueb-faqen e Komun\u00ebs s\u00eb Kriva Pallank\u00ebs ende ekziston tekst p\u00ebr vizit\u00ebn e kryebashkiakut n\u00eb qendr\u00ebn sh\u00ebndet\u00ebsore m\u00eb 3 prill, ku thuhet q\u00eb, n\u00eb p\u00ebrputhje me udh\u00ebzimet e Ministris\u00eb s\u00eb Sh\u00ebndet\u00ebsis\u00eb, \u00ebsht\u00eb nd\u00ebrtuar dhe pajisur repart mjek\u00ebsor p\u00ebr pranimin dhe sh\u00ebrimin e t\u00eb s\u00ebmur\u00ebve me kovid-19, p\u00ebr pacient\u00eb t\u00eb mundsh\u00ebm dhe personel mjek\u00ebsor dhe ndihm\u00ebs, me sip\u00ebrfaqe prej 300 metrash katror\u00eb, me 15 shtret\u00ebr n\u00eb repart; dhe q\u00eb qendra sh\u00ebndet\u00ebsore ka personel mjek\u00ebsor t\u00eb specializuar dhe me eksperienc\u00eb, q\u00eb gjithmon\u00eb jan\u00eb t\u00eb gatsh\u00ebm t\u00eb kryejn\u00eb sh\u00ebrbime t\u00eb shk\u00eblqyera mjek\u00ebsore p\u00ebr t\u00eb gjith\u00eb pacient\u00ebt. Poashtu thuhet q\u00eb jan\u00eb v\u00ebn\u00eb n\u00eb sh\u00ebrbim edhe hap\u00ebsira shtes\u00eb mjek\u00ebsore si dhe 30 shtret\u00ebr t\u00eb tjer\u00eb. Disa biznesmen\u00eb lokal\u00eb kan\u00eb dhuruar pes\u00eb pajisje p\u00ebr terapi me oksigjen p\u00ebr repartin e kovidit, t\u00eb ashtuquajtura koncentrator\u00eb oksigjenik\u00eb, me t\u00eb cilat mund t\u00eb mb\u00ebshteten dy pacient\u00eb.<\/p>\n<p>\u201cN\u00eb k\u00ebto \u00e7aste krize bot\u00ebrore sh\u00ebndet\u00ebsie, t\u00eb gjith\u00eb aktivisht dhe bashk\u00ebrisht p\u00ebrpiqemi t\u00eb gjejm\u00eb trajtime p\u00ebr pacient\u00ebt potencial\u00eb dhe qasje t\u00eb drejt\u00eb p\u00ebr p\u00ebrmbushjen e nevojave p\u00ebr parandalim dhe sh\u00ebndet n\u00eb bashk\u00ebsin\u00eb lokale\u201d, deklaroi drejtori i at\u00ebhersh\u00ebm i qendr\u00ebs sh\u00ebndet\u00ebsore, dr. Branko Stamenkovski, i cili \u00ebsht\u00eb kirurg.<\/p>\n<p>Por n\u00eb krahasim me deklaratat e at\u00ebhershme rreth p\u00ebrkushtimit ndaj pacient\u00ebve, tani p\u00ebr t\u00eb prekurit nga kovidi n\u00eb Kriva Pallank\u00eb p\u00ebrkujdesen ve\u00e7 disa infermir\u00eb nga Ndihma e shpejt\u00eb mjek\u00ebsore, q\u00eb pa shoq\u00ebrin\u00eb e mjekut shkojn\u00eb n\u00ebp\u00ebr sht\u00ebpit\u00eb e t\u00eb s\u00ebmur\u00ebve p\u00ebr t\u2019iu dh\u00ebn\u00eb infuzione ose p\u00ebr t\u2019i kryer terapit\u00eb e caktuara, q\u00eb si rregull duhet t\u00eb kryhen ve\u00e7 n\u00eb kushte spitalore. Ata nj\u00ebkoh\u00ebsisht kujdesen p\u00ebr rastet emergjente, p\u00ebr p\u00ebrkujdesjen e t\u00eb prekurve nga s\u00ebmundje t\u00eb tjera, si edhe transportin e tyre gjer n\u00eb hap\u00ebsirat mjek\u00ebsore n\u00eb Kumanov\u00eb dhe Shkup, rrethana q\u00eb kan\u00eb \u00e7uar deri n\u00eb kalimin e kufijve t\u00eb durimit t\u00eb tyre.<\/p>\n<p>Koleg\u00ebt e spitalit t\u00eb Kumanov\u00ebs jan\u00eb ankuar p\u00ebr sjelljen e udh\u00ebheq\u00ebsis\u00eb s\u00eb spitalit t\u00eb Kriva Pallank\u00ebs. Ata thon\u00eb q\u00eb t\u00eb gjith\u00eb pacient\u00ebt nga Kriva Pallanka d\u00ebrgohen te ta pa ia b\u00ebr\u00eb kontrollat e detajuara, analizat laboratorike dhe in\u00e7izimet rentgen t\u00eb mushk\u00ebrive edhe pse din\u00eb q\u00eb kapacitetet e tyre jan\u00eb t\u00eb mbushura, n\u00eb vend q\u00eb p\u00ebr rastet m\u00eb t\u00eb lehta t\u00eb p\u00ebrkujdesen n\u00eb spitalin e Kriva Pallank\u00ebs.<\/p>\n<p>Drejtoresha e Spitalit t\u00eb p\u00ebrgjithsh\u00ebm t\u00eb Kumanov\u00ebs, Snezhana Zaharieva, thot\u00eb q\u00eb problemin e deklaroi edhe n\u00eb takimin e saj me ministrin Venko Filip\u00e7e dhe kryetarin e Komisionit t\u00eb s\u00ebmundjeve ngjit\u00ebse, ku k\u00ebrkoi q\u00eb internist\u00ebt nga Kriva Pallanka t\u2019iu vin\u00eb n\u00eb ndihm\u00eb, pasi personeli i tyre nuk \u00ebsht\u00eb i mjaftuesh\u00ebm p\u00ebr p\u00ebrkujdesjen e nj\u00eb numri kaq t\u00eb lart\u00eb pacient\u00ebsh nga rajoni verilindor.<\/p>\n<p>\u201cEdhe ata kan\u00eb qend\u00ebr t\u00eb kovidit, p\u00ebrse mos t\u2019i hospitalizojn\u00eb pacient\u00ebt dhe t\u2019i mbikqyrin internist\u00ebt? Edhe te ne t\u00eb gjith\u00eb internist\u00ebt sh\u00ebrbejn\u00eb n\u00eb repartin e ri \u2013 Infektivi 2, e p\u00ebrve\u00e7 k\u00ebsaj do t\u00eb q\u00ebndrojn\u00eb edhe roje bashk\u00eb me doktor\u00ebt e p\u00ebrgjithsh\u00ebm t\u00eb qendr\u00ebs s\u00eb urgjenc\u00ebs. Kur i gjith\u00eb shteti \u00ebsht\u00eb duke u mobilizuar, edhe mjek\u00eb nga Shkupi shkojn\u00eb n\u00eb Strumic\u00eb p\u00ebr t\u2019iu ndihmuar, do t\u00eb thot\u00eb q\u00eb edhe mjek\u00ebt nga Kriva Pallanka duhet ta japin mundin e tyre n\u00eb situat\u00ebn e porsalindur.\u201d \u2013 thot\u00eb Zaharieva.<\/p>\n<p><strong><em>B. NESTOROSKA\u00a0<\/em><\/strong><\/p>\n\n<div style=\"font-size: 0px; height: 0px; line-height: 0px; margin: 0; padding: 0; clear: both;\"><\/div>","protected":false},"excerpt":{"rendered":"<p>Tashm\u00eb prej 7 muajsh reparti i kovidit n\u00eb Qendr\u00ebn sh\u00ebndet\u00ebsore t\u00eb Kriva Pallank\u00ebs \u00ebsht\u00eb i mbyllur e gjer tani aty [&hellip;]<\/p>\n","protected":false},"author":25,"featured_media":130221,"comment_status":"closed","ping_status":"closed","sticky":false,"template":"","format":"standard","meta":{"_mo_disable_npp":"no","inline_featured_image":false},"categories":[3087],"tags":[],"imageURL":"https:\/\/sdk.mk\/wp-content\/uploads\/2020\/11\/Kovid-centar-Kriva-Palanka-650x327.jpg","thumbURL":"https:\/\/sdk.mk\/wp-content\/uploads\/2020\/11\/Kovid-centar-Kriva-Palanka-250x126.jpg","categoryNames":["Maqedonia"],"feature_caption":"Me 3 prill, kryetari i Komun\u00ebs s\u00eb Kriva Pallank\u00ebs, Borjan\u00e7o Micevski e vizitoi qendr\u00ebn sh\u00ebndet\u00ebsore t\u00eb qytetit, me \u00e7rast s\u00eb bashku me dr. Branko Stamenkovskin b\u00ebn\u00eb kontroll t\u00eb repartit t\u00eb sapopajisur p\u00ebr pranimin e pacient\u00ebve me kovid-19. Repartit i kovidit q\u00eb at\u00ebher\u00eb \u00ebsht\u00eb i mbyllur. (Foto: Komuna e Kriva Pallank\u00ebs)","subtitle":"","views":"20","source":"(Kriva Pallank\u00eb, SAKAMDAKAZAM.MK) ","yoast_head":"<!-- This site is optimized with the Yoast SEO Premium plugin v15.0 - https:\/\/yoast.com\/wordpress\/plugins\/seo\/ -->\n<title>MJEK\u00cbT N\u00cb KRIVA PALLANK\u00cb I D\u00cbRGOJN\u00cb T\u00cb GJITH\u00cb N\u00cb KUMANOV\u00cb DHE N\u00cb SHKUP, ND\u00cbRSA 45 SHTRET\u00cbR P\u00cbR PACIENT\u00cb ME KOVID DHE APARAT\u00cb P\u00cbR OSIGJENIM Q\u00cbNDROJN\u00cb T\u00cb KY\u00c7UR QE 7 MUAJ - \u0421\u0430\u043a\u0430\u043c \u0414\u0430 \u041a\u0430\u0436\u0430\u043c<\/title>\n<meta name=\"robots\" content=\"index, follow, max-snippet:-1, max-image-preview:large, max-video-preview:-1\" \/>\n<link rel=\"canonical\" href=\"https:\/\/sdk.mk\/index.php\/maqedonia\/mjeket-ne-kriva-pallanke-i-dergojne-te-gjithe-ne-kumanove-dhe-ne-shkup-ndersa-45-shtreter-per-paciente-me-kovid-dhe-aparate-per-osigjenim-qendrojne-te-kycur-qe-7-muaj\/\" \/>\n<meta property=\"og:locale\" content=\"mk_MK\" \/>\n<meta property=\"og:type\" content=\"article\" \/>\n<meta property=\"og:title\" content=\"MJEK\u00cbT N\u00cb KRIVA PALLANK\u00cb I D\u00cbRGOJN\u00cb T\u00cb GJITH\u00cb N\u00cb KUMANOV\u00cb DHE N\u00cb SHKUP, ND\u00cbRSA 45 SHTRET\u00cbR P\u00cbR PACIENT\u00cb ME KOVID DHE APARAT\u00cb P\u00cbR OSIGJENIM Q\u00cbNDROJN\u00cb T\u00cb KY\u00c7UR QE 7 MUAJ - \u0421\u0430\u043a\u0430\u043c \u0414\u0430 \u041a\u0430\u0436\u0430\u043c\" \/>\n<meta property=\"og:description\" content=\"Tashm\u00eb prej 7 muajsh reparti i kovidit n\u00eb Qendr\u00ebn sh\u00ebndet\u00ebsore t\u00eb Kriva Pallank\u00ebs \u00ebsht\u00eb i mbyllur e gjer tani aty [&hellip;]\" \/>\n<meta property=\"og:url\" content=\"https:\/\/sdk.mk\/index.php\/maqedonia\/mjeket-ne-kriva-pallanke-i-dergojne-te-gjithe-ne-kumanove-dhe-ne-shkup-ndersa-45-shtreter-per-paciente-me-kovid-dhe-aparate-per-osigjenim-qendrojne-te-kycur-qe-7-muaj\/\" \/>\n<meta property=\"og:site_name\" content=\"\u0421\u0430\u043a\u0430\u043c \u0414\u0430 \u041a\u0430\u0436\u0430\u043c\" \/>\n<meta property=\"article:published_time\" content=\"2020-11-13T08:07:20+00:00\" \/>\n<meta property=\"og:image\" content=\"https:\/\/sdk.mk\/wp-content\/uploads\/2020\/11\/Kovid-centar-Kriva-Palanka.jpg\" \/>\n\t<meta property=\"og:image:width\" content=\"770\" \/>\n\t<meta property=\"og:image:height\" content=\"387\" \/>\n<meta property=\"fb:app_id\" content=\"2407985809428537\" \/>\n<meta name=\"twitter:card\" content=\"summary\" \/>\n<script type=\"application\/ld+json\" class=\"yoast-schema-graph\">{\"@context\":\"https:\/\/schema.org\",\"@graph\":[{\"@type\":\"WebSite\",\"@id\":\"https:\/\/sdk.mk\/#website\",\"url\":\"https:\/\/sdk.mk\/\",\"name\":\"\\u0421\\u0430\\u043a\\u0430\\u043c \\u0414\\u0430 \\u041a\\u0430\\u0436\\u0430\\u043c\",\"description\":\"\\u0417\\u0430 \\u0441\\u043b\\u043e\\u0431\\u043e\\u0434\\u043e\\u0443\\u043c\\u043d\\u0438\",\"potentialAction\":[{\"@type\":\"SearchAction\",\"target\":\"https:\/\/sdk.mk\/?s={search_term_string}\",\"query-input\":\"required name=search_term_string\"}],\"inLanguage\":\"mk-MK\"},{\"@type\":\"ImageObject\",\"@id\":\"https:\/\/sdk.mk\/index.php\/maqedonia\/mjeket-ne-kriva-pallanke-i-dergojne-te-gjithe-ne-kumanove-dhe-ne-shkup-ndersa-45-shtreter-per-paciente-me-kovid-dhe-aparate-per-osigjenim-qendrojne-te-kycur-qe-7-muaj\/#primaryimage\",\"inLanguage\":\"mk-MK\",\"url\":\"https:\/\/sdk.mk\/wp-content\/uploads\/2020\/11\/Kovid-centar-Kriva-Palanka.jpg\",\"width\":770,\"height\":387},{\"@type\":\"WebPage\",\"@id\":\"https:\/\/sdk.mk\/index.php\/maqedonia\/mjeket-ne-kriva-pallanke-i-dergojne-te-gjithe-ne-kumanove-dhe-ne-shkup-ndersa-45-shtreter-per-paciente-me-kovid-dhe-aparate-per-osigjenim-qendrojne-te-kycur-qe-7-muaj\/#webpage\",\"url\":\"https:\/\/sdk.mk\/index.php\/maqedonia\/mjeket-ne-kriva-pallanke-i-dergojne-te-gjithe-ne-kumanove-dhe-ne-shkup-ndersa-45-shtreter-per-paciente-me-kovid-dhe-aparate-per-osigjenim-qendrojne-te-kycur-qe-7-muaj\/\",\"name\":\"MJEK\\u00cbT N\\u00cb KRIVA PALLANK\\u00cb I D\\u00cbRGOJN\\u00cb T\\u00cb GJITH\\u00cb N\\u00cb KUMANOV\\u00cb DHE N\\u00cb SHKUP, ND\\u00cbRSA 45 SHTRET\\u00cbR P\\u00cbR PACIENT\\u00cb ME KOVID DHE APARAT\\u00cb P\\u00cbR OSIGJENIM Q\\u00cbNDROJN\\u00cb T\\u00cb KY\\u00c7UR QE 7 MUAJ - \\u0421\\u0430\\u043a\\u0430\\u043c \\u0414\\u0430 \\u041a\\u0430\\u0436\\u0430\\u043c\",\"isPartOf\":{\"@id\":\"https:\/\/sdk.mk\/#website\"},\"primaryImageOfPage\":{\"@id\":\"https:\/\/sdk.mk\/index.php\/maqedonia\/mjeket-ne-kriva-pallanke-i-dergojne-te-gjithe-ne-kumanove-dhe-ne-shkup-ndersa-45-shtreter-per-paciente-me-kovid-dhe-aparate-per-osigjenim-qendrojne-te-kycur-qe-7-muaj\/#primaryimage\"},\"datePublished\":\"2020-11-13T08:07:20+00:00\",\"dateModified\":\"2020-11-13T08:07:20+00:00\",\"author\":{\"@id\":\"https:\/\/sdk.mk\/#\/schema\/person\/737021aeacbe893f7e2c347186c5c7a1\"},\"inLanguage\":\"mk-MK\",\"potentialAction\":[{\"@type\":\"ReadAction\",\"target\":[\"https:\/\/sdk.mk\/index.php\/maqedonia\/mjeket-ne-kriva-pallanke-i-dergojne-te-gjithe-ne-kumanove-dhe-ne-shkup-ndersa-45-shtreter-per-paciente-me-kovid-dhe-aparate-per-osigjenim-qendrojne-te-kycur-qe-7-muaj\/\"]}]},{\"@type\":\"Person\",\"@id\":\"https:\/\/sdk.mk\/#\/schema\/person\/737021aeacbe893f7e2c347186c5c7a1\",\"name\":\"\\u0424\\u0458\\u043e\\u043b\\u0430 \\u0417\\u043b\\u0430\\u0442\\u043a\\u0443\"}]}<\/script>\n<!-- \/ Yoast SEO Premium plugin. -->","_links":{"self":[{"href":"https:\/\/sdk.mk\/index.php\/wp-json\/wp\/v2\/posts\/131358"}],"collection":[{"href":"https:\/\/sdk.mk\/index.php\/wp-json\/wp\/v2\/posts"}],"about":[{"href":"https:\/\/sdk.mk\/index.php\/wp-json\/wp\/v2\/types\/post"}],"author":[{"embeddable":true,"href":"https:\/\/sdk.mk\/index.php\/wp-json\/wp\/v2\/users\/25"}],"replies":[{"embeddable":true,"href":"https:\/\/sdk.mk\/index.php\/wp-json\/wp\/v2\/comments?post=131358"}],"version-history":[{"count":0,"href":"https:\/\/sdk.mk\/index.php\/wp-json\/wp\/v2\/posts\/131358\/revisions"}],"wp:featuredmedia":[{"embeddable":true,"href":"https:\/\/sdk.mk\/index.php\/wp-json\/wp\/v2\/media\/130221"}],"wp:attachment":[{"href":"https:\/\/sdk.mk\/index.php\/wp-json\/wp\/v2\/media?parent=131358"}],"wp:term":[{"taxonomy":"category","embeddable":true,"href":"https:\/\/sdk.mk\/index.php\/wp-json\/wp\/v2\/categories?post=131358"},{"taxonomy":"post_tag","embeddable":true,"href":"https:\/\/sdk.mk\/index.php\/wp-json\/wp\/v2\/tags?post=131358"}],"curies":[{"name":"wp","href":"https:\/\/api.w.org\/{rel}","templated":true}]}}