{"id":131368,"date":"2020-11-13T09:25:46","date_gmt":"2020-11-13T08:25:46","guid":{"rendered":"https:\/\/sdk.mk\/?p=131368"},"modified":"2020-11-13T09:33:33","modified_gmt":"2020-11-13T08:33:33","slug":"komisioni-evropian-i-kerkon-maqedonise-ngrirje-dhe-konfiskim-te-prones-dhe-pasurise-te-fituar-me-ane-te-krimit","status":"publish","type":"post","link":"https:\/\/sdk.mk\/index.php\/maqedonia\/komisioni-evropian-i-kerkon-maqedonise-ngrirje-dhe-konfiskim-te-prones-dhe-pasurise-te-fituar-me-ane-te-krimit\/","title":{"rendered":"KOMISIONI EVROPIAN I K\u00cbRKON MAQEDONIS\u00cb NGRIRJE DHE KONFISKIM T\u00cb PRON\u00cbS DHE PASURIS\u00cb T\u00cb FITUAR ME AN\u00cb T\u00cb KRIMIT"},"content":{"rendered":"<div class=\"f52428582a4b906b2d2e2a7d733c7d27\" data-index=\"7\" style=\"float: none; margin:10px 0 10px 0; text-align:center;\">\n<!-- MSP Ads Asynchronous JS Tag - Generated with Revive Adserver v5.4.1 -->\r\n<ins data-revive-zoneid=\"167\" data-revive-id=\"060fdb01f6430ec164d3519234aa4967\"><\/ins>\r\n<script async src=\"\/\/panel.ads.com.mk\/www\/delivery\/asyncjs.php\"><\/script>\n<\/div>\n<p>Konfiskimi i pron\u00ebs s\u00eb fituar me an\u00eb t\u00eb krimit dhe korrupsionit duhet t\u00eb b\u00ebhet prioritet strategjik n\u00eb luft\u00ebn kund\u00ebr krimit t\u00eb organizuar, terrorizmit dhe korrupsionit n\u00eb nivel t\u00eb lart\u00eb, k\u00ebrkon Komisioni Evropian n\u00eb Raportin p\u00ebr p\u00ebrparimin e shtetit ton\u00eb. P\u00ebrve\u00e7 konfiskimit t\u00eb 17 milion\u00eb eurove nga biznesmeni me d\u00ebnim p\u00ebrfundimtar Sead Ko\u00e7an, nuk ka tjet\u00ebr konfiskim me aktgjykim t\u00eb gjykat\u00ebs p\u00ebr mjete t\u00eb fituara n\u00eb m\u00ebnyr\u00eb joligjore.<\/p>\n<p>P\u00ebrve\u00e7 rastit \u201cTalir\u201d p\u00ebr financim t\u00eb partis\u00eb VMRO-DPMNE me an\u00eb t\u00eb shp\u00ebrlarjes s\u00eb parave, momentarilisht nuk ka ndonj\u00eb procedur\u00eb tjet\u00ebr gjyq\u00ebsore ku t\u00eb jet\u00eb ngrir\u00eb prona e pal\u00ebvizshme.<\/p>\n<p>Prokuror\u00ebt tan\u00eb praktikojn\u00eb q\u00eb t\u00eb konfiskojn\u00eb vet\u00ebm mjetet e paligjshme (si droga, vetura, mekanizma, kamion\u00eb, pistoleta, municion, ushqim etj) t\u00eb cilat i kan\u00eb z\u00ebn\u00eb gjat\u00eb kryerjes s\u00eb vepr\u00ebs penale, por jo edhe sht\u00ebpi, pallate, parcela, hotele, firma, kompani, pompa t\u00eb benzin\u00ebs, automjete t\u00eb shtrenjta, kursime n\u00eb bank\u00eb, q\u00eb i kan\u00eb \u201cfituar\u201d me an\u00eb t\u00eb krimit. Ajo pron\u00eb asnj\u00ebher\u00eb nuk do t\u00eb hetohet se si \u00ebsht\u00eb fituar dhe t\u00eb dyshuarve u lihet ta mbajn\u00eb, pa iu ngrir\u00eb.<\/p>\n<p>\u201cN\u00eb vitin 2019, konfiskimi i mjeteve kriminele u kufizua n\u00eb 21 persona. P\u00ebrfshinte konfiskimin e pron\u00ebs s\u00eb pal\u00ebvizshme n\u00eb tre raste. Konfiskimi i mjeteve kriminele duhet t\u00eb b\u00ebhet prioritet strategjik n\u00eb luft\u00ebn kund\u00ebr krimit t\u00eb organizuar, terrorizmit dhe korrupsionit n\u00eb nivel t\u00eb lart\u00eb n\u00eb shtet. Mjetet e shtetit p\u00ebr t\u00eb ngrir\u00eb, menaxhuar dhe konfiskuar mjete kriminele nuk jan\u00eb t\u00eb mjaftueshme. Nevojitet nj\u00eb p\u00ebrdorim sistematik i konfiskimit apo nj\u00eb konfiskim i zgjeruar p\u00ebr nj\u00eb list\u00eb t\u00eb kufizuar t\u00eb veprave penale. Nevojitet nj\u00eb fokus i v\u00ebrtet\u00eb p\u00ebr t\u00eb ardhurat e krimit\u201d, k\u00ebrkon Komisioni Evropian dhe rekomandon t\u00eb fuqizohen qendrat hulumtuese n\u00eb m\u00ebnyr\u00eb q\u00eb t\u00eb jen\u00eb t\u00eb afta q\u00eb k\u00ebto mjete jolegale t\u2019i gjejn\u00eb dhe t\u00eb hetojn\u00eb se n\u00eb \u00e7\u2019m\u00ebnyr\u00eb jan\u00eb fituar.<\/p>\n<p>Edhe pse n\u00eb Prokurorin\u00eb republikane \u00ebsht\u00eb formuar Zyra p\u00ebr konfiskim t\u00eb pron\u00ebs (APO), n\u00eb p\u00ebrputhje me ligjet e BE-s\u00eb, Raporti p\u00ebr p\u00ebrparimin e RMV thekson se ajo nuk \u00ebsht\u00eb mjaft aktive.<\/p>\n<p>&#8220;Jan\u00eb arritur disa p\u00ebrmir\u00ebsime n\u00eb lidhje me propozimin e vitit t\u00eb kaluar p\u00ebr formimin e zyr\u00ebs p\u00ebr pages\u00eb t\u00eb mjeteve n\u00eb p\u00ebrputhje me ligjin e BE-s\u00eb. Kjo zyr\u00eb tani duhet t\u00eb tregoj\u00eb kapacitetin p\u00ebr mb\u00ebshtetje t\u00eb nj\u00eb politike proaktive p\u00ebr konfiskimin e mjeteve&#8221;, k\u00ebrkon Komisioni Evropian.<\/p>\n<p>Thuhet se \u00ebsht\u00eb vendosur dhe nj\u00eb sistem elektronik, por edhe ky duhet t\u00eb jet\u00eb m\u00eb efikas n\u00eb vazhdim. Gjykatat duhet t\u00eb nd\u00ebrmarrin m\u00eb shum\u00eb masa n\u00eb lidhje me konfiskimin e mjeteve kriminele, pavar\u00ebsisht trendit pozitiv p\u00ebr marrjen e masave t\u00eb p\u00ebrkohshme p\u00ebr ngrirjen e llogarive bankare dhe pron\u00ebs.<\/p>\n<p>Gjat\u00eb jav\u00ebs s\u00eb ardhshme duhet punuar sidomos n\u00eb drejtimin e hapjes s\u00eb nj\u00eb numri m\u00eb t\u00eb madh t\u00eb hetimeve financiare. Aktualisht nga gjykatat nuk ka asnj\u00eb propozim mas\u00eb p\u00ebr ngrirje dhe as p\u00ebr konfiskim t\u00eb t\u00eb ardhurave nga nj\u00eb vep\u00ebr penale.<\/p>\n<p><strong><em>S. K. DELEVSKA <\/em><\/strong><\/p>\n\n<div style=\"font-size: 0px; height: 0px; line-height: 0px; margin: 0; padding: 0; clear: both;\"><\/div>","protected":false},"excerpt":{"rendered":"<p>Konfiskimi i pron\u00ebs s\u00eb fituar me an\u00eb t\u00eb krimit dhe korrupsionit duhet t\u00eb b\u00ebhet prioritet strategjik n\u00eb luft\u00ebn kund\u00ebr krimit [&hellip;]<\/p>\n","protected":false},"author":25,"featured_media":45001,"comment_status":"closed","ping_status":"closed","sticky":false,"template":"","format":"standard","meta":{"_mo_disable_npp":"no","inline_featured_image":false},"categories":[3087],"tags":[],"imageURL":"https:\/\/sdk.mk\/wp-content\/uploads\/2017\/11\/sead-kocan-3289893289-650x341.jpg","thumbURL":"https:\/\/sdk.mk\/wp-content\/uploads\/2017\/11\/sead-kocan-3289893289-250x131.jpg","categoryNames":["Maqedonia"],"feature_caption":"P\u00ebrve\u00e7 konfiskimit t\u00eb rreth 17 milion\u00eb eurove nga biznesmeni me d\u00ebnim p\u00ebrfundimtar Sead Ko\u00e7an, nuk ka tjet\u00ebr konfisinim me aktgjykim t\u00eb gjykat\u00ebs p\u00ebr mjete t\u00eb fituara n\u00eb m\u00ebnyr\u00eb joligjore. (Foto: SDK.MK) ","subtitle":"","views":"31","source":"Shkup, (SAKAMDAKAZAM.MK)","yoast_head":"<!-- This site is optimized with the Yoast SEO Premium plugin v15.0 - https:\/\/yoast.com\/wordpress\/plugins\/seo\/ -->\n<title>KOMISIONI EVROPIAN I K\u00cbRKON MAQEDONIS\u00cb NGRIRJE DHE KONFISKIM T\u00cb PRON\u00cbS DHE PASURIS\u00cb T\u00cb FITUAR ME AN\u00cb T\u00cb KRIMIT - \u0421\u0430\u043a\u0430\u043c \u0414\u0430 \u041a\u0430\u0436\u0430\u043c<\/title>\n<meta name=\"robots\" content=\"index, follow, max-snippet:-1, max-image-preview:large, max-video-preview:-1\" \/>\n<link rel=\"canonical\" href=\"https:\/\/sdk.mk\/index.php\/maqedonia\/komisioni-evropian-i-kerkon-maqedonise-ngrirje-dhe-konfiskim-te-prones-dhe-pasurise-te-fituar-me-ane-te-krimit\/\" \/>\n<meta property=\"og:locale\" content=\"mk_MK\" \/>\n<meta property=\"og:type\" content=\"article\" \/>\n<meta property=\"og:title\" content=\"KOMISIONI EVROPIAN I K\u00cbRKON MAQEDONIS\u00cb NGRIRJE DHE KONFISKIM T\u00cb PRON\u00cbS DHE PASURIS\u00cb T\u00cb FITUAR ME AN\u00cb T\u00cb KRIMIT - \u0421\u0430\u043a\u0430\u043c \u0414\u0430 \u041a\u0430\u0436\u0430\u043c\" \/>\n<meta property=\"og:description\" content=\"Konfiskimi i pron\u00ebs s\u00eb fituar me an\u00eb t\u00eb krimit dhe korrupsionit duhet t\u00eb b\u00ebhet prioritet strategjik n\u00eb luft\u00ebn kund\u00ebr krimit [&hellip;]\" \/>\n<meta property=\"og:url\" content=\"https:\/\/sdk.mk\/index.php\/maqedonia\/komisioni-evropian-i-kerkon-maqedonise-ngrirje-dhe-konfiskim-te-prones-dhe-pasurise-te-fituar-me-ane-te-krimit\/\" \/>\n<meta property=\"og:site_name\" content=\"\u0421\u0430\u043a\u0430\u043c \u0414\u0430 \u041a\u0430\u0436\u0430\u043c\" \/>\n<meta property=\"article:published_time\" content=\"2020-11-13T08:25:46+00:00\" \/>\n<meta property=\"article:modified_time\" content=\"2020-11-13T08:33:33+00:00\" \/>\n<meta property=\"og:image\" content=\"https:\/\/sdk.mk\/wp-content\/uploads\/2017\/11\/sead-kocan-3289893289.jpg\" \/>\n\t<meta property=\"og:image:width\" content=\"800\" \/>\n\t<meta property=\"og:image:height\" content=\"420\" \/>\n<meta property=\"fb:app_id\" content=\"2407985809428537\" \/>\n<meta name=\"twitter:card\" content=\"summary\" \/>\n<script type=\"application\/ld+json\" class=\"yoast-schema-graph\">{\"@context\":\"https:\/\/schema.org\",\"@graph\":[{\"@type\":\"WebSite\",\"@id\":\"https:\/\/sdk.mk\/#website\",\"url\":\"https:\/\/sdk.mk\/\",\"name\":\"\\u0421\\u0430\\u043a\\u0430\\u043c \\u0414\\u0430 \\u041a\\u0430\\u0436\\u0430\\u043c\",\"description\":\"\\u0417\\u0430 \\u0441\\u043b\\u043e\\u0431\\u043e\\u0434\\u043e\\u0443\\u043c\\u043d\\u0438\",\"potentialAction\":[{\"@type\":\"SearchAction\",\"target\":\"https:\/\/sdk.mk\/?s={search_term_string}\",\"query-input\":\"required name=search_term_string\"}],\"inLanguage\":\"mk-MK\"},{\"@type\":\"ImageObject\",\"@id\":\"https:\/\/sdk.mk\/index.php\/maqedonia\/komisioni-evropian-i-kerkon-maqedonise-ngrirje-dhe-konfiskim-te-prones-dhe-pasurise-te-fituar-me-ane-te-krimit\/#primaryimage\",\"inLanguage\":\"mk-MK\",\"url\":\"https:\/\/sdk.mk\/wp-content\/uploads\/2017\/11\/sead-kocan-3289893289.jpg\",\"width\":800,\"height\":420},{\"@type\":\"WebPage\",\"@id\":\"https:\/\/sdk.mk\/index.php\/maqedonia\/komisioni-evropian-i-kerkon-maqedonise-ngrirje-dhe-konfiskim-te-prones-dhe-pasurise-te-fituar-me-ane-te-krimit\/#webpage\",\"url\":\"https:\/\/sdk.mk\/index.php\/maqedonia\/komisioni-evropian-i-kerkon-maqedonise-ngrirje-dhe-konfiskim-te-prones-dhe-pasurise-te-fituar-me-ane-te-krimit\/\",\"name\":\"KOMISIONI EVROPIAN I K\\u00cbRKON MAQEDONIS\\u00cb NGRIRJE DHE KONFISKIM T\\u00cb PRON\\u00cbS DHE PASURIS\\u00cb T\\u00cb FITUAR ME AN\\u00cb T\\u00cb KRIMIT - \\u0421\\u0430\\u043a\\u0430\\u043c \\u0414\\u0430 \\u041a\\u0430\\u0436\\u0430\\u043c\",\"isPartOf\":{\"@id\":\"https:\/\/sdk.mk\/#website\"},\"primaryImageOfPage\":{\"@id\":\"https:\/\/sdk.mk\/index.php\/maqedonia\/komisioni-evropian-i-kerkon-maqedonise-ngrirje-dhe-konfiskim-te-prones-dhe-pasurise-te-fituar-me-ane-te-krimit\/#primaryimage\"},\"datePublished\":\"2020-11-13T08:25:46+00:00\",\"dateModified\":\"2020-11-13T08:33:33+00:00\",\"author\":{\"@id\":\"https:\/\/sdk.mk\/#\/schema\/person\/737021aeacbe893f7e2c347186c5c7a1\"},\"inLanguage\":\"mk-MK\",\"potentialAction\":[{\"@type\":\"ReadAction\",\"target\":[\"https:\/\/sdk.mk\/index.php\/maqedonia\/komisioni-evropian-i-kerkon-maqedonise-ngrirje-dhe-konfiskim-te-prones-dhe-pasurise-te-fituar-me-ane-te-krimit\/\"]}]},{\"@type\":\"Person\",\"@id\":\"https:\/\/sdk.mk\/#\/schema\/person\/737021aeacbe893f7e2c347186c5c7a1\",\"name\":\"\\u0424\\u0458\\u043e\\u043b\\u0430 \\u0417\\u043b\\u0430\\u0442\\u043a\\u0443\"}]}<\/script>\n<!-- \/ Yoast SEO Premium plugin. -->","_links":{"self":[{"href":"https:\/\/sdk.mk\/index.php\/wp-json\/wp\/v2\/posts\/131368"}],"collection":[{"href":"https:\/\/sdk.mk\/index.php\/wp-json\/wp\/v2\/posts"}],"about":[{"href":"https:\/\/sdk.mk\/index.php\/wp-json\/wp\/v2\/types\/post"}],"author":[{"embeddable":true,"href":"https:\/\/sdk.mk\/index.php\/wp-json\/wp\/v2\/users\/25"}],"replies":[{"embeddable":true,"href":"https:\/\/sdk.mk\/index.php\/wp-json\/wp\/v2\/comments?post=131368"}],"version-history":[{"count":0,"href":"https:\/\/sdk.mk\/index.php\/wp-json\/wp\/v2\/posts\/131368\/revisions"}],"wp:featuredmedia":[{"embeddable":true,"href":"https:\/\/sdk.mk\/index.php\/wp-json\/wp\/v2\/media\/45001"}],"wp:attachment":[{"href":"https:\/\/sdk.mk\/index.php\/wp-json\/wp\/v2\/media?parent=131368"}],"wp:term":[{"taxonomy":"category","embeddable":true,"href":"https:\/\/sdk.mk\/index.php\/wp-json\/wp\/v2\/categories?post=131368"},{"taxonomy":"post_tag","embeddable":true,"href":"https:\/\/sdk.mk\/index.php\/wp-json\/wp\/v2\/tags?post=131368"}],"curies":[{"name":"wp","href":"https:\/\/api.w.org\/{rel}","templated":true}]}}