{"id":131598,"date":"2020-11-15T19:49:34","date_gmt":"2020-11-15T18:49:34","guid":{"rendered":"https:\/\/sdk.mk\/?p=131598"},"modified":"2020-11-15T19:49:34","modified_gmt":"2020-11-15T18:49:34","slug":"shtepia-e-shendetit-ne-resnje-i-pret-mjeket-te-specializohen-qe-koleget-e-tyre-te-moshuar-te-mund-te-dalin-ne-pension","status":"publish","type":"post","link":"https:\/\/sdk.mk\/index.php\/rrjeti-i-korrespondenteve\/shtepia-e-shendetit-ne-resnje-i-pret-mjeket-te-specializohen-qe-koleget-e-tyre-te-moshuar-te-mund-te-dalin-ne-pension\/","title":{"rendered":"SHT\u00cbPIA E SH\u00cbNDETIT N\u00cb RESNJ\u00cb I PRET MJEK\u00cbT T\u00cb SPECIALIZOHEN Q\u00cb KOLEG\u00cbT E TYRE T\u00cb MOSHUAR T\u00cb MUND T\u00cb DALIN N\u00cb PENSION"},"content":{"rendered":"<div class=\"f52428582a4b906b2d2e2a7d733c7d27\" data-index=\"7\" style=\"float: none; margin:10px 0 10px 0; text-align:center;\">\n<!-- MSP Ads Asynchronous JS Tag - Generated with Revive Adserver v5.4.1 -->\r\n<ins data-revive-zoneid=\"167\" data-revive-id=\"060fdb01f6430ec164d3519234aa4967\"><\/ins>\r\n<script async src=\"\/\/panel.ads.com.mk\/www\/delivery\/asyncjs.php\"><\/script>\n<\/div>\n<p>N\u00eb Sht\u00ebpin\u00eb e sh\u00ebndetit n\u00eb Resnj\u00eb vijn\u00eb pacient\u00eb nga Ohri, Demir Hisari dhe komuna t\u00eb tjera ku n\u00eb t\u00eb cilat, institucionet sh\u00ebndetore n\u00eb komunat e tyre p\u00ebrkat\u00ebse nuk mund t\u2019u caktojn\u00eb nj\u00eb termin t\u00eb shpejt\u00eb p\u00ebr mamografi dhe eho t\u00eb gjinjve, si dhe testim p\u00ebr ostoporoz\u00eb. Tashm\u00eb banor\u00ebt e Resnj\u00ebs nuk duhet t\u00eb udh\u00ebtojn\u00eb n\u00eb spitalet e rrethin\u00ebs p\u00ebr t\u00eb marr\u00eb terapin\u00eb ditore t\u00eb infuzionit, por k\u00ebt\u00eb mund ta b\u00ebjn\u00eb n\u00eb Sht\u00ebpin\u00eb e sh\u00ebndetit. Resnja nuk ka spital, k\u00ebshtu q\u00eb p\u00ebrkujdesja sh\u00ebndetosore p\u00ebr 17.000 banor\u00eb, e ndonj\u00ebher\u00eb edhe p\u00ebr pacient\u00eb nga jasht\u00eb, \u00ebsht\u00eb detyr\u00eb e Sht\u00ebpis\u00eb s\u00eb sh\u00ebndetit, e cila n\u00eb p\u00ebrgjith\u00ebsi \u00ebsht\u00eb e mir\u00ebpajisur, por me kuad\u00ebr specialist\u00ebsh n\u00eb mosh\u00eb shum\u00eb t\u00eb vjet\u00ebr.<\/p>\n<p>\u201cKush mund t\u00eb b\u00ebj\u00eb 60 kilomtra vajtje ardhje n\u00eb Manastir dhe Oh\u00ebr p\u00ebr nj\u00eb kontroll mjek\u00ebsor? N\u00eb Sht\u00ebpin\u00eb e sh\u00ebndetit kemi spital ditor, terapi t\u00eb plot\u00eb spitalore, infuzion, ila\u00e7e, gjith\u00e7ka p\u00ebr t\u00eb cil\u00ebn pacient\u00ebt m\u00eb par\u00eb duhej t\u00eb shkonin n\u00eb Manastir, Oh\u00ebr apo n\u00eb Entin e s\u00ebmundjeve respirative n\u00eb Oteshev\u00eb.<br \/>\nImagjinoni nj\u00eb njeri t\u00eb s\u00ebmur\u00eb q\u00eb merr lendacin t\u2019i duhet t\u00eb shkoj\u00eb e t\u00eb kthehet \u00e7do dit\u00eb. P\u00ebr ne \u00ebsht\u00eb e r\u00ebnd\u00ebsishme q\u00eb t\u00eb kemi specialist\u00eb k\u00ebtu. P\u00ebrderisa ka mjek\u00eb, do t\u00eb ket\u00eb dhe popull\u00ebsi\u201d, thot\u00eb banori i Resnj\u00ebs Cvetan Bogoevski.<\/p>\n<div id=\"attachment_129668\" style=\"width: 970px\" class=\"wp-caption aligncenter\"><a href=\"https:\/\/sdk.mk\/wp-content\/uploads\/2020\/10\/OPREMENI-SLUZBI-SO-APARATURA.jpg\"><img aria-describedby=\"caption-attachment-129668\" loading=\"lazy\" class=\"wp-image-129668 size-full\" src=\"https:\/\/sdk.mk\/wp-content\/uploads\/2020\/10\/OPREMENI-SLUZBI-SO-APARATURA.jpg\" alt=\"\" width=\"960\" height=\"720\" srcset=\"https:\/\/sdk.mk\/wp-content\/uploads\/2020\/10\/OPREMENI-SLUZBI-SO-APARATURA.jpg 960w, https:\/\/sdk.mk\/wp-content\/uploads\/2020\/10\/OPREMENI-SLUZBI-SO-APARATURA-400x300.jpg 400w, https:\/\/sdk.mk\/wp-content\/uploads\/2020\/10\/OPREMENI-SLUZBI-SO-APARATURA-650x488.jpg 650w, https:\/\/sdk.mk\/wp-content\/uploads\/2020\/10\/OPREMENI-SLUZBI-SO-APARATURA-250x188.jpg 250w, https:\/\/sdk.mk\/wp-content\/uploads\/2020\/10\/OPREMENI-SLUZBI-SO-APARATURA-768x576.jpg 768w, https:\/\/sdk.mk\/wp-content\/uploads\/2020\/10\/OPREMENI-SLUZBI-SO-APARATURA-150x113.jpg 150w, https:\/\/sdk.mk\/wp-content\/uploads\/2020\/10\/OPREMENI-SLUZBI-SO-APARATURA-50x38.jpg 50w, https:\/\/sdk.mk\/wp-content\/uploads\/2020\/10\/OPREMENI-SLUZBI-SO-APARATURA-100x75.jpg 100w, https:\/\/sdk.mk\/wp-content\/uploads\/2020\/10\/OPREMENI-SLUZBI-SO-APARATURA-200x150.jpg 200w, https:\/\/sdk.mk\/wp-content\/uploads\/2020\/10\/OPREMENI-SLUZBI-SO-APARATURA-300x225.jpg 300w, https:\/\/sdk.mk\/wp-content\/uploads\/2020\/10\/OPREMENI-SLUZBI-SO-APARATURA-350x263.jpg 350w, https:\/\/sdk.mk\/wp-content\/uploads\/2020\/10\/OPREMENI-SLUZBI-SO-APARATURA-450x338.jpg 450w, https:\/\/sdk.mk\/wp-content\/uploads\/2020\/10\/OPREMENI-SLUZBI-SO-APARATURA-500x375.jpg 500w, https:\/\/sdk.mk\/wp-content\/uploads\/2020\/10\/OPREMENI-SLUZBI-SO-APARATURA-550x413.jpg 550w, https:\/\/sdk.mk\/wp-content\/uploads\/2020\/10\/OPREMENI-SLUZBI-SO-APARATURA-800x600.jpg 800w\" sizes=\"(max-width: 960px) 100vw, 960px\" \/><\/a><p id=\"caption-attachment-129668\" class=\"wp-caption-text\">Sh\u00ebrbimet jan\u00eb t\u00eb pajisura me mamograf, eho p\u00ebr gji, spital ditor, mjek\u00eb am\u00eb dhe gjinekolog\u00eb, hap\u00ebsir\u00eb t\u00eb ve\u00e7ant\u00eb p\u00ebr pacient\u00eb t\u00eb dyshuar p\u00ebr kovid-19 dhe sh\u00ebrbime t\u00eb tjera. (Foto: SDK.MK)<\/p><\/div>\n<p>Sht\u00ebpia e sh\u00ebndetit ka 90 t\u00eb pun\u00ebsuar, prej tyre 22 jan\u00eb mjek\u00eb, por ka vet\u00ebm 13 specialist\u00eb dhe 9 mjek\u00eb t\u00eb p\u00ebrgjithsh\u00ebm.<\/p>\n<p>Me ministrin e sh\u00ebndet\u00ebsis\u00eb Venko Filip\u00e7e i p\u00ebrshpejtuam specializimet. M\u00eb par\u00eb, p\u00ebr m\u00eb shum\u00eb se 10 vjet me radh\u00eb, nuk kishte asnj\u00eb specializim\u201d, thot\u00eb drejtoresha Sanja Andonovska, mjeke specialiste p\u00ebr mjek\u00ebsi fizikale dhe rehabilitim.<\/p>\n<p>\u201cProblem m\u00eb t\u00eb madh kemi mosh\u00ebn e vjet\u00ebr t\u00eb mjek\u00ebve specialist\u00eb, t\u00eb cil\u00ebve nuk u dihet se edhe sa mund t\u2019i mbaj\u00eb sh\u00ebndeti i mir\u00eb. Kemi nj\u00eb mjek specialist p\u00ebr klinik\u00ebn biokimike, nj\u00eb internist, neurolog, otorinolarignolog, ortoped, fiziater, internist\u00eb dhe specilaist\u00eb t\u00eb tjer\u00eb.<\/p>\n<div id=\"attachment_129669\" style=\"width: 970px\" class=\"wp-caption aligncenter\"><a href=\"https:\/\/sdk.mk\/wp-content\/uploads\/2020\/10\/ZDRAVSTVEN-DOM-RESEN-3.jpg\"><img aria-describedby=\"caption-attachment-129669\" loading=\"lazy\" class=\"wp-image-129669 size-full\" src=\"https:\/\/sdk.mk\/wp-content\/uploads\/2020\/10\/ZDRAVSTVEN-DOM-RESEN-3.jpg\" alt=\"\" width=\"960\" height=\"720\" srcset=\"https:\/\/sdk.mk\/wp-content\/uploads\/2020\/10\/ZDRAVSTVEN-DOM-RESEN-3.jpg 960w, https:\/\/sdk.mk\/wp-content\/uploads\/2020\/10\/ZDRAVSTVEN-DOM-RESEN-3-400x300.jpg 400w, https:\/\/sdk.mk\/wp-content\/uploads\/2020\/10\/ZDRAVSTVEN-DOM-RESEN-3-650x488.jpg 650w, https:\/\/sdk.mk\/wp-content\/uploads\/2020\/10\/ZDRAVSTVEN-DOM-RESEN-3-250x188.jpg 250w, https:\/\/sdk.mk\/wp-content\/uploads\/2020\/10\/ZDRAVSTVEN-DOM-RESEN-3-768x576.jpg 768w, https:\/\/sdk.mk\/wp-content\/uploads\/2020\/10\/ZDRAVSTVEN-DOM-RESEN-3-150x113.jpg 150w, https:\/\/sdk.mk\/wp-content\/uploads\/2020\/10\/ZDRAVSTVEN-DOM-RESEN-3-50x38.jpg 50w, https:\/\/sdk.mk\/wp-content\/uploads\/2020\/10\/ZDRAVSTVEN-DOM-RESEN-3-100x75.jpg 100w, https:\/\/sdk.mk\/wp-content\/uploads\/2020\/10\/ZDRAVSTVEN-DOM-RESEN-3-200x150.jpg 200w, https:\/\/sdk.mk\/wp-content\/uploads\/2020\/10\/ZDRAVSTVEN-DOM-RESEN-3-300x225.jpg 300w, https:\/\/sdk.mk\/wp-content\/uploads\/2020\/10\/ZDRAVSTVEN-DOM-RESEN-3-350x263.jpg 350w, https:\/\/sdk.mk\/wp-content\/uploads\/2020\/10\/ZDRAVSTVEN-DOM-RESEN-3-450x338.jpg 450w, https:\/\/sdk.mk\/wp-content\/uploads\/2020\/10\/ZDRAVSTVEN-DOM-RESEN-3-500x375.jpg 500w, https:\/\/sdk.mk\/wp-content\/uploads\/2020\/10\/ZDRAVSTVEN-DOM-RESEN-3-550x413.jpg 550w, https:\/\/sdk.mk\/wp-content\/uploads\/2020\/10\/ZDRAVSTVEN-DOM-RESEN-3-800x600.jpg 800w\" sizes=\"(max-width: 960px) 100vw, 960px\" \/><\/a><p id=\"caption-attachment-129669\" class=\"wp-caption-text\">Sht\u00ebpia e sh\u00ebndetit ka 90 t\u00eb pun\u00ebsuar, prej tyre 22 jan\u00eb mjek\u00eb, por vet\u00ebm 13 jan\u00eb specialist\u00eb, nd\u00ebrsa 9 jan\u00eb mjek\u00eb t\u00eb p\u00ebrgjithsh\u00ebm. (Foto: SDK.MK)<\/p><\/div>\n<p>Ajo shpreson p\u00ebr mb\u00ebshtetjen e Ministris\u00eb s\u00eb sh\u00ebndet\u00ebsis\u00eb p\u00ebr specializim me q\u00ebllim q\u00eb n\u00eb Sht\u00ebpin\u00eb e sh\u00ebndetit t\u00eb vazhdojn\u00eb s\u00eb punuari t\u00eb gjitha sh\u00ebrbimet. Aktualisht ata kan\u00eb laboratori t\u00eb mir\u00ebpajisur, me aparat p\u00ebr telemedicin\u00eb p\u00ebr D-dimer dhe poashtu mund t\u00eb testojn\u00eb grupin e gjakut. Sh\u00ebrbimet jan\u00eb t\u00eb pajisura me mamograf, eho p\u00ebr gji, spital ditor, mjek\u00eb am\u00eb dhe gjinekolog\u00eb, hap\u00ebsir\u00eb t\u00eb ve\u00e7ant\u00eb p\u00ebr pacient\u00eb t\u00eb dyshuar p\u00ebr kovid-19 dhe sh\u00ebrbime t\u00eb tjera.<\/p>\n<p>\u201cJemi vend i vog\u00ebl, nuk kemi num\u00ebr t\u00eb lart\u00eb t\u00eb popullsis\u00eb, por harrojn\u00eb faktin se jemi te shp\u00ebrndar\u00eb n\u00eb nj\u00eb hap\u00ebsir\u00eb t\u00eb madhe. Dy qendrat mjek\u00ebsore lidhen nga qaf\u00eb mali, n\u00eb Manastir arrijm\u00eb p\u00ebrmes Gjavatos, n\u00eb Oh\u00ebr p\u00ebrmes Bukov\u00ebs, por n\u00eb kushtet dim\u00ebrore udh\u00ebtimi \u00ebsht\u00eb i v\u00ebshtir\u00eb. Prandaj p\u00ebrpiqemi t\u00eb ofrojm\u00eb sh\u00ebrbime sa m\u00eb cil\u00ebsore k\u00ebtu ku jemi\u201d, thot\u00eb Andonovska.<\/p>\n<p>M\u00eb t\u00eb p\u00ebrdorura jan\u00eb sh\u00ebrbimet e Ndihm\u00ebs urgjente mjek\u00ebsore e cila mund\u00ebson sh\u00ebrbimet e saj edhe n\u00eb fshatrat n\u00eb kufi me Greqin\u00eb dhe Shqip\u00ebrin\u00eb, n\u00eb larg\u00ebsi prej 30 kilometrash.<\/p>\n<div id=\"attachment_129671\" style=\"width: 970px\" class=\"wp-caption aligncenter\"><a href=\"https:\/\/sdk.mk\/wp-content\/uploads\/2020\/10\/ZDRAVSTVEN-DOM-4.jpg\"><img aria-describedby=\"caption-attachment-129671\" loading=\"lazy\" class=\"wp-image-129671 size-full\" src=\"https:\/\/sdk.mk\/wp-content\/uploads\/2020\/10\/ZDRAVSTVEN-DOM-4.jpg\" alt=\"\" width=\"960\" height=\"720\" srcset=\"https:\/\/sdk.mk\/wp-content\/uploads\/2020\/10\/ZDRAVSTVEN-DOM-4.jpg 960w, https:\/\/sdk.mk\/wp-content\/uploads\/2020\/10\/ZDRAVSTVEN-DOM-4-400x300.jpg 400w, https:\/\/sdk.mk\/wp-content\/uploads\/2020\/10\/ZDRAVSTVEN-DOM-4-650x488.jpg 650w, https:\/\/sdk.mk\/wp-content\/uploads\/2020\/10\/ZDRAVSTVEN-DOM-4-250x188.jpg 250w, https:\/\/sdk.mk\/wp-content\/uploads\/2020\/10\/ZDRAVSTVEN-DOM-4-768x576.jpg 768w, https:\/\/sdk.mk\/wp-content\/uploads\/2020\/10\/ZDRAVSTVEN-DOM-4-150x113.jpg 150w, https:\/\/sdk.mk\/wp-content\/uploads\/2020\/10\/ZDRAVSTVEN-DOM-4-50x38.jpg 50w, https:\/\/sdk.mk\/wp-content\/uploads\/2020\/10\/ZDRAVSTVEN-DOM-4-100x75.jpg 100w, https:\/\/sdk.mk\/wp-content\/uploads\/2020\/10\/ZDRAVSTVEN-DOM-4-200x150.jpg 200w, https:\/\/sdk.mk\/wp-content\/uploads\/2020\/10\/ZDRAVSTVEN-DOM-4-300x225.jpg 300w, https:\/\/sdk.mk\/wp-content\/uploads\/2020\/10\/ZDRAVSTVEN-DOM-4-350x263.jpg 350w, https:\/\/sdk.mk\/wp-content\/uploads\/2020\/10\/ZDRAVSTVEN-DOM-4-450x338.jpg 450w, https:\/\/sdk.mk\/wp-content\/uploads\/2020\/10\/ZDRAVSTVEN-DOM-4-500x375.jpg 500w, https:\/\/sdk.mk\/wp-content\/uploads\/2020\/10\/ZDRAVSTVEN-DOM-4-550x413.jpg 550w, https:\/\/sdk.mk\/wp-content\/uploads\/2020\/10\/ZDRAVSTVEN-DOM-4-800x600.jpg 800w\" sizes=\"(max-width: 960px) 100vw, 960px\" \/><\/a><p id=\"caption-attachment-129671\" class=\"wp-caption-text\">Banor\u00ebt e Resnj\u00ebs nuk duhet t\u00eb udh\u00ebtojn\u00eb drejt spitaleve t\u00eb rrethin\u00ebs p\u00ebr t\u00eb marr\u00eb terapin\u00eb ditore t\u00eb infuzionit, sepse at\u00eb ua siguron Sht\u00ebpia e sh\u00ebndetit. (Foto: SDK.MK)<\/p><\/div>\n<p>Vendet m\u00eb larg Resnj\u00ebs jan\u00eb fshatrat Stenj\u00eb dhe Dolno Dupeni. Udh\u00ebtimi deri te k\u00ebto fshatra merr shum\u00eb koh\u00eb. Ndonj\u00ebher\u00eb pacienti duhet t\u00eb transportohet te spitalet e Manastririt, Ohrit apo Shkupit. Kjo merr nj\u00eb or\u00eb e gjysm\u00eb, ndonj\u00ebher\u00eb edhe m\u00eb shum\u00eb. P\u00ebr shkak t\u00eb k\u00ebsaj larg\u00ebsie na duhet t\u2019i shfryt\u00ebzojm\u00eb t\u00eb gjitha resurset q\u00eb kemi dhe t\u00eb p\u00ebrpiqemi t\u00eb ofrojm\u00eb ndihm\u00eb dhe ta rregullojm\u00eb gjendjen, n\u00eb vend q\u00eb thjesht t\u2019i transferojm\u00eb pacient\u00ebt n\u00eb spitale t\u00eb tjera\u201d, thot\u00eb Stojan\u00e7o Avramovski, mjek i mjek\u00ebsis\u00eb s\u00eb p\u00ebrgjithshme n\u00eb Sh\u00ebrbimin p\u00ebr ndihm\u00eb urgjente mjek\u00ebsore.<\/p>\n<p><strong><em>ZH. ZDRAVKOVSKA<\/em><\/strong><\/p>\n<p>&nbsp;<\/p>\n\n<div style=\"font-size: 0px; height: 0px; line-height: 0px; margin: 0; padding: 0; clear: both;\"><\/div>","protected":false},"excerpt":{"rendered":"<p>N\u00eb Sht\u00ebpin\u00eb e sh\u00ebndetit n\u00eb Resnj\u00eb vijn\u00eb pacient\u00eb nga Ohri, Demir Hisari dhe komuna t\u00eb tjera ku n\u00eb t\u00eb cilat, [&hellip;]<\/p>\n","protected":false},"author":25,"featured_media":130077,"comment_status":"closed","ping_status":"closed","sticky":false,"template":"","format":"standard","meta":{"_mo_disable_npp":"no","inline_featured_image":false},"categories":[3095],"tags":[],"imageURL":"https:\/\/sdk.mk\/wp-content\/uploads\/2020\/10\/BRZA-POMOS-RESEN-002.jpg","thumbURL":"https:\/\/sdk.mk\/wp-content\/uploads\/2020\/10\/BRZA-POMOS-RESEN-002-250x188.jpg","categoryNames":["Rrjeti i korrespondent\u00ebve"],"feature_caption":"Resnja nuk ka spital, k\u00ebshtu q\u00eb p\u00ebrkujdesja sh\u00ebndet\u00ebsore p\u00ebr 17.000 banor\u00eb, e ndonj\u00ebher\u00eb edhe p\u00ebr pacient\u00eb nga jasht\u00eb, \u00ebsht\u00eb detyr\u00eb e Sht\u00ebpis\u00eb s\u00eb sh\u00ebndetit, e cila n\u00eb p\u00ebrgjith\u00ebsi \u00ebsht\u00eb e mir\u00ebpajisur, por me kuad\u00ebr specialisht\u00ebs me mosh\u00eb shum\u00eb t\u00eb vjet\u00ebr. \u2013 Ekipi i Ndihm\u00ebs s\u00eb shpejt\u00eb (Foto: SDK.MK)\u041a)","subtitle":"","views":"28","source":"Manastir, (SAKAMDAKAZAM.MK) ","yoast_head":"<!-- This site is optimized with the Yoast SEO Premium plugin v15.0 - https:\/\/yoast.com\/wordpress\/plugins\/seo\/ -->\n<title>SHT\u00cbPIA E SH\u00cbNDETIT N\u00cb RESNJ\u00cb I PRET MJEK\u00cbT T\u00cb SPECIALIZOHEN Q\u00cb KOLEG\u00cbT E TYRE T\u00cb MOSHUAR T\u00cb MUND T\u00cb DALIN N\u00cb PENSION - \u0421\u0430\u043a\u0430\u043c \u0414\u0430 \u041a\u0430\u0436\u0430\u043c<\/title>\n<meta name=\"robots\" content=\"index, follow, max-snippet:-1, max-image-preview:large, max-video-preview:-1\" \/>\n<link rel=\"canonical\" href=\"https:\/\/sdk.mk\/index.php\/rrjeti-i-korrespondenteve\/shtepia-e-shendetit-ne-resnje-i-pret-mjeket-te-specializohen-qe-koleget-e-tyre-te-moshuar-te-mund-te-dalin-ne-pension\/\" \/>\n<meta property=\"og:locale\" content=\"mk_MK\" \/>\n<meta property=\"og:type\" content=\"article\" \/>\n<meta property=\"og:title\" content=\"SHT\u00cbPIA E SH\u00cbNDETIT N\u00cb RESNJ\u00cb I PRET MJEK\u00cbT T\u00cb SPECIALIZOHEN Q\u00cb KOLEG\u00cbT E TYRE T\u00cb MOSHUAR T\u00cb MUND T\u00cb DALIN N\u00cb PENSION - \u0421\u0430\u043a\u0430\u043c \u0414\u0430 \u041a\u0430\u0436\u0430\u043c\" \/>\n<meta property=\"og:description\" content=\"N\u00eb Sht\u00ebpin\u00eb e sh\u00ebndetit n\u00eb Resnj\u00eb vijn\u00eb pacient\u00eb nga Ohri, Demir Hisari dhe komuna t\u00eb tjera ku n\u00eb t\u00eb cilat, [&hellip;]\" \/>\n<meta property=\"og:url\" content=\"https:\/\/sdk.mk\/index.php\/rrjeti-i-korrespondenteve\/shtepia-e-shendetit-ne-resnje-i-pret-mjeket-te-specializohen-qe-koleget-e-tyre-te-moshuar-te-mund-te-dalin-ne-pension\/\" \/>\n<meta property=\"og:site_name\" content=\"\u0421\u0430\u043a\u0430\u043c \u0414\u0430 \u041a\u0430\u0436\u0430\u043c\" \/>\n<meta property=\"article:published_time\" content=\"2020-11-15T18:49:34+00:00\" \/>\n<meta property=\"og:image\" content=\"https:\/\/sdk.mk\/wp-content\/uploads\/2020\/10\/BRZA-POMOS-RESEN-002.jpg\" \/>\n\t<meta property=\"og:image:width\" content=\"480\" \/>\n\t<meta property=\"og:image:height\" content=\"360\" \/>\n<meta property=\"fb:app_id\" content=\"2407985809428537\" \/>\n<meta name=\"twitter:card\" content=\"summary\" \/>\n<script type=\"application\/ld+json\" class=\"yoast-schema-graph\">{\"@context\":\"https:\/\/schema.org\",\"@graph\":[{\"@type\":\"WebSite\",\"@id\":\"https:\/\/sdk.mk\/#website\",\"url\":\"https:\/\/sdk.mk\/\",\"name\":\"\\u0421\\u0430\\u043a\\u0430\\u043c \\u0414\\u0430 \\u041a\\u0430\\u0436\\u0430\\u043c\",\"description\":\"\\u0417\\u0430 \\u0441\\u043b\\u043e\\u0431\\u043e\\u0434\\u043e\\u0443\\u043c\\u043d\\u0438\",\"potentialAction\":[{\"@type\":\"SearchAction\",\"target\":\"https:\/\/sdk.mk\/?s={search_term_string}\",\"query-input\":\"required name=search_term_string\"}],\"inLanguage\":\"mk-MK\"},{\"@type\":\"ImageObject\",\"@id\":\"https:\/\/sdk.mk\/index.php\/rrjeti-i-korrespondenteve\/shtepia-e-shendetit-ne-resnje-i-pret-mjeket-te-specializohen-qe-koleget-e-tyre-te-moshuar-te-mund-te-dalin-ne-pension\/#primaryimage\",\"inLanguage\":\"mk-MK\",\"url\":\"https:\/\/sdk.mk\/wp-content\/uploads\/2020\/10\/BRZA-POMOS-RESEN-002.jpg\",\"width\":480,\"height\":360},{\"@type\":\"WebPage\",\"@id\":\"https:\/\/sdk.mk\/index.php\/rrjeti-i-korrespondenteve\/shtepia-e-shendetit-ne-resnje-i-pret-mjeket-te-specializohen-qe-koleget-e-tyre-te-moshuar-te-mund-te-dalin-ne-pension\/#webpage\",\"url\":\"https:\/\/sdk.mk\/index.php\/rrjeti-i-korrespondenteve\/shtepia-e-shendetit-ne-resnje-i-pret-mjeket-te-specializohen-qe-koleget-e-tyre-te-moshuar-te-mund-te-dalin-ne-pension\/\",\"name\":\"SHT\\u00cbPIA E SH\\u00cbNDETIT N\\u00cb RESNJ\\u00cb I PRET MJEK\\u00cbT T\\u00cb SPECIALIZOHEN Q\\u00cb KOLEG\\u00cbT E TYRE T\\u00cb MOSHUAR T\\u00cb MUND T\\u00cb DALIN N\\u00cb PENSION - \\u0421\\u0430\\u043a\\u0430\\u043c \\u0414\\u0430 \\u041a\\u0430\\u0436\\u0430\\u043c\",\"isPartOf\":{\"@id\":\"https:\/\/sdk.mk\/#website\"},\"primaryImageOfPage\":{\"@id\":\"https:\/\/sdk.mk\/index.php\/rrjeti-i-korrespondenteve\/shtepia-e-shendetit-ne-resnje-i-pret-mjeket-te-specializohen-qe-koleget-e-tyre-te-moshuar-te-mund-te-dalin-ne-pension\/#primaryimage\"},\"datePublished\":\"2020-11-15T18:49:34+00:00\",\"dateModified\":\"2020-11-15T18:49:34+00:00\",\"author\":{\"@id\":\"https:\/\/sdk.mk\/#\/schema\/person\/737021aeacbe893f7e2c347186c5c7a1\"},\"inLanguage\":\"mk-MK\",\"potentialAction\":[{\"@type\":\"ReadAction\",\"target\":[\"https:\/\/sdk.mk\/index.php\/rrjeti-i-korrespondenteve\/shtepia-e-shendetit-ne-resnje-i-pret-mjeket-te-specializohen-qe-koleget-e-tyre-te-moshuar-te-mund-te-dalin-ne-pension\/\"]}]},{\"@type\":\"Person\",\"@id\":\"https:\/\/sdk.mk\/#\/schema\/person\/737021aeacbe893f7e2c347186c5c7a1\",\"name\":\"\\u0424\\u0458\\u043e\\u043b\\u0430 \\u0417\\u043b\\u0430\\u0442\\u043a\\u0443\"}]}<\/script>\n<!-- \/ Yoast SEO Premium plugin. -->","_links":{"self":[{"href":"https:\/\/sdk.mk\/index.php\/wp-json\/wp\/v2\/posts\/131598"}],"collection":[{"href":"https:\/\/sdk.mk\/index.php\/wp-json\/wp\/v2\/posts"}],"about":[{"href":"https:\/\/sdk.mk\/index.php\/wp-json\/wp\/v2\/types\/post"}],"author":[{"embeddable":true,"href":"https:\/\/sdk.mk\/index.php\/wp-json\/wp\/v2\/users\/25"}],"replies":[{"embeddable":true,"href":"https:\/\/sdk.mk\/index.php\/wp-json\/wp\/v2\/comments?post=131598"}],"version-history":[{"count":0,"href":"https:\/\/sdk.mk\/index.php\/wp-json\/wp\/v2\/posts\/131598\/revisions"}],"wp:featuredmedia":[{"embeddable":true,"href":"https:\/\/sdk.mk\/index.php\/wp-json\/wp\/v2\/media\/130077"}],"wp:attachment":[{"href":"https:\/\/sdk.mk\/index.php\/wp-json\/wp\/v2\/media?parent=131598"}],"wp:term":[{"taxonomy":"category","embeddable":true,"href":"https:\/\/sdk.mk\/index.php\/wp-json\/wp\/v2\/categories?post=131598"},{"taxonomy":"post_tag","embeddable":true,"href":"https:\/\/sdk.mk\/index.php\/wp-json\/wp\/v2\/tags?post=131598"}],"curies":[{"name":"wp","href":"https:\/\/api.w.org\/{rel}","templated":true}]}}