{"id":136034,"date":"2021-01-08T14:28:46","date_gmt":"2021-01-08T13:28:46","guid":{"rendered":"https:\/\/sdk.mk\/?p=136034"},"modified":"2021-01-08T14:28:46","modified_gmt":"2021-01-08T13:28:46","slug":"ne-vend-qe-ta-ngrene-ne-detyre-policja-e-njesise-speciale-degradohet-me-pune-kancelarike-me-rroge-te-ulet-i-kane-thene-qe-s-iu-duhen-femra","status":"publish","type":"post","link":"https:\/\/sdk.mk\/index.php\/histori-te-parrefyera\/ne-vend-qe-ta-ngrene-ne-detyre-policja-e-njesise-speciale-degradohet-me-pune-kancelarike-me-rroge-te-ulet-i-kane-thene-qe-s-iu-duhen-femra\/","title":{"rendered":"N\u00cb VEND Q\u00cb TA NGREN\u00cb N\u00cb DETYR\u00cb, POLICJA E NJ\u00cbSIS\u00cb SPECIALE DEGRADOHET ME PUN\u00cb KANCELARIKE ME RROG\u00cb T\u00cb UL\u00cbT, I KAN\u00cb TH\u00cbN\u00cb Q\u00cb S\u2019IU DUHEN FEMRA"},"content":{"rendered":"<div class=\"f52428582a4b906b2d2e2a7d733c7d27\" data-index=\"7\" style=\"float: none; margin:10px 0 10px 0; text-align:center;\">\n<!-- MSP Ads Asynchronous JS Tag - Generated with Revive Adserver v5.4.1 -->\r\n<ins data-revive-zoneid=\"167\" data-revive-id=\"060fdb01f6430ec164d3519234aa4967\"><\/ins>\r\n<script async src=\"\/\/panel.ads.com.mk\/www\/delivery\/asyncjs.php\"><\/script>\n<\/div>\n<p>Policja e MPB-s\u00eb, pjes\u00ebtare e Nj\u00ebsis\u00eb s\u00eb Operacioneve Speciale \u201cTigri\u201d, pas kthimit nga pushimi shtatz\u00ebnor p\u00ebrfundoi si n\u00ebpun\u00ebse n\u00eb kancelari, me rrog\u00eb dhe pik\u00eb m\u00eb t\u00eb ul\u00ebta, pasi si\u00e7 tregon se i ka th\u00ebn\u00eb udh\u00ebheq\u00ebsi, nuk nevojiten femra n\u00eb nj\u00ebsin\u00eb e saj. Si n\u00ebn\u00eb e dy f\u00ebmij\u00ebve me mosh\u00eb gjer n\u00eb 10 vjet, me dekret t\u00eb qeveris\u00eb gjat\u00eb periudh\u00ebs s\u00eb gjendjes s\u00eb jasht\u00ebzakonshme, i ka mbajtur ata n\u00eb sht\u00ebpi, nd\u00ebrsa ato dit\u00eb asaj i jan\u00eb marr\u00eb joligj\u00ebrisht nga pushimi vjetor.<\/p>\n<p>Koleg\u00ebt e saj meshkuj, me status dhe arritje t\u00eb nj\u00ebjta, tashm\u00eb jan\u00eb ngritur n\u00eb detyr\u00eb n\u00eb p\u00ebrputhje me rregulloren e re t\u00eb MPB-s\u00eb, n\u00eb oficer\u00eb t\u00eb lart\u00eb policie t\u00eb operacioneve Kategoria E, niveli E3, n\u00eb Nj\u00ebsin\u00eb e Operacioneve Speciale e me 60 pik\u00eb shtes\u00eb. Jo vet\u00ebm q\u00eb s\u2019ka marr\u00eb ngritje n\u00eb detyr\u00eb, por edhe p\u00ebrballet me keqtrajtim n\u00eb vendin e pun\u00ebs. Ajo thekson q\u00eb udh\u00ebheq\u00ebsi refuzon t\u2019ia mund\u00ebsoj\u00eb pjes\u00ebmarrjen n\u00eb p\u00ebrgatitje p\u00ebr kualifikim dhe parakualifikim, q\u00eb jan\u00eb thelb\u00ebsore p\u00ebr profesionin e saj.<\/p>\n<p>Policja speciale M. S. diskriminimin q\u00eb p\u00ebrjeton ve\u00e7 nga fakti q\u00eb \u00ebsht\u00eb fem\u00ebr, e ka paraqitur n\u00eb Komitetin e Helsinkit p\u00ebr t\u00eb drejtat e njeriut, q\u00eb menj\u00ebher\u00eb e paraqit\u00ebn tek avokati i Popullit Ixhet Memeti, por Komiteti i Helsinkit ende pret p\u00ebrgjigje.<\/p>\n<p>SAKAMDAKAZHAM.MK iu drejtua MPB-s\u00eb rreth \u00e7\u00ebshtjes s\u00eb diskriminimit dhe keqtrajtimit t\u00eb polices speciale M. S., por ende, pas dy dit\u00ebsh, nuk ka marr\u00eb p\u00ebrgjigje.<\/p>\n<p>Diskriminimi n\u00eb baza gjinore \u00ebsht\u00eb i ndaluar me ligj.<\/p>\n<p>N\u00eb nenin 5 t\u00eb Ligjit p\u00ebr parandalimin e diskriminimit shkruan:<\/p>\n<p>\u201cNdalohet \u00e7dolloj diskriminimi n\u00eb baza racore, t\u00eb ngjyr\u00ebs s\u00eb l\u00ebkur\u00ebs, t\u00eb prejardhjes, t\u00eb p\u00ebrkat\u00ebsis\u00eb etnike ose komb\u00ebtare, t\u00eb gjinis\u00eb, t\u00eb orientimit seksual, t\u00eb identitetit gjinor, t\u00eb p\u00ebrkat\u00ebsis\u00eb n\u00eb grupe t\u00eb margjinalizuara, t\u00eb gjuh\u00ebs, t\u00eb shtet\u00ebsis\u00eb, t\u00eb prejardhjes shoq\u00ebrore, t\u00eb arsimimit, t\u00eb besimit fetar, t\u00eb orientimit politik, t\u00eb besimeve tjera, t\u00eb aft\u00ebsive t\u00eb kufizuara, t\u00eb mosh\u00ebs, t\u00eb gjendjes familjare ose bashk\u00ebshortore, t\u00eb statusit t\u00eb pasuris\u00eb, t\u00eb gjendjes sh\u00ebndet\u00ebsore, t\u00eb pron\u00ebsis\u00eb personale dhe statusit shoq\u00ebror, ose \u00e7far\u00ebdo baze tjet\u00ebr.\u201d<\/p>\n<ol start=\"3\">\n<li>S. ka t\u00eb drejt\u00eb ta padis\u00eb udh\u00ebheq\u00ebsin dhe MPB-n\u00eb pran\u00eb gjykat\u00ebs civile dhe neni 32 i Ligjit thekson q\u00eb ky proces gjyq\u00ebsor \u00ebsht\u00eb urgjent. Gjoba e parapar\u00eb p\u00ebr diskriminim n\u00eb ngritje n\u00eb detyr\u00eb pasi \u00ebsht\u00eb fem\u00ebr dhe n\u00ebn\u00eb, si\u00e7 q\u00ebndron n\u00eb paraqitjen drejt Komitetit t\u00eb Helsinkit, \u00ebsht\u00eb 3.000 euro p\u00ebr Ministrin\u00eb e Pun\u00ebve t\u00eb Brendshme, nd\u00ebrsa me 30 p\u00ebrqind t\u00eb k\u00ebsaj shume mund t\u00eb gjobohet udh\u00ebheq\u00ebsi i saj i cili refuzon t\u00eb n\u00ebnshkruaj\u00eb vendim p\u00ebr ngritjen e saj n\u00eb detyr\u00eb, dhe e ka ricaktuar si n\u00ebpun\u00ebse n\u00eb kancelari.<\/li>\n<\/ol>\n<p>N\u00ebse polices speciale M. S. p\u00ebrs\u00ebri i refuzohet ngritja n\u00eb detyr\u00eb, ajo p\u00ebrs\u00ebri mund t\u00eb padis\u00eb p\u00ebr diskriminim t\u00eb vazhduar dhe n\u00eb k\u00ebt\u00eb rast gjoba p\u00ebr MPB-n\u00eb \u00ebsht\u00eb 5.000 euro, nd\u00ebrsa udh\u00ebheq\u00ebsi gjobitet me 30 p\u00ebrqind t\u00eb shum\u00ebs s\u00eb lartp\u00ebrmendur, ose 1.500 euro.<\/p>\n<p>Gruaja \u00ebsht\u00eb e pun\u00ebsuar n\u00eb Ministrin\u00eb e Pun\u00ebve t\u00eb Brendshme nga 1 n\u00ebntori i vitit 2013, me marr\u00ebveshje pun\u00ebsimi p\u00ebr koh\u00eb t\u00eb pacaktuar. P\u00ebrvoj\u00ebn e par\u00eb si praktikante p\u00ebr police e mori n\u00eb Byron\u00eb e Siguris\u00eb Publike pran\u00eb MPB-s\u00eb. Me 09 korrik 2014 ajo pun\u00ebsohet si police e operacioneve Kategoria E, niveli E4, n\u00eb Nj\u00ebsin\u00eb e Operacioneve Speciale, n\u00eb Repartin e Nj\u00ebsive Speciale, Sh\u00ebrbimet Qendrore Policore, Byroja e Siguris\u00eb Publike pran\u00eb Ministris\u00eb s\u00eb Pun\u00ebve t\u00eb Jashtme. P\u00ebr k\u00ebt\u00eb vend pune ajo duhet t\u00eb marr\u00eb rrog\u00eb me shum\u00eb prej 520 pik\u00ebve dhe me shtes\u00eb t\u00eb rrog\u00ebs prej 45%.<\/p>\n<p>M. S. u ngrit n\u00eb detyr\u00eb m\u00eb 24 n\u00ebntor 2018; me vendim ajo ricaktohet si police e operacioneve kategoria E, niveli E4, n\u00eb t\u00eb cilin vend pune i parashihet rrog\u00eb me shum\u00eb prej 530 pik\u00ebsh, shtes\u00eb prej 20 pik\u00ebs, shtes\u00eb n\u00eb rrog\u00eb (var\u00ebsisht nga eksperienca e pun\u00ebs) prej 0.5% dhe rritje e rrog\u00ebs prej 30% fal\u00eb llojit, natyr\u00ebs dhe nd\u00ebrlikueshm\u00ebris\u00eb s\u00eb pun\u00ebs policore. Fiton edhe 45% shtes\u00eb n\u00eb rrog\u00eb fal\u00eb kushteve t\u00eb posa\u00e7me t\u00eb pun\u00ebs dhe rrezikut ndaj jet\u00ebs s\u00eb saj.<\/p>\n<p>Ministria nd\u00ebrkoh\u00eb ka sjell\u00eb rregullore p\u00ebr sistematizim t\u00eb vendeve t\u00eb pun\u00ebs dhe vendim p\u00ebr komision t\u00eb pun\u00ebsimit dhe zhvillimit n\u00eb vendet e pun\u00ebs t\u00eb n\u00ebpun\u00ebsve policor\u00eb t\u00eb kategorive E dhe ZH, t\u00eb formuara me vendim t\u00eb ministrit m\u00eb 1 qershor 2016.<\/p>\n<p>P\u00ebrmes k\u00ebsaj rregulloreje dhe Ligjit p\u00ebr pun\u00eb t\u00eb brendshme, koleg\u00ebt meshkuj t\u00eb grupit t\u00eb saj, me vend t\u00eb nj\u00ebjt\u00eb t\u00eb pun\u00ebs si i saj, kan\u00eb marr\u00eb vendim p\u00ebr ricaktim n\u00eb oficer\u00eb t\u00eb lart\u00eb t\u00eb policis\u00eb p\u00ebr operacione Kategoria E, niveli E3, n\u00eb Nj\u00ebsin\u00eb e Operacioneve Speciale, Reparti i Operacioneve Speciale Policore, Byroja e Siguris\u00eb Publike pran\u00eb Ministris\u00eb s\u00eb Pun\u00ebve t\u00eb Brendshme, me rrog\u00eb nga 580 pik\u00eb dhe me shtes\u00eb prej 10 pik\u00ebsh.<\/p>\n<p>\u201cPor, n\u00eb grupin e saj, femrat e vetme t\u00eb pun\u00ebsuara jan\u00eb ajo dhe nj\u00eb e pun\u00ebsuar tjet\u00ebr, t\u00eb cilat edhe pse i p\u00ebrmbushin t\u00eb gjitha kushtet, ende s\u2019kan\u00eb marr\u00eb vendim p\u00ebr ricaktim n\u00eb p\u00ebrputhje me rregulloren e re. Kund\u00ebr tyre s\u2019jan\u00eb marr\u00eb kurr\u00eb procedura disiplinore, p\u00ebrkundrazi, ata deri tani nd\u00ebrgjegjshm\u00ebrisht dhe profesionalisht i kan\u00eb kryer detyrimet e tyre n\u00eb kuad\u00ebr t\u00eb Ministris\u00eb. Paraprakisht, marr\u00ebdh\u00ebnia e pun\u00ebs e dy grave t\u00eb grupit q\u00eb kan\u00eb qen\u00eb t\u00eb pun\u00ebsuara n\u00eb pozit\u00ebn e nj\u00ebjt\u00eb, ka p\u00ebrfunduar; nj\u00ebra \u00ebsht\u00eb shkarkuar, nd\u00ebrsa tjetra \u00ebsht\u00eb larguar nga vendi i pun\u00ebs fal\u00eb diskriminimit q\u00eb ende vazhdon\u201d, thot\u00eb drejtoresha e Komitetit t\u00eb Helsinkit p\u00ebr t\u00eb drejtat e njeriut, Uranija Pirovska.<\/p>\n<p>M\u00eb 10 mars 2020 \u00ebsht\u00eb sjell\u00eb rregullore e re p\u00ebr sistematizim dhe me k\u00ebt\u00eb M. S., duke luftuar p\u00ebr t\u00eb drejtat e saj, ka d\u00ebrguar k\u00ebrkes\u00eb drejt Repartit t\u00eb Operacioneve Speciale Policore \u2013 Nj\u00ebsia e Operacioneve Speciale, duke k\u00ebrkuar rritje t\u00eb pik\u00ebve t\u00eb rrog\u00ebs dhe ricaktimin e saj n\u00eb vendin e pun\u00ebs t\u00eb parapar\u00eb me rregulloren e re. E pun\u00ebsuara nuk zot\u00ebron kopje t\u00eb k\u00ebsaj k\u00ebrkese, nd\u00ebrsa ende nuk ka marr\u00eb p\u00ebrgjigje me shkrim nga komandanti. Verbalisht \u00ebsht\u00eb lajm\u00ebruar q\u00eb s\u2019ka p\u00ebr t\u00eb fituar ricaktim pasi e ka shfryt\u00ebzuar t\u00eb drejt\u00ebn e saj p\u00ebr pushim shtatz\u00ebnor, nd\u00ebrsa gra n\u00eb Nj\u00ebsin\u00eb e Operacioneve Speciale nuk jan\u00eb t\u00eb d\u00ebshiruara.<\/p>\n<p>\u201cE pun\u00ebsuara \u00ebsht\u00eb njoftuar se n\u00eb suaza t\u00eb Ministris\u00eb ekziston propozim p\u00ebr ngritjen e saj n\u00eb detyr\u00eb, q\u00eb \u00ebsht\u00eb n\u00ebnshkruar nga nj\u00ebri komandant, por jo edhe nga udh\u00ebheq\u00ebsi. Propozimi sipas informacioneve t\u00eb t\u00eb pun\u00ebsuar\u00ebs nuk ka num\u00ebr arkival. P\u00ebrve\u00e7 munges\u00ebs s\u00eb iniciativ\u00ebs p\u00ebr ngritje n\u00eb detyr\u00eb t\u00eb policeve t\u00eb operacioneve, n\u00eb vende pune me pik\u00eb m\u00eb t\u00eb larta t\u00eb rrog\u00ebs n\u00eb p\u00ebrputhje me rregulloren e re, udh\u00ebheq\u00ebsi refuzon t\u2019u mund\u00ebsoj\u00eb atyre p\u00ebrgatitje p\u00ebr kualifikim dhe parakualifikim\u201d, Pirovska aludon edhe n\u00eb keqtrajtim jo ve\u00e7 ndaj M. S.-s\u00eb, por edhe ndaj koleges s\u00eb saj.<\/p>\n<div id=\"attachment_134114\" style=\"width: 660px\" class=\"wp-caption aligncenter\"><a href=\"https:\/\/sdk.mk\/wp-content\/uploads\/2020\/12\/uranija-pirovska-4883898348943.jpg\"><img aria-describedby=\"caption-attachment-134114\" loading=\"lazy\" class=\"wp-image-134114 size-large\" src=\"https:\/\/sdk.mk\/wp-content\/uploads\/2020\/12\/uranija-pirovska-4883898348943-650x341.jpg\" alt=\"\" width=\"650\" height=\"341\" srcset=\"https:\/\/sdk.mk\/wp-content\/uploads\/2020\/12\/uranija-pirovska-4883898348943-650x341.jpg 650w, https:\/\/sdk.mk\/wp-content\/uploads\/2020\/12\/uranija-pirovska-4883898348943-400x210.jpg 400w, https:\/\/sdk.mk\/wp-content\/uploads\/2020\/12\/uranija-pirovska-4883898348943-250x131.jpg 250w, https:\/\/sdk.mk\/wp-content\/uploads\/2020\/12\/uranija-pirovska-4883898348943-768x403.jpg 768w, https:\/\/sdk.mk\/wp-content\/uploads\/2020\/12\/uranija-pirovska-4883898348943-150x79.jpg 150w, https:\/\/sdk.mk\/wp-content\/uploads\/2020\/12\/uranija-pirovska-4883898348943-50x26.jpg 50w, https:\/\/sdk.mk\/wp-content\/uploads\/2020\/12\/uranija-pirovska-4883898348943-100x53.jpg 100w, https:\/\/sdk.mk\/wp-content\/uploads\/2020\/12\/uranija-pirovska-4883898348943-200x105.jpg 200w, https:\/\/sdk.mk\/wp-content\/uploads\/2020\/12\/uranija-pirovska-4883898348943-300x158.jpg 300w, https:\/\/sdk.mk\/wp-content\/uploads\/2020\/12\/uranija-pirovska-4883898348943-350x184.jpg 350w, https:\/\/sdk.mk\/wp-content\/uploads\/2020\/12\/uranija-pirovska-4883898348943-450x236.jpg 450w, https:\/\/sdk.mk\/wp-content\/uploads\/2020\/12\/uranija-pirovska-4883898348943-500x263.jpg 500w, https:\/\/sdk.mk\/wp-content\/uploads\/2020\/12\/uranija-pirovska-4883898348943-550x289.jpg 550w, https:\/\/sdk.mk\/wp-content\/uploads\/2020\/12\/uranija-pirovska-4883898348943.jpg 800w\" sizes=\"(max-width: 650px) 100vw, 650px\" \/><\/a><p id=\"caption-attachment-134114\" class=\"wp-caption-text\">Diskriminimi n\u00eb baza gjinore \u00ebsht\u00eb i ndaluar me Ligjin p\u00ebr parandalim t\u00eb diskriminimit, Kushtetut\u00ebs dhe Ligjit p\u00ebr marr\u00ebdh\u00ebnie t\u00eb pun\u00ebs. \u2013 Drejtoresha e Komitetit t\u00eb Helsinkit, Uranija Pirovska (Foto: SDK.MK)<\/p><\/div>\n<p>Nj\u00ebkoh\u00ebsisht, pas p\u00ebrfundimit t\u00eb pushimit shtatz\u00ebnor t\u00eb pal\u00ebs akuzuese, puna e saj n\u00eb terren \u00ebsht\u00eb z\u00ebvend\u00ebsuar me pun\u00eb kancelarike, pasi udh\u00ebheq\u00ebsi i nj\u00ebsis\u00eb verbalisht e ka urdh\u00ebruar t\u00eb kryej\u00eb detyra pune n\u00eb ekipin p\u00ebr planifikim, pozit\u00eb e cila nuk parashihet me Rregulloren p\u00ebr sistematizim.<\/p>\n<p>\u201cFal\u00eb k\u00ebsaj, pala akuzuese merr rrog\u00eb m\u00eb t\u00eb ul\u00ebt nga sa parashihet me vendimin e saj. Kjo sjellje \u00ebsht\u00eb indikator i qart\u00eb i diskriminimit nga ana e udh\u00ebheq\u00ebsit, q\u00eb ka tendenc\u00eb p\u00ebr t\u2019i larguar femrat nga terreni dhe t\u2019ia bllokoj\u00eb zhvillimin n\u00eb karrier\u00eb\u201d, paralajm\u00ebron Pirovska.<\/p>\n<p>Por, nuk mbaron diskriminimi dhe keqtrajtimi ndaj M. S.-s\u00eb ve\u00e7 me shkeljen e t\u00eb drejt\u00ebs p\u00ebr ngritje n\u00eb detyr\u00eb, p\u00ebr rrog\u00eb m\u00eb t\u00eb lart\u00eb dhe p\u00ebr ta punuar pun\u00ebn q\u00eb e d\u00ebshiron.<\/p>\n<p>\u201cSi rrethan\u00eb e cila hap dyshime shtes\u00eb rreth vendosjes s\u00eb policeve n\u00eb pozit\u00eb t\u00eb pabarabart\u00eb me meshkujt, \u00ebsht\u00eb shkelja e dekretit t\u00eb qeveris\u00eb q\u00eb parasheh \u00e7lirim prej detyrimeve t\u00eb pun\u00ebs s\u00eb prind\u00ebrve q\u00eb kan\u00eb f\u00ebmij\u00eb gjer n\u00eb mosh\u00ebn 10 vje\u00e7are. Pala akuzuese \u00ebsht\u00eb n\u00ebn\u00eb e f\u00ebmij\u00ebve gjer n\u00eb mosh\u00eb 10 vje\u00e7are, nd\u00ebrsa gjat\u00eb munges\u00ebs s\u00eb saj n\u00eb pun\u00eb, n\u00eb sistemin e Ministris\u00eb \u00ebsht\u00eb sh\u00ebnuar q\u00eb ajo ka marr\u00eb pushim vjetor, edhe pse ajo s\u2019ka k\u00ebrkuar p\u00ebrdorim t\u00eb k\u00ebsaj t\u00eb drejte. Pas paraqitjes s\u00eb k\u00ebtij rasti n\u00eb Inspektoratin Shtet\u00ebror t\u00eb Pun\u00ebs, kjo parregullsi \u00ebsht\u00eb rregulluar\u201d, thot\u00eb Igor Jadrovski nga Komiteti i Helsinkit.<\/p>\n<p>Komiteti i Helsinkit p\u00ebr t\u00eb drejtat e njeriut paralajm\u00ebron dhe thekson se meshkujt dhe femrat kan\u00eb t\u00eb drejta t\u00eb barabarta p\u00ebr ngritje n\u00eb detyr\u00eb dhe kjo \u00ebsht\u00eb miratuar edhe prej nj\u00eb nga organeve dhe konventave m\u00eb t\u00eb r\u00ebnd\u00ebsishme nd\u00ebrkomb\u00ebtare p\u00ebr t\u00eb drejtat e njeriut, si\u00e7 \u00ebsht\u00eb Konventa p\u00ebr eliminim t\u00eb t\u00eb gjitha formave t\u00eb diskriminimit ndaj grave, q\u00eb n\u00eb nenin 11 shkruan:<\/p>\n<p>\u201cShtetet an\u00ebtare i marrin t\u00eb gjitha masat p\u00ebr eliminimin e diskriminimit t\u00eb grave n\u00eb l\u00ebm\u00ebn e pun\u00ebsimit q\u00eb t\u00eb mund\u00ebsohet, sipas barazis\u00eb s\u00eb femrave dhe meshkujve, sigurim i t\u00eb drejtave t\u00eb barabarta, ve\u00e7an\u00ebrisht e drejta p\u00ebr zgjedhjen e lir\u00eb t\u00eb profesionit dhe pun\u00ebsimit, e drejta p\u00ebr ngritje n\u00eb detyr\u00eb, siguria n\u00eb pun\u00ebsim dhe t\u00eb gjitha t\u00eb drejtat dhe kushtet q\u00eb rrjedhin nga puna, si dhe e drejta p\u00ebr p\u00ebrgatitje profesionale dhe parakualifikuese, duke p\u00ebrfshir\u00eb edhe edukimin n\u00eb ekonomi, edukimin e lart\u00eb profesional dhe edukimin shtes\u00eb.\u201d<\/p>\n<p>Kushtetuta e Republik\u00ebs s\u00eb Maqedonis\u00eb s\u00eb Veriut, si akti m\u00eb i lart\u00eb juridik, n\u00eb nenin 54, pika 3, shkruan:<\/p>\n<p>\u201cKufizimi i t\u00eb drejtave dhe lirive nuk mund t\u00eb jet\u00eb diskriminues n\u00eb baza t\u00eb gjinis\u00eb, rac\u00ebs, ngjyr\u00ebs s\u00eb l\u00ebkur\u00ebs, gjuh\u00ebs, fes\u00eb, prejardhjes komb\u00ebtare ose shoq\u00ebrore, pozit\u00ebs shoq\u00ebrore ose pron\u00ebsore.\u201d<\/p>\n<p>Ligji p\u00ebr marr\u00ebdh\u00ebnie t\u00eb pun\u00ebs n\u00eb nenin 6, pika 2, vargu 1 pa m\u00ebdyshje dhe me vendosm\u00ebri e ndalon diskriminimin dhe parasheh: \u201cFemrave dhe meshkujve patjet\u00ebr duhet t\u2019u sigurohen mund\u00ebsi t\u00eb barabarta dhe trajtim i nj\u00ebjt\u00eb n\u00eb qasjen e tyre ndaj pun\u00ebsimit, p\u00ebrfshir\u00eb edhe ngritjen n\u00eb detyr\u00eb dhe p\u00ebrgatitjen profesionale n\u00eb pun\u00eb.\u201d<\/p>\n<p>\u201cDuke i pasur parasysh t\u00eb gjitha faktet e k\u00ebtij rasti, q\u00eb jan\u00eb indikator\u00eb t\u00eb qart\u00eb t\u00eb diskriminimit t\u00eb drejtp\u00ebrdrejt\u00eb n\u00eb baza gjinore, i kryer nga ana e udh\u00ebheq\u00ebsit t\u00eb Nj\u00ebsis\u00eb s\u00eb Operacioneve Speciale pran\u00eb Ministris\u00eb s\u00eb Pun\u00ebve t\u00eb Brendshme, Komiteti i Helsinkit p\u00ebr t\u00eb drejtat e njeriut ka d\u00ebrguar ankes\u00eb drejt Avokatit t\u00eb Popullit, me thirrje p\u00ebr veprim t\u00eb menj\u00ebhersh\u00ebm p\u00ebr v\u00ebrtetim t\u00eb akuzave t\u00eb k\u00ebsaj ankese, ta v\u00ebrtetoj\u00eb ekzistenc\u00ebn e diskriminimit n\u00eb baza gjinore dhe t\u00eb nd\u00ebrmarr\u00eb masa p\u00ebr parandalim t\u00eb k\u00ebsaj sjelljeje diskriminuese n\u00eb kuad\u00ebr t\u00eb Ministris\u00eb\u201d, thot\u00eb Pirovska. Por, nga Avokati i Popullit ende s\u2019ka p\u00ebrgjigje rreth k\u00ebsaj situate t\u00eb r\u00ebnd\u00eb t\u00eb diskriminimit t\u00eb policeve n\u00eb MPB.<\/p>\n<p><em><strong>S. K. DELEVSKA\u00a0<\/strong><\/em><\/p>\n\n<div style=\"font-size: 0px; height: 0px; line-height: 0px; margin: 0; padding: 0; clear: both;\"><\/div>","protected":false},"excerpt":{"rendered":"<p>Policja e MPB-s\u00eb, pjes\u00ebtare e Nj\u00ebsis\u00eb s\u00eb Operacioneve Speciale \u201cTigri\u201d, pas kthimit nga pushimi shtatz\u00ebnor p\u00ebrfundoi si n\u00ebpun\u00ebse n\u00eb kancelari, [&hellip;]<\/p>\n","protected":false},"author":25,"featured_media":134173,"comment_status":"closed","ping_status":"closed","sticky":false,"template":"","format":"standard","meta":{"_mo_disable_npp":"no","inline_featured_image":false},"categories":[3085,3087],"tags":[],"imageURL":"https:\/\/sdk.mk\/wp-content\/uploads\/2020\/12\/specijalci-mvr-34983483489-650x341.jpg","thumbURL":"https:\/\/sdk.mk\/wp-content\/uploads\/2020\/12\/specijalci-mvr-34983483489-250x131.jpg","categoryNames":["Histori t\u00eb parr\u00ebfyera","Maqedonia"],"feature_caption":"Pjes\u00ebtar\u00eb t\u00eb Nj\u00ebsis\u00eb Speciale gjat\u00eb st\u00ebrvitjes (Foto: Gj. Li\u00e7ovski)","subtitle":"","views":"45","source":"Shkup, (SAKAMDAKAZAM.MK) ","yoast_head":"<!-- This site is optimized with the Yoast SEO Premium plugin v15.0 - https:\/\/yoast.com\/wordpress\/plugins\/seo\/ -->\n<title>N\u00cb VEND Q\u00cb TA NGREN\u00cb N\u00cb DETYR\u00cb, POLICJA E NJ\u00cbSIS\u00cb SPECIALE DEGRADOHET ME PUN\u00cb KANCELARIKE ME RROG\u00cb T\u00cb UL\u00cbT, I KAN\u00cb TH\u00cbN\u00cb Q\u00cb S\u2019IU DUHEN FEMRA - \u0421\u0430\u043a\u0430\u043c \u0414\u0430 \u041a\u0430\u0436\u0430\u043c<\/title>\n<meta name=\"robots\" content=\"index, follow, max-snippet:-1, max-image-preview:large, max-video-preview:-1\" \/>\n<link rel=\"canonical\" href=\"https:\/\/sdk.mk\/index.php\/histori-te-parrefyera\/ne-vend-qe-ta-ngrene-ne-detyre-policja-e-njesise-speciale-degradohet-me-pune-kancelarike-me-rroge-te-ulet-i-kane-thene-qe-s-iu-duhen-femra\/\" \/>\n<meta property=\"og:locale\" content=\"mk_MK\" \/>\n<meta property=\"og:type\" content=\"article\" \/>\n<meta property=\"og:title\" content=\"N\u00cb VEND Q\u00cb TA NGREN\u00cb N\u00cb DETYR\u00cb, POLICJA E NJ\u00cbSIS\u00cb SPECIALE DEGRADOHET ME PUN\u00cb KANCELARIKE ME RROG\u00cb T\u00cb UL\u00cbT, I KAN\u00cb TH\u00cbN\u00cb Q\u00cb S\u2019IU DUHEN FEMRA - \u0421\u0430\u043a\u0430\u043c \u0414\u0430 \u041a\u0430\u0436\u0430\u043c\" \/>\n<meta property=\"og:description\" content=\"Policja e MPB-s\u00eb, pjes\u00ebtare e Nj\u00ebsis\u00eb s\u00eb Operacioneve Speciale \u201cTigri\u201d, pas kthimit nga pushimi shtatz\u00ebnor p\u00ebrfundoi si n\u00ebpun\u00ebse n\u00eb kancelari, [&hellip;]\" \/>\n<meta property=\"og:url\" content=\"https:\/\/sdk.mk\/index.php\/histori-te-parrefyera\/ne-vend-qe-ta-ngrene-ne-detyre-policja-e-njesise-speciale-degradohet-me-pune-kancelarike-me-rroge-te-ulet-i-kane-thene-qe-s-iu-duhen-femra\/\" \/>\n<meta property=\"og:site_name\" content=\"\u0421\u0430\u043a\u0430\u043c \u0414\u0430 \u041a\u0430\u0436\u0430\u043c\" \/>\n<meta property=\"article:published_time\" content=\"2021-01-08T13:28:46+00:00\" \/>\n<meta property=\"og:image\" content=\"https:\/\/sdk.mk\/wp-content\/uploads\/2020\/12\/specijalci-mvr-34983483489.jpg\" \/>\n\t<meta property=\"og:image:width\" content=\"800\" \/>\n\t<meta property=\"og:image:height\" content=\"420\" \/>\n<meta property=\"fb:app_id\" content=\"2407985809428537\" \/>\n<meta name=\"twitter:card\" content=\"summary\" \/>\n<script type=\"application\/ld+json\" class=\"yoast-schema-graph\">{\"@context\":\"https:\/\/schema.org\",\"@graph\":[{\"@type\":\"WebSite\",\"@id\":\"https:\/\/sdk.mk\/#website\",\"url\":\"https:\/\/sdk.mk\/\",\"name\":\"\\u0421\\u0430\\u043a\\u0430\\u043c \\u0414\\u0430 \\u041a\\u0430\\u0436\\u0430\\u043c\",\"description\":\"\\u0417\\u0430 \\u0441\\u043b\\u043e\\u0431\\u043e\\u0434\\u043e\\u0443\\u043c\\u043d\\u0438\",\"potentialAction\":[{\"@type\":\"SearchAction\",\"target\":\"https:\/\/sdk.mk\/?s={search_term_string}\",\"query-input\":\"required name=search_term_string\"}],\"inLanguage\":\"mk-MK\"},{\"@type\":\"ImageObject\",\"@id\":\"https:\/\/sdk.mk\/index.php\/histori-te-parrefyera\/ne-vend-qe-ta-ngrene-ne-detyre-policja-e-njesise-speciale-degradohet-me-pune-kancelarike-me-rroge-te-ulet-i-kane-thene-qe-s-iu-duhen-femra\/#primaryimage\",\"inLanguage\":\"mk-MK\",\"url\":\"https:\/\/sdk.mk\/wp-content\/uploads\/2020\/12\/specijalci-mvr-34983483489.jpg\",\"width\":800,\"height\":420},{\"@type\":\"WebPage\",\"@id\":\"https:\/\/sdk.mk\/index.php\/histori-te-parrefyera\/ne-vend-qe-ta-ngrene-ne-detyre-policja-e-njesise-speciale-degradohet-me-pune-kancelarike-me-rroge-te-ulet-i-kane-thene-qe-s-iu-duhen-femra\/#webpage\",\"url\":\"https:\/\/sdk.mk\/index.php\/histori-te-parrefyera\/ne-vend-qe-ta-ngrene-ne-detyre-policja-e-njesise-speciale-degradohet-me-pune-kancelarike-me-rroge-te-ulet-i-kane-thene-qe-s-iu-duhen-femra\/\",\"name\":\"N\\u00cb VEND Q\\u00cb TA NGREN\\u00cb N\\u00cb DETYR\\u00cb, POLICJA E NJ\\u00cbSIS\\u00cb SPECIALE DEGRADOHET ME PUN\\u00cb KANCELARIKE ME RROG\\u00cb T\\u00cb UL\\u00cbT, I KAN\\u00cb TH\\u00cbN\\u00cb Q\\u00cb S\\u2019IU DUHEN FEMRA - \\u0421\\u0430\\u043a\\u0430\\u043c \\u0414\\u0430 \\u041a\\u0430\\u0436\\u0430\\u043c\",\"isPartOf\":{\"@id\":\"https:\/\/sdk.mk\/#website\"},\"primaryImageOfPage\":{\"@id\":\"https:\/\/sdk.mk\/index.php\/histori-te-parrefyera\/ne-vend-qe-ta-ngrene-ne-detyre-policja-e-njesise-speciale-degradohet-me-pune-kancelarike-me-rroge-te-ulet-i-kane-thene-qe-s-iu-duhen-femra\/#primaryimage\"},\"datePublished\":\"2021-01-08T13:28:46+00:00\",\"dateModified\":\"2021-01-08T13:28:46+00:00\",\"author\":{\"@id\":\"https:\/\/sdk.mk\/#\/schema\/person\/737021aeacbe893f7e2c347186c5c7a1\"},\"inLanguage\":\"mk-MK\",\"potentialAction\":[{\"@type\":\"ReadAction\",\"target\":[\"https:\/\/sdk.mk\/index.php\/histori-te-parrefyera\/ne-vend-qe-ta-ngrene-ne-detyre-policja-e-njesise-speciale-degradohet-me-pune-kancelarike-me-rroge-te-ulet-i-kane-thene-qe-s-iu-duhen-femra\/\"]}]},{\"@type\":\"Person\",\"@id\":\"https:\/\/sdk.mk\/#\/schema\/person\/737021aeacbe893f7e2c347186c5c7a1\",\"name\":\"\\u0424\\u0458\\u043e\\u043b\\u0430 \\u0417\\u043b\\u0430\\u0442\\u043a\\u0443\"}]}<\/script>\n<!-- \/ Yoast SEO Premium plugin. -->","_links":{"self":[{"href":"https:\/\/sdk.mk\/index.php\/wp-json\/wp\/v2\/posts\/136034"}],"collection":[{"href":"https:\/\/sdk.mk\/index.php\/wp-json\/wp\/v2\/posts"}],"about":[{"href":"https:\/\/sdk.mk\/index.php\/wp-json\/wp\/v2\/types\/post"}],"author":[{"embeddable":true,"href":"https:\/\/sdk.mk\/index.php\/wp-json\/wp\/v2\/users\/25"}],"replies":[{"embeddable":true,"href":"https:\/\/sdk.mk\/index.php\/wp-json\/wp\/v2\/comments?post=136034"}],"version-history":[{"count":0,"href":"https:\/\/sdk.mk\/index.php\/wp-json\/wp\/v2\/posts\/136034\/revisions"}],"wp:featuredmedia":[{"embeddable":true,"href":"https:\/\/sdk.mk\/index.php\/wp-json\/wp\/v2\/media\/134173"}],"wp:attachment":[{"href":"https:\/\/sdk.mk\/index.php\/wp-json\/wp\/v2\/media?parent=136034"}],"wp:term":[{"taxonomy":"category","embeddable":true,"href":"https:\/\/sdk.mk\/index.php\/wp-json\/wp\/v2\/categories?post=136034"},{"taxonomy":"post_tag","embeddable":true,"href":"https:\/\/sdk.mk\/index.php\/wp-json\/wp\/v2\/tags?post=136034"}],"curies":[{"name":"wp","href":"https:\/\/api.w.org\/{rel}","templated":true}]}}