{"id":136151,"date":"2021-01-10T15:47:42","date_gmt":"2021-01-10T14:47:42","guid":{"rendered":"https:\/\/sdk.mk\/?p=136151"},"modified":"2021-01-10T15:47:42","modified_gmt":"2021-01-10T14:47:42","slug":"s-eshte-e-premte","status":"publish","type":"post","link":"https:\/\/sdk.mk\/index.php\/dua-te-them\/s-eshte-e-premte\/","title":{"rendered":"S&#8217;\u00cbSHT\u00cb E PREMTE"},"content":{"rendered":"<div class=\"f52428582a4b906b2d2e2a7d733c7d27\" data-index=\"7\" style=\"float: none; margin:10px 0 10px 0; text-align:center;\">\n<!-- MSP Ads Asynchronous JS Tag - Generated with Revive Adserver v5.4.1 -->\r\n<ins data-revive-zoneid=\"167\" data-revive-id=\"060fdb01f6430ec164d3519234aa4967\"><\/ins>\r\n<script async src=\"\/\/panel.ads.com.mk\/www\/delivery\/asyncjs.php\"><\/script>\n<\/div>\n<p><span class=\"dropcap color firstcharacter\">1 <\/span> Eeeej, po edhe te ne kishte sulm t\u00eb Kuvendit. U kujtuam p\u00ebr sulmin e 27 prillit t\u00eb vitit 2017, nd\u00ebrkoh\u00eb q\u00eb her\u00eb pas here shk\u00ebputeshim nga mbr\u00ebmja festive p\u00ebr t\u00eb ndjekur transmetimin direkt t\u00eb sulmit t\u00eb Kapitollit n\u00eb Uashington.<\/p>\n<p>Ngjashm\u00ebria e 27 prillit 2017 n\u00eb Shkup dhe 6 janarit 2021 n\u00eb Uashington ndodhet te fakti se nj\u00eb grup i organizuar e sulmoi institucionin ligjv\u00ebn\u00ebs dhe se n\u00eb t\u00eb dyja rastet pushteti e nxiti popullin drejt dhun\u00ebs sepse nuk d\u00ebshiron ta pranoj\u00eb d\u00ebshtimin n\u00eb zgjedhje.<\/p>\n<p>Donald Trump u tha mb\u00ebshtet\u00ebsve para Sht\u00ebpis\u00eb s\u00eb Bardh\u00eb q\u00eb t\u00eb shkojn\u00eb te Kapitolli p\u00ebr ta kthyer shtetin, kurse Nikolla Gruevski n\u00eb TV u b\u00ebri thirrje njer\u00ebzve t\u00eb tij q\u00eb t\u00eb mos rrin\u00eb n\u00eb sht\u00ebpi me papu\u00e7e. E kur njer\u00ebzit e tyre u ngrit\u00ebn t\u00eb gatsh\u00ebm t\u00eb japin jet\u00ebn p\u00ebr ta, Trump mbeti n\u00eb sht\u00ebpi shikonte TV dhe t\u00eb publikonte tuite, nd\u00ebrsa Gruevski ishte edhe m\u00eb i sigurt sepse situat\u00ebn e ndiqte nga Vjena.<\/p>\n<p>Deri k\u00ebtu me Amerik\u00ebn jemi nj\u00ebsoj. E megjithat\u00eb, ka dallim.<\/p>\n<p>Dallimi q\u00ebndron n\u00eb faktin se n\u00eb Uashington, nd\u00ebrkoh\u00eb q\u00eb ndodhte sulmi, p\u00ebrfaq\u00ebsuesit m\u00eb t\u00eb dalluar te Partis\u00eb Republikane, hoq\u00ebn dor\u00eb nga Trumpi. Madje edhe ata q\u00eb ishin m\u00eb besnik\u00ebt dhe q\u00eb deri n\u00eb fund t\u00eb mandatit t\u00eb tij nuk i kund\u00ebrshtuan p\u00ebr budallall\u00ebqet q\u00eb b\u00ebnte. Kurse n\u00eb Shkup, p\u00ebrfaq\u00ebsuesit e dalluar t\u00eb VMRO-DPMNE-s\u00eb akoma nuk kan\u00eb hequr dor\u00eb nga Nikolla Gruevski, ndon\u00ebse ai hoqi dor\u00eb prej tyre dhe ia mbathi. Ata nuk kan\u00eb nd\u00ebrmend ta d\u00ebnojn\u00eb sulmin e Kuvendit, po p\u00ebrkundrazi. Tre vjet e gjys\u00ebm pas sulmit vazhdojn\u00eb t\u00eb luftojn\u00eb p\u00ebr t\u00eb v\u00ebrtetuar se sulmi ka qen\u00eb pak\u00ebnaq\u00ebsia e justifikuar e popullit dhe se njer\u00ebzit q\u00eb dhunsh\u00ebm u fut\u00ebn n\u00eb Kuvend t\u00eb gatsh\u00ebm q\u00eb t\u00eb vrasin jan\u00eb patriot\u00eb dhe krer\u00ebt e partis\u00eb jan\u00eb d\u00ebshmor\u00eb.<\/p>\n<p>Eh, ky \u00ebsht\u00eb dallimi kryesor mes SHBA-s\u00eb dhe Maqedonis\u00eb. Republikan\u00ebt e d\u00ebnuan sulmin e Kapitollit,\u00a0 sepse me k\u00ebt\u00eb ndodhi u c\u00ebnua thelbi i demokracis\u00eb. Ata e din\u00eb se n\u00ebse sot dhuna kalon e pad\u00ebnuar, nes\u00ebr ata do t\u00eb zhduken e nuk do t\u00eb ken\u00eb se ku t\u00eb drejtohen. N\u00eb demokraci \u00ebsht\u00eb thjesht e paimagjinueshme t\u00eb ndodh\u00eb mospranimi i rezultateve zgjedhore. Ok, i humb\u00ebm zgjedhjet, por nuk do ta shkat\u00ebrrojm\u00eb tani shtetin, meq\u00ebn\u00ebse nuk jemi n\u00eb pushtet. P\u00ebr dallim prej nesh kur n\u00eb 27 prill 2017 nuk pam\u00eb as edhe nj\u00eb p\u00ebrfaq\u00ebsues m\u00eb t\u00eb madh t\u00eb VMRO \u2013 DPMNE-s\u00eb t\u00eb thot\u00eb \u201cJo n\u00eb emrin tim\u201d, te republikan\u00ebt pam\u00eb t\u00eb thuhej \u201cDeri k\u00ebtu \u00ebsht\u00eb partia, nga k\u00ebtu e tutje \u00ebsht\u00eb shteti\u201d.<\/p>\n<p>Dallimin do ta shohim tek at\u00ebher\u00eb kur t\u00eb fillojn\u00eb proceset gjyq\u00ebsore p\u00ebr sulmin e Kapitollit, do ta shohim n\u00ebse edhe ata p\u00ebr vite t\u00eb t\u00ebra do t\u00eb shkruajn\u00eb akuza, n\u00ebse do t\u00eb zhduken d\u00ebshmit\u00eb, n\u00ebse do t\u00eb humben gjykimet nga nj\u00ebri objekt gjyq\u00ebsor n\u00eb tjetrin n\u00ebse avokat\u00ebt do t\u00eb lirohen para gjykimit, n\u00ebse an\u00ebtar\u00ebt e juris\u00eb do t\u00eb s\u00ebmuren, n\u00ebse t\u00eb akuzuarit do t\u00eb shkojn\u00eb n\u00eb izolim p\u00ebr shkak te koronavirusit, n\u00ebse do t\u00eb shtyhen materialet e p\u00ebrkthimeve, n\u00ebse gazetar\u00ebt do t\u00eb duhet t\u00eb v\u00ebrtetojn\u00eb se kan\u00eb qen\u00eb gazetar\u00eb kur kan\u00eb raportuar nga Kapitolli&#8230; e t\u00eb shohim n\u00ebse Bajdeni do t\u00eb doj\u00eb t\u00eb amnistoj\u00eb dik\u00eb nga sulmuesit, n\u00eb m\u00ebnyr\u00eb q\u00eb t&#8217;i kaloj\u00eb ndonj\u00eb ligj n\u00eb Kongres.<\/p>\n<p><span class=\"dropcap color firstcharacter\">2 <\/span>Dallimi \u00ebsht\u00eb q\u00eb amerikan\u00ebt k\u00ebt\u00eb dat\u00eb do ta shkruajn\u00eb n\u00eb histori dhe do ta kujtojn\u00eb si nj\u00eb nga dit\u00ebt m\u00eb t\u00eb zeza n\u00eb zhvillimin e demokracis\u00eb amerikane, kurse ne, q\u00eb n\u00eb 2018 harruam se \u00e7ka na ndodhi n\u00eb 2017. P\u00ebr k\u00ebt\u00eb arsye, meq\u00eb nuk kujtojm\u00eb, na p\u00ebrs\u00ebriten gj\u00ebrat e k\u00ebqija.<\/p>\n<p>Zaevi q\u00eb mezi shp\u00ebtoi erdhi n\u00eb gjyq si d\u00ebshmitar dhe gjeti justifikimin p\u00ebr t\u00eb akuzuarit p\u00ebr organizimin e sulmit sepse mendon se ata kan\u00eb qen\u00eb naiv\u00eb dhe t\u00eb manipuluar nga Gruevski.<\/p>\n<p>Nuk mund t\u00eb ket\u00eb\u00a0 pajtim me an\u00eb t\u00eb harres\u00ebs, gjith\u00e7ka ka rend. N\u00eb fillim k\u00ebrkohet falje, pastaj vjen p\u00ebrgjegj\u00ebsia e n\u00eb fund vjen pajtimi, por fakti se do pajtohemi nuk do t\u00eb thot\u00eb se do t\u00eb harrojm\u00eb.<\/p>\n<p><span class=\"dropcap color firstcharacter\">3<\/span> 15 burra nga BDI jan\u00eb ulur n\u00eb nj\u00eb hap\u00ebsir\u00eb dhe jan\u00eb fotografuar pa maska q\u00eb t\u00eb l\u00ebvdohen se po i festojn\u00eb dit\u00eblindjen liderit Ali Ahmeti n\u00eb zyrat e reja t\u00eb zv.kryeminist\u00ebrit Artan Grubi. Mu at\u00eb dit\u00eb kur e nxor\u00ebn foton dol\u00ebn dhe t\u00eb dh\u00ebnat se 12.500 qytetar\u00eb dhe qytetare t\u00eb Tetov\u00ebs jan\u00eb d\u00ebnuar n\u00eb rruge p\u00ebr mosmbajtje maskash. Nga kush t\u00eb marrin shembull p\u00ebr mbajtjen e maskave? \u00c7&#8217;\u00ebsht\u00eb e v\u00ebrteta, funksionar\u00ebt e BDI-s\u00eb asnj\u00ebher\u00eb nuk jan\u00eb p\u00ebrgjigjur para ligjit t\u00eb shtetit, sepse p\u00ebr ta \u00ebsht\u00eb e r\u00ebnd\u00ebsishme \u00e7far\u00eb do t\u00eb thot\u00eb kryetari i partis\u00eb.<\/p>\n<p>E \u00e7uditshme se si pushteti ua merr mendjen politikan\u00ebve deri n\u00eb at\u00eb pik\u00eb sa te b\u00ebjn\u00eb hapa q\u00eb nuk do t&#8217;i kishin b\u00ebr\u00eb kurr\u00eb si qytetar\u00eb t\u00eb thjesht\u00eb. Si iu teket t\u00eb publikojn\u00eb veten duke shkelur ligjin!? E tha bukur mir\u00eb Zaevi se p\u00ebr Vitin e ri do t\u00eb rrim\u00eb n\u00eb shpi me pixhama, por as vet\u00eb nuk e mbajti premtimin. Shkoi n\u00eb mal e u fotografua pa mask\u00eb dhe at\u00eb me ministrin e sh\u00ebndet\u00ebsis\u00eb Venko Filip\u00e7e, i cili 3 her\u00eb n\u00eb dit\u00eb thot\u00eb- mbani maska, mbani distanc\u00eb, duke u dyndyr rrjetet sociale.<\/p>\n<p>Ja, edhe k\u00ebtu \u00ebsht\u00eb dallimi mes SHBA-s\u00eb dhe Maqedonis\u00eb.\u00a0 Atje njer\u00ebzit u besojn\u00eb institucioneve demokratike, paguajn\u00eb tatime, paguajn\u00eb d\u00ebnime n\u00ebse gabojn\u00eb, dhe vazhdojn\u00eb pun\u00ebn e tyre. Nd\u00ebrsa te ne mu ata q\u00eb jan\u00eb p\u00ebrfaq\u00ebses t\u00eb institucioneve shtet\u00ebrore, n\u00eb m\u00ebnyr\u00eb t\u00eb vet\u00ebdishme e shkelin ligjin vet\u00ebm e vet\u00ebm sepse munden. Nuk \u00ebsht\u00eb puna p\u00ebr 20eu q\u00eb do t\u00eb paguajn\u00eb,, por \u00ebsht\u00eb puna se askush nuk u k\u00ebrkon llogari.<\/p>\n<p><span class=\"dropcap color firstcharacter\">4<\/span> Edhe nj\u00eb tjet\u00ebr nd\u00ebrtes\u00eb nga projekti 2014 u b\u00eb me funksion \u2013 Ministria e mosshkuarjes n\u00eb pun\u00eb. Nj\u00ebsoj si n\u00eb Monti Pajton, ku kishin ministrin\u00eb e ecjes idiote, dhe \u00ebsht\u00eb fakt, ecnin si idiot\u00eb. Artan Grubi fitoi ministrin\u00eb e mosshkuarjes n\u00eb pun\u00eb dhe \u00ebsht\u00eb fakt &#8211; mbi 1500 njer\u00ebz marrin rroga q\u00eb t\u00eb mos shkojn\u00eb n\u00eb pun\u00eb, e p\u00ebr pak vite do t\u00eb filloj\u00eb t\u2019iu vij\u00eb dhe pensioni.<\/p>\n<p><span class=\"dropcap color firstcharacter\">5<\/span> Lideri i VMRO-DPMNE-s\u00eb thot\u00eb se do t\u00eb punoj\u00eb fort n\u00eb terren q\u00eb t&#8217;i devaluoj\u00eb dhe t\u00eb mos i pranoj\u00eb rezultatet e regjistrimit t\u00eb popullsis\u00eb. Si? Mos vall\u00eb do ta sulmoj\u00eb nd\u00ebrtes\u00ebn e Entit p\u00ebr statistik\u00eb? Si devaluohet numri i njer\u00ebzve, mallit, hidrocentraleve etj&#8230;? Le t\u00eb na shpjegoj\u00eb, si inxhinier, si b\u00ebhet devaluimi i njer\u00ebzve t\u00eb num\u00ebruar? N\u00ebse jan\u00eb 10 t\u00eb jen\u00eb 9! Do t\u00eb heq\u00eb meshkuj, e t\u00eb shtoj\u00eb femrat!<\/p>\n<p>Pse? \u00c7far\u00eb dobie ka VMRO-DPMNE nga regjistrimi i popullsis\u00eb. Si do t\u00eb ndihmoj\u00eb kjo q\u00eb t\u00eb vij\u00eb n\u00eb pushtet, p\u00ebrse do t\u00eb votonte dikush p\u00ebr nj\u00eb parti, politika e s\u00eb cil\u00ebs \u00ebsht\u00eb t\u00eb mos i pranoj\u00eb rezultatet e regjistrimit.<\/p>\n<p>Besa, Mickoski \u00ebsht\u00eb kund\u00ebr \u00e7do gj\u00ebje, e pse t\u00eb mos jet\u00eb edhe kund\u00ebr regjistrimit, \u00ebsht\u00eb opozit\u00eb p\u00ebr inat. N\u00ebse do t&#8217;i thoshe: &#8220;Sot \u00ebsht\u00eb e premte&#8221;, do t\u00eb t\u00eb thoshte: &#8220;E, p\u00ebr ne nuk \u00ebsht\u00eb e premte, do t\u00eb jet\u00eb e premte kur t\u00eb vij\u00eb VMRO-ja n\u00eb pushtet.&#8221;<\/p>\n<p><strong><em>P\u00ebrktheu: Fjolla Zllatku <\/em><\/strong><\/p>\n\n<div style=\"font-size: 0px; height: 0px; line-height: 0px; margin: 0; padding: 0; clear: both;\"><\/div>","protected":false},"excerpt":{"rendered":"<p>Eeeej, po edhe te ne kishte sulm t\u00eb Kuvendit. U kujtuam p\u00ebr sulmin e 27 prillit t\u00eb vitit 2017, nd\u00ebrkoh\u00eb [&hellip;]<\/p>\n","protected":false},"author":25,"featured_media":0,"comment_status":"closed","ping_status":"closed","sticky":false,"template":"","format":"standard","meta":{"_mo_disable_npp":"no","inline_featured_image":false},"categories":[1825],"tags":[],"imageURL":false,"thumbURL":false,"categoryNames":["DUA T\u00cb THEM"],"feature_caption":"","subtitle":"Deri k\u00ebtu \u00ebsht\u00eb partia, nga k\u00ebtu e tutje \u00ebsht\u00eb shteti. ","views":"44","source":"Shkup, (SAKAMDAKAZAM.MK) ","yoast_head":"<!-- This site is optimized with the Yoast SEO Premium plugin v15.0 - https:\/\/yoast.com\/wordpress\/plugins\/seo\/ -->\n<title>S&#039;\u00cbSHT\u00cb E PREMTE - \u0421\u0430\u043a\u0430\u043c \u0414\u0430 \u041a\u0430\u0436\u0430\u043c<\/title>\n<meta name=\"robots\" content=\"index, follow, max-snippet:-1, max-image-preview:large, max-video-preview:-1\" \/>\n<link rel=\"canonical\" href=\"https:\/\/sdk.mk\/index.php\/dua-te-them\/s-eshte-e-premte\/\" \/>\n<meta property=\"og:locale\" content=\"mk_MK\" \/>\n<meta property=\"og:type\" content=\"article\" \/>\n<meta property=\"og:title\" content=\"S&#039;\u00cbSHT\u00cb E PREMTE - \u0421\u0430\u043a\u0430\u043c \u0414\u0430 \u041a\u0430\u0436\u0430\u043c\" \/>\n<meta property=\"og:description\" content=\"Eeeej, po edhe te ne kishte sulm t\u00eb Kuvendit. U kujtuam p\u00ebr sulmin e 27 prillit t\u00eb vitit 2017, nd\u00ebrkoh\u00eb [&hellip;]\" \/>\n<meta property=\"og:url\" content=\"https:\/\/sdk.mk\/index.php\/dua-te-them\/s-eshte-e-premte\/\" \/>\n<meta property=\"og:site_name\" content=\"\u0421\u0430\u043a\u0430\u043c \u0414\u0430 \u041a\u0430\u0436\u0430\u043c\" \/>\n<meta property=\"article:published_time\" content=\"2021-01-10T14:47:42+00:00\" \/>\n<meta property=\"og:image\" content=\"https:\/\/sdk.mk\/wp-content\/uploads\/2015\/12\/goran-mihailovski2.jpg\" \/>\n\t<meta property=\"og:image:width\" content=\"400\" \/>\n\t<meta property=\"og:image:height\" content=\"313\" \/>\n<meta property=\"fb:app_id\" content=\"2407985809428537\" \/>\n<meta name=\"twitter:card\" content=\"summary\" \/>\n<script type=\"application\/ld+json\" class=\"yoast-schema-graph\">{\"@context\":\"https:\/\/schema.org\",\"@graph\":[{\"@type\":\"WebSite\",\"@id\":\"https:\/\/sdk.mk\/#website\",\"url\":\"https:\/\/sdk.mk\/\",\"name\":\"\\u0421\\u0430\\u043a\\u0430\\u043c \\u0414\\u0430 \\u041a\\u0430\\u0436\\u0430\\u043c\",\"description\":\"\\u0417\\u0430 \\u0441\\u043b\\u043e\\u0431\\u043e\\u0434\\u043e\\u0443\\u043c\\u043d\\u0438\",\"potentialAction\":[{\"@type\":\"SearchAction\",\"target\":\"https:\/\/sdk.mk\/?s={search_term_string}\",\"query-input\":\"required name=search_term_string\"}],\"inLanguage\":\"mk-MK\"},{\"@type\":\"WebPage\",\"@id\":\"https:\/\/sdk.mk\/index.php\/dua-te-them\/s-eshte-e-premte\/#webpage\",\"url\":\"https:\/\/sdk.mk\/index.php\/dua-te-them\/s-eshte-e-premte\/\",\"name\":\"S'\\u00cbSHT\\u00cb E PREMTE - \\u0421\\u0430\\u043a\\u0430\\u043c \\u0414\\u0430 \\u041a\\u0430\\u0436\\u0430\\u043c\",\"isPartOf\":{\"@id\":\"https:\/\/sdk.mk\/#website\"},\"datePublished\":\"2021-01-10T14:47:42+00:00\",\"dateModified\":\"2021-01-10T14:47:42+00:00\",\"author\":{\"@id\":\"https:\/\/sdk.mk\/#\/schema\/person\/737021aeacbe893f7e2c347186c5c7a1\"},\"inLanguage\":\"mk-MK\",\"potentialAction\":[{\"@type\":\"ReadAction\",\"target\":[\"https:\/\/sdk.mk\/index.php\/dua-te-them\/s-eshte-e-premte\/\"]}]},{\"@type\":\"Person\",\"@id\":\"https:\/\/sdk.mk\/#\/schema\/person\/737021aeacbe893f7e2c347186c5c7a1\",\"name\":\"\\u0424\\u0458\\u043e\\u043b\\u0430 \\u0417\\u043b\\u0430\\u0442\\u043a\\u0443\"}]}<\/script>\n<!-- \/ Yoast SEO Premium plugin. -->","_links":{"self":[{"href":"https:\/\/sdk.mk\/index.php\/wp-json\/wp\/v2\/posts\/136151"}],"collection":[{"href":"https:\/\/sdk.mk\/index.php\/wp-json\/wp\/v2\/posts"}],"about":[{"href":"https:\/\/sdk.mk\/index.php\/wp-json\/wp\/v2\/types\/post"}],"author":[{"embeddable":true,"href":"https:\/\/sdk.mk\/index.php\/wp-json\/wp\/v2\/users\/25"}],"replies":[{"embeddable":true,"href":"https:\/\/sdk.mk\/index.php\/wp-json\/wp\/v2\/comments?post=136151"}],"version-history":[{"count":0,"href":"https:\/\/sdk.mk\/index.php\/wp-json\/wp\/v2\/posts\/136151\/revisions"}],"wp:attachment":[{"href":"https:\/\/sdk.mk\/index.php\/wp-json\/wp\/v2\/media?parent=136151"}],"wp:term":[{"taxonomy":"category","embeddable":true,"href":"https:\/\/sdk.mk\/index.php\/wp-json\/wp\/v2\/categories?post=136151"},{"taxonomy":"post_tag","embeddable":true,"href":"https:\/\/sdk.mk\/index.php\/wp-json\/wp\/v2\/tags?post=136151"}],"curies":[{"name":"wp","href":"https:\/\/api.w.org\/{rel}","templated":true}]}}