{"id":137851,"date":"2021-02-01T16:36:44","date_gmt":"2021-02-01T15:36:44","guid":{"rendered":"https:\/\/sdk.mk\/?p=137851"},"modified":"2021-02-01T16:37:19","modified_gmt":"2021-02-01T15:37:19","slug":"ju-njoftojme-me-semundjet-e-rralla-albinizmi","status":"publish","type":"post","link":"https:\/\/sdk.mk\/index.php\/uncategorized-sq\/ju-njoftojme-me-semundjet-e-rralla-albinizmi\/","title":{"rendered":"JU NJOFTOJM\u00cb ME S\u00cbMUNDJET E RRALLA: ALBINIZMI"},"content":{"rendered":"<div class=\"f52428582a4b906b2d2e2a7d733c7d27\" data-index=\"7\" style=\"float: none; margin:10px 0 10px 0; text-align:center;\">\n<!-- MSP Ads Asynchronous JS Tag - Generated with Revive Adserver v5.4.1 -->\r\n<ins data-revive-zoneid=\"167\" data-revive-id=\"060fdb01f6430ec164d3519234aa4967\"><\/ins>\r\n<script async src=\"\/\/panel.ads.com.mk\/www\/delivery\/asyncjs.php\"><\/script>\n<\/div>\n<p><a href=\"https:\/\/www.youtube.com\/watch?v=8eFzagHOuEQ&amp;list=PLPGcigDEy-qjbp5PqAn9GhcRLTEx3PuVd&amp;index=1\" target=\"_blank\" rel=\"noopener noreferrer\"><em><strong>Albinism Albinizmi<\/strong><\/em><\/a><br \/>\nICD \u0415 70.30<br \/>\nPrevalenca: 1\/20.000<\/p>\n<p>Termi albiniz\u00ebm p\u00ebrdoret p\u00ebr nj\u00eb grup s\u00ebmundjesh apo gjendjesh t\u00eb rralla trash\u00ebguese t\u00eb cilat e kan\u00eb t\u00eb p\u00ebrbashk\u00ebt munges\u00ebn e pigmentit t\u00eb l\u00ebkur\u00ebs, syve dhe flok\u00ebve. Nryshimet n\u00eb pigmentim ndodhin p\u00ebr shkak metabolizmit t\u00eb \u00e7rregulluar t\u00eb melanin\u00ebs, ose m\u00eb sakt\u00eb p\u00ebr shkak t\u00eb pamund\u00ebsis\u00eb q\u00eb organizmi ta prodhoj\u00eb ose ta shp\u00ebrndaj\u00eb melanin\u00ebn. Albinizmi shfaqet te nj\u00eb n\u00eb 20 mij\u00eb njer\u00ebz. \u00c7do njeri q\u00eb vuan nga albinizmi ka edhe probleme me shikimin. Shumica e njer\u00ebzve me albiniz\u00ebm jan\u00eb shum\u00eb t\u00eb ndjesh\u00ebm ndaj rrezeve t\u00eb diellit<br \/>\ndhe kan\u00eb gjasa m\u00eb t\u00eb m\u00ebdha t\u00eb zhvillojn\u00eb kancer t\u00eb l\u00ebkur\u00ebs.<\/p>\n<p>Albinizmi ndahet n\u00eb disa tipe, mes t\u00eb cilave disa ndahen edhe n\u00eb n\u00ebntipe. Dy tipet kryesore t\u00eb albinizmit jan\u00eb: albinizmi okulokutan dhe albinizmi okular.<\/p>\n<p><a href=\"https:\/\/sdk.mk\/wp-content\/uploads\/2021\/01\/01-Albinizmi.png\"><img loading=\"lazy\" class=\"aligncenter wp-image-137854 size-full\" src=\"https:\/\/sdk.mk\/wp-content\/uploads\/2021\/01\/01-Albinizmi.png\" alt=\"\" width=\"1920\" height=\"1080\" srcset=\"https:\/\/sdk.mk\/wp-content\/uploads\/2021\/01\/01-Albinizmi.png 1920w, https:\/\/sdk.mk\/wp-content\/uploads\/2021\/01\/01-Albinizmi-400x225.png 400w, https:\/\/sdk.mk\/wp-content\/uploads\/2021\/01\/01-Albinizmi-650x366.png 650w, https:\/\/sdk.mk\/wp-content\/uploads\/2021\/01\/01-Albinizmi-250x141.png 250w, https:\/\/sdk.mk\/wp-content\/uploads\/2021\/01\/01-Albinizmi-768x432.png 768w, https:\/\/sdk.mk\/wp-content\/uploads\/2021\/01\/01-Albinizmi-1536x864.png 1536w, https:\/\/sdk.mk\/wp-content\/uploads\/2021\/01\/01-Albinizmi-150x84.png 150w, https:\/\/sdk.mk\/wp-content\/uploads\/2021\/01\/01-Albinizmi-50x28.png 50w, https:\/\/sdk.mk\/wp-content\/uploads\/2021\/01\/01-Albinizmi-100x56.png 100w, https:\/\/sdk.mk\/wp-content\/uploads\/2021\/01\/01-Albinizmi-200x113.png 200w, https:\/\/sdk.mk\/wp-content\/uploads\/2021\/01\/01-Albinizmi-300x169.png 300w, https:\/\/sdk.mk\/wp-content\/uploads\/2021\/01\/01-Albinizmi-350x197.png 350w, https:\/\/sdk.mk\/wp-content\/uploads\/2021\/01\/01-Albinizmi-450x253.png 450w, https:\/\/sdk.mk\/wp-content\/uploads\/2021\/01\/01-Albinizmi-500x281.png 500w, https:\/\/sdk.mk\/wp-content\/uploads\/2021\/01\/01-Albinizmi-550x309.png 550w, https:\/\/sdk.mk\/wp-content\/uploads\/2021\/01\/01-Albinizmi-800x450.png 800w, https:\/\/sdk.mk\/wp-content\/uploads\/2021\/01\/01-Albinizmi-1200x675.png 1200w, https:\/\/sdk.mk\/wp-content\/uploads\/2021\/01\/01-Albinizmi-1600x900.png 1600w\" sizes=\"(max-width: 1920px) 100vw, 1920px\" \/><\/a>\r\n\r\nAlbinizmi okulokutan:<br \/>\nAlbinizmi okulokutan prek l\u00ebkur\u00ebn, syt\u00eb dhe flok\u00ebt dhe \u00ebsht\u00eb i ndar\u00eb n\u00eb kat\u00ebr tipe kryesore:<br \/>\nAlbinizmi tip 1 \u00ebsht\u00eb i shkaktuar nga mutacion gjenetik dhe defekt n\u00eb enzim\u00ebn tirozinaza.<br \/>\nKjo enzim\u00eb i ndihmon trupit q\u00eb aminoacidin tirozin ta shnd\u00ebrroj\u00eb n\u00eb pigment. Ekzistojn\u00eb dy forma t\u00eb k\u00ebtij albinizmi &#8211; e para, kur enzima \u00ebsht\u00eb plot\u00ebsisht joaktive dhe organizmi ka\u00a0munges\u00eb t\u00eb plot\u00eb t\u00eb melanin\u00ebs dhe si pasoj\u00eb flok\u00ebt jan\u00eb t\u00eb bardha, l\u00ebkura shum\u00eb e zbeht\u00eb dhe syt\u00eb t\u00eb kalt\u00ebr &#8211; ngjyr\u00eb hiri, kurse forma e dyt\u00eb e redukton prodhimin e melanin\u00ebs q\u00eb mund t\u00eb shkatoj\u00eb q\u00eb flok\u00ebt t\u00eb jen\u00eb bjonde\/portokalle, kurse l\u00ebkura t\u00eb ket\u00eb shum\u00eb pak<br \/>\npigment.<\/p>\n<p>Albinizmi tip 2 \u00ebsht\u00eb m\u00eb i rrall\u00eb. K\u00ebta njer\u00ebz lindin me l\u00ebkure t\u00eb \u00e7elur, ngjyra e flok\u00ebve mund t\u00eb jet\u00eb nga bjonde platin, t\u00eb verdha ose kafe e hapur. Ata i kan\u00eb problemet e njejta shoq\u00ebruese si format tjera t\u00eb albinizmit, si\u00e7 \u00ebsht\u00eb shikimi i d\u00ebmtuar. Ky tip zakonisht haset te afrikan\u00ebt Sub-Saharian dhe afroamerikan\u00ebt.<\/p>\n<p>Albinizmi tip 3 zakonisht i prek njer\u00ebzit me ngjyr\u00eb t\u00eb err\u00ebt t\u00eb lekur\u00ebs. L\u00ebkura \u00ebsht\u00eb kuqalashe &#8211; kafe, kan\u00eb flok\u00eb t\u00eb kuqe dhe sy t\u00eb kalt\u00ebr ose kafe. Haset te njer\u00ebzit me prejardhje afrikane.<\/p>\n<p>Albinizmi tip 4 ka prodhim minimal t\u00eb melanin\u00ebs dhe m\u00eb shpesh gjendet te popujt me origjin\u00eb aziatike lindore. Njer\u00ebzit me k\u00ebt\u00eb tip t\u00eb albinizmit kan\u00eb simptoma t\u00eb ngjashme si ata me tip 2.<\/p>\n<p>Albinizmi okular:<br \/>\nAlbinizmi okular shkaktohet nga mutacion i nj\u00eb gjeni n\u00eb kromozomin X dhe ndodh pothuajse ekskluzivisht tek meshkujt. Kjo form\u00eb e albinizmit i prek vet\u00ebm syt\u00eb. Personat me albiniz\u00ebm okular kan\u00eb ngjyr\u00eb normale t\u00eb l\u00ebkur\u00ebs dhe t\u00eb flok\u00ebve, por nuk kan\u00eb ngjyr\u00eb n\u00eb retin\u00ebn e syrit.<\/p>\n<p>Pigmentimi i irisit \u00ebsht\u00eb m\u00eb i dob\u00ebt. Albinizmi okular \u00ebsht\u00eb i shoq\u00ebruar me d\u00ebmtim t\u00eb thell\u00eb t\u00eb shikimit. Simptoma tjera t\u00eb shoq\u00ebruara me k\u00ebt\u00eb s\u00ebmundje jan\u00eb:<br \/>\n&#8211; l\u00ebvizje t\u00eb shpejta t\u00eb pavullnetshme e syve (nistagmus);<br \/>\n&#8211; v\u00ebng\u00ebr (strabizmus);<br \/>\n&#8211; largpam\u00ebsi ose shkurtpam\u00ebsi ekstreme;<br \/>\n&#8211; fotofobi.<br \/>\nShkaqet p\u00ebr albiniz\u00ebm:<br \/>\nAlbinizmi ndodh si rezultat i trash\u00ebgimit recisiv t\u00eb gjeneve (aleleve) dhe haset te t\u00eb gjith\u00eb<br \/>\nkurrizor\u00ebt, duke e p\u00ebrfshir\u00eb edhe njeriun. Zakonisht, mutacioni rezulton me munges\u00eb t\u00eb<\/p>\n<p>plot\u00eb ose defekt t\u00eb enzim\u00ebs tirozinaza. Format e ndryshme t\u00eb albinizmit trash\u00ebgohen n\u00eb<br \/>\nm\u00ebnyra t\u00eb ndryshme. Albinizmi okulokutan trash\u00ebgohen n\u00eb m\u00ebnyr\u00eb autosomale recisive, q\u00eb<br \/>\ndo t\u00eb thot\u00eb t\u00eb dy prind\u00ebrit bartin nga nj\u00eb kopje t\u00eb gjenit me mutacion, kurse f\u00ebmija i merr t\u00eb<br \/>\ndy kopjet e mutuara t\u00eb gjenit dhe e shfaq s\u00ebmundjen. N\u00eb k\u00ebt\u00eb rast rreziku p\u00ebr tu shfaqur<br \/>\ns\u00ebmundja te f\u00ebmija \u00ebsht\u00eb 25% kurse rreziku q\u00eb f\u00ebmija t\u00eb jet\u00eb bart\u00ebs i gjenit t\u00eb albinizmit<br \/>\n\u00ebsht\u00eb 50%.<br \/>\n(radio jingle I njohim s\u00ebmundjet e rralla)<br \/>\nAlbinizmi okular trash\u00ebgohet p\u00ebrmes kromozomit X dhe nuk i prek femrat kurr\u00eb. Mashkulli i cili vuan nga albinizmi nuk do t\u00eb ket\u00eb f\u00ebmij\u00eb me albiniz\u00ebm, por t\u00eb gjitha bijat e tij do t\u00eb jen\u00eb bart\u00ebse dhe do t\u00eb ken\u00eb gjasa 50% q\u00eb k\u00ebt\u00eb s\u00ebmundje tua trash\u00ebgojn\u00eb djemve t\u00eb tyre.<br \/>\nTestimi gjenetik mund ta konfirmoj\u00eb albinizmin dhe llojin e tij, por nga ana mjek\u00ebsore nukluan rol, p\u00ebrve\u00e7se n\u00eb rastet e \u00e7regullimeve q\u00eb nuk jan\u00eb t\u00eb llojit albiniz\u00ebm okulokutan porjan\u00eb lloje t\u00eb albinizmit n\u00eb kuad\u00ebr t\u00eb problemeve tjera mjek\u00ebsore t\u00eb cilat mund t\u00eb sh\u00ebrrohen.<\/p>\n<p>Trajtimi:<br \/>\nN\u00eb t\u00eb shumt\u00ebn e rasteve, kurimi i syve p\u00ebrb\u00ebhet nga rehabilitimi vizuel. Mund t\u00eb b\u00ebhet nd\u00ebrhyrje kirurgjikale n\u00eb muskujt e syve q\u00eb t\u00eb zvog\u00eblohet nistagmusi, strabizmi dhe anomalit\u00eb e shpeshta refraktive si\u00e7 \u00ebsht\u00eb astigmatizmi. Suksesi i k\u00ebtyre metodave ndryshon shum\u00eb nga rasti n\u00eb rast. Trajtimi i pacient\u00ebve me albiniz\u00ebm synon leht\u00ebsimin e simptomave dhe parandalimin e komplikimeve serioze si kanceri i l\u00ebkur\u00ebs. Rekomandohet q\u00eb personat albino t\u00eb mos eksponohen gjat\u00eb n\u00eb diell, dhe kur dalin jasht\u00eb ta mbrojn\u00eb l\u00ebkur\u00ebn dhe syt\u00eb nga rrezet e diellit, me krem\u00eb dielli me faktor mbrojt\u00ebs dhe syze p\u00ebr diell me filter UV.<\/p>\n<p>Fakt interesante p\u00ebr albinizmin \u00ebsht\u00eb q\u00eb ai haset edhe te lloje t\u00eb ndryshme t\u00eb kafsh\u00ebve: Shum\u00eb kafsh\u00ebve me albiniz\u00ebm u mungon maskimi i tyre (kamuflazhi) mbrojt\u00ebs me q\u00ebllim t\u00eb mbrohen apo fshihen nga rreziku. K\u00ebta kafsh\u00eb kan\u00eb sy t\u00eb kuqe apo roz\u00eb pasi q\u00eb mungesa e pigmentit t\u00eb syrit mund\u00ebson q\u00eb t\u00eb duken en\u00ebt e gjakut. Nj\u00eblloj si te njer\u00ebzit, edhe kafsh\u00ebt \u2013 albino kan\u00eb gjasa m\u00eb t\u00eb m\u00ebdha t\u00eb fitojn\u00eb kancer t\u00eb l\u00ebkur\u00ebs. Kafsh\u00ebt albino n\u00eb bot\u00ebn e eg\u00ebr jan\u00eb t\u00eb rrezikuara, pasi q\u00eb nuk jan\u00eb n\u00eb gjendje t\u00eb gjuajn\u00eb gjahun dhe t\u00eb ushqehen. Zakonisht vdesin nga uria.<\/p>\n\n<div style=\"font-size: 0px; height: 0px; line-height: 0px; margin: 0; padding: 0; clear: both;\"><\/div>","protected":false},"excerpt":{"rendered":"<p>Albinism Albinizmi ICD \u0415 70.30 Prevalenca: 1\/20.000 Termi albiniz\u00ebm p\u00ebrdoret p\u00ebr nj\u00eb grup s\u00ebmundjesh apo gjendjesh t\u00eb rralla trash\u00ebguese t\u00eb [&hellip;]<\/p>\n","protected":false},"author":24,"featured_media":137845,"comment_status":"closed","ping_status":"closed","sticky":false,"template":"","format":"standard","meta":{"_mo_disable_npp":"no","inline_featured_image":false},"categories":[1794],"tags":[],"imageURL":"https:\/\/sdk.mk\/wp-content\/uploads\/2021\/01\/01-Albinizam-650x366.png","thumbURL":"https:\/\/sdk.mk\/wp-content\/uploads\/2021\/01\/01-Albinizam-250x141.png","categoryNames":["Uncategorized"],"feature_caption":"","subtitle":"","views":"4196","source":"\u0421\u043a\u043e\u043f\u0458\u0435, (\u0421\u0410\u041a\u0410\u041c\u0414\u0410\u041a\u0410\u041a\u0410\u0416\u0410\u041c.\u041c\u041a)","yoast_head":"<!-- This site is optimized with the Yoast SEO Premium plugin v15.0 - https:\/\/yoast.com\/wordpress\/plugins\/seo\/ -->\n<title>JU NJOFTOJM\u00cb ME S\u00cbMUNDJET E RRALLA: ALBINIZMI - \u0421\u0430\u043a\u0430\u043c \u0414\u0430 \u041a\u0430\u0436\u0430\u043c<\/title>\n<meta name=\"robots\" content=\"index, follow, max-snippet:-1, max-image-preview:large, max-video-preview:-1\" \/>\n<link rel=\"canonical\" href=\"https:\/\/sdk.mk\/index.php\/uncategorized-sq\/ju-njoftojme-me-semundjet-e-rralla-albinizmi\/\" \/>\n<meta property=\"og:locale\" content=\"mk_MK\" \/>\n<meta property=\"og:type\" content=\"article\" \/>\n<meta property=\"og:title\" content=\"JU NJOFTOJM\u00cb ME S\u00cbMUNDJET E RRALLA: ALBINIZMI - \u0421\u0430\u043a\u0430\u043c \u0414\u0430 \u041a\u0430\u0436\u0430\u043c\" \/>\n<meta property=\"og:description\" content=\"Albinism Albinizmi ICD \u0415 70.30 Prevalenca: 1\/20.000 Termi albiniz\u00ebm p\u00ebrdoret p\u00ebr nj\u00eb grup s\u00ebmundjesh apo gjendjesh t\u00eb rralla trash\u00ebguese t\u00eb [&hellip;]\" \/>\n<meta property=\"og:url\" content=\"https:\/\/sdk.mk\/index.php\/uncategorized-sq\/ju-njoftojme-me-semundjet-e-rralla-albinizmi\/\" \/>\n<meta property=\"og:site_name\" content=\"\u0421\u0430\u043a\u0430\u043c \u0414\u0430 \u041a\u0430\u0436\u0430\u043c\" \/>\n<meta property=\"article:published_time\" content=\"2021-02-01T15:36:44+00:00\" \/>\n<meta property=\"article:modified_time\" content=\"2021-02-01T15:37:19+00:00\" \/>\n<meta property=\"og:image\" content=\"https:\/\/sdk.mk\/wp-content\/uploads\/2021\/01\/01-Albinizam.png\" \/>\n\t<meta property=\"og:image:width\" content=\"1920\" \/>\n\t<meta property=\"og:image:height\" content=\"1080\" \/>\n<meta property=\"fb:app_id\" content=\"2407985809428537\" \/>\n<meta name=\"twitter:card\" content=\"summary\" \/>\n<script type=\"application\/ld+json\" class=\"yoast-schema-graph\">{\"@context\":\"https:\/\/schema.org\",\"@graph\":[{\"@type\":\"WebSite\",\"@id\":\"https:\/\/sdk.mk\/#website\",\"url\":\"https:\/\/sdk.mk\/\",\"name\":\"\\u0421\\u0430\\u043a\\u0430\\u043c \\u0414\\u0430 \\u041a\\u0430\\u0436\\u0430\\u043c\",\"description\":\"\\u0417\\u0430 \\u0441\\u043b\\u043e\\u0431\\u043e\\u0434\\u043e\\u0443\\u043c\\u043d\\u0438\",\"potentialAction\":[{\"@type\":\"SearchAction\",\"target\":\"https:\/\/sdk.mk\/?s={search_term_string}\",\"query-input\":\"required name=search_term_string\"}],\"inLanguage\":\"mk-MK\"},{\"@type\":\"ImageObject\",\"@id\":\"https:\/\/sdk.mk\/index.php\/uncategorized-sq\/ju-njoftojme-me-semundjet-e-rralla-albinizmi\/#primaryimage\",\"inLanguage\":\"mk-MK\",\"url\":\"https:\/\/sdk.mk\/wp-content\/uploads\/2021\/01\/01-Albinizam.png\",\"width\":1920,\"height\":1080},{\"@type\":\"WebPage\",\"@id\":\"https:\/\/sdk.mk\/index.php\/uncategorized-sq\/ju-njoftojme-me-semundjet-e-rralla-albinizmi\/#webpage\",\"url\":\"https:\/\/sdk.mk\/index.php\/uncategorized-sq\/ju-njoftojme-me-semundjet-e-rralla-albinizmi\/\",\"name\":\"JU NJOFTOJM\\u00cb ME S\\u00cbMUNDJET E RRALLA: ALBINIZMI - \\u0421\\u0430\\u043a\\u0430\\u043c \\u0414\\u0430 \\u041a\\u0430\\u0436\\u0430\\u043c\",\"isPartOf\":{\"@id\":\"https:\/\/sdk.mk\/#website\"},\"primaryImageOfPage\":{\"@id\":\"https:\/\/sdk.mk\/index.php\/uncategorized-sq\/ju-njoftojme-me-semundjet-e-rralla-albinizmi\/#primaryimage\"},\"datePublished\":\"2021-02-01T15:36:44+00:00\",\"dateModified\":\"2021-02-01T15:37:19+00:00\",\"author\":{\"@id\":\"https:\/\/sdk.mk\/#\/schema\/person\/864d4cb4c82a45f771023b00a4aa5176\"},\"inLanguage\":\"mk-MK\",\"potentialAction\":[{\"@type\":\"ReadAction\",\"target\":[\"https:\/\/sdk.mk\/index.php\/uncategorized-sq\/ju-njoftojme-me-semundjet-e-rralla-albinizmi\/\"]}]},{\"@type\":\"Person\",\"@id\":\"https:\/\/sdk.mk\/#\/schema\/person\/864d4cb4c82a45f771023b00a4aa5176\",\"name\":\"Biljana Nestoroska\"}]}<\/script>\n<!-- \/ Yoast SEO Premium plugin. -->","_links":{"self":[{"href":"https:\/\/sdk.mk\/index.php\/wp-json\/wp\/v2\/posts\/137851"}],"collection":[{"href":"https:\/\/sdk.mk\/index.php\/wp-json\/wp\/v2\/posts"}],"about":[{"href":"https:\/\/sdk.mk\/index.php\/wp-json\/wp\/v2\/types\/post"}],"author":[{"embeddable":true,"href":"https:\/\/sdk.mk\/index.php\/wp-json\/wp\/v2\/users\/24"}],"replies":[{"embeddable":true,"href":"https:\/\/sdk.mk\/index.php\/wp-json\/wp\/v2\/comments?post=137851"}],"version-history":[{"count":0,"href":"https:\/\/sdk.mk\/index.php\/wp-json\/wp\/v2\/posts\/137851\/revisions"}],"wp:featuredmedia":[{"embeddable":true,"href":"https:\/\/sdk.mk\/index.php\/wp-json\/wp\/v2\/media\/137845"}],"wp:attachment":[{"href":"https:\/\/sdk.mk\/index.php\/wp-json\/wp\/v2\/media?parent=137851"}],"wp:term":[{"taxonomy":"category","embeddable":true,"href":"https:\/\/sdk.mk\/index.php\/wp-json\/wp\/v2\/categories?post=137851"},{"taxonomy":"post_tag","embeddable":true,"href":"https:\/\/sdk.mk\/index.php\/wp-json\/wp\/v2\/tags?post=137851"}],"curies":[{"name":"wp","href":"https:\/\/api.w.org\/{rel}","templated":true}]}}