{"id":139121,"date":"2021-02-14T16:38:06","date_gmt":"2021-02-14T15:38:06","guid":{"rendered":"https:\/\/sdk.mk\/?p=139121"},"modified":"2021-02-14T16:38:23","modified_gmt":"2021-02-14T15:38:23","slug":"saga-e-vaksajnave","status":"publish","type":"post","link":"https:\/\/sdk.mk\/index.php\/dua-te-them\/saga-e-vaksajnave\/","title":{"rendered":"SAGA E VAKSAJNAVE"},"content":{"rendered":"<div class=\"f52428582a4b906b2d2e2a7d733c7d27\" data-index=\"7\" style=\"float: none; margin:10px 0 10px 0; text-align:center;\">\n<!-- MSP Ads Asynchronous JS Tag - Generated with Revive Adserver v5.4.1 -->\r\n<ins data-revive-zoneid=\"167\" data-revive-id=\"060fdb01f6430ec164d3519234aa4967\"><\/ins>\r\n<script async src=\"\/\/panel.ads.com.mk\/www\/delivery\/asyncjs.php\"><\/script>\n<\/div>\n<p><span class=\"dropcap color firstcharacter\">1<\/span> Mb\u00ebrriti nj\u00eb komunikat\u00eb nga Kabineti i Artan Grubit e cila lajm\u00ebronte mediat q\u00eb \u201cZv. kryeministri i par\u00eb dhe ministri p\u00ebr sistem politik dhe marr\u00ebdh\u00ebnie mes bashk\u00ebsive do t\u00eb marr\u00eb pjes\u00eb n\u00eb vendosjen e shenjave rrugore trigjuh\u00ebsore n\u00eb maqedonisht, shqip dhe anglisht n\u00eb Korridorin 8, nga NP \u201cMakedonija pat\u201d dhe \u201cNd\u00ebrmarrja publike p\u00ebr rrug\u00ebt shtet\u00ebrore\u201d.<\/p>\n<p>Nj\u00eb rikujtim i vog\u00ebl p\u00ebr t\u00eb gjith\u00eb. \u00cbsht\u00eb viti 2021, shekulli 21. N\u00eb bot\u00eb po mbret\u00ebron pandemia. Kurse, zv. kryeministri i nj\u00eb shteti evropian q\u00eb \u00ebsht\u00eb an\u00ebtar i NATO-s merr pjes\u00eb n\u00eb vendosjen e shenjave rrugore, nd\u00ebrsa mediat komunikojn\u00eb mbi pjes\u00ebmarrjen e tij. S\u2019e kam fare t\u00eb qart\u00eb se si nj\u00eb zv. kryeminist\u00ebr \u201cmerr pjes\u00eb\u201d n\u00eb vendosjen e shenjave rrugore\u2026Mos vall\u00eb hap gropa, shkruan n\u00eb tabel\u00eb, heq pluhurin\u2026? Megjithat\u00eb, ai nuk \u00ebsht\u00eb nj\u00eb zv.kryeminist\u00ebr i zakonsh\u00ebm. \u00cbsht\u00eb i pari.<\/p>\n<p>Nuk \u00ebsht\u00eb \u00e7udi q\u00eb vaksinat e kovid-19 nuk kan\u00eb mb\u00ebrritur akoma. Me siguri jan\u00eb humbur rrug\u00ebs ngaq\u00eb nuk ka pasur shenja n\u00eb gjuh\u00ebn shqipe.<\/p>\n<p><span class=\"dropcap color firstcharacter\">2 <\/span> Gjat\u00eb jav\u00ebs s\u00eb fundit shteti ka sh\u00ebnuar nj\u00eb p\u00ebrparim t\u00eb madh n\u00eb procesin e vaksinimit. P\u00ebrve\u00e7 frigorifer\u00ebve dhe m\u00ebng\u00ebve t\u00eb p\u00ebrveshura, tashm\u00eb kemi edhe list\u00eb qytetar\u00ebsh dhe qytetaresh q\u00eb kan\u00eb shprehur d\u00ebshir\u00eb p\u00ebr t\u2019u vaksinuar. Jan\u00eb p\u00ebrmbushur tre nga kat\u00ebr elementet e nevojshme p\u00ebr imunizim. Kjo \u00ebsht\u00eb ok p\u00ebr k\u00ebt\u00eb faz\u00eb t\u00eb procesit.<\/p>\n<p>Mungojn\u00eb magnetet p\u00ebr frigorifer\u00eb, por ato do t\u2019i marrim nga Kina n\u00eb faz\u00ebn e radh\u00ebs kur t\u00eb fillojm\u00eb t\u00eb zhvillojm\u00eb dhe turiz\u00ebm vaksinal, meq\u00ebn\u00ebse ne disponojm\u00eb me sektorin m\u00eb t\u00eb zhvilluar hotelierik. Hotelier\u00ebt k\u00ebrkojn\u00eb q\u00eb t\u00eb jen\u00eb n\u00eb grupin e par\u00eb t\u00eb vaksinimit bashk\u00eb me infermier\u00ebt dhe mjek\u00ebt, kurse pronar\u00ebt e kafeve k\u00ebrkojn\u00eb q\u00eb t\u00eb mos ken\u00eb m\u00eb kufizime n\u00eb orarin e pun\u00ebs\u2026N\u00ebse nuk do t\u00eb ket\u00eb dasma, do ta bllokojn\u00eb shtetin me protesta.<\/p>\n<p>Si ka nisur kjo pun\u00eb, do t\u00eb na vaksinojn\u00eb n\u00eb sezonin turistik. Zakoni i t\u00eb priturit p\u00ebrputhet me tradit\u00ebn ton\u00eb. Jemi gjithnj\u00eb n\u00eb pritje. N\u00eb pritje t\u00eb nj\u00eb date. Vjen data, por komplikohet puna. Vjen data e re dhe papritur kemi ca detale teknike dhe hop \u2013 nj\u00eb dat\u00eb tjet\u00ebr p\u00ebr t\u00eb pritur. Na mungonte vet\u00ebm Viti i Ri kinez, tani edhe at\u00eb do ta presim. \u00c7\u2019nuk kemi pritur, pse mos ta presim edhe at\u00eb.<\/p>\n<p>Dikush mund t\u00eb shkruaj\u00eb nj\u00eb roman t\u00eb t\u00ebr\u00eb me ngat\u00ebrresat e historis\u00eb s\u00eb vaksinave. \u201cSaga e vaksajnave\u201ddo t\u00eb b\u00ebhet best-seller madje q\u00eb n\u00eb versionin e par\u00eb. Dreqi e marrt\u00eb, e \u00e7ipuan gjith\u00eb bot\u00ebn, vet\u00ebm ne-jo. S\u2019b\u00ebkemi as p\u00ebr nj\u00eb \u00e7ip.<\/p>\n<p><span class=\"dropcap color firstcharacter\">3 <\/span> Nj\u00eb arritje shum\u00eb e madhe \u00ebsht\u00eb an\u00ebtar\u00ebsimi n\u00eb LSDM. Nj\u00ebr\u00ebzit q\u00eb p\u00ebrdit\u00ebsojn\u00eb t\u00eb dh\u00ebnat e tyre n\u00eb list\u00ebn partiake dhe b\u00ebjn\u00eb pafund foto p\u00ebr t\u2019u l\u00ebvduar n\u00eb Facebook.<\/p>\n<p>P\u00ebr ne q\u00eb nuk kemi list\u00eb p\u00ebr t\u2019u p\u00ebrdit\u00ebsuar, \u00ebsht\u00eb e \u00e7uditshme q\u00eb nj\u00eb aktivitet kaq i zakonsh\u00ebm partiak t\u00eb kthehet n\u00eb nj\u00eb lajm t\u00eb interesit publik. Pse \u00ebsht\u00eb kaq dramatike? P\u00ebrse t\u00eb mos p\u00ebrdit\u00ebsohen t\u00eb dh\u00ebnat e an\u00ebtar\u00ebve n\u00eb list\u00ebn partiake? Mos vall\u00eb LSDM -ja pret q\u00eb an\u00ebtar\u00ebt t\u00eb mos e p\u00ebrdit\u00ebsojn\u00eb an\u00ebtar\u00ebsin\u00eb e tyre, si parti qeveris\u00ebse q\u00eb \u00ebsht\u00eb?\u00a0 Mos vall\u00eb jan\u00eb habitur nga ky nivel i besnik\u00ebris\u00eb?<\/p>\n<p>P\u00ebr m\u00eb tep\u00ebr na shesin dhe fraza si \u2013 Qytetar\u00ebt i njohin politikat e suksesshme t\u00eb LSDM-s\u00eb. Ore, jeni n\u00eb qeveri. Nuk jan\u00eb qytetar\u00eb, por an\u00ebtar\u00eb partiak\u00eb q\u00eb njohin privilegjet q\u00eb mund t\u2019u sjell\u00eb partia qeveris\u00ebse. Pse nuk u p\u00ebrdit\u00ebsuan kur ishin n\u00eb opozit\u00eb, kur VMRO-DPMNE tregonte fuqin\u00eb e vet me autobus\u00eb, sandui\u00e7a e tubime?<\/p>\n<p>Nuk m\u00eb pengon aktiviteti partiak, e as m\u00eb b\u00ebhet von\u00eb. Por ne e dim\u00eb se te ne nuk futet dot dikush n\u00eb parti nga ideologjia, por p\u00ebr t\u00eb gjetur pun\u00eb. Ky dallim i ndan ata si m\u00eb t\u00eb barabart\u00eb se t\u00eb tjer\u00ebt q\u00eb nuk jan\u00eb an\u00ebtar\u00eb partie.<\/p>\n<p>I ndan dhe p\u00ebr nga fati se t\u00eb pap\u00ebrdit\u00ebsuarit gjithnj\u00eb paguajn\u00eb q\u00eb t\u00eb p\u00ebrdit\u00ebsuarit t\u00eb mund t\u00eb marrin rrog\u00eb.<\/p>\n<p><span class=\"dropcap color firstcharacter\">4<\/span> Nj\u00eb mjeke nga Serbia e cila nuk ka pasur licenc\u00eb pune, ka kryer nj\u00eb operiacion n\u00eb spitalin e Manastirit ku ka punuar i shoqi. P\u00ebr shkak t\u00eb k\u00ebtij incidenti, dy mjek\u00eb t\u00eb tjer\u00eb jan\u00eb p\u00ebrjashtuar, nd\u00ebrsa shtat\u00eb prej tyre jan\u00eb d\u00ebnuar. Me sa u mor vesh deri m\u00eb tani, prerja cezariane ka rezultuar pa sukses.<br \/>\nDrejtori i spitalit t\u00eb Strug\u00ebs, i cili p\u00ebr fat ka licenc\u00eb pune, vazhdon t\u00eb jet\u00eb drejtor i spitalit, edhe pse inspeksioni zbuloi se n\u00eb sht\u00ebpi ka hapur nj\u00eb ordinanc\u00eb t\u00eb paligjshme. Pacientja pohon se p\u00ebrve\u00e7 prerjes cezariane, i ka hequr tre organe t\u00eb tjera. Dhe vazhdon t\u00eb operoj\u00eb, pa u d\u00ebnuar asnjeri.<\/p>\n<p>E n\u00ebqoft\u00ebse mjekja e Manastirit k\u00ebrkon pun\u00eb n\u00eb sh\u00ebndetin publik, le t\u00eb konkurroj\u00eb p\u00ebr drejtore n\u00eb Strug\u00eb. Nuk ka problem se \u00ebsht\u00eb nga Serbia, q\u00eb nuk \u00ebsht\u00eb edhe nj\u00eb referenc\u00eb shum\u00eb e mir\u00eb p\u00ebr an\u00ebtar\u00ebsim n\u00eb BDI. P\u00ebrndryshe, nj\u00eb p\u00ebrdit\u00ebsim n\u00eb BDI do t&#8217;i shp\u00ebtonte t\u00eb gjith\u00eb nga d\u00ebnimi. N\u00ebse tashm\u00eb ke vendosur t\u00eb an\u00ebtar\u00ebsohesh n\u00eb parti, e nuk e b\u00ebn k\u00ebt\u00eb p\u00ebr shkak t\u00eb ideologjis\u00eb, e ke m\u00eb s\u00eb miri t\u00eb an\u00ebtar\u00ebsohesh n\u00eb BDI. An\u00ebtar\u00ebsohu aty ku partia t\u00eb garanton se nuk t\u00eb z\u00eb dot as Kushtetuta e as ligji.<\/p>\n<p><strong><em>P\u00ebrktheu: Fjolla Zllatku <\/em><\/strong><\/p>\n<p>&nbsp;<\/p>\n\n<div style=\"font-size: 0px; height: 0px; line-height: 0px; margin: 0; padding: 0; clear: both;\"><\/div>","protected":false},"excerpt":{"rendered":"<p>Mb\u00ebrriti nj\u00eb komunikat\u00eb nga Kabineti i Artan Grubit e cila lajm\u00ebronte mediat q\u00eb \u201cZv. kryeministri i par\u00eb dhe ministri p\u00ebr [&hellip;]<\/p>\n","protected":false},"author":25,"featured_media":0,"comment_status":"closed","ping_status":"closed","sticky":false,"template":"","format":"standard","meta":{"_mo_disable_npp":"no","inline_featured_image":false},"categories":[1825],"tags":[],"imageURL":false,"thumbURL":false,"categoryNames":["DUA T\u00cb THEM"],"feature_caption":"","subtitle":"Nuk na mjaftoi pritja e dat\u00ebs p\u00ebr BE, tani do t\u00eb presim edhe Vitin e Ri kinez","views":"27","source":"Shkup, (SAKAMDAKAZAM.MK)","yoast_head":"<!-- This site is optimized with the Yoast SEO Premium plugin v15.0 - https:\/\/yoast.com\/wordpress\/plugins\/seo\/ -->\n<title>SAGA E VAKSAJNAVE - \u0421\u0430\u043a\u0430\u043c \u0414\u0430 \u041a\u0430\u0436\u0430\u043c<\/title>\n<meta name=\"robots\" content=\"index, follow, max-snippet:-1, max-image-preview:large, max-video-preview:-1\" \/>\n<link rel=\"canonical\" href=\"https:\/\/sdk.mk\/index.php\/dua-te-them\/saga-e-vaksajnave\/\" \/>\n<meta property=\"og:locale\" content=\"mk_MK\" \/>\n<meta property=\"og:type\" content=\"article\" \/>\n<meta property=\"og:title\" content=\"SAGA E VAKSAJNAVE - \u0421\u0430\u043a\u0430\u043c \u0414\u0430 \u041a\u0430\u0436\u0430\u043c\" \/>\n<meta property=\"og:description\" content=\"Mb\u00ebrriti nj\u00eb komunikat\u00eb nga Kabineti i Artan Grubit e cila lajm\u00ebronte mediat q\u00eb \u201cZv. kryeministri i par\u00eb dhe ministri p\u00ebr [&hellip;]\" \/>\n<meta property=\"og:url\" content=\"https:\/\/sdk.mk\/index.php\/dua-te-them\/saga-e-vaksajnave\/\" \/>\n<meta property=\"og:site_name\" content=\"\u0421\u0430\u043a\u0430\u043c \u0414\u0430 \u041a\u0430\u0436\u0430\u043c\" \/>\n<meta property=\"article:published_time\" content=\"2021-02-14T15:38:06+00:00\" \/>\n<meta property=\"article:modified_time\" content=\"2021-02-14T15:38:23+00:00\" \/>\n<meta property=\"og:image\" content=\"https:\/\/sdk.mk\/wp-content\/uploads\/2015\/12\/goran-mihailovski2.jpg\" \/>\n\t<meta property=\"og:image:width\" content=\"400\" \/>\n\t<meta property=\"og:image:height\" content=\"313\" \/>\n<meta property=\"fb:app_id\" content=\"2407985809428537\" \/>\n<meta name=\"twitter:card\" content=\"summary\" \/>\n<script type=\"application\/ld+json\" class=\"yoast-schema-graph\">{\"@context\":\"https:\/\/schema.org\",\"@graph\":[{\"@type\":\"WebSite\",\"@id\":\"https:\/\/sdk.mk\/#website\",\"url\":\"https:\/\/sdk.mk\/\",\"name\":\"\\u0421\\u0430\\u043a\\u0430\\u043c \\u0414\\u0430 \\u041a\\u0430\\u0436\\u0430\\u043c\",\"description\":\"\\u0417\\u0430 \\u0441\\u043b\\u043e\\u0431\\u043e\\u0434\\u043e\\u0443\\u043c\\u043d\\u0438\",\"potentialAction\":[{\"@type\":\"SearchAction\",\"target\":\"https:\/\/sdk.mk\/?s={search_term_string}\",\"query-input\":\"required name=search_term_string\"}],\"inLanguage\":\"mk-MK\"},{\"@type\":\"WebPage\",\"@id\":\"https:\/\/sdk.mk\/index.php\/dua-te-them\/saga-e-vaksajnave\/#webpage\",\"url\":\"https:\/\/sdk.mk\/index.php\/dua-te-them\/saga-e-vaksajnave\/\",\"name\":\"SAGA E VAKSAJNAVE - \\u0421\\u0430\\u043a\\u0430\\u043c \\u0414\\u0430 \\u041a\\u0430\\u0436\\u0430\\u043c\",\"isPartOf\":{\"@id\":\"https:\/\/sdk.mk\/#website\"},\"datePublished\":\"2021-02-14T15:38:06+00:00\",\"dateModified\":\"2021-02-14T15:38:23+00:00\",\"author\":{\"@id\":\"https:\/\/sdk.mk\/#\/schema\/person\/737021aeacbe893f7e2c347186c5c7a1\"},\"inLanguage\":\"mk-MK\",\"potentialAction\":[{\"@type\":\"ReadAction\",\"target\":[\"https:\/\/sdk.mk\/index.php\/dua-te-them\/saga-e-vaksajnave\/\"]}]},{\"@type\":\"Person\",\"@id\":\"https:\/\/sdk.mk\/#\/schema\/person\/737021aeacbe893f7e2c347186c5c7a1\",\"name\":\"\\u0424\\u0458\\u043e\\u043b\\u0430 \\u0417\\u043b\\u0430\\u0442\\u043a\\u0443\"}]}<\/script>\n<!-- \/ Yoast SEO Premium plugin. -->","_links":{"self":[{"href":"https:\/\/sdk.mk\/index.php\/wp-json\/wp\/v2\/posts\/139121"}],"collection":[{"href":"https:\/\/sdk.mk\/index.php\/wp-json\/wp\/v2\/posts"}],"about":[{"href":"https:\/\/sdk.mk\/index.php\/wp-json\/wp\/v2\/types\/post"}],"author":[{"embeddable":true,"href":"https:\/\/sdk.mk\/index.php\/wp-json\/wp\/v2\/users\/25"}],"replies":[{"embeddable":true,"href":"https:\/\/sdk.mk\/index.php\/wp-json\/wp\/v2\/comments?post=139121"}],"version-history":[{"count":0,"href":"https:\/\/sdk.mk\/index.php\/wp-json\/wp\/v2\/posts\/139121\/revisions"}],"wp:attachment":[{"href":"https:\/\/sdk.mk\/index.php\/wp-json\/wp\/v2\/media?parent=139121"}],"wp:term":[{"taxonomy":"category","embeddable":true,"href":"https:\/\/sdk.mk\/index.php\/wp-json\/wp\/v2\/categories?post=139121"},{"taxonomy":"post_tag","embeddable":true,"href":"https:\/\/sdk.mk\/index.php\/wp-json\/wp\/v2\/tags?post=139121"}],"curies":[{"name":"wp","href":"https:\/\/api.w.org\/{rel}","templated":true}]}}