{"id":139548,"date":"2021-02-19T14:40:19","date_gmt":"2021-02-19T13:40:19","guid":{"rendered":"https:\/\/sdk.mk\/?p=139548"},"modified":"2021-02-19T14:40:19","modified_gmt":"2021-02-19T13:40:19","slug":"te-gjithe-qe-kane-kaluar-kovid-19-mund-te-vaksionohen-te-pakten-nje-muaj-pas-sherimit-te-krejtesishem","status":"publish","type":"post","link":"https:\/\/sdk.mk\/index.php\/maqedonia\/te-gjithe-qe-kane-kaluar-kovid-19-mund-te-vaksionohen-te-pakten-nje-muaj-pas-sherimit-te-krejtesishem\/","title":{"rendered":"T\u00cb GJITH\u00cb Q\u00cb KAN\u00cb KALUAR KOVID-19 MUND T\u00cb VAKSIONOHEN T\u00cb PAKT\u00cbN NJ\u00cb MUAJ PAS SH\u00cbRIMIT T\u00cb KREJT\u00cbSISH\u00cbM"},"content":{"rendered":"<div class=\"f52428582a4b906b2d2e2a7d733c7d27\" data-index=\"7\" style=\"float: none; margin:10px 0 10px 0; text-align:center;\">\n<!-- MSP Ads Asynchronous JS Tag - Generated with Revive Adserver v5.4.1 -->\r\n<ins data-revive-zoneid=\"167\" data-revive-id=\"060fdb01f6430ec164d3519234aa4967\"><\/ins>\r\n<script async src=\"\/\/panel.ads.com.mk\/www\/delivery\/asyncjs.php\"><\/script>\n<\/div>\n<p>Vaksina kund\u00ebr kovid-19 mund t\u2019i jepet \u00e7dokujt q\u00eb ndihet i sh\u00ebndetsh\u00ebm si dhe atyre q\u00eb i jan\u00eb n\u00ebnshtruar kovid nj\u00eb muaj pas sh\u00ebrimit t\u00eb plot\u00eb. Ky \u00ebsht\u00eb udh\u00ebzim nga rekomandimet e Organizat\u00ebs Bot\u00ebrore t\u00eb Sh\u00ebndet\u00ebsis\u00eb (OBSH) dhe nga p\u00ebrvojat nd\u00ebrkomb\u00ebtare, thot\u00eb prof. dr. Aleksandra Grozdanova, kryetare e komitetit p\u00ebr imunizim.<\/p>\n<p>Vaksinimi n\u00eb vend fillon sot me pun\u00ebtor\u00ebt e sh\u00ebndet\u00ebsis\u00eb nga Klinika e s\u00ebmundjeve infektive, me d\u00ebrges\u00ebn e par\u00eb t\u00eb vaksinave nga &#8220;Fajzer&#8221; t\u00eb dhuruara nga Serbia.<\/p>\n<p>Rekomandimi i autoriteteve sh\u00ebndet\u00ebsore \u00ebsht\u00eb q\u00eb ata q\u00eb kan\u00eb marr\u00eb kovid-19 koh\u00ebt e fundit, meqen\u00ebse kan\u00eb antitrupa, mund t\u00eb presin t\u00eb vaksinohen edhe m\u00eb von\u00eb dhe t&#8217;u l\u00ebn\u00eb mund\u00ebsin\u00eb p\u00ebr vaksinim atyre q\u00eb nuk kan\u00eb pasur kontakt me virusin deri m\u00eb tani.<\/p>\n<p>Njer\u00ebzit q\u00eb i jan\u00eb n\u00ebnshtruar kovid-19 me gjendje t\u00eb r\u00ebnd\u00eb n\u00eb spital, pas nj\u00eb muaji th\u00ebrriten p\u00ebrs\u00ebri p\u00ebr kontroll.<br \/>\nNuk do t\u00eb kryhet asnj\u00eb lloj testimi dhe analize gjaku, e as nuk do t\u00eb ngarkohet sistemi sh\u00ebndet\u00ebsor me kontrolle paraprake, por \u00e7do rast duhet vler\u00ebsuar individualisht.<\/p>\n<p>N\u00eb punktin vaksinal do t\u00eb ket\u00eb mjek\u00eb dhe do t\u00eb plot\u00ebsohet pyet\u00ebsori dhe pajtimi. \u201cRekomandimi zyrtar \u00ebsht\u00eb q\u00eb kushdo q\u00eb \u00ebsht\u00eb n\u00eb gjendje t\u00eb mir\u00eb sh\u00ebndet\u00ebsore pa s\u00ebmundje imune, mund t\u00eb marr\u00eb vaksin\u00ebn\u201d, na tha Dr. Grozdanova.<\/p>\n<p>Kujdes duhet ushtruar vet\u00ebm tek:<\/p>\n<ul>\n<li>Personat me s\u00ebmundje kronike q\u00eb aktualisht kan\u00eb imunitet t\u00eb zvog\u00ebluar me s\u00ebmundje autoimune dhe persona q\u00eb aktualisht marrin imunoterapi;<\/li>\n<li>Ata q\u00eb jan\u00eb alergjik\u00eb ndaj ila\u00e7eve t\u00eb caktuara ose m\u00eb par\u00eb kan\u00eb pasur reagime alergjike m\u00eb t\u00eb r\u00ebnda;<\/li>\n<li>Pacient\u00ebt q\u00eb kan\u00eb kaluar kovid-in me fotografi t\u00eb r\u00ebnd\u00eb klinike, me nd\u00ebrlikime apo kan\u00eb gjendje t\u00eb t\u00eb ashtuquajturit kovid i zgjatur.<\/li>\n<\/ul>\n<p>Grozdanova thot\u00eb se kjo gj\u00eb nuk do t\u00eb thot\u00eb se k\u00ebta pacient\u00eb nuk duhet t\u00eb vaksinohen.<br \/>\n\u201cT\u00eb gjith\u00eb ata mund t\u00eb vaksinohen, por me nj\u00eb konsultim paraprak t\u00eb detyruesh\u00ebm me mjekun specialist i cili i udh\u00ebzon\u201d, shprehet ajo.<\/p>\n<p>Drejtorja e klinik\u00ebs s\u00eb hematologjis\u00eb, Dr. Irina Panovska-Stavridis thot\u00eb se terapia antikoagulante e mir\u00ebkontrolluar nuk \u00ebsht\u00eb kund\u00ebrindikacion p\u00ebr vaksinimin.<\/p>\n<p>\u201cVaksina kovid-19 nuk rrit vlerat e D-dimer\u00ebve. Por D-dimer\u00ebt q\u00eb asocohen me s\u00ebmundje aktive malinje apo me sepsa jan\u00eb kund\u00ebrinikacion p\u00ebr vaksinimin \u2013 andaj k\u00ebta njer\u00ebz nuk duhet t\u00eb vaksinohen tani\u201d, tha Dr. Panovska-Stavridis.<\/p>\n<p>Grat\u00eb shtat\u00ebz\u00ebna nuk vaksinohen sepse prodhuesit e vaksinave nuk kan\u00eb prova klinike se si imunizimi do t\u00eb ndikoj\u00eb n\u00eb fetus. N\u00eb k\u00ebt\u00eb faz\u00eb t\u00eb imunizimit, f\u00ebmij\u00ebt deri n\u00eb mosh\u00ebn 16 vje\u00e7are p\u00ebrjashtohen sepse nuk kan\u00eb qen\u00eb pjes\u00eb e hetimeve t\u00eb m\u00ebparshme klinike.<br \/>\nSipas planit komb\u00ebtar t\u00eb imunizimit, n\u00eb faz\u00ebn e par\u00eb t\u00eb vaksinimit jan\u00eb vendosur profesionist\u00eb t\u00eb sh\u00ebndetit q\u00eb punojn\u00eb me pacient\u00eb t\u00eb kovidit, mjek\u00ebt am\u00eb dhe personat mbi 70 vje\u00e7.<\/p>\n<p>N\u00eb sistemin e caktimit t\u00eb imunizimit jan\u00eb p\u00ebrfshir\u00eb edhe mjek\u00ebt am\u00eb. Sistemi Moj termin tashm\u00eb ka indentifikuar t\u00eb gjith\u00eb mbi mosh\u00ebn 70 vje\u00e7are dhe mjek\u00ebt e p\u00ebrgjithsh\u00ebm kryejn\u00eb sondazhe personale t\u00eb pacient\u00ebve t\u00eb tyre.\u00a0Listat e t\u00eb s\u00ebmur\u00ebve kronik\u00eb nuk jan\u00eb l\u00ebshuar ende.<\/p>\n<p>Plani do t\u00eb azhurnohet n\u00eb p\u00ebrputhje me m\u00ebnyr\u00ebn se si do t\u00eb mb\u00ebrrijn\u00eb vaksinat dhe me numrin e vaksinave n\u00eb dispozicion t\u00eb shtetit.<\/p>\n<p>Numri i p\u00ebrgjithsh\u00ebm i personave t\u00eb diagnostifikuar me kovid n\u00eb vend q\u00eb nga fillimi i epidemis\u00eb \u00ebsht\u00eb 97,456, nga t\u00eb cil\u00ebt 88,301 jan\u00eb sh\u00ebruar, 3,003 kan\u00eb nd\u00ebrruar jet\u00eb dhe 6,152 jan\u00eb aktiv\u00eb.<\/p>\n<p><strong><em>B. NESTOROSKA <\/em><\/strong><\/p>\n\n<div style=\"font-size: 0px; height: 0px; line-height: 0px; margin: 0; padding: 0; clear: both;\"><\/div>","protected":false},"excerpt":{"rendered":"<p>Vaksina kund\u00ebr kovid-19 mund t\u2019i jepet \u00e7dokujt q\u00eb ndihet i sh\u00ebndetsh\u00ebm si dhe atyre q\u00eb i jan\u00eb n\u00ebnshtruar kovid nj\u00eb [&hellip;]<\/p>\n","protected":false},"author":25,"featured_media":139370,"comment_status":"closed","ping_status":"closed","sticky":false,"template":"","format":"standard","meta":{"_mo_disable_npp":"no","inline_featured_image":false},"categories":[3087],"tags":[],"imageURL":"https:\/\/sdk.mk\/wp-content\/uploads\/2021\/02\/vakcinacija-dikumenti-4389983489-650x341.jpg","thumbURL":"https:\/\/sdk.mk\/wp-content\/uploads\/2021\/02\/vakcinacija-dikumenti-4389983489-250x131.jpg","categoryNames":["Maqedonia"],"feature_caption":"Pajtimi p\u00ebr vaksinim dhe karton vaksinal i cili do t\u00eb merret n\u00eb t\u00eb gjitha punktet vaksinale (Foto: SDK.MK) ","subtitle":"","views":"35","source":"Shkup, (SAKAMDAKAZAM.MK)","yoast_head":"<!-- This site is optimized with the Yoast SEO Premium plugin v15.0 - https:\/\/yoast.com\/wordpress\/plugins\/seo\/ -->\n<title>T\u00cb GJITH\u00cb Q\u00cb KAN\u00cb KALUAR KOVID-19 MUND T\u00cb VAKSIONOHEN T\u00cb PAKT\u00cbN NJ\u00cb MUAJ PAS SH\u00cbRIMIT T\u00cb KREJT\u00cbSISH\u00cbM - \u0421\u0430\u043a\u0430\u043c \u0414\u0430 \u041a\u0430\u0436\u0430\u043c<\/title>\n<meta name=\"robots\" content=\"index, follow, max-snippet:-1, max-image-preview:large, max-video-preview:-1\" \/>\n<link rel=\"canonical\" href=\"https:\/\/sdk.mk\/index.php\/maqedonia\/te-gjithe-qe-kane-kaluar-kovid-19-mund-te-vaksionohen-te-pakten-nje-muaj-pas-sherimit-te-krejtesishem\/\" \/>\n<meta property=\"og:locale\" content=\"mk_MK\" \/>\n<meta property=\"og:type\" content=\"article\" \/>\n<meta property=\"og:title\" content=\"T\u00cb GJITH\u00cb Q\u00cb KAN\u00cb KALUAR KOVID-19 MUND T\u00cb VAKSIONOHEN T\u00cb PAKT\u00cbN NJ\u00cb MUAJ PAS SH\u00cbRIMIT T\u00cb KREJT\u00cbSISH\u00cbM - \u0421\u0430\u043a\u0430\u043c \u0414\u0430 \u041a\u0430\u0436\u0430\u043c\" \/>\n<meta property=\"og:description\" content=\"Vaksina kund\u00ebr kovid-19 mund t\u2019i jepet \u00e7dokujt q\u00eb ndihet i sh\u00ebndetsh\u00ebm si dhe atyre q\u00eb i jan\u00eb n\u00ebnshtruar kovid nj\u00eb [&hellip;]\" \/>\n<meta property=\"og:url\" content=\"https:\/\/sdk.mk\/index.php\/maqedonia\/te-gjithe-qe-kane-kaluar-kovid-19-mund-te-vaksionohen-te-pakten-nje-muaj-pas-sherimit-te-krejtesishem\/\" \/>\n<meta property=\"og:site_name\" content=\"\u0421\u0430\u043a\u0430\u043c \u0414\u0430 \u041a\u0430\u0436\u0430\u043c\" \/>\n<meta property=\"article:published_time\" content=\"2021-02-19T13:40:19+00:00\" \/>\n<meta property=\"og:image\" content=\"https:\/\/sdk.mk\/wp-content\/uploads\/2021\/02\/vakcinacija-dikumenti-4389983489.jpg\" \/>\n\t<meta property=\"og:image:width\" content=\"1000\" \/>\n\t<meta property=\"og:image:height\" content=\"525\" \/>\n<meta property=\"fb:app_id\" content=\"2407985809428537\" \/>\n<meta name=\"twitter:card\" content=\"summary\" \/>\n<script type=\"application\/ld+json\" class=\"yoast-schema-graph\">{\"@context\":\"https:\/\/schema.org\",\"@graph\":[{\"@type\":\"WebSite\",\"@id\":\"https:\/\/sdk.mk\/#website\",\"url\":\"https:\/\/sdk.mk\/\",\"name\":\"\\u0421\\u0430\\u043a\\u0430\\u043c \\u0414\\u0430 \\u041a\\u0430\\u0436\\u0430\\u043c\",\"description\":\"\\u0417\\u0430 \\u0441\\u043b\\u043e\\u0431\\u043e\\u0434\\u043e\\u0443\\u043c\\u043d\\u0438\",\"potentialAction\":[{\"@type\":\"SearchAction\",\"target\":\"https:\/\/sdk.mk\/?s={search_term_string}\",\"query-input\":\"required name=search_term_string\"}],\"inLanguage\":\"mk-MK\"},{\"@type\":\"ImageObject\",\"@id\":\"https:\/\/sdk.mk\/index.php\/maqedonia\/te-gjithe-qe-kane-kaluar-kovid-19-mund-te-vaksionohen-te-pakten-nje-muaj-pas-sherimit-te-krejtesishem\/#primaryimage\",\"inLanguage\":\"mk-MK\",\"url\":\"https:\/\/sdk.mk\/wp-content\/uploads\/2021\/02\/vakcinacija-dikumenti-4389983489.jpg\",\"width\":1000,\"height\":525},{\"@type\":\"WebPage\",\"@id\":\"https:\/\/sdk.mk\/index.php\/maqedonia\/te-gjithe-qe-kane-kaluar-kovid-19-mund-te-vaksionohen-te-pakten-nje-muaj-pas-sherimit-te-krejtesishem\/#webpage\",\"url\":\"https:\/\/sdk.mk\/index.php\/maqedonia\/te-gjithe-qe-kane-kaluar-kovid-19-mund-te-vaksionohen-te-pakten-nje-muaj-pas-sherimit-te-krejtesishem\/\",\"name\":\"T\\u00cb GJITH\\u00cb Q\\u00cb KAN\\u00cb KALUAR KOVID-19 MUND T\\u00cb VAKSIONOHEN T\\u00cb PAKT\\u00cbN NJ\\u00cb MUAJ PAS SH\\u00cbRIMIT T\\u00cb KREJT\\u00cbSISH\\u00cbM - \\u0421\\u0430\\u043a\\u0430\\u043c \\u0414\\u0430 \\u041a\\u0430\\u0436\\u0430\\u043c\",\"isPartOf\":{\"@id\":\"https:\/\/sdk.mk\/#website\"},\"primaryImageOfPage\":{\"@id\":\"https:\/\/sdk.mk\/index.php\/maqedonia\/te-gjithe-qe-kane-kaluar-kovid-19-mund-te-vaksionohen-te-pakten-nje-muaj-pas-sherimit-te-krejtesishem\/#primaryimage\"},\"datePublished\":\"2021-02-19T13:40:19+00:00\",\"dateModified\":\"2021-02-19T13:40:19+00:00\",\"author\":{\"@id\":\"https:\/\/sdk.mk\/#\/schema\/person\/737021aeacbe893f7e2c347186c5c7a1\"},\"inLanguage\":\"mk-MK\",\"potentialAction\":[{\"@type\":\"ReadAction\",\"target\":[\"https:\/\/sdk.mk\/index.php\/maqedonia\/te-gjithe-qe-kane-kaluar-kovid-19-mund-te-vaksionohen-te-pakten-nje-muaj-pas-sherimit-te-krejtesishem\/\"]}]},{\"@type\":\"Person\",\"@id\":\"https:\/\/sdk.mk\/#\/schema\/person\/737021aeacbe893f7e2c347186c5c7a1\",\"name\":\"\\u0424\\u0458\\u043e\\u043b\\u0430 \\u0417\\u043b\\u0430\\u0442\\u043a\\u0443\"}]}<\/script>\n<!-- \/ Yoast SEO Premium plugin. -->","_links":{"self":[{"href":"https:\/\/sdk.mk\/index.php\/wp-json\/wp\/v2\/posts\/139548"}],"collection":[{"href":"https:\/\/sdk.mk\/index.php\/wp-json\/wp\/v2\/posts"}],"about":[{"href":"https:\/\/sdk.mk\/index.php\/wp-json\/wp\/v2\/types\/post"}],"author":[{"embeddable":true,"href":"https:\/\/sdk.mk\/index.php\/wp-json\/wp\/v2\/users\/25"}],"replies":[{"embeddable":true,"href":"https:\/\/sdk.mk\/index.php\/wp-json\/wp\/v2\/comments?post=139548"}],"version-history":[{"count":0,"href":"https:\/\/sdk.mk\/index.php\/wp-json\/wp\/v2\/posts\/139548\/revisions"}],"wp:featuredmedia":[{"embeddable":true,"href":"https:\/\/sdk.mk\/index.php\/wp-json\/wp\/v2\/media\/139370"}],"wp:attachment":[{"href":"https:\/\/sdk.mk\/index.php\/wp-json\/wp\/v2\/media?parent=139548"}],"wp:term":[{"taxonomy":"category","embeddable":true,"href":"https:\/\/sdk.mk\/index.php\/wp-json\/wp\/v2\/categories?post=139548"},{"taxonomy":"post_tag","embeddable":true,"href":"https:\/\/sdk.mk\/index.php\/wp-json\/wp\/v2\/tags?post=139548"}],"curies":[{"name":"wp","href":"https:\/\/api.w.org\/{rel}","templated":true}]}}