{"id":145154,"date":"2021-04-25T22:08:04","date_gmt":"2021-04-25T20:08:04","guid":{"rendered":"https:\/\/sdk.mk\/?p=145154"},"modified":"2021-04-25T22:08:04","modified_gmt":"2021-04-25T20:08:04","slug":"permes-stojkos","status":"publish","type":"post","link":"https:\/\/sdk.mk\/index.php\/dua-te-them\/permes-stojkos\/","title":{"rendered":"P\u00cbRMES STOJKOS"},"content":{"rendered":"<div class=\"f52428582a4b906b2d2e2a7d733c7d27\" data-index=\"7\" style=\"float: none; margin:10px 0 10px 0; text-align:center;\">\n<!-- MSP Ads Asynchronous JS Tag - Generated with Revive Adserver v5.4.1 -->\r\n<ins data-revive-zoneid=\"167\" data-revive-id=\"060fdb01f6430ec164d3519234aa4967\"><\/ins>\r\n<script async src=\"\/\/panel.ads.com.mk\/www\/delivery\/asyncjs.php\"><\/script>\n<\/div>\n<p><span class=\"dropcap color firstcharacter\">1<\/span>Agjencia shtet\u00ebrore italiane e lajmeve Ansa publikoi se ndonj\u00eb i pun\u00ebsuar n\u00eb nj\u00eb spital shtet\u00ebror n\u00eb qytetin jugor t\u00eb Italis\u00eb Katanxharo, 15 vjet me radh\u00eb nuk ka shkuar n\u00eb pun\u00eb e nd\u00ebrkoh\u00eb ka marr\u00eb rrog\u00eb. Ky person \u00ebsht\u00eb akuzuar p\u00ebr tradhti, zhvatje dhe keqp\u00ebrdorim t\u00eb funksionit t\u00eb pun\u00ebs, e nd\u00ebrkoh\u00eb ka marr\u00eb 538.000 euro p\u00ebr periudh\u00ebn gjat\u00eb s\u00eb cil\u00ebs nuk ka shkuar n\u00eb pun\u00eb. P\u00ebr rastin n\u00eb fjal\u00eb, n\u00ebn hetim jan\u00eb edhe gjasht\u00eb menaxher\u00eb t\u00eb spitalit.<\/p>\n<p>Lajmi \u00ebsht\u00eb lajm lokal, por koleg\u00ebve gazetar\u00eb u \u00ebsht\u00eb dukur mjaft bizare sa p\u00ebr ta marr\u00eb e p\u00ebr ta publikuar n\u00eb dhjet\u00eb agjenci dhe media t\u00eb tjera relevante bot\u00ebrore.<\/p>\n<p>Nd\u00ebrkoh\u00eb te ne 1.349 njer\u00ebz p\u00ebr 10 vjet me radh\u00eb nuk shkonin n\u00eb pun\u00eb e nd\u00ebrkoh\u00eb merrnin rrog\u00eb. Kurse ata na qenkan shqet\u00ebsuar vet\u00ebm p\u00ebr nj\u00eb person n\u00eb Itali dhe at\u00eb vet\u00ebm p\u00ebr gjysm\u00eb milion euro. P\u00ebr m\u00eb tep\u00ebr, kan\u00eb hapur dhe hetim. Le t\u00eb vijn\u00eb k\u00ebtu. Mund t\u00eb shkruajn\u00eb, jo nj\u00eb, por qindra lajme. P\u00ebr 10 vjet askush nuk i k\u00ebrkonte k\u00ebta persona t\u00eb shkonin n\u00eb pun\u00eb. Pastaj, ish ministri Damjan Man\u00e7evski i luste 3 vjet me radh\u00eb q\u00eb t\u00eb vijn\u00eb e n\u00eb fund hoqi dor\u00eb si prej tyre, ashtu dhe prej politik\u00ebs. Mir\u00eb q\u00eb ua hap\u00ebn nj\u00eb ministri t\u00eb t\u00ebr\u00eb q\u00eb t\u00eb strehohen, u shpik\u00ebn z\u00ebvend\u00ebs kryeminist\u00ebr, e madje t\u00eb par\u00eb, po tani drejtori i Inspektoratit t\u00eb tregut Stojko Paunovski ka dal\u00eb jangll\u00ebsh sepse nuk ka ditur se ku t\u2019i shp\u00ebrndaj\u00eb 35 personat q\u00eb ia ka d\u00ebrguar Artan Grubi. T\u00eb gjjitha paskan dashur t\u00eb punojn\u00eb n\u00eb qytete, atje ku Stojkos nuk i duhen. E p\u00ebr m\u00eb tep\u00ebr nuk kan\u00eb dashur q\u00eb t\u00eb dalin n\u00eb terren, por t\u00eb q\u00ebndrojn\u00eb t\u00eb ulur n\u00ebp\u00ebr zyra. Kursa Stojko thot\u00eb se ata nuk kan\u00eb as zyra dhe se nuk d\u00ebshiron t\u2019i pranoj\u00eb n\u00eb pun\u00eb q\u00eb p\u00ebrs\u00ebri t\u00eb vazhdojn\u00eb t\u00eb q\u00ebndrojn\u00eb n\u00eb sht\u00ebpi. Po ai edhe duhet ta dij\u00eb, si drejtor i institucionit m\u00eb kaotik shtet\u00ebror gjat\u00eb kriz\u00ebs s\u00eb kovidit, se \u00e7far\u00eb personash i duhen dhe p\u00ebr ku. E tani, mu ai \u00ebsht\u00eb fajtor sepse nuk d\u00ebshiron t\u2019u jap\u00eb rroga q\u00eb ata t\u00eb mos punojn\u00eb. P\u00ebrse? Sepse partia q\u00eb ia ka d\u00ebrguar listat p\u00ebr pun\u00ebsim ka luftuar p\u00ebr t\u00eb drejtat e njeriut.<\/p>\n<p>Po t\u00eb drejtat njer\u00ebzore t\u00eb atyre q\u00eb paguajn\u00eb tatime q\u00eb t\u2019i sigurojn\u00eb rrogat e atyre q\u00eb luftojn\u00eb p\u00ebr t\u00eb drejtat njer\u00ebzore? Ato si sigurohen? P\u00ebrmes Stojkos?<\/p>\n<p><span class=\"dropcap color firstcharacter\">2 <\/span> Nuk ka t\u00eb b\u00ebj\u00eb me Stojkon kjo pun\u00eb, por me pritjet e m\u00ebdha nga kjo qeveri. Dhe \u2013 proporcionalisht me pritjet \u2013 dhe zhg\u00ebnjimet e m\u00ebdha. Deri m\u00eb tani ishte k\u00ebshtu \u2013 L\u00ebri, ata b\u00ebjn\u00eb budallall\u00ebqe, por nuk do t\u00eb flasim p\u00ebr to, sepse nga ana tjet\u00ebr b\u00ebjn\u00eb dhe pun\u00eb t\u00eb m\u00ebdha. N\u00eb NATO duhet hyr\u00eb, negociatat me BE duhen filluar, instalimet e VMRO-DPMNE-s\u00eb n\u00eb t\u00eb gjitha institucionet shtet\u00ebrore duhen demontuar, duhet kthyer reputacioni i mir\u00eb i shtetit ndaj shteteve t\u00eb jashtme, duhet forcuar siguria e shtetit\u2026<br \/>\nPor ja, p\u00ebr shembull, si\u00e7 po afrohen zgjedhjet lokale dhe si\u00e7 po ndizet debati rreth politikave urbanistike, kuptohet se zhg\u00ebnjimi \u00ebsht\u00eb i dyfisht\u00eb. S\u00eb pari, sepse LSDM n\u00eb nivel lokal, jo vet\u00ebm q\u00eb nuk i ndryshoi politikat e VMRO-DPMNE-s\u00eb t\u00eb cilat premtonte se do t\u2019i ndryshoj\u00eb, por edhe vazhdoi t\u00eb na i shes\u00eb t\u00eb nj\u00ebjtat loj\u00ebra thjeshtake. S\u00eb dyti, n\u00ebse LSDM d\u00ebnohet dhe VMRO-DPMNE-ja vjen n\u00eb pushtet, do t\u00eb jet\u00eb e nj\u00ebjta gj\u00eb si\u00e7 ishte para kat\u00ebr vjet\u00ebsh. N\u00ebse LSDM-ja nuk arriti t\u2019i ndryshoj\u00eb planet urbanistike, e nd\u00ebrkoh\u00eb kishte shprehur d\u00ebshir\u00eb q\u00eb t\u2019i ndryshoj\u00eb, at\u00ebher\u00eb p\u00ebrse t\u2019i ndryshoj\u00eb ai q\u00eb i ka sjell\u00eb k\u00ebto plane? Do t\u00eb thot\u00eb \u2013 nuk ka shp\u00ebtim nga kaosi urbanistik.<\/p>\n<p>E pastaj, qytetaret dhe qytetar\u00ebt do t\u2019ua ken\u00eb fajin sepse nuk kan\u00eb dal\u00eb p\u00ebr t\u00eb votuar, apo se kan\u00eb zhvler\u00ebsuar vot\u00ebn. Dikujt i ka ardhur n\u00eb maj\u00eb t\u00eb hund\u00ebs me Stojkon e me t\u00eb gjith\u00eb t\u00eb tjer\u00ebt, sepse e kan\u00eb par\u00eb se qeveria nuk kupton se \u00e7far\u00eb duan. E qeveria, n\u00eb vend q\u00eb t\u2019i d\u00ebgjoj\u00eb, zihet me ta. N\u00eb fund, do t\u00eb thot\u00eb se ata q\u00eb nuk kan\u00eb dal\u00eb n\u00eb zgjedhje jan\u00eb t\u00eb pap\u00ebrgjegjsh\u00ebm. Po, pse t\u00eb jen\u00eb t\u00eb p\u00ebrgjegjsh\u00ebm njer\u00ebzit kur qeveria \u00ebsht\u00eb e pap\u00ebrgjegjshme? Mir\u00eb q\u00eb \u00ebsht\u00eb e pap\u00ebrgjegjshme, por p\u00ebr m\u00eb tep\u00ebr hiqet si e pafuqishme.<\/p>\n<p><span class=\"dropcap color firstcharacter\">3 <\/span> Komisioni historik i Maqedonis\u00eb dhe i Bullgaris\u00eb ka ngecur n\u00eb Mesjet\u00eb. Ardhm\u00ebria evropiane e Maqedonis\u00eb ka ngecur n\u00eb Bullgari. Bashkimi Evropian ka ngecur n\u00eb Maqedoni. Mendoj, Bashkimi Evropian \u00ebsht\u00eb gjithsesi i ngecur, por Maqedonia ting\u00ebllon bukur si arsyetim.<br \/>\nQ\u00eb kur n\u00ebnshkruam Marr\u00ebveshjen korniz\u00eb n\u00eb 2001, BE na premtoi integrim t\u00eb p\u00ebrshpejtuar.<\/p>\n<p>E pastaj, n\u00eb vitin 2005, p\u00ebr her\u00eb t\u00eb par\u00eb n\u00eb rastin e Maqedonis\u00eb fitimi i statusit t\u00eb kandidatit nuk n\u00ebnkuptonte dhe negociata.<\/p>\n<p>N\u00eb vitin 2008, p\u00ebr her\u00eb t\u00eb par\u00eb nuk u pranua rekomandimi i Komisionit evropian p\u00ebr fillimin e negociatave.<\/p>\n<p>N\u00eb qershor t\u00eb vitit 2018, than\u00eb se do t\u00eb fillojm\u00eb negociatat n\u00eb qershor t\u00eb vitit 2019.<\/p>\n<p>N\u00eb qershor t\u00eb 2019 than\u00eb se do t\u00eb fillojm\u00eb negociatat n\u00eb tetor t\u00eb 2019.<\/p>\n<p>N\u00eb tetot t\u00eb 2019 than\u00eb se do t\u00eb fillojm\u00eb negociatat n\u00eb mars 2020.<\/p>\n<p>N\u00eb mars 2020 than\u00eb se do t\u00eb jet\u00eb n\u00eb n\u00ebntor 2020.<\/p>\n<p>N\u00eb n\u00ebntor 2020 erdhi vetoja nga Bullgaria.<\/p>\n<p>\u00c7\u2019gjet\u00ebm n\u00eb rrug\u00ebn ton\u00eb drejt BE-s\u00eb? Ambasada ruse n\u00eb Shkup t\u00eb na rikujtoj\u00eb me an\u00eb t\u00eb nj\u00eb mesazhi n\u00eb tuiter: \u201cPara 80 vjet\u00ebsh, m\u00eb 18 prill 1941, Bullgaria, aleate e at\u00ebhershme e Gjermanis\u00eb fashiste, e ka sulmuar Maqedonin\u00eb. Dy muaj m\u00eb pas nacist\u00ebt kan\u00eb sulmuar BRSS. Lavdi e p\u00ebrjetshme p\u00ebr rus\u00ebt, maqedonasit dhe ushtar\u00ebt e tjer\u00eb trima q\u00eb luftuan kund\u00ebr murtaj\u00ebs nacionaliste. #Vdekje fashizmit.\u201d<\/p>\n<p>Kaq e pat dhe egoizmi i BE0s\u00eb. S\u00eb pari i shkonin p\u00ebr shtat Makronit q\u00eb t\u2019u p\u00eblqente nacionalist\u00ebve tan\u00eb. Pastaj Borisovit dhe Karaka\u00e7anovit. Epo, le t\u00eb \u00e7uditen se si Rusia u ka hyr\u00eb n\u00eb sht\u00ebpi.<\/p>\n<p>Besa, edhe te ne ka hyr\u00eb. Por vet\u00ebm n\u00eb ushtri, polici, gjykat\u00eb, prokurori, gazetari dhe Parlament. Dhe at\u00eb &#8211; vet\u00ebm p\u00ebrmes gjilp\u00ebr\u00ebs.<\/p>\n<p><strong><em>P\u00ebrktheu: Fjolla Zllatku <\/em><\/strong><\/p>\n<p>&nbsp;<\/p>\n\n<div style=\"font-size: 0px; height: 0px; line-height: 0px; margin: 0; padding: 0; clear: both;\"><\/div>","protected":false},"excerpt":{"rendered":"<p>Agjencia shtet\u00ebrore italiane e lajmeve Ansa publikoi se ndonj\u00eb i pun\u00ebsuar n\u00eb nj\u00eb spital shtet\u00ebror n\u00eb qytetin jugor t\u00eb Italis\u00eb [&hellip;]<\/p>\n","protected":false},"author":25,"featured_media":0,"comment_status":"closed","ping_status":"closed","sticky":false,"template":"","format":"standard","meta":{"_mo_disable_npp":"no","inline_featured_image":false},"categories":[1825],"tags":[],"imageURL":false,"thumbURL":false,"categoryNames":["DUA T\u00cb THEM"],"feature_caption":"","subtitle":"\u00c7\u2019gjet\u00ebm n\u00eb rrug\u00ebn ton\u00eb drejt BE-s\u00eb? Ambasada ruse n\u00eb Shkup t\u00eb na rikujtoj\u00eb me an\u00eb t\u00eb nj\u00eb mesazhi n\u00eb tuiter: \u201cPara 80 vjet\u00ebsh, m\u00eb 18 prill 1941, Bullgaria, aleate e at\u00ebhershme e Gjermanis\u00eb fashiste, e ka sulmuar Maqedonin\u00eb.\"","views":"41","source":"Shkup, (SAKAMDAKAZAM.MK)","yoast_head":"<!-- This site is optimized with the Yoast SEO Premium plugin v15.0 - https:\/\/yoast.com\/wordpress\/plugins\/seo\/ -->\n<title>P\u00cbRMES STOJKOS - \u0421\u0430\u043a\u0430\u043c \u0414\u0430 \u041a\u0430\u0436\u0430\u043c<\/title>\n<meta name=\"robots\" content=\"index, follow, max-snippet:-1, max-image-preview:large, max-video-preview:-1\" \/>\n<link rel=\"canonical\" href=\"https:\/\/sdk.mk\/index.php\/dua-te-them\/permes-stojkos\/\" \/>\n<meta property=\"og:locale\" content=\"mk_MK\" \/>\n<meta property=\"og:type\" content=\"article\" \/>\n<meta property=\"og:title\" content=\"P\u00cbRMES STOJKOS - \u0421\u0430\u043a\u0430\u043c \u0414\u0430 \u041a\u0430\u0436\u0430\u043c\" \/>\n<meta property=\"og:description\" content=\"Agjencia shtet\u00ebrore italiane e lajmeve Ansa publikoi se ndonj\u00eb i pun\u00ebsuar n\u00eb nj\u00eb spital shtet\u00ebror n\u00eb qytetin jugor t\u00eb Italis\u00eb [&hellip;]\" \/>\n<meta property=\"og:url\" content=\"https:\/\/sdk.mk\/index.php\/dua-te-them\/permes-stojkos\/\" \/>\n<meta property=\"og:site_name\" content=\"\u0421\u0430\u043a\u0430\u043c \u0414\u0430 \u041a\u0430\u0436\u0430\u043c\" \/>\n<meta property=\"article:published_time\" content=\"2021-04-25T20:08:04+00:00\" \/>\n<meta property=\"og:image\" content=\"https:\/\/sdk.mk\/wp-content\/uploads\/2015\/12\/goran-mihailovski2.jpg\" \/>\n\t<meta property=\"og:image:width\" content=\"400\" \/>\n\t<meta property=\"og:image:height\" content=\"313\" \/>\n<meta property=\"fb:app_id\" content=\"2407985809428537\" \/>\n<meta name=\"twitter:card\" content=\"summary\" \/>\n<script type=\"application\/ld+json\" class=\"yoast-schema-graph\">{\"@context\":\"https:\/\/schema.org\",\"@graph\":[{\"@type\":\"WebSite\",\"@id\":\"https:\/\/sdk.mk\/#website\",\"url\":\"https:\/\/sdk.mk\/\",\"name\":\"\\u0421\\u0430\\u043a\\u0430\\u043c \\u0414\\u0430 \\u041a\\u0430\\u0436\\u0430\\u043c\",\"description\":\"\\u0417\\u0430 \\u0441\\u043b\\u043e\\u0431\\u043e\\u0434\\u043e\\u0443\\u043c\\u043d\\u0438\",\"potentialAction\":[{\"@type\":\"SearchAction\",\"target\":\"https:\/\/sdk.mk\/?s={search_term_string}\",\"query-input\":\"required name=search_term_string\"}],\"inLanguage\":\"mk-MK\"},{\"@type\":\"WebPage\",\"@id\":\"https:\/\/sdk.mk\/index.php\/dua-te-them\/permes-stojkos\/#webpage\",\"url\":\"https:\/\/sdk.mk\/index.php\/dua-te-them\/permes-stojkos\/\",\"name\":\"P\\u00cbRMES STOJKOS - \\u0421\\u0430\\u043a\\u0430\\u043c \\u0414\\u0430 \\u041a\\u0430\\u0436\\u0430\\u043c\",\"isPartOf\":{\"@id\":\"https:\/\/sdk.mk\/#website\"},\"datePublished\":\"2021-04-25T20:08:04+00:00\",\"dateModified\":\"2021-04-25T20:08:04+00:00\",\"author\":{\"@id\":\"https:\/\/sdk.mk\/#\/schema\/person\/737021aeacbe893f7e2c347186c5c7a1\"},\"inLanguage\":\"mk-MK\",\"potentialAction\":[{\"@type\":\"ReadAction\",\"target\":[\"https:\/\/sdk.mk\/index.php\/dua-te-them\/permes-stojkos\/\"]}]},{\"@type\":\"Person\",\"@id\":\"https:\/\/sdk.mk\/#\/schema\/person\/737021aeacbe893f7e2c347186c5c7a1\",\"name\":\"\\u0424\\u0458\\u043e\\u043b\\u0430 \\u0417\\u043b\\u0430\\u0442\\u043a\\u0443\"}]}<\/script>\n<!-- \/ Yoast SEO Premium plugin. -->","_links":{"self":[{"href":"https:\/\/sdk.mk\/index.php\/wp-json\/wp\/v2\/posts\/145154"}],"collection":[{"href":"https:\/\/sdk.mk\/index.php\/wp-json\/wp\/v2\/posts"}],"about":[{"href":"https:\/\/sdk.mk\/index.php\/wp-json\/wp\/v2\/types\/post"}],"author":[{"embeddable":true,"href":"https:\/\/sdk.mk\/index.php\/wp-json\/wp\/v2\/users\/25"}],"replies":[{"embeddable":true,"href":"https:\/\/sdk.mk\/index.php\/wp-json\/wp\/v2\/comments?post=145154"}],"version-history":[{"count":0,"href":"https:\/\/sdk.mk\/index.php\/wp-json\/wp\/v2\/posts\/145154\/revisions"}],"wp:attachment":[{"href":"https:\/\/sdk.mk\/index.php\/wp-json\/wp\/v2\/media?parent=145154"}],"wp:term":[{"taxonomy":"category","embeddable":true,"href":"https:\/\/sdk.mk\/index.php\/wp-json\/wp\/v2\/categories?post=145154"},{"taxonomy":"post_tag","embeddable":true,"href":"https:\/\/sdk.mk\/index.php\/wp-json\/wp\/v2\/tags?post=145154"}],"curies":[{"name":"wp","href":"https:\/\/api.w.org\/{rel}","templated":true}]}}