{"id":146861,"date":"2021-05-16T20:11:18","date_gmt":"2021-05-16T18:11:18","guid":{"rendered":"https:\/\/sdk.mk\/?p=146861"},"modified":"2021-05-16T20:12:21","modified_gmt":"2021-05-16T18:12:21","slug":"lupcoja-dhe-ramizi","status":"publish","type":"post","link":"https:\/\/sdk.mk\/index.php\/dua-te-them\/lupcoja-dhe-ramizi\/","title":{"rendered":"LUP\u00c7OJA DHE RAMIZI"},"content":{"rendered":"<div class=\"f52428582a4b906b2d2e2a7d733c7d27\" data-index=\"7\" style=\"float: none; margin:10px 0 10px 0; text-align:center;\">\n<!-- MSP Ads Asynchronous JS Tag - Generated with Revive Adserver v5.4.1 -->\r\n<ins data-revive-zoneid=\"167\" data-revive-id=\"060fdb01f6430ec164d3519234aa4967\"><\/ins>\r\n<script async src=\"\/\/panel.ads.com.mk\/www\/delivery\/asyncjs.php\"><\/script>\n<\/div>\n<p><span class=\"dropcap color firstcharacter\">1<\/span> Prokuororia themelore publike p\u00ebr p\u00ebrndjekjen e krimit dhe korrupsionit t\u00eb organizuar ka ngritur aktakuz\u00eb kund\u00ebr 4 personave p\u00ebr shoqat\u00eb kriminele dhe c\u00ebnim t\u00eb rendit kriminel t\u00eb shtetit.<\/p>\n<p>I akuzuari i par\u00eb N.N. ka nd\u00ebrtuar nj\u00eb shtes\u00eb t\u00eb sht\u00ebpis\u00eb familjare n\u00eb baz\u00eb t\u00eb miratimit p\u00ebr t\u00eb nd\u00ebrtuar t\u00eb marr\u00eb sipas Planit t\u00eb vlefsh\u00ebm t\u00eb detajuar urbanistik n\u00eb p\u00ebrshtatje me Planin e p\u00ebrgjithsh\u00ebm urbanistik dhe ka paguar sh\u00ebrbimet komunale me an\u00eb t\u00eb \u00e7kaje ka kontribuar n\u00eb buxhetin komunal q\u00eb aty t\u00eb transferohen xxx denar\u00eb.<\/p>\n<p>T\u00eb akuzuarit t\u00eb dyt\u00eb M.M., i cili \u00ebsht\u00eb kryetar i Komun\u00ebs, n\u00eb territorin e s\u00eb cil\u00ebs \u00ebsht\u00eb kryer nj\u00eb vep\u00ebr penale, i vihet faji i respektimit t\u00eb rrept\u00eb t\u00eb Ligjit p\u00ebr nd\u00ebrtim me \u00e7ka ka keqp\u00ebrdorur pozit\u00ebn dhe kompetencat zyrtare dhe ka kryer vepr\u00ebn penale \u201cPun\u00eb e nd\u00ebrgjegjshme e zyrtarit.\u201d<\/p>\n<p>Dy t\u00eb akuzuarit e tjer\u00eb A.A dhe V.V., me investitor\u00ebt e nd\u00ebrtimit plot\u00ebsues dhe kryetarit t\u00eb qytetit, n\u00eb nj\u00eb bashk\u00ebsi t\u00eb personave p\u00ebrgjegj\u00ebs \u2013 udh\u00ebheq\u00ebs dhe zv. udh\u00ebheq\u00ebs i Sektorit p\u00ebr urbaniz\u00ebm \u2013 kan\u00eb formuar shoqat\u00eb kriminele, n\u00eb at\u00eb m\u00ebnyr\u00eb q\u00eb investitorit i kan\u00eb lejuar t\u00eb nd\u00ebrtoj\u00eb dhe t\u00eb paguaj\u00eb sh\u00ebrbimet komunale me respektim t\u00eb ligjeve. K\u00ebshtu, duke i kryer detyrimet e tyre n\u00eb m\u00ebnyr\u00eb t\u00eb nd\u00ebrgjegjshme, ata e kan\u00eb shkelur ashp\u00ebrsisht Ligjin p\u00ebr legalizim t\u00eb objekteve t\u00eb nd\u00ebrtuara ilegalisht dhe i kan\u00eb mund\u00ebsuar t\u00eb akuzuarit t\u00eb par\u00eb N.N., q\u00eb ta marr\u00eb k\u00ebt\u00eb objekt legal. Me k\u00ebto veprime kjo shoqat\u00eb kriminele ka insistuar p\u00ebr respektim sistematik t\u00eb Kushetut\u00ebs, ligjeve dhe akteve t\u00eb tjera pozitive, gj\u00eb me t\u00eb cil\u00ebn ashp\u00ebrsisht e kan\u00eb d\u00ebmtuar rendin kriminel t\u00eb shtetit.<\/p>\n<p><span class=\"dropcap color firstcharacter\">2<\/span> Ja, k\u00ebshtu do t\u00eb duken komunikatat e prokurorive n\u00ebse vjen n\u00eb fuqi Ligji p\u00ebr legalizimin e nd\u00ebrtimeve t\u00eb paligjshme t\u00eb cilin e votuan n\u00eb m\u00ebnyr\u00eb t\u00eb dakorduar deputet\u00ebt e LSDM-s\u00eb, VMRO-DPMNE-s\u00eb dhe BDI-s\u00eb.<br \/>\n\u00cbsht\u00eb mir\u00eb q\u00eb presidenti Stevo Pendarovski refuzoi ta n\u00ebnshkruaj\u00eb Ligjin dhe e ktheu n\u00eb Parlament. Por, madje edhe si nj\u00eb optimist cinik un\u00eb nuk shpresoj se deputet\u00ebt e nj\u00ebjt\u00eb nuk do ta votojn\u00eb prap\u00eb. Q\u00eb kur n\u00eb Parlament nuk \u00ebsht\u00eb votuar di\u00e7ka me madje edhe 72 vota \u201cp\u00ebr\u201d? Mos kujtuat se LSDM-ja dhe VMRO-DPMNE-ja do t\u00eb merren vesh p\u00ebr vaksinat, p\u00ebr ndihm\u00ebn e sh\u00ebndet\u00ebsis\u00eb n\u00eb mes t\u00eb pandemis\u00eb, p\u00ebr masat paqet\u00eb t\u00eb ekonomis\u00eb, p\u00ebr tejkalimin e kovid-kriz\u00ebs, p\u00ebr pajisjet e ushtar\u00ebve\u2026 Jo bre. Pas \u00e7\u00ebshtjes s\u00eb politik\u00ebs s\u00eb p\u00ebrgjithshme \u201ct\u00eb ndershmit jan\u00eb budallenj, t\u00eb pandershmit jan\u00eb t\u00eb men\u00e7ur dhe andaj \u00e7do ndershm\u00ebri duhet t\u00eb d\u00ebnohet\u201d dhe n\u00eb baz\u00eb t\u00eb deklarat\u00ebs historike t\u00eb kryeministrit Zaev nga viti 2019 t\u00eb dh\u00ebn\u00eb n\u00eb Oh\u00ebr \u2013 \u201cMadje edhe n\u00ebse do t\u00eb ishte kund\u00ebr ligjit, do t\u00eb gjehet nj\u00eb m\u00ebnyr\u00eb\u201d dhe qeveria dhe opozita do t\u00eb bien dakord.<\/p>\n<p>Me konsensus soll\u00ebn ligjin p\u00ebr mosrespektim t\u00eb Kushtetut\u00ebs dhe ligjeve. K\u00ebsaj radhe madje edhe Hristijan Mickoski doli bashk\u00ebpunues, e deputet\u00ebt e tij e pranuan zgjidhjen e propozuar nga qeveria. Madje kan\u00eb dh\u00ebn\u00eb dhe kontributin e tyre n\u00eb debat. K\u00ebta t\u00eb VMRO-DPMNE-s\u00eb kan\u00eb propozuar amandamente, kurse t\u00eb LSDM-s\u00eb ua kan\u00eb pranuar. Xhan\u00ebm, idil parlamentar. Gjith\u00e7ka n\u00eb frym\u00ebn e dialogut politik dhe procesit Zhan Mone n\u00eb Parlament.<\/p>\n<p>Me amandamentet e pranuara nga VMRO-DPMNE pushojn\u00eb t\u00eb gjitha procedurat gjyq\u00ebsore kund\u00ebr atyre q\u00eb kan\u00eb nd\u00ebrtuar n\u00eb m\u00ebnyr\u00eb jolegale. K\u00ebshtu, ata q\u00eb kan\u00eb shkelur ligjin tani mund ta padisin shtetin si nj\u00eb pal\u00eb e d\u00ebmtuar. Shteti do t\u00eb duhet t\u2019i paguaj\u00eb d\u00ebmshp\u00ebrblim p\u00ebr shkak se i ka p\u00ebrndjekur me nd\u00ebrtim joligjor.<\/p>\n<p>Me parat\u00eb e kujt do t\u2019i paguaj\u00eb shteti ata q\u00eb nuk i kan\u00eb respektuar ligjet? Normalisht me parat\u00eb e atyre q\u00eb i kan\u00eb respektuar ligjet. Parat\u00eb e t\u00eb njer\u00ebzve t\u00eb ndersh\u00ebm<strong>\u00a0<\/strong>duhen harxhuar me men\u00e7uri. Jo p\u00ebr tjet\u00ebr, por q\u00eb t\u00eb shp\u00ebrb\u00eblehen t\u00eb pandershmit.<\/p>\n<p><span class=\"dropcap color firstcharacter\">3<\/span> Momenti m\u00eb emocionues do t\u00eb jet\u00eb ai kur do t\u00eb duhet q\u00eb ligji t\u00eb vihet n\u00eb zbatim, sidomos n\u00ebse nd\u00ebrtimet e paligjshme jan\u00eb n\u00eb parqet nacionale dhe territoret e mbrojtura n\u00eb af\u00ebrsi t\u00eb burimeve t\u00eb ujit. Qeveria i shoi t\u00eb gjitha shqet\u00ebsimet dhe dyshimet. Thon\u00eb, \u201cnuk do t\u00eb legalizohet \u00e7do gj\u00eb\u201d, por \u201cn\u00eb m\u00ebnyr\u00eb q\u00eb t\u00eb legalizohet, p\u00ebr shembull nj\u00eb territor i mbrojtur, duhet t\u00eb merret pajtim nga nj\u00eb organ i autorizuar, ministri ose institucion tjet\u00ebr, n\u00eb qoft\u00eb se ky nd\u00ebrtim nuk e rrezikon at\u00eb territor\u201d.<br \/>\nCilat jan\u00eb ato \u201cinstitucione t\u00eb autorizuara\u201d? Jan\u00eb po ato institucione q\u00eb deri m\u00eb tani kan\u00eb mund\u00ebsuar nd\u00ebrtimin e paligjsh\u00ebm. T\u00eb mos i sillni institucionet nga Norvegjia? Dhe investitor\u00ebt t\u00eb mos ken\u00eb vet\u00ebdije norvegjeze? P\u00ebrse dikush do t\u00eb nd\u00ebrtonte n\u00eb nj\u00eb zon\u00eb t\u00eb mbrojtur t\u00eb burimeve t\u00eb ujit n\u00eb Maqedoni n\u00ebse nuk ka vet\u00ebdije norvegjeze? Apo ndoshta, ndonj\u00eb ministri norvegjeze do ta kontrolloj\u00eb implementimin e vet\u00ebdijes edhe t\u00eb investitor\u00ebve dhe t\u00eb pushtetit lokal dhe qendror n\u00eb Maqedoni, e k\u00ebshtu \u201cnuk do t\u00eb legalizohet \u00e7do gj\u00eb\u201d.<\/p>\n<p>Sa keq q\u00eb Norvegia nuk \u00ebsht\u00eb n\u00eb BE. P\u00ebrndryshe implementimi i Ligjit p\u00ebr legalizimin e nd\u00ebrtimeve t\u00eb paligjshme do t\u00eb ishte projekt i shk\u00eblqyer binjak\u00ebzimi dhe nj\u00eb hap drejt standardeve t\u00eb BE-s\u00eb.<\/p>\n<p><span class=\"dropcap color firstcharacter\">4 <\/span> Fjala \u201cinstitucionet e autorizuara\u201d duket shum\u00eb bukur n\u00eb let\u00ebr, ashtu sikurse bukur ting\u00ebllojn\u00eb fjal\u00ebt e zv. kryeministrit p\u00ebr luft\u00ebn kund\u00ebr korrupsionit Lup\u00e7o Nikollovski, kur thot\u00eb, p\u00ebr shembull se, me kryetarin e Strug\u00ebs Ramiz Merko kan\u00eb biseduar p\u00ebr \u201cnevoj\u00ebn p\u00ebr t\u00eb zbatuar masat e Planit t\u00eb luft\u00ebs kund\u00ebr korrupsionit, t\u00eb cilat kan\u00eb t\u00eb b\u00ebjn\u00eb me vet\u00ebqeverisjen lokale\u201d, gj\u00eb e cila ting\u00ebllon kaq serioze sa t\u00eb b\u00ebn t\u00eb mendosh direkt se nuk ekziston korrupsioni.<br \/>\nZv. kryeministri dhe kryetari i qytetit \u201ckan\u00eb r\u00ebn\u00eb dakord se beteja me korrupsionin duhet t\u2019i p\u00ebrfshij\u00eb t\u00eb gjitha subjektet shoq\u00ebrore, nd\u00ebrsa bashk\u00ebpunimi me pushtetin lokal \u00ebsht\u00eb ky\u00e7\u201d. Lup\u00e7oja dhe Ramizi do t\u00eb luftojn\u00eb krimin n\u00eb m\u00ebnyr\u00eb t\u00eb nd\u00ebrlikuar. Pasi kryetari i Strug\u00ebs nuk \u00ebsht\u00eb po ai \u201cinstitucion i autorizuar\u201d i cili deklaron se: \u201cNe do t\u00eb nd\u00ebrtojm\u00eb, e jo vet\u00ebm q\u00eb do t\u00eb nd\u00ebrtojm\u00eb por do t\u00eb p\u00ebrfundojm\u00eb s\u00eb nd\u00ebrtuari gjith\u00e7ka. Sa p\u00ebr k\u00ebto joqeveritaret e Ohrit q\u00eb sulmojn\u00eb n\u00eb Strug\u00eb, p\u00ebr to as nuk m\u00eb b\u00ebhet von\u00eb fare.\u201d<\/p>\n<p><span class=\"dropcap color firstcharacter\">5<\/span> P\u00ebr dallim nga Merko, t\u00eb cilit \u201cnuk i b\u00ebhet von\u00eb fare\u201d p\u00ebr nd\u00ebrtimet e paligjshme n\u00eb Strug\u00eb, bashk\u00ebatdhetari i tij Artan Grubi do t\u00eb ket\u00eb hallet e t\u00eb tjer\u00ebve. E k\u00ebshtu, kur t\u00eb mos jet\u00eb duke lar\u00eb me zorr\u00eb kalld\u00ebrm\u00ebn e \u00e7arshis\u00eb s\u00eb Shkupit, do t\u00eb p\u00ebrkujdeset q\u00eb Gjeorgjia t\u00eb reformoj\u00eb gjyq\u00ebsin\u00eb, prokurorin\u00eb dhe struktur\u00ebn e siguris\u00eb sipas modelit ton\u00eb. K\u00ebt\u00eb ia tha Grubi presidentes s\u00eb Gjeorgjis\u00eb Saloma Zurabi\u00e7vili, e cila ishte n\u00eb vizit\u00eb zyrtare. Ky \u00ebsht\u00eb nj\u00eb model sipas t\u00eb cilit 214 kriminel\u00eb t\u00eb huaj nga MPB kan\u00eb mar\u00eb pasaporta t\u00eb falsifikuara legale t\u00eb Maqedonis\u00eb dhe modeli sipas t\u00eb cilit duhej t\u00eb krijohej nj\u00eb Prokurori speciale, pasi prokuroria normale refuzonte q\u00eb t\u00eb b\u00ebj\u00eb pun\u00ebn e saj. Duke ndjekur k\u00ebt\u00eb model, prokurorja speciale p\u00ebrfundoi n\u00eb burg p\u00ebr shkak t\u00eb korrupsionit nga nj\u00eb t\u00eb dyshuar n\u00eb rastet e saj.<\/p>\n<p>N\u00eb \u00e7\u2019bot\u00eb jeton Artan Grubi? N\u00eb bot\u00ebn e zv. kryeministrit t\u00eb par\u00eb, t\u00eb cil\u00ebn vet\u00eb e krijoi.<\/p>\n<p>Ashtu sikurse dhe Lup\u00e7o Nikollovski, q\u00eb ka nd\u00ebrtuar vet\u00eb bot\u00ebn e antikorrupsionit dhe jeton brenda bot\u00ebs s\u00eb tij t\u00eb luft\u00ebs kund\u00ebr korrupsionit.<\/p>\n<p><strong><em>P\u00ebrktheu: Fjolla Zllatku <\/em><\/strong><\/p>\n<p><strong><em>\u00a0<\/em><\/strong><\/p>\n<p>&nbsp;<\/p>\n\n<div style=\"font-size: 0px; height: 0px; line-height: 0px; margin: 0; padding: 0; clear: both;\"><\/div>","protected":false},"excerpt":{"rendered":"<p>Prokuororia themelore publike p\u00ebr p\u00ebrndjekjen e krimit dhe korrupsionit t\u00eb organizuar ka ngritur aktakuz\u00eb kund\u00ebr 4 personave p\u00ebr shoqat\u00eb kriminele [&hellip;]<\/p>\n","protected":false},"author":25,"featured_media":0,"comment_status":"closed","ping_status":"closed","sticky":false,"template":"","format":"standard","meta":{"_mo_disable_npp":"no","inline_featured_image":false},"categories":[1825],"tags":[],"imageURL":false,"thumbURL":false,"categoryNames":["DUA T\u00cb THEM"],"feature_caption":"","subtitle":"Parat\u00eb e njer\u00ebzve t\u00eb ndersh\u00ebm duhen harxhuar me men\u00e7uri. Jo p\u00ebr tjet\u00ebr, por q\u00eb t\u00eb shp\u00ebrblehen t\u00eb pandershmit.","views":"28","source":"Shkup, (SAKAMDAKAZAM.MK)","yoast_head":"<!-- This site is optimized with the Yoast SEO Premium plugin v15.0 - https:\/\/yoast.com\/wordpress\/plugins\/seo\/ -->\n<title>LUP\u00c7OJA DHE RAMIZI - \u0421\u0430\u043a\u0430\u043c \u0414\u0430 \u041a\u0430\u0436\u0430\u043c<\/title>\n<meta name=\"robots\" content=\"index, follow, max-snippet:-1, max-image-preview:large, max-video-preview:-1\" \/>\n<link rel=\"canonical\" href=\"https:\/\/sdk.mk\/index.php\/dua-te-them\/lupcoja-dhe-ramizi\/\" \/>\n<meta property=\"og:locale\" content=\"mk_MK\" \/>\n<meta property=\"og:type\" content=\"article\" \/>\n<meta property=\"og:title\" content=\"LUP\u00c7OJA DHE RAMIZI - \u0421\u0430\u043a\u0430\u043c \u0414\u0430 \u041a\u0430\u0436\u0430\u043c\" \/>\n<meta property=\"og:description\" content=\"Prokuororia themelore publike p\u00ebr p\u00ebrndjekjen e krimit dhe korrupsionit t\u00eb organizuar ka ngritur aktakuz\u00eb kund\u00ebr 4 personave p\u00ebr shoqat\u00eb kriminele [&hellip;]\" \/>\n<meta property=\"og:url\" content=\"https:\/\/sdk.mk\/index.php\/dua-te-them\/lupcoja-dhe-ramizi\/\" \/>\n<meta property=\"og:site_name\" content=\"\u0421\u0430\u043a\u0430\u043c \u0414\u0430 \u041a\u0430\u0436\u0430\u043c\" \/>\n<meta property=\"article:published_time\" content=\"2021-05-16T18:11:18+00:00\" \/>\n<meta property=\"article:modified_time\" content=\"2021-05-16T18:12:21+00:00\" \/>\n<meta property=\"og:image\" content=\"https:\/\/sdk.mk\/wp-content\/uploads\/2015\/12\/goran-mihailovski2.jpg\" \/>\n\t<meta property=\"og:image:width\" content=\"400\" \/>\n\t<meta property=\"og:image:height\" content=\"313\" \/>\n<meta property=\"fb:app_id\" content=\"2407985809428537\" \/>\n<meta name=\"twitter:card\" content=\"summary\" \/>\n<script type=\"application\/ld+json\" class=\"yoast-schema-graph\">{\"@context\":\"https:\/\/schema.org\",\"@graph\":[{\"@type\":\"WebSite\",\"@id\":\"https:\/\/sdk.mk\/#website\",\"url\":\"https:\/\/sdk.mk\/\",\"name\":\"\\u0421\\u0430\\u043a\\u0430\\u043c \\u0414\\u0430 \\u041a\\u0430\\u0436\\u0430\\u043c\",\"description\":\"\\u0417\\u0430 \\u0441\\u043b\\u043e\\u0431\\u043e\\u0434\\u043e\\u0443\\u043c\\u043d\\u0438\",\"potentialAction\":[{\"@type\":\"SearchAction\",\"target\":\"https:\/\/sdk.mk\/?s={search_term_string}\",\"query-input\":\"required name=search_term_string\"}],\"inLanguage\":\"mk-MK\"},{\"@type\":\"WebPage\",\"@id\":\"https:\/\/sdk.mk\/index.php\/dua-te-them\/lupcoja-dhe-ramizi\/#webpage\",\"url\":\"https:\/\/sdk.mk\/index.php\/dua-te-them\/lupcoja-dhe-ramizi\/\",\"name\":\"LUP\\u00c7OJA DHE RAMIZI - \\u0421\\u0430\\u043a\\u0430\\u043c \\u0414\\u0430 \\u041a\\u0430\\u0436\\u0430\\u043c\",\"isPartOf\":{\"@id\":\"https:\/\/sdk.mk\/#website\"},\"datePublished\":\"2021-05-16T18:11:18+00:00\",\"dateModified\":\"2021-05-16T18:12:21+00:00\",\"author\":{\"@id\":\"https:\/\/sdk.mk\/#\/schema\/person\/737021aeacbe893f7e2c347186c5c7a1\"},\"inLanguage\":\"mk-MK\",\"potentialAction\":[{\"@type\":\"ReadAction\",\"target\":[\"https:\/\/sdk.mk\/index.php\/dua-te-them\/lupcoja-dhe-ramizi\/\"]}]},{\"@type\":\"Person\",\"@id\":\"https:\/\/sdk.mk\/#\/schema\/person\/737021aeacbe893f7e2c347186c5c7a1\",\"name\":\"\\u0424\\u0458\\u043e\\u043b\\u0430 \\u0417\\u043b\\u0430\\u0442\\u043a\\u0443\"}]}<\/script>\n<!-- \/ Yoast SEO Premium plugin. -->","_links":{"self":[{"href":"https:\/\/sdk.mk\/index.php\/wp-json\/wp\/v2\/posts\/146861"}],"collection":[{"href":"https:\/\/sdk.mk\/index.php\/wp-json\/wp\/v2\/posts"}],"about":[{"href":"https:\/\/sdk.mk\/index.php\/wp-json\/wp\/v2\/types\/post"}],"author":[{"embeddable":true,"href":"https:\/\/sdk.mk\/index.php\/wp-json\/wp\/v2\/users\/25"}],"replies":[{"embeddable":true,"href":"https:\/\/sdk.mk\/index.php\/wp-json\/wp\/v2\/comments?post=146861"}],"version-history":[{"count":0,"href":"https:\/\/sdk.mk\/index.php\/wp-json\/wp\/v2\/posts\/146861\/revisions"}],"wp:attachment":[{"href":"https:\/\/sdk.mk\/index.php\/wp-json\/wp\/v2\/media?parent=146861"}],"wp:term":[{"taxonomy":"category","embeddable":true,"href":"https:\/\/sdk.mk\/index.php\/wp-json\/wp\/v2\/categories?post=146861"},{"taxonomy":"post_tag","embeddable":true,"href":"https:\/\/sdk.mk\/index.php\/wp-json\/wp\/v2\/tags?post=146861"}],"curies":[{"name":"wp","href":"https:\/\/api.w.org\/{rel}","templated":true}]}}