{"id":147390,"date":"2021-05-23T19:16:51","date_gmt":"2021-05-23T17:16:51","guid":{"rendered":"https:\/\/sdk.mk\/?p=147390"},"modified":"2021-05-23T19:16:51","modified_gmt":"2021-05-23T17:16:51","slug":"optimizem-cinik-2","status":"publish","type":"post","link":"https:\/\/sdk.mk\/index.php\/dua-te-them\/optimizem-cinik-2\/","title":{"rendered":"OPTIMIZ\u00cbM CINIK"},"content":{"rendered":"<div class=\"f52428582a4b906b2d2e2a7d733c7d27\" data-index=\"7\" style=\"float: none; margin:10px 0 10px 0; text-align:center;\">\n<!-- MSP Ads Asynchronous JS Tag - Generated with Revive Adserver v5.4.1 -->\r\n<ins data-revive-zoneid=\"167\" data-revive-id=\"060fdb01f6430ec164d3519234aa4967\"><\/ins>\r\n<script async src=\"\/\/panel.ads.com.mk\/www\/delivery\/asyncjs.php\"><\/script>\n<\/div>\n<p><span class=\"dropcap color firstcharacter\">1<\/span> Dometh\u00ebn\u00eb, na pret edhe nj\u00eb muaj pritje date. Edhe nj\u00eb K\u00ebshill i BE-s\u00eb, Samit i BE-s\u00eb apo sido q\u00eb t\u2019u quhen trupat q\u00eb n\u00eb m\u00ebnyr\u00eb parimore po tallen me ne tashm\u00eb 30 vjet, q\u00eb na mendimi i Komisionit t\u00eb Bandenterit se vet\u00ebm Sllovenia dhe Maqedonia nga republikat ish jugosllave i plot\u00ebsojn\u00eb kriteret p\u00ebr pranimin si shtete t\u00eb pavarura nga ana e bashk\u00ebsis\u00eb s\u00eb at\u00ebhershme evropiane.<br \/>\nMinistri i pun\u00ebve t\u00eb jashtme t\u00eb Portugalis\u00eb Augusto Santos Silva, n\u00eb funksionin e kryesuesit t\u00eb BE-s\u00eb n\u00eb Sofje deklaroi: \u201cGjithmon\u00eb \u00ebsht\u00eb e r\u00ebnd\u00ebsishme t\u00eb d\u00ebgjohet z\u00ebri i an\u00ebtar\u00ebve t\u00eb r\u00ebnd\u00ebsish\u00ebm mbi temat relevante. Bullgaria \u00ebsht\u00eb lider i cili punon n\u00eb krijimin e politikave tona drejt Ballkanit\u201d.<\/p>\n<p>Super. Q\u00eb kur Bullgarin\u00eb e keni lider n\u00eb krijimin e politikave t\u00eb Ballkanit, ne po presim edhe ndonj\u00eb dat\u00eb tjet\u00ebr.<\/p>\n<p>Disi jam tejet i kujdessh\u00ebm kur b\u00ebhet fjal\u00eb p\u00ebr iniciativ\u00ebn portugeze. A ju kujtohet Deklarata e Lisbon\u00ebs n\u00eb qershor t\u00eb vitit 1992, kur n\u00ebn kryesimin e Portugalis\u00eb, bashk\u00ebsia e at\u00ebhershme evropiane vendosi q\u00eb, pavar\u00ebsisht mendimit t\u00eb komisionit t\u00eb tyre t\u00eb Bandenterit, shtetet an\u00ebtare t\u00eb mos pranojn\u00eb nj\u00eb shtet i cili n\u00eb emrin e tij p\u00ebrmban fjal\u00ebn Maqedoni? Kishim fat q\u00eb menj\u00ebher\u00eb pas Portugalis\u00eb, kryesues i bashk\u00ebsis\u00eb evropiane ishte Mbret\u00ebria e Bashkuar dhe me ndihm\u00ebn e SHBA-s\u00eb britanik\u00ebt arrit\u00ebn q\u00eb n\u00eb dhjetor t\u00eb vitit 1992 \u00e7\u00ebshtjen p\u00ebr shtetin ton\u00eb ta heqin nga Evopa, e k\u00ebshtu n\u00eb 1993 u b\u00ebm\u00eb shtet an\u00ebtar i Kombeve t\u00eb Bashkuara.<\/p>\n<p>Britania nuk \u00ebsht\u00eb m\u00eb n\u00eb BE.<\/p>\n<p>Nuk dua ta zvog\u00ebloj mundin e portugez\u00ebve q\u00eb t\u00eb nxisin Bullgarin\u00eb t\u00eb heq\u00eb dor\u00eb nga vetoja q\u00eb n\u00eb fillim t\u00eb negocimeve me BE. P\u00ebrpjekja e tyre \u00ebsht\u00eb p\u00ebr t\u2019u respektuar. \u00cbsht\u00eb p\u00ebr t\u2019u respektuar edhe p\u00ebrpjekja e Gjermanis\u00eb. Nuk besoj se dikush ka investuar m\u00eb shum\u00eb mund se sa Gjermania q\u00eb ta shtyj\u00eb Maqedonin\u00eb drejt BE-s\u00eb gjat\u00eb k\u00ebtij gjasht\u00ebmujori t\u00eb fundit, kur ishte kryesues i BE-s\u00eb. Por, interesi i Bullgaris\u00eb \u00ebsht\u00eb m\u00eb i r\u00ebnd\u00ebsish\u00ebm p\u00ebr BE-n\u00eb se sa interesi i Gjermanis\u00eb.<\/p>\n<p>Andaj dhe nuk mund t\u00eb jem optimist. Pasi, cinizmi i BE-s\u00eb e vrau optimizmin e Maqedonis\u00eb. \u00cbsht\u00eb cinike t\u00eb flas\u00ebsh p\u00ebr vet\u00ebp\u00ebrcaktim, dallime dhe respektime t\u00eb t\u00eb drejtave bazore njer\u00ebzore si vlera themelore t\u00eb BE-s\u00eb e nd\u00ebrkoh\u00eb n\u00eb terren t\u00eb kesh kuptimin e p\u00ebrgjithsh\u00ebm se nj\u00eb shtet an\u00ebtar i mohon k\u00ebto vlera te nj\u00eb shtet q\u00eb d\u00ebshiron t\u00eb b\u00ebhet an\u00ebtare e BE-s\u00eb. P\u00ebr m\u00eb tep\u00ebr, ky shtet q\u00eb d\u00ebshiron t\u2019i bashkangjitet BE-s\u00eb i ka plot\u00ebsuar kushtet p\u00ebr fillim t\u00eb negociatave.<\/p>\n<p>\u00c7far\u00eb mesazhi na d\u00ebrgon BE-ja? Se nuk keni penges\u00eb tjeter p\u00ebr fillimin e negocimeve me BE-n\u00eb, p\u00ebrve\u00e7 pranimit t\u00eb shantazheve t\u00eb Bullgaris\u00eb dhe t\u00eb thoni se keni qen\u00eb bullgar\u00eb t\u00eb cil\u00ebt nj\u00eb m\u00ebngjes u zgjuan dhe vendos\u00ebn t\u00eb ndjehen maqedonas. Epo, esenca e vet\u00ebp\u00ebrcaktimit \u00ebsht\u00eb pik\u00ebrisht q\u00eb t\u00eb thuash se si ndjehesh. Si mund t\u00eb jesh optimist, kur n\u00eb shekullin 21 duhet t\u00eb shpjegohemi p\u00ebr k\u00ebt\u00eb \u00e7\u00ebshtje ndaj shteteve an\u00ebtare t\u00eb BE-s\u00eb? Me t\u00eb v\u00ebrtet\u00eb \u00ebsht\u00eb qesharake. Mendoj, tragjike, por edhe qesharake.<\/p>\n<p>Dhe &#8211; \u00ebsht\u00eb cinike t\u00eb p\u00ebrs\u00ebris\u00ebsh qindra her\u00eb se integrimi i shteteve t\u00eb Ballkanit Per\u00ebndimor \u00ebsht\u00eb \u00e7\u00ebshtje shum\u00eb e r\u00ebnd\u00ebsishme e BE-s\u00eb, e nd\u00ebrkoh\u00eb n\u00eb terren ta bllokosh po k\u00ebt\u00eb integrim.<\/p>\n<p><span class=\"dropcap color firstcharacter\">2<\/span> E k\u00ebshtu, Bullgaria \u00ebsht\u00eb lideri i politikave evropiane t\u00eb Ballkanit, kurse ne do t\u00eb p\u00ebrz\u00ebm\u00eb diplomat\u00ebt rus\u00eb.<br \/>\nE dija se kishte ndonj\u00eb arsye m\u00eb serioze se pse me vite ne nuk d\u00ebrgojm\u00eb ambasador n\u00eb Mosk\u00eb dhe se pse n\u00eb ambasad\u00ebn e atjeshme kemi vet\u00ebm dy diplomat\u00eb. P\u00ebr arsye q\u00eb kur t\u00eb vij\u00eb koha q\u00eb ne t\u00eb p\u00ebrz\u00ebm\u00eb dimplomat\u00ebt rus\u00eb, ata t\u00eb mos ken\u00eb se k\u00eb t\u00eb p\u00ebrz\u00ebn\u00eb.<\/p>\n<p>Gjoja se ne vendos\u00ebm ta p\u00ebrz\u00ebm\u00eb se ia kemi ndjekur aktivitetet. Jemi me fat q\u00eb ndodhemi n\u00eb nj\u00eb terren t\u00eb r\u00ebnd\u00ebsish\u00ebm gjeostrategjik ku dikush tjet\u00ebr d\u00ebrgon aksion p\u00ebr diplomat\u00ebt e stacionuar n\u00eb Shkup. Neve na iku nj\u00eb ish kryeminist\u00ebr e nd\u00ebrkoh\u00eb akoma zhvillohet hetimi se si ka arritur t\u00eb arratiset na policia, e tani flasim se si ua paskemi ndjekur aktivitetet diplomat\u00ebve.<\/p>\n<p>Plus q\u00eb nuk ka se kush t\u00eb p\u00ebrndjek\u00eb spiun\u00ebt rus\u00eb. Sh\u00ebrbimet e siguris\u00eb tani jan\u00eb t\u00eb z\u00ebna me hetimet mbi at\u00eb se kush i ka vjedhur manushaqet nga qendra e Manastirit.<\/p>\n<p><span class=\"dropcap color firstcharacter\">3<\/span> Nga doli, vall\u00eb, tani rehabilitimi i S\u00ebrgjan Kerimit dhe Valentina Bozhinovsk\u00ebs, dhe si u shfaq\u00ebn n\u00eb list\u00ebn e k\u00ebshilltar\u00ebve t\u00eb ministrit t\u00eb pun\u00ebve t\u00eb jashtme Bujar Osmani? Shum\u00eb m\u00eb intereson se si qeveris\u00eb i \u00ebsht\u00eb kujtuar q\u00eb t&#8217;i th\u00ebrras\u00eb mu k\u00ebta. Cili \u00ebsht\u00eb ai mekaniz\u00ebm q\u00eb ka b\u00ebr\u00eb q\u00eb ata p\u00ebr vet\u00ebm kat\u00ebr vjet t\u00eb marrin s\u00ebrish nj\u00eb lloj funksioni shtet\u00ebror, po qoft\u00eb ky edhe funksion k\u00ebshilltari dhe pa pages\u00eb. Nuk m\u00eb \u00e7udit n\u00ebse Kerimi dhe Bozhinovska i kan\u00eb zgjatur mekanizmat e tyre q\u00eb t\u00eb kthehen n\u00eb jet\u00eb si t\u00eb mos kishte ndodhur asgj\u00eb m\u00eb par\u00eb. Por, jam shum\u00eb kurioz t\u00eb di se sa e madhe \u00ebsht\u00eb fuqia e k\u00ebtij mekanizmi q\u00eb ata t\u00eb ndodhen n\u00eb K\u00ebshillin e ministrit. Kjo do t\u00eb thot\u00eb se si nj\u00ebra pal\u00eb si tjetra funksionojn\u00eb n\u00eb m\u00ebnyr\u00eb t\u00eb p\u00ebrkryer si zor\u00eb t\u00eb nd\u00ebrlidhura. Pas atij fjalimi n\u00eb nat\u00ebn e thikave, n\u00ebse do t\u00eb isha un\u00eb n\u00eb vend t\u00eb Bujarit as nuk do t\u2019i flisja Valentina Bozhinovsk\u00ebs, e jo m\u00eb ta th\u00ebrrisja q\u00eb t\u00eb b\u00ebhet k\u00ebshilltarja ime. \u00c7\u2019kujton Bujari? P\u00ebr k\u00eb ishin thikat q\u00eb i k\u00ebrkonte k\u00ebshilltarja n\u00eb dhjetor t\u00eb 2016-\u00ebs?<\/p>\n<p>P\u00ebr fat t\u00eb pak\u00ebn k\u00ebto kat\u00ebr vjet u krijua nj\u00eb opionion kritik publik q\u00eb nuk ka aq shum\u00eb frik\u00eb t\u00eb flas\u00eb, si\u00e7 frik\u00ebsohej n\u00eb koh\u00ebn e thikave t\u00eb gjata. Prandaj nuk mundet q\u00eb nj\u00eb organ joformal qeveritar t\u00eb na \u201cshitet\u201d si proces i pajtimit. Pasi kur Qeveria flet p\u00ebr pajtimin me t\u00eb dyshuarit e krimeve dhe dhunuesit \u00ebsht\u00eb nj\u00ebsoj si at\u00ebher\u00eb kur BE-ja d\u00ebrd\u00ebllit mbi at\u00eb se sa i r\u00ebnd\u00ebsish\u00ebm \u00ebsht\u00eb Ballkani Per\u00ebndimor.<\/p>\n<p><strong><em>P\u00ebrktheu: Fjolla Zllatku <\/em><\/strong><\/p>\n<p>&nbsp;<\/p>\n\n<div style=\"font-size: 0px; height: 0px; line-height: 0px; margin: 0; padding: 0; clear: both;\"><\/div>","protected":false},"excerpt":{"rendered":"<p>Dometh\u00ebn\u00eb, na pret edhe nj\u00eb muaj pritje date. Edhe nj\u00eb K\u00ebshill i BE-s\u00eb, Samit i BE-s\u00eb apo sido q\u00eb t\u2019u [&hellip;]<\/p>\n","protected":false},"author":25,"featured_media":0,"comment_status":"closed","ping_status":"closed","sticky":false,"template":"","format":"standard","meta":{"_mo_disable_npp":"no","inline_featured_image":false},"categories":[1825],"tags":[],"imageURL":false,"thumbURL":false,"categoryNames":["DUA T\u00cb THEM"],"feature_caption":"","subtitle":"\u00cbsht\u00eb cinike t\u00eb p\u00ebrs\u00ebris\u00ebsh qindra her\u00eb se integrimi i shteteve t\u00eb Ballkanit Per\u00ebndimor \u00ebsht\u00eb \u00e7\u00ebshtje shum\u00eb e r\u00ebnd\u00ebsishme e BE-s\u00eb e nd\u00ebrkoh\u00eb n\u00eb terren ta bllokosh po k\u00ebt\u00eb integrim.","views":"22","source":"Shkup, (SAKAMDAKAZAM.MK)","yoast_head":"<!-- This site is optimized with the Yoast SEO Premium plugin v15.0 - https:\/\/yoast.com\/wordpress\/plugins\/seo\/ -->\n<title>OPTIMIZ\u00cbM CINIK - \u0421\u0430\u043a\u0430\u043c \u0414\u0430 \u041a\u0430\u0436\u0430\u043c<\/title>\n<meta name=\"robots\" content=\"index, follow, max-snippet:-1, max-image-preview:large, max-video-preview:-1\" \/>\n<link rel=\"canonical\" href=\"https:\/\/sdk.mk\/index.php\/dua-te-them\/optimizem-cinik-2\/\" \/>\n<meta property=\"og:locale\" content=\"mk_MK\" \/>\n<meta property=\"og:type\" content=\"article\" \/>\n<meta property=\"og:title\" content=\"OPTIMIZ\u00cbM CINIK - \u0421\u0430\u043a\u0430\u043c \u0414\u0430 \u041a\u0430\u0436\u0430\u043c\" \/>\n<meta property=\"og:description\" content=\"Dometh\u00ebn\u00eb, na pret edhe nj\u00eb muaj pritje date. Edhe nj\u00eb K\u00ebshill i BE-s\u00eb, Samit i BE-s\u00eb apo sido q\u00eb t\u2019u [&hellip;]\" \/>\n<meta property=\"og:url\" content=\"https:\/\/sdk.mk\/index.php\/dua-te-them\/optimizem-cinik-2\/\" \/>\n<meta property=\"og:site_name\" content=\"\u0421\u0430\u043a\u0430\u043c \u0414\u0430 \u041a\u0430\u0436\u0430\u043c\" \/>\n<meta property=\"article:published_time\" content=\"2021-05-23T17:16:51+00:00\" \/>\n<meta property=\"og:image\" content=\"https:\/\/sdk.mk\/wp-content\/uploads\/2015\/12\/goran-mihailovski2.jpg\" \/>\n\t<meta property=\"og:image:width\" content=\"400\" \/>\n\t<meta property=\"og:image:height\" content=\"313\" \/>\n<meta property=\"fb:app_id\" content=\"2407985809428537\" \/>\n<meta name=\"twitter:card\" content=\"summary\" \/>\n<script type=\"application\/ld+json\" class=\"yoast-schema-graph\">{\"@context\":\"https:\/\/schema.org\",\"@graph\":[{\"@type\":\"WebSite\",\"@id\":\"https:\/\/sdk.mk\/#website\",\"url\":\"https:\/\/sdk.mk\/\",\"name\":\"\\u0421\\u0430\\u043a\\u0430\\u043c \\u0414\\u0430 \\u041a\\u0430\\u0436\\u0430\\u043c\",\"description\":\"\\u0417\\u0430 \\u0441\\u043b\\u043e\\u0431\\u043e\\u0434\\u043e\\u0443\\u043c\\u043d\\u0438\",\"potentialAction\":[{\"@type\":\"SearchAction\",\"target\":\"https:\/\/sdk.mk\/?s={search_term_string}\",\"query-input\":\"required name=search_term_string\"}],\"inLanguage\":\"mk-MK\"},{\"@type\":\"WebPage\",\"@id\":\"https:\/\/sdk.mk\/index.php\/dua-te-them\/optimizem-cinik-2\/#webpage\",\"url\":\"https:\/\/sdk.mk\/index.php\/dua-te-them\/optimizem-cinik-2\/\",\"name\":\"OPTIMIZ\\u00cbM CINIK - \\u0421\\u0430\\u043a\\u0430\\u043c \\u0414\\u0430 \\u041a\\u0430\\u0436\\u0430\\u043c\",\"isPartOf\":{\"@id\":\"https:\/\/sdk.mk\/#website\"},\"datePublished\":\"2021-05-23T17:16:51+00:00\",\"dateModified\":\"2021-05-23T17:16:51+00:00\",\"author\":{\"@id\":\"https:\/\/sdk.mk\/#\/schema\/person\/737021aeacbe893f7e2c347186c5c7a1\"},\"inLanguage\":\"mk-MK\",\"potentialAction\":[{\"@type\":\"ReadAction\",\"target\":[\"https:\/\/sdk.mk\/index.php\/dua-te-them\/optimizem-cinik-2\/\"]}]},{\"@type\":\"Person\",\"@id\":\"https:\/\/sdk.mk\/#\/schema\/person\/737021aeacbe893f7e2c347186c5c7a1\",\"name\":\"\\u0424\\u0458\\u043e\\u043b\\u0430 \\u0417\\u043b\\u0430\\u0442\\u043a\\u0443\"}]}<\/script>\n<!-- \/ Yoast SEO Premium plugin. -->","_links":{"self":[{"href":"https:\/\/sdk.mk\/index.php\/wp-json\/wp\/v2\/posts\/147390"}],"collection":[{"href":"https:\/\/sdk.mk\/index.php\/wp-json\/wp\/v2\/posts"}],"about":[{"href":"https:\/\/sdk.mk\/index.php\/wp-json\/wp\/v2\/types\/post"}],"author":[{"embeddable":true,"href":"https:\/\/sdk.mk\/index.php\/wp-json\/wp\/v2\/users\/25"}],"replies":[{"embeddable":true,"href":"https:\/\/sdk.mk\/index.php\/wp-json\/wp\/v2\/comments?post=147390"}],"version-history":[{"count":0,"href":"https:\/\/sdk.mk\/index.php\/wp-json\/wp\/v2\/posts\/147390\/revisions"}],"wp:attachment":[{"href":"https:\/\/sdk.mk\/index.php\/wp-json\/wp\/v2\/media?parent=147390"}],"wp:term":[{"taxonomy":"category","embeddable":true,"href":"https:\/\/sdk.mk\/index.php\/wp-json\/wp\/v2\/categories?post=147390"},{"taxonomy":"post_tag","embeddable":true,"href":"https:\/\/sdk.mk\/index.php\/wp-json\/wp\/v2\/tags?post=147390"}],"curies":[{"name":"wp","href":"https:\/\/api.w.org\/{rel}","templated":true}]}}