{"id":149391,"date":"2021-06-21T15:03:38","date_gmt":"2021-06-21T13:03:38","guid":{"rendered":"https:\/\/sdk.mk\/?p=149391"},"modified":"2021-06-21T15:03:38","modified_gmt":"2021-06-21T13:03:38","slug":"mbeten-pa-pune-kurse-duhet-t-i-kthejne-edhe-parate-ata-qe-marrin-te-paret-e-pastaj-u-merret-edhe-pensioni-invalidor","status":"publish","type":"post","link":"https:\/\/sdk.mk\/index.php\/histori-te-parrefyera\/mbeten-pa-pune-kurse-duhet-t-i-kthejne-edhe-parate-ata-qe-marrin-te-paret-e-pastaj-u-merret-edhe-pensioni-invalidor\/","title":{"rendered":"MBETEN PA PUN\u00cb, KURSE DUHET T&#8217;I KTHEJN\u00cb EDHE PARAT\u00cb ATA Q\u00cb MARRIN T\u00cb PAR\u00cbT, E PASTAJ U MERRET EDHE PENSIONI INVALIDOR"},"content":{"rendered":"<div class=\"f52428582a4b906b2d2e2a7d733c7d27\" data-index=\"7\" style=\"float: none; margin:10px 0 10px 0; text-align:center;\">\n<!-- MSP Ads Asynchronous JS Tag - Generated with Revive Adserver v5.4.1 -->\r\n<ins data-revive-zoneid=\"167\" data-revive-id=\"060fdb01f6430ec164d3519234aa4967\"><\/ins>\r\n<script async src=\"\/\/panel.ads.com.mk\/www\/delivery\/asyncjs.php\"><\/script>\n<\/div>\n<p>Askush nuk do t\u00eb d\u00ebmtohet n\u00ebse ligji vendos pezullimin e vendit t\u00eb pun\u00ebs t\u00eb punonj\u00ebsit, duke qen\u00eb se kjo vlen tashm\u00eb p\u00ebr personat q\u00eb do t\u00eb zgjidhen n\u00eb detyr\u00eb. &#8211; Sportel n\u00eb Fondin e sigurimit pensional dhe invalidor (Foto: SDK.MK)<\/p>\n<p>Qytetar\u00ebt q\u00eb jan\u00eb b\u00ebr\u00eb t\u00eb paaft\u00eb p\u00ebr pun\u00eb dhe kan\u00eb marr\u00eb nj\u00eb pension t\u00eb aft\u00ebsis\u00eb s\u00eb kufizuar p\u00ebrballen me nj\u00eb problem t\u00eb madh, kur komisioni ndryshon mendim dhe u thot\u00eb se nuk vlen dhe se s&#8217;jeni n\u00eb gjendje t\u00eb punoni. Nuk kan\u00eb se ku t\u00eb kthehen. Ata tashm\u00eb kan\u00eb humbur pun\u00ebn, sepse deri n\u00eb kontrollin sh\u00ebndet\u00ebsor, atyre u paguhet nj\u00eb pension i p\u00ebrkohsh\u00ebm.<\/p>\n<p>K\u00ebto raste mbeten n\u00eb rrug\u00eb, pa ekzistenc\u00eb. Nuk ka kthim prapa tek pun\u00ebdh\u00ebn\u00ebsi. Ata kan\u00eb mbetur pa pag\u00eb, pa pension t\u00eb p\u00ebrkohsh\u00ebm dhe pa pension invaliditeti.<\/p>\n<p>Qytetar\u00ebt t\u00eb cil\u00ebve do t&#8217;u hiqet pensioni i p\u00ebrkohsh\u00ebm n\u00eb kontrollin e detyruesh\u00ebm, jan\u00eb t\u00eb detyruar t\u00eb kthejn\u00eb fondet nga pensioni i p\u00ebrkohsh\u00ebm deri n\u00eb denarin e fundit.<\/p>\n<p>Avokati i popullit Naser Ziberi jav\u00ebn e kaluar alarmoi p\u00ebr k\u00ebt\u00eb mang\u00ebsi t\u00eb sistemit n\u00eb t\u00eb drejt\u00ebn p\u00ebr t\u00eb marr\u00eb nj\u00eb pension invaliditeti. Ankesa t\u00eb tilla jan\u00eb grumbulluar n\u00eb institucion, njer\u00ebzit q\u00eb kan\u00eb humbur pensionin e p\u00ebrkohsh\u00ebm dhe punojn\u00eb por edhe pun\u00ebn e tyre p\u00ebr shkak t\u00eb k\u00ebtij pensioni, jan\u00eb n\u00eb nj\u00eb rrug\u00eb pa krye.<\/p>\n<p>&#8220;Qytetari n\u00eb nj\u00eb procedur\u00eb me k\u00ebrkes\u00ebn e tij ose t\u00eb saj ose me k\u00ebrkes\u00ebn e pun\u00ebdh\u00ebn\u00ebsit p\u00ebr ushtrimin e s\u00eb drejt\u00ebs p\u00ebr pension invaliditeti, n\u00eb p\u00ebrputhje me Ligjin p\u00ebr sigurimin pensional dhe invalidor, \u00ebsht\u00eb referuar p\u00ebr shqyrtim para Komisionit p\u00ebr vler\u00ebsimin e aft\u00ebsis\u00eb s\u00eb pun\u00ebs. Pas ekzaminimit t\u00eb kryer, ajo p\u00ebrcakton situat\u00ebn dhe sjell nj\u00eb konstatim dhe mendim, pas s\u00eb cil\u00ebs Fondi i sigurimit t\u00eb pensionit dhe sigurimit invalidor miraton nj\u00eb vendim q\u00eb p\u00ebrcakton pensionin e paaft\u00ebsis\u00eb s\u00eb p\u00ebrkohshme. Qytetari \u00ebsht\u00eb i detyruar t\u00eb raportoj\u00eb p\u00ebr nj\u00eb provim kontrolli pas nj\u00eb viti. &#8220;Pas marrjes s\u00eb nj\u00eb vendimi t\u00eb till\u00eb, pun\u00ebsimi i tij nd\u00ebrpritet dhe pun\u00ebdh\u00ebn\u00ebsi pushohet nga puna,&#8221; tha z\u00ebvend\u00ebs Ombudsmani Jovan Andonovski.<\/p>\n<p><a href=\"https:\/\/sdk.mk\/wp-content\/uploads\/2021\/05\/naser-ziberi-767665566576567.jpg\"><img loading=\"lazy\" class=\"alignnone size-large wp-image-146223\" src=\"https:\/\/sdk.mk\/wp-content\/uploads\/2021\/05\/naser-ziberi-767665566576567-650x341.jpg\" alt=\"\" width=\"650\" height=\"341\" srcset=\"https:\/\/sdk.mk\/wp-content\/uploads\/2021\/05\/naser-ziberi-767665566576567-650x341.jpg 650w, https:\/\/sdk.mk\/wp-content\/uploads\/2021\/05\/naser-ziberi-767665566576567-400x210.jpg 400w, https:\/\/sdk.mk\/wp-content\/uploads\/2021\/05\/naser-ziberi-767665566576567-250x131.jpg 250w, https:\/\/sdk.mk\/wp-content\/uploads\/2021\/05\/naser-ziberi-767665566576567-768x403.jpg 768w, https:\/\/sdk.mk\/wp-content\/uploads\/2021\/05\/naser-ziberi-767665566576567-150x79.jpg 150w, https:\/\/sdk.mk\/wp-content\/uploads\/2021\/05\/naser-ziberi-767665566576567-50x26.jpg 50w, https:\/\/sdk.mk\/wp-content\/uploads\/2021\/05\/naser-ziberi-767665566576567-100x53.jpg 100w, https:\/\/sdk.mk\/wp-content\/uploads\/2021\/05\/naser-ziberi-767665566576567-200x105.jpg 200w, https:\/\/sdk.mk\/wp-content\/uploads\/2021\/05\/naser-ziberi-767665566576567-300x158.jpg 300w, https:\/\/sdk.mk\/wp-content\/uploads\/2021\/05\/naser-ziberi-767665566576567-350x184.jpg 350w, https:\/\/sdk.mk\/wp-content\/uploads\/2021\/05\/naser-ziberi-767665566576567-450x236.jpg 450w, https:\/\/sdk.mk\/wp-content\/uploads\/2021\/05\/naser-ziberi-767665566576567-500x263.jpg 500w, https:\/\/sdk.mk\/wp-content\/uploads\/2021\/05\/naser-ziberi-767665566576567-550x289.jpg 550w, https:\/\/sdk.mk\/wp-content\/uploads\/2021\/05\/naser-ziberi-767665566576567.jpg 800w\" sizes=\"(max-width: 650px) 100vw, 650px\" \/><\/a>\r\n\r\n<\/p>\n<p>Sidoqoft\u00eb, n\u00eb kontrollin sh\u00ebndet\u00ebsor, vazhdon ai, ka raste t\u00eb udh\u00ebzimeve dhe mendimeve negative, dmth. ndryshe nga origjinali mbi baz\u00ebn e t\u00eb cilit qytetari ushtronte t\u00eb drejt\u00ebn.<\/p>\n<p>\u201cK\u00ebshtu, shfuqizohet invaliditeti p\u00ebr qytetarin q\u00eb ka marr\u00eb pension dhe ai \u00ebsht\u00eb i detyruar t\u2019i kthej\u00eb mjetet e paguara. &#8220;Nga ana tjet\u00ebr, ai nuk mund t\u00eb kthehet n\u00eb pun\u00eb p\u00ebr shkak t\u00eb nd\u00ebrprerjes s\u00eb pun\u00ebs,&#8221; thekson Andonovski.<\/p>\n<p>Pastaj shumica e k\u00ebtyre \u00e7\u00ebshtjeve p\u00ebrfundojn\u00eb n\u00eb golgot\u00eb, ankohen n\u00eb komisionin e shkall\u00ebs s\u00eb dyt\u00eb, pastaj fillojn\u00eb nj\u00eb mosmarr\u00ebveshje administrative dhe zgjasin me vite, p\u00ebrfundimisht ata nuk marrin drejt\u00ebsi p\u00ebr shkak t\u00eb ligjit rigoroz.<\/p>\n<p>Pas ankesave t\u00eb shumta nga qytetar\u00ebt, Avokati i popullit iu drejtua Qeveris\u00eb dhe Ministris\u00eb kompetente t\u00eb pun\u00ebs dhe politik\u00ebs sociale. Ai gjithashtu sugjeron nj\u00eb m\u00ebnyr\u00eb p\u00ebr t\u00eb zgjidhur k\u00ebt\u00eb dob\u00ebsi t\u00eb sistemit, i cili ekzistencialisht gjymton njer\u00ebzit. Ai b\u00ebn thirrje q\u00eb vendi i pun\u00ebs t\u00eb pushoj\u00eb p\u00ebr personat me aft\u00ebsi t\u00eb kufizuara nd\u00ebrsa Komisioni shqyrton, heton dhe kontrollon n\u00ebse njer\u00ebzit e s\u00ebmur\u00eb apo me aft\u00ebsi t\u00eb kufizuara jan\u00eb sh\u00ebruar nd\u00ebrkoh\u00eb.<\/p>\n<p>&#8220;Ne propozojm\u00eb q\u00eb t\u00eb shfuqizohet paragrafi 6 i nenit 130 t\u00eb Ligjit p\u00ebr Sigurimin pensional dhe invalivor, i cili p\u00ebrcakton pagimin e pensionit t\u00eb aft\u00ebsis\u00eb s\u00eb kufizuar t\u00eb p\u00ebrkohshme derisa t\u00eb merret nj\u00eb vendim p\u00ebr nj\u00eb provim kontrolli. &#8220;Por ne gjithashtu k\u00ebrkojm\u00eb t\u00eb shqyrtojm\u00eb mund\u00ebsin\u00eb e krijimit t\u00eb nj\u00eb baze shtes\u00eb p\u00ebr pezullimin e pun\u00ebsimit n\u00eb Ligjin p\u00ebr marr\u00ebdh\u00ebniet e pun\u00ebs, n\u00eb rast se punonj\u00ebsit i paguhet nj\u00eb pension i p\u00ebrkohsh\u00ebm invaliditeti, deri n\u00eb vendimin p\u00ebrfundimtar t\u00eb komisionit t\u00eb provimit t\u00eb kontrollit t\u00eb detyruesh\u00ebm,&#8221; tha Andonovski.<\/p>\n<p>Avokati i popullit thot\u00eb se askush nuk do t\u00eb d\u00ebmtohet n\u00ebse ligji vendos pezullimin e vendit t\u00eb pun\u00ebs t\u00eb punonj\u00ebsit, duke qen\u00eb se ky institut tashm\u00eb zbatohet p\u00ebr personat q\u00eb do t\u00eb zgjidhen n\u00eb poste.<\/p>\n<p>Ministria e pun\u00ebs dhe politik\u00ebs sociale informoi Ombudsmanin n\u00eb janar t\u00eb vitit t\u00eb kaluar se ata kishin mbajtur nj\u00eb takim me Fondin e pensionit dhe se do t\u00eb paraqisnin ndryshime ligjore p\u00ebr rregullimin e pensionit t\u00eb p\u00ebrkohsh\u00ebm.<\/p>\n<p>Por deri m\u00eb sot ata nuk kan\u00eb b\u00ebr\u00eb asgj\u00eb. Nj\u00eb gj\u00eb e till\u00eb n\u00eb Parlament (e cila meq\u00eb ra fjala thuajse nuk funksionon), deri m\u00eb tani nuk \u00ebsht\u00eb deklaruar se do t\u00eb debatohet dhe votohet.<\/p>\n<p><em><strong>S.K. DELEVSKA<\/strong><\/em><\/p>\n\n<div style=\"font-size: 0px; height: 0px; line-height: 0px; margin: 0; padding: 0; clear: both;\"><\/div>","protected":false},"excerpt":{"rendered":"<p>Askush nuk do t\u00eb d\u00ebmtohet n\u00ebse ligji vendos pezullimin e vendit t\u00eb pun\u00ebs t\u00eb punonj\u00ebsit, duke qen\u00eb se kjo vlen [&hellip;]<\/p>\n","protected":false},"author":25,"featured_media":146222,"comment_status":"closed","ping_status":"closed","sticky":false,"template":"","format":"standard","meta":{"_mo_disable_npp":"no","inline_featured_image":false},"categories":[3085,3087],"tags":[],"imageURL":"https:\/\/sdk.mk\/wp-content\/uploads\/2021\/05\/salter-piom-8923898329-650x341.jpg","thumbURL":"https:\/\/sdk.mk\/wp-content\/uploads\/2021\/05\/salter-piom-8923898329-250x131.jpg","categoryNames":["Histori t\u00eb parr\u00ebfyera","Maqedonia"],"feature_caption":"Avokati i popullit thot\u00eb se askush nuk do t\u00eb d\u00ebmtohet n\u00ebse ligji vendos pezullimin e vendit t\u00eb pun\u00ebs t\u00eb punonj\u00ebsit, duke qen\u00eb se ky institut tashm\u00eb zbatohet p\u00ebr personat q\u00eb do t\u00eb zgjidhen n\u00eb poste.( Foto: SDK.MK)","subtitle":"","views":"43","source":"Shkup, (SAKAMDAKAZAM.MK)","yoast_head":"<!-- This site is optimized with the Yoast SEO Premium plugin v15.0 - https:\/\/yoast.com\/wordpress\/plugins\/seo\/ -->\n<title>MBETEN PA PUN\u00cb, KURSE DUHET T&#039;I KTHEJN\u00cb EDHE PARAT\u00cb ATA Q\u00cb MARRIN T\u00cb PAR\u00cbT, E PASTAJ U MERRET EDHE PENSIONI INVALIDOR - \u0421\u0430\u043a\u0430\u043c \u0414\u0430 \u041a\u0430\u0436\u0430\u043c<\/title>\n<meta name=\"robots\" content=\"index, follow, max-snippet:-1, max-image-preview:large, max-video-preview:-1\" \/>\n<link rel=\"canonical\" href=\"https:\/\/sdk.mk\/index.php\/histori-te-parrefyera\/mbeten-pa-pune-kurse-duhet-t-i-kthejne-edhe-parate-ata-qe-marrin-te-paret-e-pastaj-u-merret-edhe-pensioni-invalidor\/\" \/>\n<meta property=\"og:locale\" content=\"mk_MK\" \/>\n<meta property=\"og:type\" content=\"article\" \/>\n<meta property=\"og:title\" content=\"MBETEN PA PUN\u00cb, KURSE DUHET T&#039;I KTHEJN\u00cb EDHE PARAT\u00cb ATA Q\u00cb MARRIN T\u00cb PAR\u00cbT, E PASTAJ U MERRET EDHE PENSIONI INVALIDOR - \u0421\u0430\u043a\u0430\u043c \u0414\u0430 \u041a\u0430\u0436\u0430\u043c\" \/>\n<meta property=\"og:description\" content=\"Askush nuk do t\u00eb d\u00ebmtohet n\u00ebse ligji vendos pezullimin e vendit t\u00eb pun\u00ebs t\u00eb punonj\u00ebsit, duke qen\u00eb se kjo vlen [&hellip;]\" \/>\n<meta property=\"og:url\" content=\"https:\/\/sdk.mk\/index.php\/histori-te-parrefyera\/mbeten-pa-pune-kurse-duhet-t-i-kthejne-edhe-parate-ata-qe-marrin-te-paret-e-pastaj-u-merret-edhe-pensioni-invalidor\/\" \/>\n<meta property=\"og:site_name\" content=\"\u0421\u0430\u043a\u0430\u043c \u0414\u0430 \u041a\u0430\u0436\u0430\u043c\" \/>\n<meta property=\"article:published_time\" content=\"2021-06-21T13:03:38+00:00\" \/>\n<meta property=\"og:image\" content=\"https:\/\/sdk.mk\/wp-content\/uploads\/2021\/05\/salter-piom-8923898329.jpg\" \/>\n\t<meta property=\"og:image:width\" content=\"800\" \/>\n\t<meta property=\"og:image:height\" content=\"420\" \/>\n<meta property=\"fb:app_id\" content=\"2407985809428537\" \/>\n<meta name=\"twitter:card\" content=\"summary\" \/>\n<script type=\"application\/ld+json\" class=\"yoast-schema-graph\">{\"@context\":\"https:\/\/schema.org\",\"@graph\":[{\"@type\":\"WebSite\",\"@id\":\"https:\/\/sdk.mk\/#website\",\"url\":\"https:\/\/sdk.mk\/\",\"name\":\"\\u0421\\u0430\\u043a\\u0430\\u043c \\u0414\\u0430 \\u041a\\u0430\\u0436\\u0430\\u043c\",\"description\":\"\\u0417\\u0430 \\u0441\\u043b\\u043e\\u0431\\u043e\\u0434\\u043e\\u0443\\u043c\\u043d\\u0438\",\"potentialAction\":[{\"@type\":\"SearchAction\",\"target\":\"https:\/\/sdk.mk\/?s={search_term_string}\",\"query-input\":\"required name=search_term_string\"}],\"inLanguage\":\"mk-MK\"},{\"@type\":\"ImageObject\",\"@id\":\"https:\/\/sdk.mk\/index.php\/histori-te-parrefyera\/mbeten-pa-pune-kurse-duhet-t-i-kthejne-edhe-parate-ata-qe-marrin-te-paret-e-pastaj-u-merret-edhe-pensioni-invalidor\/#primaryimage\",\"inLanguage\":\"mk-MK\",\"url\":\"https:\/\/sdk.mk\/wp-content\/uploads\/2021\/05\/salter-piom-8923898329.jpg\",\"width\":800,\"height\":420},{\"@type\":\"WebPage\",\"@id\":\"https:\/\/sdk.mk\/index.php\/histori-te-parrefyera\/mbeten-pa-pune-kurse-duhet-t-i-kthejne-edhe-parate-ata-qe-marrin-te-paret-e-pastaj-u-merret-edhe-pensioni-invalidor\/#webpage\",\"url\":\"https:\/\/sdk.mk\/index.php\/histori-te-parrefyera\/mbeten-pa-pune-kurse-duhet-t-i-kthejne-edhe-parate-ata-qe-marrin-te-paret-e-pastaj-u-merret-edhe-pensioni-invalidor\/\",\"name\":\"MBETEN PA PUN\\u00cb, KURSE DUHET T'I KTHEJN\\u00cb EDHE PARAT\\u00cb ATA Q\\u00cb MARRIN T\\u00cb PAR\\u00cbT, E PASTAJ U MERRET EDHE PENSIONI INVALIDOR - \\u0421\\u0430\\u043a\\u0430\\u043c \\u0414\\u0430 \\u041a\\u0430\\u0436\\u0430\\u043c\",\"isPartOf\":{\"@id\":\"https:\/\/sdk.mk\/#website\"},\"primaryImageOfPage\":{\"@id\":\"https:\/\/sdk.mk\/index.php\/histori-te-parrefyera\/mbeten-pa-pune-kurse-duhet-t-i-kthejne-edhe-parate-ata-qe-marrin-te-paret-e-pastaj-u-merret-edhe-pensioni-invalidor\/#primaryimage\"},\"datePublished\":\"2021-06-21T13:03:38+00:00\",\"dateModified\":\"2021-06-21T13:03:38+00:00\",\"author\":{\"@id\":\"https:\/\/sdk.mk\/#\/schema\/person\/737021aeacbe893f7e2c347186c5c7a1\"},\"inLanguage\":\"mk-MK\",\"potentialAction\":[{\"@type\":\"ReadAction\",\"target\":[\"https:\/\/sdk.mk\/index.php\/histori-te-parrefyera\/mbeten-pa-pune-kurse-duhet-t-i-kthejne-edhe-parate-ata-qe-marrin-te-paret-e-pastaj-u-merret-edhe-pensioni-invalidor\/\"]}]},{\"@type\":\"Person\",\"@id\":\"https:\/\/sdk.mk\/#\/schema\/person\/737021aeacbe893f7e2c347186c5c7a1\",\"name\":\"\\u0424\\u0458\\u043e\\u043b\\u0430 \\u0417\\u043b\\u0430\\u0442\\u043a\\u0443\"}]}<\/script>\n<!-- \/ Yoast SEO Premium plugin. -->","_links":{"self":[{"href":"https:\/\/sdk.mk\/index.php\/wp-json\/wp\/v2\/posts\/149391"}],"collection":[{"href":"https:\/\/sdk.mk\/index.php\/wp-json\/wp\/v2\/posts"}],"about":[{"href":"https:\/\/sdk.mk\/index.php\/wp-json\/wp\/v2\/types\/post"}],"author":[{"embeddable":true,"href":"https:\/\/sdk.mk\/index.php\/wp-json\/wp\/v2\/users\/25"}],"replies":[{"embeddable":true,"href":"https:\/\/sdk.mk\/index.php\/wp-json\/wp\/v2\/comments?post=149391"}],"version-history":[{"count":0,"href":"https:\/\/sdk.mk\/index.php\/wp-json\/wp\/v2\/posts\/149391\/revisions"}],"wp:featuredmedia":[{"embeddable":true,"href":"https:\/\/sdk.mk\/index.php\/wp-json\/wp\/v2\/media\/146222"}],"wp:attachment":[{"href":"https:\/\/sdk.mk\/index.php\/wp-json\/wp\/v2\/media?parent=149391"}],"wp:term":[{"taxonomy":"category","embeddable":true,"href":"https:\/\/sdk.mk\/index.php\/wp-json\/wp\/v2\/categories?post=149391"},{"taxonomy":"post_tag","embeddable":true,"href":"https:\/\/sdk.mk\/index.php\/wp-json\/wp\/v2\/tags?post=149391"}],"curies":[{"name":"wp","href":"https:\/\/api.w.org\/{rel}","templated":true}]}}