{"id":149555,"date":"2021-07-02T08:33:42","date_gmt":"2021-07-02T06:33:42","guid":{"rendered":"https:\/\/sdk.mk\/?p=149555"},"modified":"2021-07-02T10:46:58","modified_gmt":"2021-07-02T08:46:58","slug":"te-gjithe-qe-kishit-te-beni-me-kerkesen-e-tij-per-certifikate-lindjeje-do-ta-mbani-tonin-ne-ndergjegje-thote-suzana-saliu-zv-avokate-e-popullit","status":"publish","type":"post","link":"https:\/\/sdk.mk\/index.php\/histori-te-parrefyera\/te-gjithe-qe-kishit-te-beni-me-kerkesen-e-tij-per-certifikate-lindjeje-do-ta-mbani-tonin-ne-ndergjegje-thote-suzana-saliu-zv-avokate-e-popullit\/","title":{"rendered":"T\u00cb GJITH\u00cb Q\u00cb KISHIT T\u00cb B\u00cbNI ME K\u00cbRKES\u00cbN E TIJ P\u00cbR CERTIFIKAT\u00cb LINDJEJE, DO TA MBANI TONIN N\u00cb ND\u00cbRGJEGJE, THOT\u00cb SUZANA SALIU, ZV. AVOKATE E POPULLIT"},"content":{"rendered":"<div class=\"f52428582a4b906b2d2e2a7d733c7d27\" data-index=\"7\" style=\"float: none; margin:10px 0 10px 0; text-align:center;\">\n<!-- MSP Ads Asynchronous JS Tag - Generated with Revive Adserver v5.4.1 -->\r\n<ins data-revive-zoneid=\"167\" data-revive-id=\"060fdb01f6430ec164d3519234aa4967\"><\/ins>\r\n<script async src=\"\/\/panel.ads.com.mk\/www\/delivery\/asyncjs.php\"><\/script>\n<\/div>\n<p>T\u00eb gjitha organet kompetente shtet\u00ebrore q\u00eb kan\u00eb pasur t\u00eb b\u00ebjn\u00eb me k\u00ebrkes\u00ebn e Toni Sali dhe ishin kund\u00ebr regjistrimit t\u00eb tij n\u00eb Librin e lindjeve, tani e tutje do ta mbajn\u00eb k\u00ebt\u00eb \u00e7\u00ebshtje n\u00eb nd\u00ebrgjegjen e tyre, tha p\u00ebr SAKAMDAKAZAM.MK zv Avokat i popullit Suzana Saliu, e cila ka luftuar p\u00ebr vite me radh\u00eb dhe u ndesh me dyer t\u00eb mbyllura n\u00eb institucione duke u p\u00ebrpjekur ta ndihmonte Tonin.<\/p>\n<p>Toni Sali vdiq n\u00eb sht\u00ebpin\u00eb e tij n\u00eb Rrug\u00ebn Indira Gandi n\u00eb lagjen Shuto Orizari t\u00eb Shkupit t\u00eb m\u00ebrkur\u00ebn mbr\u00ebma. Ai vdiq pas nj\u00eb sh\u00ebtitje. Jozyrtarisht, autopsia nuk gjeti ndonj\u00eb shenj\u00eb dhune tek djali, por q\u00eb ai kishte nj\u00eb vdekje natyrore.<\/p>\n<p>&#8220;Toni n\u00eb vendin e tij t\u00eb lindjes, k\u00ebrkoi vet\u00ebm nj\u00eb certifikat\u00eb lindje dhe nj\u00eb num\u00ebr am\u00eb. Ai nuk k\u00ebrkoi dy numra ID, nuk k\u00ebrkoi pasaport\u00eb t\u00eb falsifikuar. K\u00ebrkonte t\u00eb drejtat m\u00eb themelore t\u00eb njeriut&#8221;, tha Saliu, duke aluduar n\u00eb nj\u00eb skandal t\u00eb madh q\u00eb p\u00ebrfshin krijimin e let\u00ebrnjoftimeve t\u00eb falsifikuara n\u00eb Regjistrin e Lindjeve dhe biznesin e MPB p\u00ebr vjedhjen e qindra pasaportave t\u00eb kriminel\u00ebve nd\u00ebrkomb\u00ebtar\u00eb duke vjedhur identitetin e dikujt tjet\u00ebr.<\/p>\n<p>Ombudsmani p\u00ebr vite me radh\u00eb udh\u00ebhoqi nj\u00eb procedur\u00eb p\u00ebr regjistrimin e k\u00ebtij t\u00eb diplomuari n\u00eb regjistrin e lindjeve, por ai d\u00ebshtoi, sepse hasi n\u00eb sjellje burokratike, joprofesionale dhe \u00e7njer\u00ebzore t\u00eb institucioneve kompetente.<\/p>\n<p>&#8220;Avokati i popullit i shteroi t\u00eb gjith\u00eb mekanizmat e mundsh\u00ebm ligjor\u00eb q\u00eb Toni t\u00eb fitoj\u00eb t\u00eb drejt\u00ebn m\u00eb themelore t\u00eb njeriut &#8211; t\u00eb marr\u00eb nj\u00eb certifikat\u00eb lindje. Kreu disa inspektime n\u00eb ambientet e zyrave t\u00eb regjistrimit, duke v\u00ebn\u00eb n\u00eb pak se k\u00ebto organe n\u00eb k\u00ebt\u00eb rast shkelin n\u00eb m\u00ebnyr\u00eb flagrante t\u00eb drejtat themelore t\u00eb njeriut dhe se Ligji p\u00ebr regjistrin parashikon vet\u00ebm regjistrimin e nj\u00eb f\u00ebmije, dhe n\u00eb asnj\u00eb rast mosregjistrimin e tij. &#8220;Ata e trajtuan regjistrimin e Tonit si nj\u00eb regjistrim t\u00eb porsalindur, duke injoruar faktin se ishte nj\u00eb regjistrim i nj\u00eb f\u00ebmije t\u00eb rritur, i lindur n\u00eb nj\u00eb spital shtet\u00ebror n\u00eb Shkup n\u00eb 2002,&#8221; shprehet e indinjuar Saliu.<\/p>\n<div id=\"attachment_102242\" style=\"width: 310px\" class=\"wp-caption alignleft\"><a href=\"https:\/\/sdk.mk\/wp-content\/uploads\/2019\/12\/ombudsman-123.jpg\"><img aria-describedby=\"caption-attachment-102242\" loading=\"lazy\" class=\"wp-image-102242 size-medium\" src=\"https:\/\/sdk.mk\/wp-content\/uploads\/2019\/12\/ombudsman-123-400x210.jpg\" alt=\"\" width=\"300\" height=\"158\" srcset=\"https:\/\/sdk.mk\/wp-content\/uploads\/2019\/12\/ombudsman-123-400x210.jpg 400w, https:\/\/sdk.mk\/wp-content\/uploads\/2019\/12\/ombudsman-123-250x131.jpg 250w, https:\/\/sdk.mk\/wp-content\/uploads\/2019\/12\/ombudsman-123-768x403.jpg 768w, https:\/\/sdk.mk\/wp-content\/uploads\/2019\/12\/ombudsman-123-650x341.jpg 650w, https:\/\/sdk.mk\/wp-content\/uploads\/2019\/12\/ombudsman-123-150x79.jpg 150w, https:\/\/sdk.mk\/wp-content\/uploads\/2019\/12\/ombudsman-123.jpg 800w\" sizes=\"(max-width: 300px) 100vw, 300px\" \/><\/a><p id=\"caption-attachment-102242\" class=\"wp-caption-text\">\u0417\u0430\u043c\u0435\u043d\u0438\u043a-\u043d\u0430\u0440\u043e\u0434\u043d\u0430\u0442\u0430 \u043f\u0440\u0430\u0432\u043e\u0431\u0440\u0430\u043d\u0438\u0442\u0435\u043b\u043a\u0430 \u0421\u0443\u0437\u0430\u043d\u0430 \u0421\u0430\u043b\u0438\u0443 \u045d \u0443\u043a\u0430\u0436\u0430\u043b\u0430 \u043d\u0430 \u0423\u043f\u0440\u0430\u0432\u0430\u0442\u0430 \u0437\u0430 \u043c\u0430\u0442\u0438\u0447\u043d\u0438 \u043a\u043d\u0438\u0433\u0438 \u0434\u0435\u043a\u0430 \u043c\u043e\u0440\u0430 \u0434\u0430 \u0433\u043e \u0437\u0430\u043f\u0438\u0448\u0430\u0442 \u0434\u0435\u0442\u0435\u0442\u043e, \u0437\u0430\u0448\u0442\u043e \u043f\u0440\u0430\u0432\u0430\u0442 \u0444\u043b\u0430\u0433\u0440\u0430\u043d\u0442\u043d\u043e \u043a\u0440\u0448\u0435\u045a\u0435 \u043d\u0430 \u0447\u043e\u0432\u0435\u043a\u043e\u0432\u0438\u0442\u0435 \u043f\u0440\u0430\u0432\u0430. (\u0424\u043e\u0442\u043e: \u0421\u0414\u041a.\u041c\u041a)<\/p><\/div>\n<p>Pas lajmit p\u00ebr vdekjen e parakohshme t\u00eb djalit 19-vje\u00e7ar, ne pyet\u00ebm drejtorin e Zyr\u00ebs s\u00eb Regjistrimit, Bujar Dardhishta, n\u00ebse ndihej i p\u00ebrgjegjsh\u00ebm q\u00eb administrata q\u00eb ai administron, n\u00eb m\u00ebnyr\u00ebn m\u00eb brutale e ktheu k\u00ebt\u00eb f\u00ebmij\u00eb me dhjet\u00ebra her\u00eb, duke tejkaluar afatet e p\u00ebrgjigjes p\u00ebr t\u00eb vonuar dor\u00ebzimin e ankesave dhe me plot kuptimin e fjal\u00ebs, ia mori vitet e tij m\u00eb t\u00eb bukura.<\/p>\n<p>Duke shprehur ngush\u00ebllime dhe keqardhje p\u00ebr familjen, ne mor\u00ebm t\u00eb nj\u00ebjt\u00ebn p\u00ebrgjigje dhe q\u00ebndrim t\u00eb ngurt\u00eb t\u00eb Administrat\u00ebs p\u00ebr k\u00ebt\u00eb rast. Ata e pranojn\u00eb q\u00eb sipas ligjit, ata i k\u00ebrkuan personit q\u00eb nuk ishte babai i tij t\u00eb jepte nj\u00eb deklarat\u00eb se Toni ishte djali i tij. E gjith\u00eb kjo duke pasur gjall\u00eb baban\u00eb e tij biologjik, n\u00ebn\u00ebn, v\u00ebllain dhe motr\u00ebn, si dhe vendin, dit\u00ebn, or\u00ebn e lindjes n\u00eb Klinik\u00ebn Gjinekologjike.<\/p>\n<p>Avokatja e Tonit, Tamara Slaveska &#8211; Apostollovski pretendon se Zyra nuk i tha kurr\u00eb qart\u00ebsisht n\u00ebn\u00ebs s\u00eb tij se \u00e7far\u00eb donin prej saj, \u00e7far\u00eb dokumenti, analize t\u00eb ADN-s\u00eb, madje se ata shkuan aq larg sa t\u00eb argumentonin se ajo \u00ebsht\u00eb n\u00ebna e tij biologjike, duke kund\u00ebrshtuar dhe dat\u00ebn e tij t\u00eb lindjes.<\/p>\n<p>Zyra e Regjistrimit thot\u00eb:<\/p>\n<p>&#8220;Lidhur me rastin e regjistrimit t\u00eb Toni Saliut, i lindur n\u00eb 2002 n\u00eb Shkup nga n\u00ebna Veselinka A, nj\u00eb shtetase e Bullgaris\u00eb, ju informojm\u00eb se f\u00ebmija lindi gjat\u00eb martes\u00ebs midis saj dhe Stojan P., e cila u anulua m\u00eb 21 tetor, 2004.. Sipas nenit 50 t\u00eb Ligjit p\u00ebr Familjen &#8211; bashk\u00ebshorti i n\u00ebn\u00ebs konsiderohet babai i f\u00ebmij\u00ebs i lindur p\u00ebr sa koh\u00eb zgjat martesa ose brenda 300 dit\u00ebve pas p\u00ebrfundimit t\u00eb martes\u00ebs. N\u00eb k\u00ebt\u00eb rast, megjith\u00ebse n\u00ebna, sipas saj, nuk jetonte me bashk\u00ebshortin, n\u00eb koh\u00ebn e lindjes s\u00eb f\u00ebmij\u00ebs ajo ishte n\u00eb nj\u00eb bashk\u00ebsi martesore dhe p\u00ebr k\u00ebt\u00eb arsye, kur regjistron f\u00ebmij\u00ebn si baba, \u00ebsht\u00eb e detyrueshme t\u00eb regjistrohet personi me te cilin ishte martuar. N\u00eb disa raste, punonj\u00ebsit e Zyr\u00ebs s\u00eb Regjistrimit kan\u00eb shpjeguar procedur\u00ebn e n\u00ebn\u00ebs dhe nevoj\u00ebn p\u00ebr t\u00eb siguruar nj\u00eb deklarat\u00eb p\u00eblqimi p\u00ebr regjistrimin e f\u00ebmij\u00ebs n\u00eb regjistrin e lindjeve t\u00eb personit me t\u00eb cilin ajo ishte martuar, por nj\u00eb deklarat\u00eb e till\u00eb nuk u paraqit. \u201c<\/p>\n<p>Nuk ka asnj\u00eb fjal\u00eb p\u00ebr p\u00ebrgjegj\u00ebsin\u00eb dhe dor\u00ebheqjen n\u00eb post\u00ebn elektronike nga Zyra.<\/p>\n<p>Ne nuk mor\u00ebm nj\u00eb p\u00ebrgjigje nga Ministri i Drejt\u00ebsis\u00eb Bojan Mariciq, i cili \u00ebsht\u00eb p\u00ebrgjegj\u00ebs i Zyr\u00ebs s\u00eb Regjistrimit, t\u00eb cilin gjithashtu e pyet\u00ebm n\u00ebse ai personalisht ndihet p\u00ebrgjegj\u00ebs p\u00ebr rastin, dhe n\u00ebse jo, n\u00ebse do t\u00eb k\u00ebrkoj\u00eb p\u00ebrgjegj\u00ebsi nga Dardhishta.<\/p>\n<p><a href=\"https:\/\/sdk.mk\/wp-content\/uploads\/2021\/05\/toni-sali-23989832832.jpg\"><img loading=\"lazy\" class=\"alignnone size-large wp-image-147715\" src=\"https:\/\/sdk.mk\/wp-content\/uploads\/2021\/05\/toni-sali-23989832832-650x341.jpg\" alt=\"\" width=\"650\" height=\"341\" srcset=\"https:\/\/sdk.mk\/wp-content\/uploads\/2021\/05\/toni-sali-23989832832-650x341.jpg 650w, https:\/\/sdk.mk\/wp-content\/uploads\/2021\/05\/toni-sali-23989832832-400x210.jpg 400w, https:\/\/sdk.mk\/wp-content\/uploads\/2021\/05\/toni-sali-23989832832-250x131.jpg 250w, https:\/\/sdk.mk\/wp-content\/uploads\/2021\/05\/toni-sali-23989832832-768x403.jpg 768w, https:\/\/sdk.mk\/wp-content\/uploads\/2021\/05\/toni-sali-23989832832-150x79.jpg 150w, https:\/\/sdk.mk\/wp-content\/uploads\/2021\/05\/toni-sali-23989832832-50x26.jpg 50w, https:\/\/sdk.mk\/wp-content\/uploads\/2021\/05\/toni-sali-23989832832-100x53.jpg 100w, https:\/\/sdk.mk\/wp-content\/uploads\/2021\/05\/toni-sali-23989832832-200x105.jpg 200w, https:\/\/sdk.mk\/wp-content\/uploads\/2021\/05\/toni-sali-23989832832-300x158.jpg 300w, https:\/\/sdk.mk\/wp-content\/uploads\/2021\/05\/toni-sali-23989832832-350x184.jpg 350w, https:\/\/sdk.mk\/wp-content\/uploads\/2021\/05\/toni-sali-23989832832-450x236.jpg 450w, https:\/\/sdk.mk\/wp-content\/uploads\/2021\/05\/toni-sali-23989832832-500x263.jpg 500w, https:\/\/sdk.mk\/wp-content\/uploads\/2021\/05\/toni-sali-23989832832-550x289.jpg 550w, https:\/\/sdk.mk\/wp-content\/uploads\/2021\/05\/toni-sali-23989832832.jpg 800w\" sizes=\"(max-width: 650px) 100vw, 650px\" \/><\/a><\/p>\n<p>Goditjen e fundit n\u00eb betej\u00ebn afatgjat\u00eb t\u00eb djalit ia dha Komisioni Shtet\u00ebror vendimin n\u00eb procedur\u00ebn administrative t\u00eb shkall\u00ebs s\u00eb dyt\u00eb dhe Gjykata themelore civile Shkup.<\/p>\n<p>Pasi Zyra mori nj\u00eb vendim n\u00eb n\u00ebntor t\u00eb vitit t\u00eb kaluar p\u00ebr t\u00eb mos e regjistruar Tonin (tashm\u00eb t\u00eb rritur) n\u00eb Librin e lindjeve, n\u00ebna e tij, p\u00ebrmes avokatit Tamara Slaveska-Apostolovski, paraqiti nj\u00eb ankes\u00eb n\u00eb Komisionin e Shkall\u00ebs s\u00eb Dyt\u00eb.<\/p>\n<p>SAKAMDAKAZAM.MK pastaj kontaktoi drejtoresh\u00ebn Danica \u00c7adieva, e cila tha se ajo menj\u00ebher\u00eb do ta merrte \u00e7\u00ebshtjen si \u00e7\u00ebshtje urgjente dhe se &#8220;Komisioni do t\u00eb marr\u00eb nj\u00eb vendim me interesin m\u00eb t\u00eb mir\u00eb juridik p\u00ebr f\u00ebmij\u00ebn&#8221;. Jo vet\u00ebm q\u00eb ky Komision ka tejkaluar afatin, por deri m\u00eb sot nuk ka marr\u00eb nj\u00eb vendim.<\/p>\n<p>Artikulli &#8220;me prioritet&#8221; i Tony Salli z\u00eb pluhur n\u00eb zyr\u00ebn e \u00c7adiev\u00ebs.<\/p>\n<p>Sa t\u00eb r\u00ebnd\u00ebsish\u00ebm e kishte vendimin me koh\u00eb t\u00eb Komisionit p\u00ebrpara Gjykat\u00ebs Administrative. Toni e priste me padurim, ai tashm\u00eb po shikonte kart\u00ebn e par\u00eb t\u00eb identitetit para tij me let\u00ebrnjoftim, em\u00ebr, mbiem\u00ebr, adres\u00eb dhe shtet\u00ebsi maqedonase. Ishte i gatsh\u00ebm t\u00eb regjistrohej n\u00eb Fakultetin e Drejt\u00ebsis\u00eb &#8220;Justiniani I&#8221; q\u00eb e donte aq shum\u00eb, fantazonte se do t\u00eb regjistrohej n\u00eb regjistrim, madje edhe se do t\u00eb votoj\u00eb n\u00eb zgjedhje.<\/p>\n<p>Gjat\u00eb mundimit t\u00eb djalit n\u00eb Zyr\u00ebn e Regjistrimit dhe n\u00eb Komisionin shtet\u00ebror t\u00eb Shkall\u00ebs s\u00eb Dyt\u00eb, avokati i Tonit ngriti nj\u00eb padi n\u00eb Gjykat\u00ebn Civile t\u00eb Shkupit p\u00ebr t\u00eb provuar at\u00ebsin\u00eb, me q\u00ebllim q\u00eb t\u00eb merrte nj\u00eb num\u00ebr t\u00eb sigurimeve shoq\u00ebrore dhe nj\u00eb certifikat\u00eb lindjeje.<\/p>\n<p>Sidoqoft\u00eb, p\u00ebr shkak se ai nuk kishte nj\u00eb shkres\u00eb, n\u00eb kund\u00ebrshtim me ligjet dhe konventat nd\u00ebrkomb\u00ebtare, gjykata shprehimisht e refuzoi padin\u00eb.<\/p>\n<p>Gjykata e Apelit e Shkupit b\u00ebri t\u00eb nj\u00ebjt\u00ebn gj\u00eb.<\/p>\n<p>&#8220;Nj\u00eb ankes\u00eb mund t\u00eb b\u00ebhet kund\u00ebr vendimit t\u00eb shkall\u00ebs s\u00eb dyt\u00eb si nj\u00eb mjet i jasht\u00ebzakonsh\u00ebm juridik, pas s\u00eb cil\u00ebs mund t\u00eb paraqitet nj\u00eb k\u00ebrkes\u00eb n\u00eb Gjykat\u00ebn Evropiane t\u00eb t\u00eb Drejtave t\u00eb Njeriut.&#8221; Por nd\u00ebrkoh\u00eb, mora lajmin p\u00ebr vdekjen e parakohshme t\u00eb Tonit, i cili e nd\u00ebrlikon edhe m\u00eb shum\u00eb rrjedh\u00ebn e procedurave ekzistuese. Pavar\u00ebsisht nga t\u00eb gjitha sfidat, un\u00eb nuk heq dor\u00eb dhe do t\u00eb vazhdoj t\u00eb k\u00ebrkoj drejt\u00ebsi edhe pas vdekjes p\u00ebr djalin dhe familjen e tij, e cila gjat\u00eb gjith\u00eb k\u00ebtyre viteve \u00ebsht\u00eb margjinalizuar nga burokracia e ngath\u00ebt dhe mungesa e d\u00ebgjimit n\u00eb autoritetet dhe gjykatat. &#8220;Le t\u00eb mos ndodh\u00eb m\u00eb kjo \u00e7\u00ebshtje!&#8221;, Thot\u00eb avokati i tij &#8211; ndihma juridike falas, Tamara Slaveska &#8211; Apostolovski.<\/p>\n<p><em><strong>S.K. DELEVSKA\u00a0<\/strong><\/em><\/p>\n\n<div style=\"font-size: 0px; height: 0px; line-height: 0px; margin: 0; padding: 0; clear: both;\"><\/div>","protected":false},"excerpt":{"rendered":"<p>T\u00eb gjitha organet kompetente shtet\u00ebrore q\u00eb kan\u00eb pasur t\u00eb b\u00ebjn\u00eb me k\u00ebrkes\u00ebn e Toni Sali dhe ishin kund\u00ebr regjistrimit t\u00eb [&hellip;]<\/p>\n","protected":false},"author":25,"featured_media":147783,"comment_status":"closed","ping_status":"closed","sticky":false,"template":"","format":"standard","meta":{"_mo_disable_npp":"no","inline_featured_image":false},"categories":[3085,3087],"tags":[],"imageURL":"https:\/\/sdk.mk\/wp-content\/uploads\/2021\/05\/toni-sali-438939488348934-650x342.jpg","thumbURL":"https:\/\/sdk.mk\/wp-content\/uploads\/2021\/05\/toni-sali-438939488348934-250x131.jpg","categoryNames":["Histori t\u00eb parr\u00ebfyera","Maqedonia"],"feature_caption":"\u0415\u0447\u0435\u0448\u0435 \u043f\u043b\u0430\u0447 \u0432\u0447\u0435\u0440\u0430 \u0432\u043e \u0434\u043e\u043c\u043e\u0442 \u043d\u0430 \u0422\u043e\u043d\u0438 \u0421\u0430\u043b\u0438, \u0442\u043e\u043b\u043f\u0430 \u0432\u0440\u0441\u043d\u0438\u0446\u0438 \u0434\u043e\u0458\u0434\u043e\u0430 \u0434\u0430 \u0441\u0435 \u043f\u0440\u043e\u0441\u0442\u0430\u0442 \u0441\u043e \u0434\u0440\u0443\u0433\u0430\u0440\u043e\u0442. (\u0424\u043e\u0442\u043e: \u0421\u0414\u041a.\u041c\u041a)","subtitle":"","views":"44","source":"\u0421\u043a\u043e\u043f\u0458\u0435, (\u0421\u0410\u041a\u0410\u041c\u0414\u0410\u041a\u0410\u0416\u0410\u041c.\u041c\u041a)","yoast_head":"<!-- This site is optimized with the Yoast SEO Premium plugin v15.0 - https:\/\/yoast.com\/wordpress\/plugins\/seo\/ -->\n<title>T\u00cb GJITH\u00cb Q\u00cb KISHIT T\u00cb B\u00cbNI ME K\u00cbRKES\u00cbN E TIJ P\u00cbR CERTIFIKAT\u00cb LINDJEJE, DO TA MBANI TONIN N\u00cb ND\u00cbRGJEGJE, THOT\u00cb SUZANA SALIU, ZV. AVOKATE E POPULLIT - \u0421\u0430\u043a\u0430\u043c \u0414\u0430 \u041a\u0430\u0436\u0430\u043c<\/title>\n<meta name=\"robots\" content=\"index, follow, max-snippet:-1, max-image-preview:large, max-video-preview:-1\" \/>\n<link rel=\"canonical\" href=\"https:\/\/sdk.mk\/index.php\/histori-te-parrefyera\/te-gjithe-qe-kishit-te-beni-me-kerkesen-e-tij-per-certifikate-lindjeje-do-ta-mbani-tonin-ne-ndergjegje-thote-suzana-saliu-zv-avokate-e-popullit\/\" \/>\n<meta property=\"og:locale\" content=\"mk_MK\" \/>\n<meta property=\"og:type\" content=\"article\" \/>\n<meta property=\"og:title\" content=\"T\u00cb GJITH\u00cb Q\u00cb KISHIT T\u00cb B\u00cbNI ME K\u00cbRKES\u00cbN E TIJ P\u00cbR CERTIFIKAT\u00cb LINDJEJE, DO TA MBANI TONIN N\u00cb ND\u00cbRGJEGJE, THOT\u00cb SUZANA SALIU, ZV. AVOKATE E POPULLIT - \u0421\u0430\u043a\u0430\u043c \u0414\u0430 \u041a\u0430\u0436\u0430\u043c\" \/>\n<meta property=\"og:description\" content=\"T\u00eb gjitha organet kompetente shtet\u00ebrore q\u00eb kan\u00eb pasur t\u00eb b\u00ebjn\u00eb me k\u00ebrkes\u00ebn e Toni Sali dhe ishin kund\u00ebr regjistrimit t\u00eb [&hellip;]\" \/>\n<meta property=\"og:url\" content=\"https:\/\/sdk.mk\/index.php\/histori-te-parrefyera\/te-gjithe-qe-kishit-te-beni-me-kerkesen-e-tij-per-certifikate-lindjeje-do-ta-mbani-tonin-ne-ndergjegje-thote-suzana-saliu-zv-avokate-e-popullit\/\" \/>\n<meta property=\"og:site_name\" content=\"\u0421\u0430\u043a\u0430\u043c \u0414\u0430 \u041a\u0430\u0436\u0430\u043c\" \/>\n<meta property=\"article:published_time\" content=\"2021-07-02T06:33:42+00:00\" \/>\n<meta property=\"article:modified_time\" content=\"2021-07-02T08:46:58+00:00\" \/>\n<meta property=\"og:image\" content=\"https:\/\/sdk.mk\/wp-content\/uploads\/2021\/05\/toni-sali-438939488348934.jpg\" \/>\n\t<meta property=\"og:image:width\" content=\"900\" \/>\n\t<meta property=\"og:image:height\" content=\"473\" \/>\n<meta property=\"fb:app_id\" content=\"2407985809428537\" \/>\n<meta name=\"twitter:card\" content=\"summary\" \/>\n<script type=\"application\/ld+json\" class=\"yoast-schema-graph\">{\"@context\":\"https:\/\/schema.org\",\"@graph\":[{\"@type\":\"WebSite\",\"@id\":\"https:\/\/sdk.mk\/#website\",\"url\":\"https:\/\/sdk.mk\/\",\"name\":\"\\u0421\\u0430\\u043a\\u0430\\u043c \\u0414\\u0430 \\u041a\\u0430\\u0436\\u0430\\u043c\",\"description\":\"\\u0417\\u0430 \\u0441\\u043b\\u043e\\u0431\\u043e\\u0434\\u043e\\u0443\\u043c\\u043d\\u0438\",\"potentialAction\":[{\"@type\":\"SearchAction\",\"target\":\"https:\/\/sdk.mk\/?s={search_term_string}\",\"query-input\":\"required name=search_term_string\"}],\"inLanguage\":\"mk-MK\"},{\"@type\":\"ImageObject\",\"@id\":\"https:\/\/sdk.mk\/index.php\/histori-te-parrefyera\/te-gjithe-qe-kishit-te-beni-me-kerkesen-e-tij-per-certifikate-lindjeje-do-ta-mbani-tonin-ne-ndergjegje-thote-suzana-saliu-zv-avokate-e-popullit\/#primaryimage\",\"inLanguage\":\"mk-MK\",\"url\":\"https:\/\/sdk.mk\/wp-content\/uploads\/2021\/05\/toni-sali-438939488348934.jpg\",\"width\":900,\"height\":473},{\"@type\":\"WebPage\",\"@id\":\"https:\/\/sdk.mk\/index.php\/histori-te-parrefyera\/te-gjithe-qe-kishit-te-beni-me-kerkesen-e-tij-per-certifikate-lindjeje-do-ta-mbani-tonin-ne-ndergjegje-thote-suzana-saliu-zv-avokate-e-popullit\/#webpage\",\"url\":\"https:\/\/sdk.mk\/index.php\/histori-te-parrefyera\/te-gjithe-qe-kishit-te-beni-me-kerkesen-e-tij-per-certifikate-lindjeje-do-ta-mbani-tonin-ne-ndergjegje-thote-suzana-saliu-zv-avokate-e-popullit\/\",\"name\":\"T\\u00cb GJITH\\u00cb Q\\u00cb KISHIT T\\u00cb B\\u00cbNI ME K\\u00cbRKES\\u00cbN E TIJ P\\u00cbR CERTIFIKAT\\u00cb LINDJEJE, DO TA MBANI TONIN N\\u00cb ND\\u00cbRGJEGJE, THOT\\u00cb SUZANA SALIU, ZV. AVOKATE E POPULLIT - \\u0421\\u0430\\u043a\\u0430\\u043c \\u0414\\u0430 \\u041a\\u0430\\u0436\\u0430\\u043c\",\"isPartOf\":{\"@id\":\"https:\/\/sdk.mk\/#website\"},\"primaryImageOfPage\":{\"@id\":\"https:\/\/sdk.mk\/index.php\/histori-te-parrefyera\/te-gjithe-qe-kishit-te-beni-me-kerkesen-e-tij-per-certifikate-lindjeje-do-ta-mbani-tonin-ne-ndergjegje-thote-suzana-saliu-zv-avokate-e-popullit\/#primaryimage\"},\"datePublished\":\"2021-07-02T06:33:42+00:00\",\"dateModified\":\"2021-07-02T08:46:58+00:00\",\"author\":{\"@id\":\"https:\/\/sdk.mk\/#\/schema\/person\/737021aeacbe893f7e2c347186c5c7a1\"},\"inLanguage\":\"mk-MK\",\"potentialAction\":[{\"@type\":\"ReadAction\",\"target\":[\"https:\/\/sdk.mk\/index.php\/histori-te-parrefyera\/te-gjithe-qe-kishit-te-beni-me-kerkesen-e-tij-per-certifikate-lindjeje-do-ta-mbani-tonin-ne-ndergjegje-thote-suzana-saliu-zv-avokate-e-popullit\/\"]}]},{\"@type\":\"Person\",\"@id\":\"https:\/\/sdk.mk\/#\/schema\/person\/737021aeacbe893f7e2c347186c5c7a1\",\"name\":\"\\u0424\\u0458\\u043e\\u043b\\u0430 \\u0417\\u043b\\u0430\\u0442\\u043a\\u0443\"}]}<\/script>\n<!-- \/ Yoast SEO Premium plugin. -->","_links":{"self":[{"href":"https:\/\/sdk.mk\/index.php\/wp-json\/wp\/v2\/posts\/149555"}],"collection":[{"href":"https:\/\/sdk.mk\/index.php\/wp-json\/wp\/v2\/posts"}],"about":[{"href":"https:\/\/sdk.mk\/index.php\/wp-json\/wp\/v2\/types\/post"}],"author":[{"embeddable":true,"href":"https:\/\/sdk.mk\/index.php\/wp-json\/wp\/v2\/users\/25"}],"replies":[{"embeddable":true,"href":"https:\/\/sdk.mk\/index.php\/wp-json\/wp\/v2\/comments?post=149555"}],"version-history":[{"count":0,"href":"https:\/\/sdk.mk\/index.php\/wp-json\/wp\/v2\/posts\/149555\/revisions"}],"wp:featuredmedia":[{"embeddable":true,"href":"https:\/\/sdk.mk\/index.php\/wp-json\/wp\/v2\/media\/147783"}],"wp:attachment":[{"href":"https:\/\/sdk.mk\/index.php\/wp-json\/wp\/v2\/media?parent=149555"}],"wp:term":[{"taxonomy":"category","embeddable":true,"href":"https:\/\/sdk.mk\/index.php\/wp-json\/wp\/v2\/categories?post=149555"},{"taxonomy":"post_tag","embeddable":true,"href":"https:\/\/sdk.mk\/index.php\/wp-json\/wp\/v2\/tags?post=149555"}],"curies":[{"name":"wp","href":"https:\/\/api.w.org\/{rel}","templated":true}]}}