{"id":15228,"date":"2016-10-27T13:35:19","date_gmt":"2016-10-27T11:35:19","guid":{"rendered":"http:\/\/sdk.mk\/\/?p=15228"},"modified":"2016-10-27T13:35:19","modified_gmt":"2016-10-27T11:35:19","slug":"nese-jugohromi-nuk-vendos-filtra-deri-ne-1-nentor-duhet-te-mbyllet","status":"publish","type":"post","link":"https:\/\/sdk.mk\/index.php\/rrjeti-i-korrespondenteve\/nese-jugohromi-nuk-vendos-filtra-deri-ne-1-nentor-duhet-te-mbyllet\/","title":{"rendered":"N\u00cbSE \u201cJUGOHROMI\u201d NUK VENDOS FILTRA DERI N\u00cb 1 N\u00cbNTOR, DUHET T\u00cb MBYLLET"},"content":{"rendered":"<div class=\"f52428582a4b906b2d2e2a7d733c7d27\" data-index=\"7\" style=\"float: none; margin:10px 0 10px 0; text-align:center;\">\n<!-- MSP Ads Asynchronous JS Tag - Generated with Revive Adserver v5.4.1 -->\r\n<ins data-revive-zoneid=\"167\" data-revive-id=\"060fdb01f6430ec164d3519234aa4967\"><\/ins>\r\n<script async src=\"\/\/panel.ads.com.mk\/www\/delivery\/asyncjs.php\"><\/script>\n<\/div>\n<p>N\u00eb nj\u00eb n\u00ebntor \u201cJugohrom\u2019\u2019-it i kalon afati p\u00ebr vendosjen e filtrave. N\u00ebse nuk i vendos filtrat, fabrika do t\u00eb duhet t\u00eb mbyllet, rikujtoi sot shoqata \u201cEco Guerilla\u201d nga Tetova, nj\u00eb nga m\u00eb t\u00eb z\u00ebshmet n\u00eb k\u00ebrkesat q\u00eb kjo fabrik\u00eb t\u00eb ndaloj\u00eb s\u00eb ndoturi ajrin e qytetit dhe rrethin\u00ebs.<\/p>\n<p><span style=\"font-weight: 400;\">\u201cMasa duhet t\u00eb nd\u00ebrmerret urgjentisht me ardhjen e dimrit. N\u00eb 1 n\u00ebntor, at\u00ebher\u00eb kur i kalon afati \u201cJugohrom&#8221;-it p\u00ebr vendosjen e filtrave. N\u00ebse nuk vendosen filtrat, fabrika duhet t\u00eb mbyllet dhe t\u00eb q\u00ebndroj\u00eb ashtu deri sa t\u00eb vendosen filtrat\u2019\u2019, tha Arianit Xhaferi nga \u201cEco Guerilla\u201d n\u00eb forumin rajonal p\u00ebr ekologji i cili u mbajt sot n\u00eb Tetov\u00eb. <\/span><\/p>\n<p><span style=\"font-weight: 400;\"> \u201cN\u00eb forumin nuk do t\u00eb flitet p\u00ebr ndotjen e ajrit, sepse t\u00eb gjith\u00eb e dim\u00eb q\u00eb ai \u00ebsht\u00eb shum\u00eb i ndotur, por do t\u00eb flasim se si t\u00eb gjenden m\u00ebnyra q\u00eb ky qytet t\u00eb shp\u00ebtohet m\u00eb leht\u00eb nga ajri dhe dheu i ndotur. Megjithat\u00eb, m\u00eb e r\u00ebnd\u00ebsishme \u00ebsht\u00eb q\u00eb ky shtet t\u00eb filloj\u00eb t\u00eb funksionoj\u00eb si shtet i drejt\u00eb, sepse n\u00eb nj\u00eb shtet ku nuk respektohet ligji, aty do t\u00eb ket\u00eb edhe fabrika q\u00eb ndotin, do t\u00eb ket\u00eb deponi n\u00ebp\u00ebr qytete dhe kryetar\u00eb komunash q\u00eb aspak nuk m\u00ebrziten p\u00ebr k\u00ebt\u00eb fakt, do t\u00eb ket\u00eb qytet pa transport publik dhe hedhje t\u00eb mbeturinave gjithandej\u2019\u2019, tha Xhaferi. <\/span><\/p>\n<p><span style=\"font-weight: 400;\">Ministria e mjedisit jet\u00ebsor, ndotjen e ajrit n\u00eb Tetov\u00eb e mat vet\u00ebm n\u00ebp\u00ebrmjet nj\u00eb stacioni mat\u00ebs. Kjo nuk mjafton, prandaj nga Instituti p\u00ebr mjedis jet\u00ebsor dhe sh\u00ebndet n\u00eb Universitetin i Evrop\u00ebs Juglindore, lajm\u00ebrohen stacione t\u00eb reja l\u00ebviz\u00ebse, t\u00eb cilat duhet t\u00eb japin nj\u00eb tregues m\u00eb t\u00eb qart\u00eb t\u00eb shkall\u00ebs s\u00eb ndotjes s\u00eb ajrit edhe p\u00ebr rajonet ku ndotja \u00ebsht\u00eb m\u00eb e shprehur. <\/span><\/p>\n<p><span style=\"font-weight: 400;\">\u201cInstituti p\u00ebr mjedis jet\u00ebsor dhe sh\u00ebndet n\u00eb UEJL po realizon zgjidhje t\u00eb reja dhe koncepte p\u00ebr matjen e cil\u00ebsis\u00eb s\u00eb ajrit. Ne po zhvillojm\u00eb nj\u00eb sistem t\u00eb ri p\u00ebr disa stacione l\u00ebviz\u00ebse, t\u00eb cilat do t\u2019i d\u00ebrgojn\u00eb informatat deri te baza qendrore e t\u00eb dh\u00ebnave, ku do t\u00eb b\u00ebhet nj\u00eb analiz\u00eb m\u00eb e mir\u00eb e shkaqeve p\u00ebr ndotjen e ajrit. Kjo pajisje tashm\u00eb funksionon, jan\u00eb kryer matje prov\u00eb, nd\u00ebrsa tani punojm\u00eb n\u00eb verifikimin e sakt\u00ebsis\u00eb s\u00eb matjeve n\u00eb krahasim me matjet referente t\u00eb cilat i kryen Ministria e mjedisit jet\u00ebsor. <\/span><\/p>\n<p><span style=\"font-weight: 400;\">B\u00ebhet fjal\u00eb p\u00ebr pes\u00eb stacione mat\u00ebse, t\u00eb cilat jan\u00eb stacione l\u00ebviz\u00ebse, mund t\u00eb vendosen madje edhe n\u00eb autobus, sepse furnizohen vetvetiu dhe t\u00eb cilat, sipas cil\u00ebsis\u00eb dhe \u00e7mimit, jan\u00eb shum\u00eb m\u00eb ekonomike se sa stacionet mat\u00ebse statike t\u00eb deritanishme. K\u00ebt\u00eb teknologji, gjegj\u00ebsisht, senzorat e k\u00ebtyre stacioneve mat\u00ebse, prodhuesi i shfryt\u00ebzon edhe n\u00eb programin e stacionit evropian hap\u00ebsinor\u201d, thot\u00eb Darko Spirovski nga Instituti p\u00ebr mjedis dhe sh\u00ebndet n\u00eb UEJL. \u00a0<\/span><\/p>\n<p><span style=\"font-weight: 400;\">Ajri n\u00eb Tetov\u00eb, me ardhjen e sezonit t\u00eb ngrohjes, dit\u00eb pas dite b\u00ebhet m\u00eb i ndotur. Matjet e fundit p\u00ebr p\u00ebrq\u00ebndrimin e grimcave PM 10 n\u00eb aj\u00ebr tregojn\u00eb 160 mikrogram\u00eb n\u00eb met\u00ebr kub, q\u00eb \u00ebsht\u00eb tri her\u00eb m\u00eb shum\u00eb se sa kufiri i lejuar me ligj. Dimrin e kaluar, p\u00ebrq\u00ebndrimi i grimcave \u00a0PM 10 n\u00eb aj\u00ebr jo rrall\u00ebher\u00eb tejkalonte edhe 20 her\u00eb mbi nivelin e lejuar. <\/span><\/p>\n<p><span style=\"font-weight: 400;\">P\u00ebrktheu: Fjolla Zllatku <\/span><\/p>\n\n<div style=\"font-size: 0px; height: 0px; line-height: 0px; margin: 0; padding: 0; clear: both;\"><\/div>","protected":false},"excerpt":{"rendered":"<p>N\u00eb nj\u00eb n\u00ebntor \u201cJugohrom\u2019\u2019-it i kalon afati p\u00ebr vendosjen e filtrave. N\u00ebse nuk i vendos filtrat, fabrika do t\u00eb duhet [&hellip;]<\/p>\n","protected":false},"author":9,"featured_media":15128,"comment_status":"closed","ping_status":"closed","sticky":false,"template":"","format":"standard","meta":{"_mo_disable_npp":"","inline_featured_image":false},"categories":[3095],"tags":[],"imageURL":"https:\/\/sdk.mk\/wp-content\/uploads\/2016\/10\/jegunovce-smalena-650x488.jpg","thumbURL":"https:\/\/sdk.mk\/wp-content\/uploads\/2016\/10\/jegunovce-smalena-250x188.jpg","categoryNames":["Rrjeti i korrespondent\u00ebve"],"feature_caption":"","subtitle":"a:2:{s:16:\"td_post_template\";s:22:\"single_template_civica\";s:9:\"td_source\";s:45:\"\u0422\u0435\u0442\u043e\u0432\u043e,(\u0421\u0410\u041a\u0410\u041c\u0414\u0410\u041a\u0410\u0416\u0410\u041c.\u041c\u041a)","views":"2772","source":"","yoast_head":"<!-- This site is optimized with the Yoast SEO Premium plugin v15.0 - https:\/\/yoast.com\/wordpress\/plugins\/seo\/ -->\n<title>N\u00cbSE \u201cJUGOHROMI\u201d NUK VENDOS FILTRA DERI N\u00cb 1 N\u00cbNTOR, DUHET T\u00cb MBYLLET - \u0421\u0430\u043a\u0430\u043c \u0414\u0430 \u041a\u0430\u0436\u0430\u043c<\/title>\n<meta name=\"robots\" content=\"index, follow, max-snippet:-1, max-image-preview:large, max-video-preview:-1\" \/>\n<link rel=\"canonical\" href=\"https:\/\/sdk.mk\/index.php\/rrjeti-i-korrespondenteve\/nese-jugohromi-nuk-vendos-filtra-deri-ne-1-nentor-duhet-te-mbyllet\/\" \/>\n<meta property=\"og:locale\" content=\"mk_MK\" \/>\n<meta property=\"og:type\" content=\"article\" \/>\n<meta property=\"og:title\" content=\"N\u00cbSE \u201cJUGOHROMI\u201d NUK VENDOS FILTRA DERI N\u00cb 1 N\u00cbNTOR, DUHET T\u00cb MBYLLET - \u0421\u0430\u043a\u0430\u043c \u0414\u0430 \u041a\u0430\u0436\u0430\u043c\" \/>\n<meta property=\"og:description\" content=\"N\u00eb nj\u00eb n\u00ebntor \u201cJugohrom\u2019\u2019-it i kalon afati p\u00ebr vendosjen e filtrave. N\u00ebse nuk i vendos filtrat, fabrika do t\u00eb duhet [&hellip;]\" \/>\n<meta property=\"og:url\" content=\"https:\/\/sdk.mk\/index.php\/rrjeti-i-korrespondenteve\/nese-jugohromi-nuk-vendos-filtra-deri-ne-1-nentor-duhet-te-mbyllet\/\" \/>\n<meta property=\"og:site_name\" content=\"\u0421\u0430\u043a\u0430\u043c \u0414\u0430 \u041a\u0430\u0436\u0430\u043c\" \/>\n<meta property=\"article:published_time\" content=\"2016-10-27T11:35:19+00:00\" \/>\n<meta property=\"og:image\" content=\"https:\/\/sdk.mk\/wp-content\/uploads\/2016\/10\/jegunovce-smalena.jpg\" \/>\n\t<meta property=\"og:image:width\" content=\"1280\" \/>\n\t<meta property=\"og:image:height\" content=\"960\" \/>\n<meta property=\"fb:app_id\" content=\"2407985809428537\" \/>\n<meta name=\"twitter:card\" content=\"summary\" \/>\n<script type=\"application\/ld+json\" class=\"yoast-schema-graph\">{\"@context\":\"https:\/\/schema.org\",\"@graph\":[{\"@type\":\"WebSite\",\"@id\":\"https:\/\/sdk.mk\/#website\",\"url\":\"https:\/\/sdk.mk\/\",\"name\":\"\\u0421\\u0430\\u043a\\u0430\\u043c \\u0414\\u0430 \\u041a\\u0430\\u0436\\u0430\\u043c\",\"description\":\"\\u0417\\u0430 \\u0441\\u043b\\u043e\\u0431\\u043e\\u0434\\u043e\\u0443\\u043c\\u043d\\u0438\",\"potentialAction\":[{\"@type\":\"SearchAction\",\"target\":\"https:\/\/sdk.mk\/?s={search_term_string}\",\"query-input\":\"required name=search_term_string\"}],\"inLanguage\":\"mk-MK\"},{\"@type\":\"ImageObject\",\"@id\":\"https:\/\/sdk.mk\/index.php\/rrjeti-i-korrespondenteve\/nese-jugohromi-nuk-vendos-filtra-deri-ne-1-nentor-duhet-te-mbyllet\/#primaryimage\",\"inLanguage\":\"mk-MK\",\"url\":\"https:\/\/sdk.mk\/wp-content\/uploads\/2016\/10\/jegunovce-smalena.jpg\",\"width\":1280,\"height\":960,\"caption\":\"\\u0424\\u043e\\u0442\\u043e: \\u0421\\u0414\\u041a.\\u041c\\u041a\"},{\"@type\":\"WebPage\",\"@id\":\"https:\/\/sdk.mk\/index.php\/rrjeti-i-korrespondenteve\/nese-jugohromi-nuk-vendos-filtra-deri-ne-1-nentor-duhet-te-mbyllet\/#webpage\",\"url\":\"https:\/\/sdk.mk\/index.php\/rrjeti-i-korrespondenteve\/nese-jugohromi-nuk-vendos-filtra-deri-ne-1-nentor-duhet-te-mbyllet\/\",\"name\":\"N\\u00cbSE \\u201cJUGOHROMI\\u201d NUK VENDOS FILTRA DERI N\\u00cb 1 N\\u00cbNTOR, DUHET T\\u00cb MBYLLET - \\u0421\\u0430\\u043a\\u0430\\u043c \\u0414\\u0430 \\u041a\\u0430\\u0436\\u0430\\u043c\",\"isPartOf\":{\"@id\":\"https:\/\/sdk.mk\/#website\"},\"primaryImageOfPage\":{\"@id\":\"https:\/\/sdk.mk\/index.php\/rrjeti-i-korrespondenteve\/nese-jugohromi-nuk-vendos-filtra-deri-ne-1-nentor-duhet-te-mbyllet\/#primaryimage\"},\"datePublished\":\"2016-10-27T11:35:19+00:00\",\"dateModified\":\"2016-10-27T11:35:19+00:00\",\"author\":{\"@id\":\"https:\/\/sdk.mk\/#\/schema\/person\/3e8217f71bc38bd7c592f30c69e10e5a\"},\"inLanguage\":\"mk-MK\",\"potentialAction\":[{\"@type\":\"ReadAction\",\"target\":[\"https:\/\/sdk.mk\/index.php\/rrjeti-i-korrespondenteve\/nese-jugohromi-nuk-vendos-filtra-deri-ne-1-nentor-duhet-te-mbyllet\/\"]}]},{\"@type\":\"Person\",\"@id\":\"https:\/\/sdk.mk\/#\/schema\/person\/3e8217f71bc38bd7c592f30c69e10e5a\",\"name\":\"\\u041c\\u0438\\u0440\\u043e\\u0441\\u043b\\u0430\\u0432 \\u0418\\u043b\\u0438\\u043e\\u0441\\u043a\\u0438\"}]}<\/script>\n<!-- \/ Yoast SEO Premium plugin. -->","_links":{"self":[{"href":"https:\/\/sdk.mk\/index.php\/wp-json\/wp\/v2\/posts\/15228"}],"collection":[{"href":"https:\/\/sdk.mk\/index.php\/wp-json\/wp\/v2\/posts"}],"about":[{"href":"https:\/\/sdk.mk\/index.php\/wp-json\/wp\/v2\/types\/post"}],"author":[{"embeddable":true,"href":"https:\/\/sdk.mk\/index.php\/wp-json\/wp\/v2\/users\/9"}],"replies":[{"embeddable":true,"href":"https:\/\/sdk.mk\/index.php\/wp-json\/wp\/v2\/comments?post=15228"}],"version-history":[{"count":0,"href":"https:\/\/sdk.mk\/index.php\/wp-json\/wp\/v2\/posts\/15228\/revisions"}],"wp:featuredmedia":[{"embeddable":true,"href":"https:\/\/sdk.mk\/index.php\/wp-json\/wp\/v2\/media\/15128"}],"wp:attachment":[{"href":"https:\/\/sdk.mk\/index.php\/wp-json\/wp\/v2\/media?parent=15228"}],"wp:term":[{"taxonomy":"category","embeddable":true,"href":"https:\/\/sdk.mk\/index.php\/wp-json\/wp\/v2\/categories?post=15228"},{"taxonomy":"post_tag","embeddable":true,"href":"https:\/\/sdk.mk\/index.php\/wp-json\/wp\/v2\/tags?post=15228"}],"curies":[{"name":"wp","href":"https:\/\/api.w.org\/{rel}","templated":true}]}}